{"id":318190,"date":"2023-12-01T00:01:08","date_gmt":"2023-12-01T03:01:08","guid":{"rendered":"https:\/\/www.notibras.com\/site\/?p=318190"},"modified":"2023-12-01T07:19:36","modified_gmt":"2023-12-01T10:19:36","slug":"proteses-mamarias-resgatam-a-autoestima-de-mulheres","status":"publish","type":"post","link":"https:\/\/www.notibras.com\/site\/proteses-mamarias-resgatam-a-autoestima-de-mulheres\/","title":{"rendered":"Pr\u00f3teses mam\u00e1rias resgatam a autoestima de mulheres"},"content":{"rendered":"<p>Era a primeira vez que Maria de F\u00e1tima do Nascimento, 47 anos, usaria uma pr\u00f3tese mam\u00e1ria. Desde a cirurgia de retirada da mama, realizada em mar\u00e7o, a paciente estava ansiosa aguardando avalia\u00e7\u00e3o no N\u00facleo de Atendimento Ambulatorial de \u00d3rteses, Pr\u00f3teses e Materiais Especiais (Naopme), da Secretaria de Sa\u00fade do DF (SES).<\/p>\n<p>Todo o tratamento de Maria de F\u00e1tima foi feito pelo Sistema \u00danico de Sa\u00fade (SUS), em uma jornada de diversas idas ao hospital. Por seis dias seguidos, ela esteve entubada; outros dez, internada na Unidade de Terapia Intensiva (UTI) do Hospital de Base. \u201cA minha doen\u00e7a foi uma situa\u00e7\u00e3o devastadora\u201d, conta. \u201cLembro-me de gritar para os m\u00e9dicos n\u00e3o me deixarem morrer, porque tenho um filho. Mas reconhe\u00e7o que fui muito bem-acolhida\u201d.<\/p>\n<p>Ap\u00f3s a cirurgia, Maria usou um suporte oferecido pelo Hospital do C\u00e2ncer, mas, ao sentir dores nas costas, foi aconselhada pela fisioterapeuta a utilizar uma pr\u00f3tese, at\u00e9 que fosse feita a reconstru\u00e7\u00e3o mam\u00e1ria. Encaminhada ao Naopme, em poucos dias, ela estava com o novo dispositivo. \u201cDeu muito certo e coube direitinho; estou me sentindo bem melhor\u201d, comemora.<\/p>\n<p><strong>Resgate emocional<\/strong><br \/>\nDe acordo com os dados do n\u00facleo, at\u00e9 novembro deste ano, foram entregues no DF 177 pr\u00f3teses mam\u00e1rias, um crescimento de 19,6% em rela\u00e7\u00e3o ao ano anterior. Em 2022, foram distribu\u00eddas 148 e, em 2021, 153. Os dispositivos t\u00eam papel fundamental no estado emocional da paciente, j\u00e1 que, ap\u00f3s a retirada da mama, ela tem a sua autoimagem afetada.<\/p>\n<p>\u201cPercebemos que as mulheres se sentem mais femininas, porque trata-se de uma parte importante perdida\u201d, avalia a chefe do Naopme, Monique Nascimento de Oliveira. \u201cQuando usam as pr\u00f3teses, sentem como se estivessem com as mamas originais e podem realizar as atividades normalmente.\u201d<\/p>\n<p>Tecnicamente, as pr\u00f3teses suprem a falta da mama, compensando o volume retirado e evitando o desequil\u00edbrio da compostura. Por isso, as avalia\u00e7\u00f5es s\u00e3o feitas por uma fisioterapeuta, que oferece as orienta\u00e7\u00f5es sobre o uso correto e menos prejudicial \u00e0 sa\u00fade.<\/p>\n<p><strong>Como adquirir<\/strong><br \/>\nO programa de \u00d3rteses e Pr\u00f3teses \u00e9 parte da Rede de Cuidados \u00e0 Pessoa com Defici\u00eancia. Para aquisi\u00e7\u00e3o de qualquer um desses dispositivos ambulatoriais, basta comparecer ao Naopme, na Esta\u00e7\u00e3o do Metr\u00f4 da 114 Sul. \u00c9 preciso apresentar os documentos originais de identidade com foto, ou Certid\u00e3o de Nascimento (para menores de 12 anos), al\u00e9m de Cadastro de Pessoa F\u00edsica (CPF), cart\u00e3o nacional do SUS, n\u00famero do cadastro SES, comprovante de resid\u00eancia atualizado e laudo m\u00e9dico ou solicita\u00e7\u00e3o de profissional da \u00e1rea de sa\u00fade.<\/p>\n<p>No caso da pr\u00f3tese mam\u00e1ria, o encaminhamento \u00e9 feito por diversos servi\u00e7os, de hospitais a unidades b\u00e1sicas de sa\u00fade (UBSs). \u201cNo mesmo dia da an\u00e1lise, a paciente experimenta a pr\u00f3tese com o suti\u00e3 e recebe as orienta\u00e7\u00f5es; o dispositivo \u00e9 dispensado no mesmo momento e, a cada ano, elas podem voltar para pegar um novo\u201d, orienta Monique.<\/p>\n<p>\u00c9 o caso de Z\u00e9lia dos Santos Costa, 72, que est\u00e1 h\u00e1 quatro anos recebendo pr\u00f3teses mam\u00e1rias do n\u00facleo. \u201cMinha mastologista me encaminhou, e, por algum tempo, achei desconfort\u00e1vel de usar\u201d, relata. \u201cHoje, a fisioterapeuta me instruiu sobre o uso correto, e acho que vou me adaptar bem melhor\u201d.<\/p>\n","protected":false},"excerpt":{"rendered":"<p>Era a primeira vez que Maria de F\u00e1tima do Nascimento, 47 anos, usaria uma pr\u00f3tese mam\u00e1ria. Desde a cirurgia de retirada da mama, realizada em mar\u00e7o, a paciente estava ansiosa aguardando avalia\u00e7\u00e3o no N\u00facleo de Atendimento Ambulatorial de \u00d3rteses, Pr\u00f3teses e Materiais Especiais (Naopme), da Secretaria de Sa\u00fade do DF (SES). Todo o tratamento de [&hellip;]<\/p>\n","protected":false},"author":2,"featured_media":318191,"comment_status":"closed","ping_status":"closed","sticky":false,"template":"","format":"standard","meta":{"_acf_changed":false,"footnotes":""},"categories":[161],"tags":[],"class_list":["post-318190","post","type-post","status-publish","format-standard","has-post-thumbnail","hentry","category-quadradinho-em-foco"],"acf":[],"yoast_head":"<!-- This site is optimized with the Yoast SEO plugin v27.2 - https:\/\/yoast.com\/product\/yoast-seo-wordpress\/ -->\n<title>Pr\u00f3teses mam\u00e1rias resgatam a autoestima de mulheres - Notibras<\/title>\n<meta name=\"robots\" content=\"index, follow, max-snippet:-1, max-image-preview:large, max-video-preview:-1\" \/>\n<link rel=\"canonical\" href=\"https:\/\/www.notibras.com\/site\/proteses-mamarias-resgatam-a-autoestima-de-mulheres\/\" \/>\n<meta property=\"og:locale\" content=\"pt_BR\" \/>\n<meta property=\"og:type\" content=\"article\" \/>\n<meta property=\"og:title\" content=\"Pr\u00f3teses mam\u00e1rias resgatam a autoestima de mulheres - Notibras\" \/>\n<meta property=\"og:description\" content=\"Era a primeira vez que Maria de F\u00e1tima do Nascimento, 47 anos, usaria uma pr\u00f3tese mam\u00e1ria. Desde a cirurgia de retirada da mama, realizada em mar\u00e7o, a paciente estava ansiosa aguardando avalia\u00e7\u00e3o no N\u00facleo de Atendimento Ambulatorial de \u00d3rteses, Pr\u00f3teses e Materiais Especiais (Naopme), da Secretaria de Sa\u00fade do DF (SES). Todo o tratamento de [&hellip;]\" \/>\n<meta property=\"og:url\" content=\"https:\/\/www.notibras.com\/site\/proteses-mamarias-resgatam-a-autoestima-de-mulheres\/\" \/>\n<meta property=\"og:site_name\" content=\"Notibras\" \/>\n<meta property=\"article:publisher\" content=\"https:\/\/www.facebook.com\/notibras\/\" \/>\n<meta property=\"article:published_time\" content=\"2023-12-01T03:01:08+00:00\" \/>\n<meta property=\"article:modified_time\" content=\"2023-12-01T10:19:36+00:00\" \/>\n<meta property=\"og:image\" content=\"https:\/\/www.notibras.com\/site\/wp-content\/uploads\/2023\/12\/mamalarissa.jpg\" \/>\n\t<meta property=\"og:image:width\" content=\"1536\" \/>\n\t<meta property=\"og:image:height\" content=\"1157\" \/>\n\t<meta property=\"og:image:type\" content=\"image\/jpeg\" \/>\n<meta name=\"author\" content=\"Reda\u00e7\u00e3o\" \/>\n<meta name=\"twitter:card\" content=\"summary_large_image\" \/>\n<meta name=\"twitter:creator\" content=\"@Notibras\" \/>\n<meta name=\"twitter:site\" content=\"@Notibras\" \/>\n<meta name=\"twitter:label1\" content=\"Escrito por\" \/>\n\t<meta name=\"twitter:data1\" content=\"Reda\u00e7\u00e3o\" \/>\n\t<meta name=\"twitter:label2\" content=\"Est. tempo de leitura\" \/>\n\t<meta name=\"twitter:data2\" content=\"3 minutos\" \/>\n<script type=\"application\/ld+json\" class=\"yoast-schema-graph\">{\"@context\":\"https:\/\/schema.org\",\"@graph\":[{\"@type\":\"Article\",\"@id\":\"https:\/\/www.notibras.com\/site\/proteses-mamarias-resgatam-a-autoestima-de-mulheres\/#article\",\"isPartOf\":{\"@id\":\"https:\/\/www.notibras.com\/site\/proteses-mamarias-resgatam-a-autoestima-de-mulheres\/\"},\"author\":{\"name\":\"Reda\u00e7\u00e3o\",\"@id\":\"https:\/\/www.notibras.com\/site\/#\/schema\/person\/36ab0979449956132d3e5b517ea76ac8\"},\"headline\":\"Pr\u00f3teses mam\u00e1rias resgatam a autoestima de mulheres\",\"datePublished\":\"2023-12-01T03:01:08+00:00\",\"dateModified\":\"2023-12-01T10:19:36+00:00\",\"mainEntityOfPage\":{\"@id\":\"https:\/\/www.notibras.com\/site\/proteses-mamarias-resgatam-a-autoestima-de-mulheres\/\"},\"wordCount\":566,\"publisher\":{\"@id\":\"https:\/\/www.notibras.com\/site\/#organization\"},\"image\":{\"@id\":\"https:\/\/www.notibras.com\/site\/proteses-mamarias-resgatam-a-autoestima-de-mulheres\/#primaryimage\"},\"thumbnailUrl\":\"https:\/\/www.notibras.com\/site\/wp-content\/uploads\/2023\/12\/mamalarissa.jpg\",\"articleSection\":[\"Quadradinho em Foco\"],\"inLanguage\":\"pt-BR\"},{\"@type\":\"WebPage\",\"@id\":\"https:\/\/www.notibras.com\/site\/proteses-mamarias-resgatam-a-autoestima-de-mulheres\/\",\"url\":\"https:\/\/www.notibras.com\/site\/proteses-mamarias-resgatam-a-autoestima-de-mulheres\/\",\"name\":\"Pr\u00f3teses mam\u00e1rias resgatam a autoestima de mulheres - Notibras\",\"isPartOf\":{\"@id\":\"https:\/\/www.notibras.com\/site\/#website\"},\"primaryImageOfPage\":{\"@id\":\"https:\/\/www.notibras.com\/site\/proteses-mamarias-resgatam-a-autoestima-de-mulheres\/#primaryimage\"},\"image\":{\"@id\":\"https:\/\/www.notibras.com\/site\/proteses-mamarias-resgatam-a-autoestima-de-mulheres\/#primaryimage\"},\"thumbnailUrl\":\"https:\/\/www.notibras.com\/site\/wp-content\/uploads\/2023\/12\/mamalarissa.jpg\",\"datePublished\":\"2023-12-01T03:01:08+00:00\",\"dateModified\":\"2023-12-01T10:19:36+00:00\",\"breadcrumb\":{\"@id\":\"https:\/\/www.notibras.com\/site\/proteses-mamarias-resgatam-a-autoestima-de-mulheres\/#breadcrumb\"},\"inLanguage\":\"pt-BR\",\"potentialAction\":[{\"@type\":\"ReadAction\",\"target\":[\"https:\/\/www.notibras.com\/site\/proteses-mamarias-resgatam-a-autoestima-de-mulheres\/\"]}]},{\"@type\":\"ImageObject\",\"inLanguage\":\"pt-BR\",\"@id\":\"https:\/\/www.notibras.com\/site\/proteses-mamarias-resgatam-a-autoestima-de-mulheres\/#primaryimage\",\"url\":\"https:\/\/www.notibras.com\/site\/wp-content\/uploads\/2023\/12\/mamalarissa.jpg\",\"contentUrl\":\"https:\/\/www.notibras.com\/site\/wp-content\/uploads\/2023\/12\/mamalarissa.jpg\",\"width\":1536,\"height\":1157},{\"@type\":\"BreadcrumbList\",\"@id\":\"https:\/\/www.notibras.com\/site\/proteses-mamarias-resgatam-a-autoestima-de-mulheres\/#breadcrumb\",\"itemListElement\":[{\"@type\":\"ListItem\",\"position\":1,\"name\":\"In\u00edcio\",\"item\":\"https:\/\/www.notibras.com\/site\/\"},{\"@type\":\"ListItem\",\"position\":2,\"name\":\"Pr\u00f3teses mam\u00e1rias resgatam a autoestima de mulheres\"}]},{\"@type\":\"WebSite\",\"@id\":\"https:\/\/www.notibras.com\/site\/#website\",\"url\":\"https:\/\/www.notibras.com\/site\/\",\"name\":\"Notibras\",\"description\":\"Not\u00edcias de Bras\u00edlia, do Brasil e do Mundo\",\"publisher\":{\"@id\":\"https:\/\/www.notibras.com\/site\/#organization\"},\"potentialAction\":[{\"@type\":\"SearchAction\",\"target\":{\"@type\":\"EntryPoint\",\"urlTemplate\":\"https:\/\/www.notibras.com\/site\/?s={search_term_string}\"},\"query-input\":{\"@type\":\"PropertyValueSpecification\",\"valueRequired\":true,\"valueName\":\"search_term_string\"}}],\"inLanguage\":\"pt-BR\"},{\"@type\":\"Organization\",\"@id\":\"https:\/\/www.notibras.com\/site\/#organization\",\"name\":\"Grupo Notibras de Comunica\u00e7\u00e3o\",\"url\":\"https:\/\/www.notibras.com\/site\/\",\"logo\":{\"@type\":\"ImageObject\",\"inLanguage\":\"pt-BR\",\"@id\":\"https:\/\/www.notibras.com\/site\/#\/schema\/logo\/image\/\",\"url\":\"https:\/\/www.notibras.com\/site\/wp-content\/uploads\/2023\/01\/notibras23.png\",\"contentUrl\":\"https:\/\/www.notibras.com\/site\/wp-content\/uploads\/2023\/01\/notibras23.png\",\"width\":350,\"height\":87,\"caption\":\"Grupo Notibras de Comunica\u00e7\u00e3o\"},\"image\":{\"@id\":\"https:\/\/www.notibras.com\/site\/#\/schema\/logo\/image\/\"},\"sameAs\":[\"https:\/\/www.facebook.com\/notibras\/\",\"https:\/\/x.com\/Notibras\",\"https:\/\/www.instagram.com\/notibras\/\"]},{\"@type\":\"Person\",\"@id\":\"https:\/\/www.notibras.com\/site\/#\/schema\/person\/36ab0979449956132d3e5b517ea76ac8\",\"name\":\"Reda\u00e7\u00e3o\",\"image\":{\"@type\":\"ImageObject\",\"inLanguage\":\"pt-BR\",\"@id\":\"https:\/\/secure.gravatar.com\/avatar\/e0a867bdedb85fd243eadf09663511f96fc81e0720a4a42581f334ad4303aa6b?s=96&d=mm&r=g\",\"url\":\"https:\/\/secure.gravatar.com\/avatar\/e0a867bdedb85fd243eadf09663511f96fc81e0720a4a42581f334ad4303aa6b?s=96&d=mm&r=g\",\"contentUrl\":\"https:\/\/secure.gravatar.com\/avatar\/e0a867bdedb85fd243eadf09663511f96fc81e0720a4a42581f334ad4303aa6b?s=96&d=mm&r=g\",\"caption\":\"Reda\u00e7\u00e3o\"}}]}<\/script>\n<!-- \/ Yoast SEO plugin. -->","yoast_head_json":{"title":"Pr\u00f3teses mam\u00e1rias resgatam a autoestima de mulheres - Notibras","robots":{"index":"index","follow":"follow","max-snippet":"max-snippet:-1","max-image-preview":"max-image-preview:large","max-video-preview":"max-video-preview:-1"},"canonical":"https:\/\/www.notibras.com\/site\/proteses-mamarias-resgatam-a-autoestima-de-mulheres\/","og_locale":"pt_BR","og_type":"article","og_title":"Pr\u00f3teses mam\u00e1rias resgatam a autoestima de mulheres - Notibras","og_description":"Era a primeira vez que Maria de F\u00e1tima do Nascimento, 47 anos, usaria uma pr\u00f3tese mam\u00e1ria. Desde a cirurgia de retirada da mama, realizada em mar\u00e7o, a paciente estava ansiosa aguardando avalia\u00e7\u00e3o no N\u00facleo de Atendimento Ambulatorial de \u00d3rteses, Pr\u00f3teses e Materiais Especiais (Naopme), da Secretaria de Sa\u00fade do DF (SES). Todo o tratamento de [&hellip;]","og_url":"https:\/\/www.notibras.com\/site\/proteses-mamarias-resgatam-a-autoestima-de-mulheres\/","og_site_name":"Notibras","article_publisher":"https:\/\/www.facebook.com\/notibras\/","article_published_time":"2023-12-01T03:01:08+00:00","article_modified_time":"2023-12-01T10:19:36+00:00","og_image":[{"width":1536,"height":1157,"url":"https:\/\/www.notibras.com\/site\/wp-content\/uploads\/2023\/12\/mamalarissa.jpg","type":"image\/jpeg"}],"author":"Reda\u00e7\u00e3o","twitter_card":"summary_large_image","twitter_creator":"@Notibras","twitter_site":"@Notibras","twitter_misc":{"Escrito por":"Reda\u00e7\u00e3o","Est. tempo de leitura":"3 minutos"},"schema":{"@context":"https:\/\/schema.org","@graph":[{"@type":"Article","@id":"https:\/\/www.notibras.com\/site\/proteses-mamarias-resgatam-a-autoestima-de-mulheres\/#article","isPartOf":{"@id":"https:\/\/www.notibras.com\/site\/proteses-mamarias-resgatam-a-autoestima-de-mulheres\/"},"author":{"name":"Reda\u00e7\u00e3o","@id":"https:\/\/www.notibras.com\/site\/#\/schema\/person\/36ab0979449956132d3e5b517ea76ac8"},"headline":"Pr\u00f3teses mam\u00e1rias resgatam a autoestima de mulheres","datePublished":"2023-12-01T03:01:08+00:00","dateModified":"2023-12-01T10:19:36+00:00","mainEntityOfPage":{"@id":"https:\/\/www.notibras.com\/site\/proteses-mamarias-resgatam-a-autoestima-de-mulheres\/"},"wordCount":566,"publisher":{"@id":"https:\/\/www.notibras.com\/site\/#organization"},"image":{"@id":"https:\/\/www.notibras.com\/site\/proteses-mamarias-resgatam-a-autoestima-de-mulheres\/#primaryimage"},"thumbnailUrl":"https:\/\/www.notibras.com\/site\/wp-content\/uploads\/2023\/12\/mamalarissa.jpg","articleSection":["Quadradinho em Foco"],"inLanguage":"pt-BR"},{"@type":"WebPage","@id":"https:\/\/www.notibras.com\/site\/proteses-mamarias-resgatam-a-autoestima-de-mulheres\/","url":"https:\/\/www.notibras.com\/site\/proteses-mamarias-resgatam-a-autoestima-de-mulheres\/","name":"Pr\u00f3teses mam\u00e1rias resgatam a autoestima de mulheres - Notibras","isPartOf":{"@id":"https:\/\/www.notibras.com\/site\/#website"},"primaryImageOfPage":{"@id":"https:\/\/www.notibras.com\/site\/proteses-mamarias-resgatam-a-autoestima-de-mulheres\/#primaryimage"},"image":{"@id":"https:\/\/www.notibras.com\/site\/proteses-mamarias-resgatam-a-autoestima-de-mulheres\/#primaryimage"},"thumbnailUrl":"https:\/\/www.notibras.com\/site\/wp-content\/uploads\/2023\/12\/mamalarissa.jpg","datePublished":"2023-12-01T03:01:08+00:00","dateModified":"2023-12-01T10:19:36+00:00","breadcrumb":{"@id":"https:\/\/www.notibras.com\/site\/proteses-mamarias-resgatam-a-autoestima-de-mulheres\/#breadcrumb"},"inLanguage":"pt-BR","potentialAction":[{"@type":"ReadAction","target":["https:\/\/www.notibras.com\/site\/proteses-mamarias-resgatam-a-autoestima-de-mulheres\/"]}]},{"@type":"ImageObject","inLanguage":"pt-BR","@id":"https:\/\/www.notibras.com\/site\/proteses-mamarias-resgatam-a-autoestima-de-mulheres\/#primaryimage","url":"https:\/\/www.notibras.com\/site\/wp-content\/uploads\/2023\/12\/mamalarissa.jpg","contentUrl":"https:\/\/www.notibras.com\/site\/wp-content\/uploads\/2023\/12\/mamalarissa.jpg","width":1536,"height":1157},{"@type":"BreadcrumbList","@id":"https:\/\/www.notibras.com\/site\/proteses-mamarias-resgatam-a-autoestima-de-mulheres\/#breadcrumb","itemListElement":[{"@type":"ListItem","position":1,"name":"In\u00edcio","item":"https:\/\/www.notibras.com\/site\/"},{"@type":"ListItem","position":2,"name":"Pr\u00f3teses mam\u00e1rias resgatam a autoestima de mulheres"}]},{"@type":"WebSite","@id":"https:\/\/www.notibras.com\/site\/#website","url":"https:\/\/www.notibras.com\/site\/","name":"Notibras","description":"Not\u00edcias de Bras\u00edlia, do Brasil e do Mundo","publisher":{"@id":"https:\/\/www.notibras.com\/site\/#organization"},"potentialAction":[{"@type":"SearchAction","target":{"@type":"EntryPoint","urlTemplate":"https:\/\/www.notibras.com\/site\/?s={search_term_string}"},"query-input":{"@type":"PropertyValueSpecification","valueRequired":true,"valueName":"search_term_string"}}],"inLanguage":"pt-BR"},{"@type":"Organization","@id":"https:\/\/www.notibras.com\/site\/#organization","name":"Grupo Notibras de Comunica\u00e7\u00e3o","url":"https:\/\/www.notibras.com\/site\/","logo":{"@type":"ImageObject","inLanguage":"pt-BR","@id":"https:\/\/www.notibras.com\/site\/#\/schema\/logo\/image\/","url":"https:\/\/www.notibras.com\/site\/wp-content\/uploads\/2023\/01\/notibras23.png","contentUrl":"https:\/\/www.notibras.com\/site\/wp-content\/uploads\/2023\/01\/notibras23.png","width":350,"height":87,"caption":"Grupo Notibras de Comunica\u00e7\u00e3o"},"image":{"@id":"https:\/\/www.notibras.com\/site\/#\/schema\/logo\/image\/"},"sameAs":["https:\/\/www.facebook.com\/notibras\/","https:\/\/x.com\/Notibras","https:\/\/www.instagram.com\/notibras\/"]},{"@type":"Person","@id":"https:\/\/www.notibras.com\/site\/#\/schema\/person\/36ab0979449956132d3e5b517ea76ac8","name":"Reda\u00e7\u00e3o","image":{"@type":"ImageObject","inLanguage":"pt-BR","@id":"https:\/\/secure.gravatar.com\/avatar\/e0a867bdedb85fd243eadf09663511f96fc81e0720a4a42581f334ad4303aa6b?s=96&d=mm&r=g","url":"https:\/\/secure.gravatar.com\/avatar\/e0a867bdedb85fd243eadf09663511f96fc81e0720a4a42581f334ad4303aa6b?s=96&d=mm&r=g","contentUrl":"https:\/\/secure.gravatar.com\/avatar\/e0a867bdedb85fd243eadf09663511f96fc81e0720a4a42581f334ad4303aa6b?s=96&d=mm&r=g","caption":"Reda\u00e7\u00e3o"}}]}},"amp_enabled":true,"_links":{"self":[{"href":"https:\/\/www.notibras.com\/site\/wp-json\/wp\/v2\/posts\/318190","targetHints":{"allow":["GET"]}}],"collection":[{"href":"https:\/\/www.notibras.com\/site\/wp-json\/wp\/v2\/posts"}],"about":[{"href":"https:\/\/www.notibras.com\/site\/wp-json\/wp\/v2\/types\/post"}],"author":[{"embeddable":true,"href":"https:\/\/www.notibras.com\/site\/wp-json\/wp\/v2\/users\/2"}],"replies":[{"embeddable":true,"href":"https:\/\/www.notibras.com\/site\/wp-json\/wp\/v2\/comments?post=318190"}],"version-history":[{"count":1,"href":"https:\/\/www.notibras.com\/site\/wp-json\/wp\/v2\/posts\/318190\/revisions"}],"predecessor-version":[{"id":318192,"href":"https:\/\/www.notibras.com\/site\/wp-json\/wp\/v2\/posts\/318190\/revisions\/318192"}],"wp:featuredmedia":[{"embeddable":true,"href":"https:\/\/www.notibras.com\/site\/wp-json\/wp\/v2\/media\/318191"}],"wp:attachment":[{"href":"https:\/\/www.notibras.com\/site\/wp-json\/wp\/v2\/media?parent=318190"}],"wp:term":[{"taxonomy":"category","embeddable":true,"href":"https:\/\/www.notibras.com\/site\/wp-json\/wp\/v2\/categories?post=318190"},{"taxonomy":"post_tag","embeddable":true,"href":"https:\/\/www.notibras.com\/site\/wp-json\/wp\/v2\/tags?post=318190"}],"curies":[{"name":"wp","href":"https:\/\/api.w.org\/{rel}","templated":true}]}}