{"id":318196,"date":"2023-12-01T10:02:35","date_gmt":"2023-12-01T13:02:35","guid":{"rendered":"https:\/\/www.notibras.com\/site\/?p=318196"},"modified":"2023-12-02T10:42:01","modified_gmt":"2023-12-02T13:42:01","slug":"quem-sera-o-novo-mascote-do-nosso-zoologico","status":"publish","type":"post","link":"https:\/\/www.notibras.com\/site\/quem-sera-o-novo-mascote-do-nosso-zoologico\/","title":{"rendered":"Quem ser\u00e1 o novo mascote do nosso zool\u00f3gico?"},"content":{"rendered":"<p>O Zool\u00f3gico de Bras\u00edlia abriu, nesta quinta-feira (30), uma vota\u00e7\u00e3o in\u00e9dita, convidando o p\u00fablico a participar da escolha do pr\u00f3ximo mascote da institui\u00e7\u00e3o. Os visitantes e entusiastas da vida selvagem ter\u00e3o a oportunidade de influenciar a identidade simb\u00f3lica do Zoo, escolhendo entre quatro candidatos: a loba-guar\u00e1 Atena, o elefante Chocolate, o rinoceronte Thor e a girafa Yaza.<\/p>\n<p>A vota\u00e7\u00e3o ser\u00e1 feita pelo story do Instagram do Zool\u00f3gico de Bras\u00edlia e ficar\u00e1 dispon\u00edvel por 24 horas. O resultado ser\u00e1 divulgado na pr\u00f3xima quarta-feira (6), dia do 66\u00ba anivers\u00e1rio do parque.<\/p>\n<p>Essa decis\u00e3o destaca o compromisso do Zool\u00f3gico em envolver a comunidade na constru\u00e7\u00e3o de uma identidade que represente n\u00e3o apenas a institui\u00e7\u00e3o, mas tamb\u00e9m os valores fundamentais de conserva\u00e7\u00e3o, educa\u00e7\u00e3o ambiental e respeito pelos animais.<\/p>\n<p>\u201cEstamos empolgados em oferecer aos nossos visitantes a chance de participar ativamente na escolha do mascote que personificar\u00e1 nossa miss\u00e3o de conserva\u00e7\u00e3o e educa\u00e7\u00e3o ambiental. Cada um dos candidatos representa uma faceta \u00fanica da nossa dedica\u00e7\u00e3o \u00e0 vida selvagem\u201d, afirma o diretor-presidente do Zool\u00f3gico de Bras\u00edlia, Wallison Couto.<\/p>\n","protected":false},"excerpt":{"rendered":"<p>O Zool\u00f3gico de Bras\u00edlia abriu, nesta quinta-feira (30), uma vota\u00e7\u00e3o in\u00e9dita, convidando o p\u00fablico a participar da escolha do pr\u00f3ximo mascote da institui\u00e7\u00e3o. Os visitantes e entusiastas da vida selvagem ter\u00e3o a oportunidade de influenciar a identidade simb\u00f3lica do Zoo, escolhendo entre quatro candidatos: a loba-guar\u00e1 Atena, o elefante Chocolate, o rinoceronte Thor e a [&hellip;]<\/p>\n","protected":false},"author":2,"featured_media":318197,"comment_status":"closed","ping_status":"closed","sticky":false,"template":"","format":"standard","meta":{"_acf_changed":false,"footnotes":""},"categories":[161],"tags":[],"class_list":["post-318196","post","type-post","status-publish","format-standard","has-post-thumbnail","hentry","category-quadradinho-em-foco"],"acf":[],"yoast_head":"<!-- This site is optimized with the Yoast SEO plugin v27.2 - https:\/\/yoast.com\/product\/yoast-seo-wordpress\/ -->\n<title>Quem ser\u00e1 o novo mascote do nosso zool\u00f3gico? - Notibras<\/title>\n<meta name=\"robots\" content=\"index, follow, max-snippet:-1, max-image-preview:large, max-video-preview:-1\" \/>\n<link rel=\"canonical\" href=\"https:\/\/www.notibras.com\/site\/quem-sera-o-novo-mascote-do-nosso-zoologico\/\" \/>\n<meta property=\"og:locale\" content=\"pt_BR\" \/>\n<meta property=\"og:type\" content=\"article\" \/>\n<meta property=\"og:title\" content=\"Quem ser\u00e1 o novo mascote do nosso zool\u00f3gico? - Notibras\" \/>\n<meta property=\"og:description\" content=\"O Zool\u00f3gico de Bras\u00edlia abriu, nesta quinta-feira (30), uma vota\u00e7\u00e3o in\u00e9dita, convidando o p\u00fablico a participar da escolha do pr\u00f3ximo mascote da institui\u00e7\u00e3o. Os visitantes e entusiastas da vida selvagem ter\u00e3o a oportunidade de influenciar a identidade simb\u00f3lica do Zoo, escolhendo entre quatro candidatos: a loba-guar\u00e1 Atena, o elefante Chocolate, o rinoceronte Thor e a [&hellip;]\" \/>\n<meta property=\"og:url\" content=\"https:\/\/www.notibras.com\/site\/quem-sera-o-novo-mascote-do-nosso-zoologico\/\" \/>\n<meta property=\"og:site_name\" content=\"Notibras\" \/>\n<meta property=\"article:publisher\" content=\"https:\/\/www.facebook.com\/notibras\/\" \/>\n<meta property=\"article:published_time\" content=\"2023-12-01T13:02:35+00:00\" \/>\n<meta property=\"article:modified_time\" content=\"2023-12-02T13:42:01+00:00\" \/>\n<meta property=\"og:image\" content=\"https:\/\/www.notibras.com\/site\/wp-content\/uploads\/2023\/12\/rinoc.webp\" \/>\n\t<meta property=\"og:image:width\" content=\"1920\" \/>\n\t<meta property=\"og:image:height\" content=\"1280\" \/>\n\t<meta property=\"og:image:type\" content=\"image\/webp\" \/>\n<meta name=\"author\" content=\"Reda\u00e7\u00e3o\" \/>\n<meta name=\"twitter:card\" content=\"summary_large_image\" \/>\n<meta name=\"twitter:creator\" content=\"@Notibras\" \/>\n<meta name=\"twitter:site\" content=\"@Notibras\" \/>\n<meta name=\"twitter:label1\" content=\"Escrito por\" \/>\n\t<meta name=\"twitter:data1\" content=\"Reda\u00e7\u00e3o\" \/>\n\t<meta name=\"twitter:label2\" content=\"Est. tempo de leitura\" \/>\n\t<meta name=\"twitter:data2\" content=\"1 minuto\" \/>\n<script type=\"application\/ld+json\" class=\"yoast-schema-graph\">{\"@context\":\"https:\/\/schema.org\",\"@graph\":[{\"@type\":\"Article\",\"@id\":\"https:\/\/www.notibras.com\/site\/quem-sera-o-novo-mascote-do-nosso-zoologico\/#article\",\"isPartOf\":{\"@id\":\"https:\/\/www.notibras.com\/site\/quem-sera-o-novo-mascote-do-nosso-zoologico\/\"},\"author\":{\"name\":\"Reda\u00e7\u00e3o\",\"@id\":\"https:\/\/www.notibras.com\/site\/#\/schema\/person\/36ab0979449956132d3e5b517ea76ac8\"},\"headline\":\"Quem ser\u00e1 o novo mascote do nosso zool\u00f3gico?\",\"datePublished\":\"2023-12-01T13:02:35+00:00\",\"dateModified\":\"2023-12-02T13:42:01+00:00\",\"mainEntityOfPage\":{\"@id\":\"https:\/\/www.notibras.com\/site\/quem-sera-o-novo-mascote-do-nosso-zoologico\/\"},\"wordCount\":205,\"publisher\":{\"@id\":\"https:\/\/www.notibras.com\/site\/#organization\"},\"image\":{\"@id\":\"https:\/\/www.notibras.com\/site\/quem-sera-o-novo-mascote-do-nosso-zoologico\/#primaryimage\"},\"thumbnailUrl\":\"https:\/\/www.notibras.com\/site\/wp-content\/uploads\/2023\/12\/rinoc.webp\",\"articleSection\":[\"Quadradinho em Foco\"],\"inLanguage\":\"pt-BR\"},{\"@type\":\"WebPage\",\"@id\":\"https:\/\/www.notibras.com\/site\/quem-sera-o-novo-mascote-do-nosso-zoologico\/\",\"url\":\"https:\/\/www.notibras.com\/site\/quem-sera-o-novo-mascote-do-nosso-zoologico\/\",\"name\":\"Quem ser\u00e1 o novo mascote do nosso zool\u00f3gico? - Notibras\",\"isPartOf\":{\"@id\":\"https:\/\/www.notibras.com\/site\/#website\"},\"primaryImageOfPage\":{\"@id\":\"https:\/\/www.notibras.com\/site\/quem-sera-o-novo-mascote-do-nosso-zoologico\/#primaryimage\"},\"image\":{\"@id\":\"https:\/\/www.notibras.com\/site\/quem-sera-o-novo-mascote-do-nosso-zoologico\/#primaryimage\"},\"thumbnailUrl\":\"https:\/\/www.notibras.com\/site\/wp-content\/uploads\/2023\/12\/rinoc.webp\",\"datePublished\":\"2023-12-01T13:02:35+00:00\",\"dateModified\":\"2023-12-02T13:42:01+00:00\",\"breadcrumb\":{\"@id\":\"https:\/\/www.notibras.com\/site\/quem-sera-o-novo-mascote-do-nosso-zoologico\/#breadcrumb\"},\"inLanguage\":\"pt-BR\",\"potentialAction\":[{\"@type\":\"ReadAction\",\"target\":[\"https:\/\/www.notibras.com\/site\/quem-sera-o-novo-mascote-do-nosso-zoologico\/\"]}]},{\"@type\":\"ImageObject\",\"inLanguage\":\"pt-BR\",\"@id\":\"https:\/\/www.notibras.com\/site\/quem-sera-o-novo-mascote-do-nosso-zoologico\/#primaryimage\",\"url\":\"https:\/\/www.notibras.com\/site\/wp-content\/uploads\/2023\/12\/rinoc.webp\",\"contentUrl\":\"https:\/\/www.notibras.com\/site\/wp-content\/uploads\/2023\/12\/rinoc.webp\",\"width\":1920,\"height\":1280},{\"@type\":\"BreadcrumbList\",\"@id\":\"https:\/\/www.notibras.com\/site\/quem-sera-o-novo-mascote-do-nosso-zoologico\/#breadcrumb\",\"itemListElement\":[{\"@type\":\"ListItem\",\"position\":1,\"name\":\"In\u00edcio\",\"item\":\"https:\/\/www.notibras.com\/site\/\"},{\"@type\":\"ListItem\",\"position\":2,\"name\":\"Quem ser\u00e1 o novo mascote do nosso zool\u00f3gico?\"}]},{\"@type\":\"WebSite\",\"@id\":\"https:\/\/www.notibras.com\/site\/#website\",\"url\":\"https:\/\/www.notibras.com\/site\/\",\"name\":\"Notibras\",\"description\":\"Not\u00edcias de Bras\u00edlia, do Brasil e do Mundo\",\"publisher\":{\"@id\":\"https:\/\/www.notibras.com\/site\/#organization\"},\"potentialAction\":[{\"@type\":\"SearchAction\",\"target\":{\"@type\":\"EntryPoint\",\"urlTemplate\":\"https:\/\/www.notibras.com\/site\/?s={search_term_string}\"},\"query-input\":{\"@type\":\"PropertyValueSpecification\",\"valueRequired\":true,\"valueName\":\"search_term_string\"}}],\"inLanguage\":\"pt-BR\"},{\"@type\":\"Organization\",\"@id\":\"https:\/\/www.notibras.com\/site\/#organization\",\"name\":\"Grupo Notibras de Comunica\u00e7\u00e3o\",\"url\":\"https:\/\/www.notibras.com\/site\/\",\"logo\":{\"@type\":\"ImageObject\",\"inLanguage\":\"pt-BR\",\"@id\":\"https:\/\/www.notibras.com\/site\/#\/schema\/logo\/image\/\",\"url\":\"https:\/\/www.notibras.com\/site\/wp-content\/uploads\/2023\/01\/notibras23.png\",\"contentUrl\":\"https:\/\/www.notibras.com\/site\/wp-content\/uploads\/2023\/01\/notibras23.png\",\"width\":350,\"height\":87,\"caption\":\"Grupo Notibras de Comunica\u00e7\u00e3o\"},\"image\":{\"@id\":\"https:\/\/www.notibras.com\/site\/#\/schema\/logo\/image\/\"},\"sameAs\":[\"https:\/\/www.facebook.com\/notibras\/\",\"https:\/\/x.com\/Notibras\",\"https:\/\/www.instagram.com\/notibras\/\"]},{\"@type\":\"Person\",\"@id\":\"https:\/\/www.notibras.com\/site\/#\/schema\/person\/36ab0979449956132d3e5b517ea76ac8\",\"name\":\"Reda\u00e7\u00e3o\",\"image\":{\"@type\":\"ImageObject\",\"inLanguage\":\"pt-BR\",\"@id\":\"https:\/\/secure.gravatar.com\/avatar\/e0a867bdedb85fd243eadf09663511f96fc81e0720a4a42581f334ad4303aa6b?s=96&d=mm&r=g\",\"url\":\"https:\/\/secure.gravatar.com\/avatar\/e0a867bdedb85fd243eadf09663511f96fc81e0720a4a42581f334ad4303aa6b?s=96&d=mm&r=g\",\"contentUrl\":\"https:\/\/secure.gravatar.com\/avatar\/e0a867bdedb85fd243eadf09663511f96fc81e0720a4a42581f334ad4303aa6b?s=96&d=mm&r=g\",\"caption\":\"Reda\u00e7\u00e3o\"}}]}<\/script>\n<!-- \/ Yoast SEO plugin. -->","yoast_head_json":{"title":"Quem ser\u00e1 o novo mascote do nosso zool\u00f3gico? - Notibras","robots":{"index":"index","follow":"follow","max-snippet":"max-snippet:-1","max-image-preview":"max-image-preview:large","max-video-preview":"max-video-preview:-1"},"canonical":"https:\/\/www.notibras.com\/site\/quem-sera-o-novo-mascote-do-nosso-zoologico\/","og_locale":"pt_BR","og_type":"article","og_title":"Quem ser\u00e1 o novo mascote do nosso zool\u00f3gico? - Notibras","og_description":"O Zool\u00f3gico de Bras\u00edlia abriu, nesta quinta-feira (30), uma vota\u00e7\u00e3o in\u00e9dita, convidando o p\u00fablico a participar da escolha do pr\u00f3ximo mascote da institui\u00e7\u00e3o. Os visitantes e entusiastas da vida selvagem ter\u00e3o a oportunidade de influenciar a identidade simb\u00f3lica do Zoo, escolhendo entre quatro candidatos: a loba-guar\u00e1 Atena, o elefante Chocolate, o rinoceronte Thor e a [&hellip;]","og_url":"https:\/\/www.notibras.com\/site\/quem-sera-o-novo-mascote-do-nosso-zoologico\/","og_site_name":"Notibras","article_publisher":"https:\/\/www.facebook.com\/notibras\/","article_published_time":"2023-12-01T13:02:35+00:00","article_modified_time":"2023-12-02T13:42:01+00:00","og_image":[{"width":1920,"height":1280,"url":"https:\/\/www.notibras.com\/site\/wp-content\/uploads\/2023\/12\/rinoc.webp","type":"image\/webp"}],"author":"Reda\u00e7\u00e3o","twitter_card":"summary_large_image","twitter_creator":"@Notibras","twitter_site":"@Notibras","twitter_misc":{"Escrito por":"Reda\u00e7\u00e3o","Est. tempo de leitura":"1 minuto"},"schema":{"@context":"https:\/\/schema.org","@graph":[{"@type":"Article","@id":"https:\/\/www.notibras.com\/site\/quem-sera-o-novo-mascote-do-nosso-zoologico\/#article","isPartOf":{"@id":"https:\/\/www.notibras.com\/site\/quem-sera-o-novo-mascote-do-nosso-zoologico\/"},"author":{"name":"Reda\u00e7\u00e3o","@id":"https:\/\/www.notibras.com\/site\/#\/schema\/person\/36ab0979449956132d3e5b517ea76ac8"},"headline":"Quem ser\u00e1 o novo mascote do nosso zool\u00f3gico?","datePublished":"2023-12-01T13:02:35+00:00","dateModified":"2023-12-02T13:42:01+00:00","mainEntityOfPage":{"@id":"https:\/\/www.notibras.com\/site\/quem-sera-o-novo-mascote-do-nosso-zoologico\/"},"wordCount":205,"publisher":{"@id":"https:\/\/www.notibras.com\/site\/#organization"},"image":{"@id":"https:\/\/www.notibras.com\/site\/quem-sera-o-novo-mascote-do-nosso-zoologico\/#primaryimage"},"thumbnailUrl":"https:\/\/www.notibras.com\/site\/wp-content\/uploads\/2023\/12\/rinoc.webp","articleSection":["Quadradinho em Foco"],"inLanguage":"pt-BR"},{"@type":"WebPage","@id":"https:\/\/www.notibras.com\/site\/quem-sera-o-novo-mascote-do-nosso-zoologico\/","url":"https:\/\/www.notibras.com\/site\/quem-sera-o-novo-mascote-do-nosso-zoologico\/","name":"Quem ser\u00e1 o novo mascote do nosso zool\u00f3gico? - Notibras","isPartOf":{"@id":"https:\/\/www.notibras.com\/site\/#website"},"primaryImageOfPage":{"@id":"https:\/\/www.notibras.com\/site\/quem-sera-o-novo-mascote-do-nosso-zoologico\/#primaryimage"},"image":{"@id":"https:\/\/www.notibras.com\/site\/quem-sera-o-novo-mascote-do-nosso-zoologico\/#primaryimage"},"thumbnailUrl":"https:\/\/www.notibras.com\/site\/wp-content\/uploads\/2023\/12\/rinoc.webp","datePublished":"2023-12-01T13:02:35+00:00","dateModified":"2023-12-02T13:42:01+00:00","breadcrumb":{"@id":"https:\/\/www.notibras.com\/site\/quem-sera-o-novo-mascote-do-nosso-zoologico\/#breadcrumb"},"inLanguage":"pt-BR","potentialAction":[{"@type":"ReadAction","target":["https:\/\/www.notibras.com\/site\/quem-sera-o-novo-mascote-do-nosso-zoologico\/"]}]},{"@type":"ImageObject","inLanguage":"pt-BR","@id":"https:\/\/www.notibras.com\/site\/quem-sera-o-novo-mascote-do-nosso-zoologico\/#primaryimage","url":"https:\/\/www.notibras.com\/site\/wp-content\/uploads\/2023\/12\/rinoc.webp","contentUrl":"https:\/\/www.notibras.com\/site\/wp-content\/uploads\/2023\/12\/rinoc.webp","width":1920,"height":1280},{"@type":"BreadcrumbList","@id":"https:\/\/www.notibras.com\/site\/quem-sera-o-novo-mascote-do-nosso-zoologico\/#breadcrumb","itemListElement":[{"@type":"ListItem","position":1,"name":"In\u00edcio","item":"https:\/\/www.notibras.com\/site\/"},{"@type":"ListItem","position":2,"name":"Quem ser\u00e1 o novo mascote do nosso zool\u00f3gico?"}]},{"@type":"WebSite","@id":"https:\/\/www.notibras.com\/site\/#website","url":"https:\/\/www.notibras.com\/site\/","name":"Notibras","description":"Not\u00edcias de Bras\u00edlia, do Brasil e do Mundo","publisher":{"@id":"https:\/\/www.notibras.com\/site\/#organization"},"potentialAction":[{"@type":"SearchAction","target":{"@type":"EntryPoint","urlTemplate":"https:\/\/www.notibras.com\/site\/?s={search_term_string}"},"query-input":{"@type":"PropertyValueSpecification","valueRequired":true,"valueName":"search_term_string"}}],"inLanguage":"pt-BR"},{"@type":"Organization","@id":"https:\/\/www.notibras.com\/site\/#organization","name":"Grupo Notibras de Comunica\u00e7\u00e3o","url":"https:\/\/www.notibras.com\/site\/","logo":{"@type":"ImageObject","inLanguage":"pt-BR","@id":"https:\/\/www.notibras.com\/site\/#\/schema\/logo\/image\/","url":"https:\/\/www.notibras.com\/site\/wp-content\/uploads\/2023\/01\/notibras23.png","contentUrl":"https:\/\/www.notibras.com\/site\/wp-content\/uploads\/2023\/01\/notibras23.png","width":350,"height":87,"caption":"Grupo Notibras de Comunica\u00e7\u00e3o"},"image":{"@id":"https:\/\/www.notibras.com\/site\/#\/schema\/logo\/image\/"},"sameAs":["https:\/\/www.facebook.com\/notibras\/","https:\/\/x.com\/Notibras","https:\/\/www.instagram.com\/notibras\/"]},{"@type":"Person","@id":"https:\/\/www.notibras.com\/site\/#\/schema\/person\/36ab0979449956132d3e5b517ea76ac8","name":"Reda\u00e7\u00e3o","image":{"@type":"ImageObject","inLanguage":"pt-BR","@id":"https:\/\/secure.gravatar.com\/avatar\/e0a867bdedb85fd243eadf09663511f96fc81e0720a4a42581f334ad4303aa6b?s=96&d=mm&r=g","url":"https:\/\/secure.gravatar.com\/avatar\/e0a867bdedb85fd243eadf09663511f96fc81e0720a4a42581f334ad4303aa6b?s=96&d=mm&r=g","contentUrl":"https:\/\/secure.gravatar.com\/avatar\/e0a867bdedb85fd243eadf09663511f96fc81e0720a4a42581f334ad4303aa6b?s=96&d=mm&r=g","caption":"Reda\u00e7\u00e3o"}}]}},"amp_enabled":true,"_links":{"self":[{"href":"https:\/\/www.notibras.com\/site\/wp-json\/wp\/v2\/posts\/318196","targetHints":{"allow":["GET"]}}],"collection":[{"href":"https:\/\/www.notibras.com\/site\/wp-json\/wp\/v2\/posts"}],"about":[{"href":"https:\/\/www.notibras.com\/site\/wp-json\/wp\/v2\/types\/post"}],"author":[{"embeddable":true,"href":"https:\/\/www.notibras.com\/site\/wp-json\/wp\/v2\/users\/2"}],"replies":[{"embeddable":true,"href":"https:\/\/www.notibras.com\/site\/wp-json\/wp\/v2\/comments?post=318196"}],"version-history":[{"count":1,"href":"https:\/\/www.notibras.com\/site\/wp-json\/wp\/v2\/posts\/318196\/revisions"}],"predecessor-version":[{"id":318198,"href":"https:\/\/www.notibras.com\/site\/wp-json\/wp\/v2\/posts\/318196\/revisions\/318198"}],"wp:featuredmedia":[{"embeddable":true,"href":"https:\/\/www.notibras.com\/site\/wp-json\/wp\/v2\/media\/318197"}],"wp:attachment":[{"href":"https:\/\/www.notibras.com\/site\/wp-json\/wp\/v2\/media?parent=318196"}],"wp:term":[{"taxonomy":"category","embeddable":true,"href":"https:\/\/www.notibras.com\/site\/wp-json\/wp\/v2\/categories?post=318196"},{"taxonomy":"post_tag","embeddable":true,"href":"https:\/\/www.notibras.com\/site\/wp-json\/wp\/v2\/tags?post=318196"}],"curies":[{"name":"wp","href":"https:\/\/api.w.org\/{rel}","templated":true}]}}