{"id":318199,"date":"2023-12-01T07:31:39","date_gmt":"2023-12-01T10:31:39","guid":{"rendered":"https:\/\/www.notibras.com\/site\/?p=318199"},"modified":"2023-12-01T07:50:51","modified_gmt":"2023-12-01T10:50:51","slug":"pouca-ideia-e-farofa-fogem-sonhando-com-liberdade","status":"publish","type":"post","link":"https:\/\/www.notibras.com\/site\/pouca-ideia-e-farofa-fogem-sonhando-com-liberdade\/","title":{"rendered":"Pouca Ideia e Farofa fogem sonhando com liberdade"},"content":{"rendered":"<p>Na calada da noite, durante a fuga orquestrada por Salamandra, um a um dos condenados passaram pelo buraco no ch\u00e3o, que dava direto num imenso t\u00fanel. O medo de desabamento fez com que Corrim\u00e3o desistisse. Fil\u00e9, cuja pena era pequena, foi outro que preferiu ficar. Farofa e Pouca Ideia, dois gatunos dos mais sofr\u00edveis, tomaram coragem e seguiram os fugitivos.<\/p>\n<p>Quase meia hora depois, Pouca Ideia foi o \u00faltimo a sair do buraco, que ficava a pouco mais de 30 metros do muro lateral da Papuda. Correu que nem maluco at\u00e9 a primeira moita, onde tentou se encolher o m\u00e1ximo poss\u00edvel. Ainda desorientado, escutou um sussurro. Era o Farofa, que acenava freneticamente para que ele se arrastasse em sua dire\u00e7\u00e3o.<\/p>\n<p>Assim que se juntou ao amigo, Pouca Ideia perguntou pelos outros fugitivos. Farofa disse que n\u00e3o sabia, mas que preferia daquele jeito. E, antes que Pouca Ideia pudesse question\u00e1-lo novamente, o gatuno puxou o companheiro pelo bra\u00e7o e prosseguiram a fuga.<\/p>\n<p>Caminharam durante o resto da noite e, assim que o dia come\u00e7ou a clarear, se embrenharam ainda mais no cerrado. Ofegantes pela longa jornada, n\u00e3o faziam ideia de onde estavam. Talvez j\u00e1 fosse Goi\u00e1s, arriscou Pouca Ideia. Farofa, n\u00e3o sabendo se o amigo estava certo, concordou com um aceno de cabe\u00e7a. Cansados, adormeceram com o cantar dos p\u00e1ssaros.<\/p>\n<p>A dupla foi despertada pelos raios solares castigando suas faces. Por um instante, imaginaram-se ainda na pris\u00e3o, at\u00e9 que, de olhos bem abertos, perceberam que estavam livres. Os dois sorriram e pularam abra\u00e7ados. Finalmente livres depois de quase cinco anos atr\u00e1s das grades.<\/p>\n<p>Uma d\u00favida fez com que Farofa, o mais inteligente da dupla, ficasse pensativo. Pouca Ideia ainda tentou continuar comemorando a fuga, mas foi interrompido pelo comparsa. De nada adiantava fugir se os dois fossem capturados dali a pouco. Um plano! Eles precisavam de um plano para nunca mais voltarem para aquele calabou\u00e7o de cimento duro e frio.<\/p>\n<p>Farofa, cujas ideias n\u00e3o vinham naquele momento, decidiu continuar a caminhar. Pouca Ideia, sem melhores perspectivas, o acompanhou. Andaram por dias e noites. Alimentaram-se de qualquer coisa comest\u00edvel que encontravam pelo caminho. Perderam algum peso, mas nada que pudesse abalar a confian\u00e7a de que conseguiriam se manter em liberdade.<\/p>\n<p>Os foragidos j\u00e1 haviam perdido a no\u00e7\u00e3o do tempo, quando perceberam que a vegeta\u00e7\u00e3o come\u00e7ou a mudar. As \u00e1rvores do cerrado, a maioria torta, foram ficando cada vez maiores. Como os dois n\u00e3o sabiam ler, nem perceberam a placa, bem l\u00e1 atr\u00e1s, anunciando a divisa entre Minas Gerais e S\u00e3o Paulo, continuaram desorientados. Tamb\u00e9m n\u00e3o se atreveram a manter contato com quem quer que seja. Afinal, algu\u00e9m poderia reconhec\u00ea-los e chamar a pol\u00edcia.<\/p>\n<p>J\u00e1 era final de tarde quando se depararam com um riacho. Pararam por um instante, se refrescaram e at\u00e9 tentaram, com as pr\u00f3prias m\u00e3os, agarrar um dos pequenos peixes. Sem sorte, desistiram da empreitada. Foram andando ao longo do riacho at\u00e9 que avistaram uma casa bem ao fundo.<\/p>\n<p>Pouca Ideia, impaciente, quis saber o que os dois fariam. Farofa, que parecia sem ideias, disse que precisava pensar. N\u00e3o teve ideias, mas decidiu que iriam at\u00e9 a propriedade. E foi o que fizeram. Caminharam por quase uma hora, depois por mais duas, e nada de chegarem. Teimosos, insistiram pela noite inteira. Amanheceu e a caminhada prosseguiu at\u00e9 a noite seguinte. Nada!<\/p>\n<p>Exaustos, decidiram se sentar, cada um escorado em uma \u00e1rvore, um de frente para o outro. De repente, os dois se olharam espantados. Sangue escorria de seus corpos. Mortalmente feridos, os dois tombaram a poucos metros do muro da Papuda, o famoso pres\u00eddio em Bras\u00edlia, onde haviam passado os \u00faltimos quase cinco anos. A esperada liberdade, enfim, havia chegado.<\/p>\n","protected":false},"excerpt":{"rendered":"<p>Na calada da noite, durante a fuga orquestrada por Salamandra, um a um dos condenados passaram pelo buraco no ch\u00e3o, que dava direto num imenso t\u00fanel. O medo de desabamento fez com que Corrim\u00e3o desistisse. Fil\u00e9, cuja pena era pequena, foi outro que preferiu ficar. Farofa e Pouca Ideia, dois gatunos dos mais sofr\u00edveis, tomaram [&hellip;]<\/p>\n","protected":false},"author":2,"featured_media":318200,"comment_status":"closed","ping_status":"closed","sticky":false,"template":"","format":"standard","meta":{"_acf_changed":false,"footnotes":""},"categories":[161],"tags":[],"class_list":["post-318199","post","type-post","status-publish","format-standard","has-post-thumbnail","hentry","category-quadradinho-em-foco"],"acf":[],"yoast_head":"<!-- This site is optimized with the Yoast SEO plugin v27.2 - https:\/\/yoast.com\/product\/yoast-seo-wordpress\/ -->\n<title>Pouca Ideia e Farofa fogem sonhando com liberdade - Notibras<\/title>\n<meta name=\"robots\" content=\"index, follow, max-snippet:-1, max-image-preview:large, max-video-preview:-1\" \/>\n<link rel=\"canonical\" href=\"https:\/\/www.notibras.com\/site\/pouca-ideia-e-farofa-fogem-sonhando-com-liberdade\/\" \/>\n<meta property=\"og:locale\" content=\"pt_BR\" \/>\n<meta property=\"og:type\" content=\"article\" \/>\n<meta property=\"og:title\" content=\"Pouca Ideia e Farofa fogem sonhando com liberdade - Notibras\" \/>\n<meta property=\"og:description\" content=\"Na calada da noite, durante a fuga orquestrada por Salamandra, um a um dos condenados passaram pelo buraco no ch\u00e3o, que dava direto num imenso t\u00fanel. O medo de desabamento fez com que Corrim\u00e3o desistisse. Fil\u00e9, cuja pena era pequena, foi outro que preferiu ficar. Farofa e Pouca Ideia, dois gatunos dos mais sofr\u00edveis, tomaram [&hellip;]\" \/>\n<meta property=\"og:url\" content=\"https:\/\/www.notibras.com\/site\/pouca-ideia-e-farofa-fogem-sonhando-com-liberdade\/\" \/>\n<meta property=\"og:site_name\" content=\"Notibras\" \/>\n<meta property=\"article:publisher\" content=\"https:\/\/www.facebook.com\/notibras\/\" \/>\n<meta property=\"article:published_time\" content=\"2023-12-01T10:31:39+00:00\" \/>\n<meta property=\"article:modified_time\" content=\"2023-12-01T10:50:51+00:00\" \/>\n<meta property=\"og:image\" content=\"https:\/\/www.notibras.com\/site\/wp-content\/uploads\/2023\/12\/ducala.jpg\" \/>\n\t<meta property=\"og:image:width\" content=\"1024\" \/>\n\t<meta property=\"og:image:height\" content=\"831\" \/>\n\t<meta property=\"og:image:type\" content=\"image\/jpeg\" \/>\n<meta name=\"author\" content=\"Reda\u00e7\u00e3o\" \/>\n<meta name=\"twitter:card\" content=\"summary_large_image\" \/>\n<meta name=\"twitter:creator\" content=\"@Notibras\" \/>\n<meta name=\"twitter:site\" content=\"@Notibras\" \/>\n<meta name=\"twitter:label1\" content=\"Escrito por\" \/>\n\t<meta name=\"twitter:data1\" content=\"Reda\u00e7\u00e3o\" \/>\n\t<meta name=\"twitter:label2\" content=\"Est. tempo de leitura\" \/>\n\t<meta name=\"twitter:data2\" content=\"4 minutos\" \/>\n<script type=\"application\/ld+json\" class=\"yoast-schema-graph\">{\"@context\":\"https:\/\/schema.org\",\"@graph\":[{\"@type\":\"Article\",\"@id\":\"https:\/\/www.notibras.com\/site\/pouca-ideia-e-farofa-fogem-sonhando-com-liberdade\/#article\",\"isPartOf\":{\"@id\":\"https:\/\/www.notibras.com\/site\/pouca-ideia-e-farofa-fogem-sonhando-com-liberdade\/\"},\"author\":{\"name\":\"Reda\u00e7\u00e3o\",\"@id\":\"https:\/\/www.notibras.com\/site\/#\/schema\/person\/36ab0979449956132d3e5b517ea76ac8\"},\"headline\":\"Pouca Ideia e Farofa fogem sonhando com liberdade\",\"datePublished\":\"2023-12-01T10:31:39+00:00\",\"dateModified\":\"2023-12-01T10:50:51+00:00\",\"mainEntityOfPage\":{\"@id\":\"https:\/\/www.notibras.com\/site\/pouca-ideia-e-farofa-fogem-sonhando-com-liberdade\/\"},\"wordCount\":657,\"publisher\":{\"@id\":\"https:\/\/www.notibras.com\/site\/#organization\"},\"image\":{\"@id\":\"https:\/\/www.notibras.com\/site\/pouca-ideia-e-farofa-fogem-sonhando-com-liberdade\/#primaryimage\"},\"thumbnailUrl\":\"https:\/\/www.notibras.com\/site\/wp-content\/uploads\/2023\/12\/ducala.jpg\",\"articleSection\":[\"Quadradinho em Foco\"],\"inLanguage\":\"pt-BR\"},{\"@type\":\"WebPage\",\"@id\":\"https:\/\/www.notibras.com\/site\/pouca-ideia-e-farofa-fogem-sonhando-com-liberdade\/\",\"url\":\"https:\/\/www.notibras.com\/site\/pouca-ideia-e-farofa-fogem-sonhando-com-liberdade\/\",\"name\":\"Pouca Ideia e Farofa fogem sonhando com liberdade - Notibras\",\"isPartOf\":{\"@id\":\"https:\/\/www.notibras.com\/site\/#website\"},\"primaryImageOfPage\":{\"@id\":\"https:\/\/www.notibras.com\/site\/pouca-ideia-e-farofa-fogem-sonhando-com-liberdade\/#primaryimage\"},\"image\":{\"@id\":\"https:\/\/www.notibras.com\/site\/pouca-ideia-e-farofa-fogem-sonhando-com-liberdade\/#primaryimage\"},\"thumbnailUrl\":\"https:\/\/www.notibras.com\/site\/wp-content\/uploads\/2023\/12\/ducala.jpg\",\"datePublished\":\"2023-12-01T10:31:39+00:00\",\"dateModified\":\"2023-12-01T10:50:51+00:00\",\"breadcrumb\":{\"@id\":\"https:\/\/www.notibras.com\/site\/pouca-ideia-e-farofa-fogem-sonhando-com-liberdade\/#breadcrumb\"},\"inLanguage\":\"pt-BR\",\"potentialAction\":[{\"@type\":\"ReadAction\",\"target\":[\"https:\/\/www.notibras.com\/site\/pouca-ideia-e-farofa-fogem-sonhando-com-liberdade\/\"]}]},{\"@type\":\"ImageObject\",\"inLanguage\":\"pt-BR\",\"@id\":\"https:\/\/www.notibras.com\/site\/pouca-ideia-e-farofa-fogem-sonhando-com-liberdade\/#primaryimage\",\"url\":\"https:\/\/www.notibras.com\/site\/wp-content\/uploads\/2023\/12\/ducala.jpg\",\"contentUrl\":\"https:\/\/www.notibras.com\/site\/wp-content\/uploads\/2023\/12\/ducala.jpg\",\"width\":1024,\"height\":831},{\"@type\":\"BreadcrumbList\",\"@id\":\"https:\/\/www.notibras.com\/site\/pouca-ideia-e-farofa-fogem-sonhando-com-liberdade\/#breadcrumb\",\"itemListElement\":[{\"@type\":\"ListItem\",\"position\":1,\"name\":\"In\u00edcio\",\"item\":\"https:\/\/www.notibras.com\/site\/\"},{\"@type\":\"ListItem\",\"position\":2,\"name\":\"Pouca Ideia e Farofa fogem sonhando com liberdade\"}]},{\"@type\":\"WebSite\",\"@id\":\"https:\/\/www.notibras.com\/site\/#website\",\"url\":\"https:\/\/www.notibras.com\/site\/\",\"name\":\"Notibras\",\"description\":\"Not\u00edcias de Bras\u00edlia, do Brasil e do Mundo\",\"publisher\":{\"@id\":\"https:\/\/www.notibras.com\/site\/#organization\"},\"potentialAction\":[{\"@type\":\"SearchAction\",\"target\":{\"@type\":\"EntryPoint\",\"urlTemplate\":\"https:\/\/www.notibras.com\/site\/?s={search_term_string}\"},\"query-input\":{\"@type\":\"PropertyValueSpecification\",\"valueRequired\":true,\"valueName\":\"search_term_string\"}}],\"inLanguage\":\"pt-BR\"},{\"@type\":\"Organization\",\"@id\":\"https:\/\/www.notibras.com\/site\/#organization\",\"name\":\"Grupo Notibras de Comunica\u00e7\u00e3o\",\"url\":\"https:\/\/www.notibras.com\/site\/\",\"logo\":{\"@type\":\"ImageObject\",\"inLanguage\":\"pt-BR\",\"@id\":\"https:\/\/www.notibras.com\/site\/#\/schema\/logo\/image\/\",\"url\":\"https:\/\/www.notibras.com\/site\/wp-content\/uploads\/2023\/01\/notibras23.png\",\"contentUrl\":\"https:\/\/www.notibras.com\/site\/wp-content\/uploads\/2023\/01\/notibras23.png\",\"width\":350,\"height\":87,\"caption\":\"Grupo Notibras de Comunica\u00e7\u00e3o\"},\"image\":{\"@id\":\"https:\/\/www.notibras.com\/site\/#\/schema\/logo\/image\/\"},\"sameAs\":[\"https:\/\/www.facebook.com\/notibras\/\",\"https:\/\/x.com\/Notibras\",\"https:\/\/www.instagram.com\/notibras\/\"]},{\"@type\":\"Person\",\"@id\":\"https:\/\/www.notibras.com\/site\/#\/schema\/person\/36ab0979449956132d3e5b517ea76ac8\",\"name\":\"Reda\u00e7\u00e3o\",\"image\":{\"@type\":\"ImageObject\",\"inLanguage\":\"pt-BR\",\"@id\":\"https:\/\/secure.gravatar.com\/avatar\/e0a867bdedb85fd243eadf09663511f96fc81e0720a4a42581f334ad4303aa6b?s=96&d=mm&r=g\",\"url\":\"https:\/\/secure.gravatar.com\/avatar\/e0a867bdedb85fd243eadf09663511f96fc81e0720a4a42581f334ad4303aa6b?s=96&d=mm&r=g\",\"contentUrl\":\"https:\/\/secure.gravatar.com\/avatar\/e0a867bdedb85fd243eadf09663511f96fc81e0720a4a42581f334ad4303aa6b?s=96&d=mm&r=g\",\"caption\":\"Reda\u00e7\u00e3o\"}}]}<\/script>\n<!-- \/ Yoast SEO plugin. -->","yoast_head_json":{"title":"Pouca Ideia e Farofa fogem sonhando com liberdade - Notibras","robots":{"index":"index","follow":"follow","max-snippet":"max-snippet:-1","max-image-preview":"max-image-preview:large","max-video-preview":"max-video-preview:-1"},"canonical":"https:\/\/www.notibras.com\/site\/pouca-ideia-e-farofa-fogem-sonhando-com-liberdade\/","og_locale":"pt_BR","og_type":"article","og_title":"Pouca Ideia e Farofa fogem sonhando com liberdade - Notibras","og_description":"Na calada da noite, durante a fuga orquestrada por Salamandra, um a um dos condenados passaram pelo buraco no ch\u00e3o, que dava direto num imenso t\u00fanel. O medo de desabamento fez com que Corrim\u00e3o desistisse. Fil\u00e9, cuja pena era pequena, foi outro que preferiu ficar. Farofa e Pouca Ideia, dois gatunos dos mais sofr\u00edveis, tomaram [&hellip;]","og_url":"https:\/\/www.notibras.com\/site\/pouca-ideia-e-farofa-fogem-sonhando-com-liberdade\/","og_site_name":"Notibras","article_publisher":"https:\/\/www.facebook.com\/notibras\/","article_published_time":"2023-12-01T10:31:39+00:00","article_modified_time":"2023-12-01T10:50:51+00:00","og_image":[{"width":1024,"height":831,"url":"https:\/\/www.notibras.com\/site\/wp-content\/uploads\/2023\/12\/ducala.jpg","type":"image\/jpeg"}],"author":"Reda\u00e7\u00e3o","twitter_card":"summary_large_image","twitter_creator":"@Notibras","twitter_site":"@Notibras","twitter_misc":{"Escrito por":"Reda\u00e7\u00e3o","Est. tempo de leitura":"4 minutos"},"schema":{"@context":"https:\/\/schema.org","@graph":[{"@type":"Article","@id":"https:\/\/www.notibras.com\/site\/pouca-ideia-e-farofa-fogem-sonhando-com-liberdade\/#article","isPartOf":{"@id":"https:\/\/www.notibras.com\/site\/pouca-ideia-e-farofa-fogem-sonhando-com-liberdade\/"},"author":{"name":"Reda\u00e7\u00e3o","@id":"https:\/\/www.notibras.com\/site\/#\/schema\/person\/36ab0979449956132d3e5b517ea76ac8"},"headline":"Pouca Ideia e Farofa fogem sonhando com liberdade","datePublished":"2023-12-01T10:31:39+00:00","dateModified":"2023-12-01T10:50:51+00:00","mainEntityOfPage":{"@id":"https:\/\/www.notibras.com\/site\/pouca-ideia-e-farofa-fogem-sonhando-com-liberdade\/"},"wordCount":657,"publisher":{"@id":"https:\/\/www.notibras.com\/site\/#organization"},"image":{"@id":"https:\/\/www.notibras.com\/site\/pouca-ideia-e-farofa-fogem-sonhando-com-liberdade\/#primaryimage"},"thumbnailUrl":"https:\/\/www.notibras.com\/site\/wp-content\/uploads\/2023\/12\/ducala.jpg","articleSection":["Quadradinho em Foco"],"inLanguage":"pt-BR"},{"@type":"WebPage","@id":"https:\/\/www.notibras.com\/site\/pouca-ideia-e-farofa-fogem-sonhando-com-liberdade\/","url":"https:\/\/www.notibras.com\/site\/pouca-ideia-e-farofa-fogem-sonhando-com-liberdade\/","name":"Pouca Ideia e Farofa fogem sonhando com liberdade - Notibras","isPartOf":{"@id":"https:\/\/www.notibras.com\/site\/#website"},"primaryImageOfPage":{"@id":"https:\/\/www.notibras.com\/site\/pouca-ideia-e-farofa-fogem-sonhando-com-liberdade\/#primaryimage"},"image":{"@id":"https:\/\/www.notibras.com\/site\/pouca-ideia-e-farofa-fogem-sonhando-com-liberdade\/#primaryimage"},"thumbnailUrl":"https:\/\/www.notibras.com\/site\/wp-content\/uploads\/2023\/12\/ducala.jpg","datePublished":"2023-12-01T10:31:39+00:00","dateModified":"2023-12-01T10:50:51+00:00","breadcrumb":{"@id":"https:\/\/www.notibras.com\/site\/pouca-ideia-e-farofa-fogem-sonhando-com-liberdade\/#breadcrumb"},"inLanguage":"pt-BR","potentialAction":[{"@type":"ReadAction","target":["https:\/\/www.notibras.com\/site\/pouca-ideia-e-farofa-fogem-sonhando-com-liberdade\/"]}]},{"@type":"ImageObject","inLanguage":"pt-BR","@id":"https:\/\/www.notibras.com\/site\/pouca-ideia-e-farofa-fogem-sonhando-com-liberdade\/#primaryimage","url":"https:\/\/www.notibras.com\/site\/wp-content\/uploads\/2023\/12\/ducala.jpg","contentUrl":"https:\/\/www.notibras.com\/site\/wp-content\/uploads\/2023\/12\/ducala.jpg","width":1024,"height":831},{"@type":"BreadcrumbList","@id":"https:\/\/www.notibras.com\/site\/pouca-ideia-e-farofa-fogem-sonhando-com-liberdade\/#breadcrumb","itemListElement":[{"@type":"ListItem","position":1,"name":"In\u00edcio","item":"https:\/\/www.notibras.com\/site\/"},{"@type":"ListItem","position":2,"name":"Pouca Ideia e Farofa fogem sonhando com liberdade"}]},{"@type":"WebSite","@id":"https:\/\/www.notibras.com\/site\/#website","url":"https:\/\/www.notibras.com\/site\/","name":"Notibras","description":"Not\u00edcias de Bras\u00edlia, do Brasil e do Mundo","publisher":{"@id":"https:\/\/www.notibras.com\/site\/#organization"},"potentialAction":[{"@type":"SearchAction","target":{"@type":"EntryPoint","urlTemplate":"https:\/\/www.notibras.com\/site\/?s={search_term_string}"},"query-input":{"@type":"PropertyValueSpecification","valueRequired":true,"valueName":"search_term_string"}}],"inLanguage":"pt-BR"},{"@type":"Organization","@id":"https:\/\/www.notibras.com\/site\/#organization","name":"Grupo Notibras de Comunica\u00e7\u00e3o","url":"https:\/\/www.notibras.com\/site\/","logo":{"@type":"ImageObject","inLanguage":"pt-BR","@id":"https:\/\/www.notibras.com\/site\/#\/schema\/logo\/image\/","url":"https:\/\/www.notibras.com\/site\/wp-content\/uploads\/2023\/01\/notibras23.png","contentUrl":"https:\/\/www.notibras.com\/site\/wp-content\/uploads\/2023\/01\/notibras23.png","width":350,"height":87,"caption":"Grupo Notibras de Comunica\u00e7\u00e3o"},"image":{"@id":"https:\/\/www.notibras.com\/site\/#\/schema\/logo\/image\/"},"sameAs":["https:\/\/www.facebook.com\/notibras\/","https:\/\/x.com\/Notibras","https:\/\/www.instagram.com\/notibras\/"]},{"@type":"Person","@id":"https:\/\/www.notibras.com\/site\/#\/schema\/person\/36ab0979449956132d3e5b517ea76ac8","name":"Reda\u00e7\u00e3o","image":{"@type":"ImageObject","inLanguage":"pt-BR","@id":"https:\/\/secure.gravatar.com\/avatar\/e0a867bdedb85fd243eadf09663511f96fc81e0720a4a42581f334ad4303aa6b?s=96&d=mm&r=g","url":"https:\/\/secure.gravatar.com\/avatar\/e0a867bdedb85fd243eadf09663511f96fc81e0720a4a42581f334ad4303aa6b?s=96&d=mm&r=g","contentUrl":"https:\/\/secure.gravatar.com\/avatar\/e0a867bdedb85fd243eadf09663511f96fc81e0720a4a42581f334ad4303aa6b?s=96&d=mm&r=g","caption":"Reda\u00e7\u00e3o"}}]}},"amp_enabled":true,"_links":{"self":[{"href":"https:\/\/www.notibras.com\/site\/wp-json\/wp\/v2\/posts\/318199","targetHints":{"allow":["GET"]}}],"collection":[{"href":"https:\/\/www.notibras.com\/site\/wp-json\/wp\/v2\/posts"}],"about":[{"href":"https:\/\/www.notibras.com\/site\/wp-json\/wp\/v2\/types\/post"}],"author":[{"embeddable":true,"href":"https:\/\/www.notibras.com\/site\/wp-json\/wp\/v2\/users\/2"}],"replies":[{"embeddable":true,"href":"https:\/\/www.notibras.com\/site\/wp-json\/wp\/v2\/comments?post=318199"}],"version-history":[{"count":2,"href":"https:\/\/www.notibras.com\/site\/wp-json\/wp\/v2\/posts\/318199\/revisions"}],"predecessor-version":[{"id":318208,"href":"https:\/\/www.notibras.com\/site\/wp-json\/wp\/v2\/posts\/318199\/revisions\/318208"}],"wp:featuredmedia":[{"embeddable":true,"href":"https:\/\/www.notibras.com\/site\/wp-json\/wp\/v2\/media\/318200"}],"wp:attachment":[{"href":"https:\/\/www.notibras.com\/site\/wp-json\/wp\/v2\/media?parent=318199"}],"wp:term":[{"taxonomy":"category","embeddable":true,"href":"https:\/\/www.notibras.com\/site\/wp-json\/wp\/v2\/categories?post=318199"},{"taxonomy":"post_tag","embeddable":true,"href":"https:\/\/www.notibras.com\/site\/wp-json\/wp\/v2\/tags?post=318199"}],"curies":[{"name":"wp","href":"https:\/\/api.w.org\/{rel}","templated":true}]}}