{"id":318202,"date":"2023-12-01T09:14:56","date_gmt":"2023-12-01T12:14:56","guid":{"rendered":"https:\/\/www.notibras.com\/site\/?p=318202"},"modified":"2023-12-02T10:43:04","modified_gmt":"2023-12-02T13:43:04","slug":"programacao-musical-de-dezembro-recheada-de-artistas","status":"publish","type":"post","link":"https:\/\/www.notibras.com\/site\/programacao-musical-de-dezembro-recheada-de-artistas\/","title":{"rendered":"Programa\u00e7\u00e3o musical de dezembro recheada de artistas"},"content":{"rendered":"<p>O Terra\u00e7o Shopping resolveu celebrar a diversidade musical caracter\u00edstica de Bras\u00edlia em sua programa\u00e7\u00e3o do projeto Almo\u00e7o Musical, que acontece aos domingos, \u00e0s 13h. Iniciando o m\u00eas de dezembro, no dia 3, a cantora D\u00e9bora Cristina apresentar\u00e1 um mix de can\u00e7\u00f5es da nossa MPB, que fazem parte da mem\u00f3ria afetiva dos brasileiros e que v\u00e3o trazer alegria e emo\u00e7\u00e3o ao p\u00fablico.<\/p>\n<p>A cantora, que \u00e9 autodidata e se apresenta desde os 13 anos em programas de calouro das r\u00e1dios da sua cidade natal, mostrar\u00e1 can\u00e7\u00f5es de Gal Costa, Elis Regina, Marisa Monte, Rita Lee, Caetano Veloso, Lulu Santos, entre outros.<\/p>\n<p>No dia 10 de dezembro ser\u00e1 a vez do artista Ricking, que trar\u00e1 seu repert\u00f3rio com cl\u00e1ssicos do pop e do rock nacionais e internacionais como Beatles, U2 e Pink Floyd, al\u00e9m de MPB. No formato voz e viol\u00e3o, o m\u00fasico brasiliense, que j\u00e1 tem mais de 15 anos de carreira, promete um show para fazer o p\u00fablico cantar junto.<\/p>\n<p>No \u00faltimo Almo\u00e7o Musical do ano, dia 17 de dezembro, quem subir\u00e1 ao palco ser\u00e1 o m\u00fasico Ant\u00f4nio Lucas. Com suas principais influ\u00eancias passando pelo Pop, Jazz, Blues, R&amp;B e MPB, a apresenta\u00e7\u00e3o trar\u00e1 a identidade do artista colocando emo\u00e7\u00e3o nas m\u00fasicas que canta, e mesclando ritmo, melodia e intensidade.<\/p>\n<p><strong>Servi\u00e7o:<\/strong><br \/>\nAlmo\u00e7o Musical<br \/>\nPra\u00e7a Central, \u00e0s 13h<br \/>\n03\/12 \u2013 D\u00e9bora Cristina<br \/>\n10\/12 &#8211; Ricking<br \/>\n17\/12 \u2013 Ant\u00f4nio Lucas<\/p>\n","protected":false},"excerpt":{"rendered":"<p>O Terra\u00e7o Shopping resolveu celebrar a diversidade musical caracter\u00edstica de Bras\u00edlia em sua programa\u00e7\u00e3o do projeto Almo\u00e7o Musical, que acontece aos domingos, \u00e0s 13h. Iniciando o m\u00eas de dezembro, no dia 3, a cantora D\u00e9bora Cristina apresentar\u00e1 um mix de can\u00e7\u00f5es da nossa MPB, que fazem parte da mem\u00f3ria afetiva dos brasileiros e que v\u00e3o [&hellip;]<\/p>\n","protected":false},"author":2,"featured_media":318203,"comment_status":"closed","ping_status":"closed","sticky":false,"template":"","format":"standard","meta":{"_acf_changed":false,"footnotes":""},"categories":[161],"tags":[],"class_list":["post-318202","post","type-post","status-publish","format-standard","has-post-thumbnail","hentry","category-quadradinho-em-foco"],"acf":[],"yoast_head":"<!-- This site is optimized with the Yoast SEO plugin v27.2 - https:\/\/yoast.com\/product\/yoast-seo-wordpress\/ -->\n<title>Programa\u00e7\u00e3o musical de dezembro recheada de artistas - Notibras<\/title>\n<meta name=\"robots\" content=\"index, follow, max-snippet:-1, max-image-preview:large, max-video-preview:-1\" \/>\n<link rel=\"canonical\" href=\"https:\/\/www.notibras.com\/site\/programacao-musical-de-dezembro-recheada-de-artistas\/\" \/>\n<meta property=\"og:locale\" content=\"pt_BR\" \/>\n<meta property=\"og:type\" content=\"article\" \/>\n<meta property=\"og:title\" content=\"Programa\u00e7\u00e3o musical de dezembro recheada de artistas - Notibras\" \/>\n<meta property=\"og:description\" content=\"O Terra\u00e7o Shopping resolveu celebrar a diversidade musical caracter\u00edstica de Bras\u00edlia em sua programa\u00e7\u00e3o do projeto Almo\u00e7o Musical, que acontece aos domingos, \u00e0s 13h. Iniciando o m\u00eas de dezembro, no dia 3, a cantora D\u00e9bora Cristina apresentar\u00e1 um mix de can\u00e7\u00f5es da nossa MPB, que fazem parte da mem\u00f3ria afetiva dos brasileiros e que v\u00e3o [&hellip;]\" \/>\n<meta property=\"og:url\" content=\"https:\/\/www.notibras.com\/site\/programacao-musical-de-dezembro-recheada-de-artistas\/\" \/>\n<meta property=\"og:site_name\" content=\"Notibras\" \/>\n<meta property=\"article:publisher\" content=\"https:\/\/www.facebook.com\/notibras\/\" \/>\n<meta property=\"article:published_time\" content=\"2023-12-01T12:14:56+00:00\" \/>\n<meta property=\"article:modified_time\" content=\"2023-12-02T13:43:04+00:00\" \/>\n<meta property=\"og:image\" content=\"https:\/\/www.notibras.com\/site\/wp-content\/uploads\/2023\/12\/DEBORA-CIRSTINA.jpeg\" \/>\n\t<meta property=\"og:image:width\" content=\"933\" \/>\n\t<meta property=\"og:image:height\" content=\"933\" \/>\n\t<meta property=\"og:image:type\" content=\"image\/jpeg\" \/>\n<meta name=\"author\" content=\"Reda\u00e7\u00e3o\" \/>\n<meta name=\"twitter:card\" content=\"summary_large_image\" \/>\n<meta name=\"twitter:creator\" content=\"@Notibras\" \/>\n<meta name=\"twitter:site\" content=\"@Notibras\" \/>\n<meta name=\"twitter:label1\" content=\"Escrito por\" \/>\n\t<meta name=\"twitter:data1\" content=\"Reda\u00e7\u00e3o\" \/>\n\t<meta name=\"twitter:label2\" content=\"Est. tempo de leitura\" \/>\n\t<meta name=\"twitter:data2\" content=\"2 minutos\" \/>\n<script type=\"application\/ld+json\" class=\"yoast-schema-graph\">{\"@context\":\"https:\/\/schema.org\",\"@graph\":[{\"@type\":\"Article\",\"@id\":\"https:\/\/www.notibras.com\/site\/programacao-musical-de-dezembro-recheada-de-artistas\/#article\",\"isPartOf\":{\"@id\":\"https:\/\/www.notibras.com\/site\/programacao-musical-de-dezembro-recheada-de-artistas\/\"},\"author\":{\"name\":\"Reda\u00e7\u00e3o\",\"@id\":\"https:\/\/www.notibras.com\/site\/#\/schema\/person\/36ab0979449956132d3e5b517ea76ac8\"},\"headline\":\"Programa\u00e7\u00e3o musical de dezembro recheada de artistas\",\"datePublished\":\"2023-12-01T12:14:56+00:00\",\"dateModified\":\"2023-12-02T13:43:04+00:00\",\"mainEntityOfPage\":{\"@id\":\"https:\/\/www.notibras.com\/site\/programacao-musical-de-dezembro-recheada-de-artistas\/\"},\"wordCount\":259,\"publisher\":{\"@id\":\"https:\/\/www.notibras.com\/site\/#organization\"},\"image\":{\"@id\":\"https:\/\/www.notibras.com\/site\/programacao-musical-de-dezembro-recheada-de-artistas\/#primaryimage\"},\"thumbnailUrl\":\"https:\/\/www.notibras.com\/site\/wp-content\/uploads\/2023\/12\/DEBORA-CIRSTINA.jpeg\",\"articleSection\":[\"Quadradinho em Foco\"],\"inLanguage\":\"pt-BR\"},{\"@type\":\"WebPage\",\"@id\":\"https:\/\/www.notibras.com\/site\/programacao-musical-de-dezembro-recheada-de-artistas\/\",\"url\":\"https:\/\/www.notibras.com\/site\/programacao-musical-de-dezembro-recheada-de-artistas\/\",\"name\":\"Programa\u00e7\u00e3o musical de dezembro recheada de artistas - Notibras\",\"isPartOf\":{\"@id\":\"https:\/\/www.notibras.com\/site\/#website\"},\"primaryImageOfPage\":{\"@id\":\"https:\/\/www.notibras.com\/site\/programacao-musical-de-dezembro-recheada-de-artistas\/#primaryimage\"},\"image\":{\"@id\":\"https:\/\/www.notibras.com\/site\/programacao-musical-de-dezembro-recheada-de-artistas\/#primaryimage\"},\"thumbnailUrl\":\"https:\/\/www.notibras.com\/site\/wp-content\/uploads\/2023\/12\/DEBORA-CIRSTINA.jpeg\",\"datePublished\":\"2023-12-01T12:14:56+00:00\",\"dateModified\":\"2023-12-02T13:43:04+00:00\",\"breadcrumb\":{\"@id\":\"https:\/\/www.notibras.com\/site\/programacao-musical-de-dezembro-recheada-de-artistas\/#breadcrumb\"},\"inLanguage\":\"pt-BR\",\"potentialAction\":[{\"@type\":\"ReadAction\",\"target\":[\"https:\/\/www.notibras.com\/site\/programacao-musical-de-dezembro-recheada-de-artistas\/\"]}]},{\"@type\":\"ImageObject\",\"inLanguage\":\"pt-BR\",\"@id\":\"https:\/\/www.notibras.com\/site\/programacao-musical-de-dezembro-recheada-de-artistas\/#primaryimage\",\"url\":\"https:\/\/www.notibras.com\/site\/wp-content\/uploads\/2023\/12\/DEBORA-CIRSTINA.jpeg\",\"contentUrl\":\"https:\/\/www.notibras.com\/site\/wp-content\/uploads\/2023\/12\/DEBORA-CIRSTINA.jpeg\",\"width\":933,\"height\":933},{\"@type\":\"BreadcrumbList\",\"@id\":\"https:\/\/www.notibras.com\/site\/programacao-musical-de-dezembro-recheada-de-artistas\/#breadcrumb\",\"itemListElement\":[{\"@type\":\"ListItem\",\"position\":1,\"name\":\"In\u00edcio\",\"item\":\"https:\/\/www.notibras.com\/site\/\"},{\"@type\":\"ListItem\",\"position\":2,\"name\":\"Programa\u00e7\u00e3o musical de dezembro recheada de artistas\"}]},{\"@type\":\"WebSite\",\"@id\":\"https:\/\/www.notibras.com\/site\/#website\",\"url\":\"https:\/\/www.notibras.com\/site\/\",\"name\":\"Notibras\",\"description\":\"Not\u00edcias de Bras\u00edlia, do Brasil e do Mundo\",\"publisher\":{\"@id\":\"https:\/\/www.notibras.com\/site\/#organization\"},\"potentialAction\":[{\"@type\":\"SearchAction\",\"target\":{\"@type\":\"EntryPoint\",\"urlTemplate\":\"https:\/\/www.notibras.com\/site\/?s={search_term_string}\"},\"query-input\":{\"@type\":\"PropertyValueSpecification\",\"valueRequired\":true,\"valueName\":\"search_term_string\"}}],\"inLanguage\":\"pt-BR\"},{\"@type\":\"Organization\",\"@id\":\"https:\/\/www.notibras.com\/site\/#organization\",\"name\":\"Grupo Notibras de Comunica\u00e7\u00e3o\",\"url\":\"https:\/\/www.notibras.com\/site\/\",\"logo\":{\"@type\":\"ImageObject\",\"inLanguage\":\"pt-BR\",\"@id\":\"https:\/\/www.notibras.com\/site\/#\/schema\/logo\/image\/\",\"url\":\"https:\/\/www.notibras.com\/site\/wp-content\/uploads\/2023\/01\/notibras23.png\",\"contentUrl\":\"https:\/\/www.notibras.com\/site\/wp-content\/uploads\/2023\/01\/notibras23.png\",\"width\":350,\"height\":87,\"caption\":\"Grupo Notibras de Comunica\u00e7\u00e3o\"},\"image\":{\"@id\":\"https:\/\/www.notibras.com\/site\/#\/schema\/logo\/image\/\"},\"sameAs\":[\"https:\/\/www.facebook.com\/notibras\/\",\"https:\/\/x.com\/Notibras\",\"https:\/\/www.instagram.com\/notibras\/\"]},{\"@type\":\"Person\",\"@id\":\"https:\/\/www.notibras.com\/site\/#\/schema\/person\/36ab0979449956132d3e5b517ea76ac8\",\"name\":\"Reda\u00e7\u00e3o\",\"image\":{\"@type\":\"ImageObject\",\"inLanguage\":\"pt-BR\",\"@id\":\"https:\/\/secure.gravatar.com\/avatar\/e0a867bdedb85fd243eadf09663511f96fc81e0720a4a42581f334ad4303aa6b?s=96&d=mm&r=g\",\"url\":\"https:\/\/secure.gravatar.com\/avatar\/e0a867bdedb85fd243eadf09663511f96fc81e0720a4a42581f334ad4303aa6b?s=96&d=mm&r=g\",\"contentUrl\":\"https:\/\/secure.gravatar.com\/avatar\/e0a867bdedb85fd243eadf09663511f96fc81e0720a4a42581f334ad4303aa6b?s=96&d=mm&r=g\",\"caption\":\"Reda\u00e7\u00e3o\"}}]}<\/script>\n<!-- \/ Yoast SEO plugin. -->","yoast_head_json":{"title":"Programa\u00e7\u00e3o musical de dezembro recheada de artistas - Notibras","robots":{"index":"index","follow":"follow","max-snippet":"max-snippet:-1","max-image-preview":"max-image-preview:large","max-video-preview":"max-video-preview:-1"},"canonical":"https:\/\/www.notibras.com\/site\/programacao-musical-de-dezembro-recheada-de-artistas\/","og_locale":"pt_BR","og_type":"article","og_title":"Programa\u00e7\u00e3o musical de dezembro recheada de artistas - Notibras","og_description":"O Terra\u00e7o Shopping resolveu celebrar a diversidade musical caracter\u00edstica de Bras\u00edlia em sua programa\u00e7\u00e3o do projeto Almo\u00e7o Musical, que acontece aos domingos, \u00e0s 13h. Iniciando o m\u00eas de dezembro, no dia 3, a cantora D\u00e9bora Cristina apresentar\u00e1 um mix de can\u00e7\u00f5es da nossa MPB, que fazem parte da mem\u00f3ria afetiva dos brasileiros e que v\u00e3o [&hellip;]","og_url":"https:\/\/www.notibras.com\/site\/programacao-musical-de-dezembro-recheada-de-artistas\/","og_site_name":"Notibras","article_publisher":"https:\/\/www.facebook.com\/notibras\/","article_published_time":"2023-12-01T12:14:56+00:00","article_modified_time":"2023-12-02T13:43:04+00:00","og_image":[{"width":933,"height":933,"url":"https:\/\/www.notibras.com\/site\/wp-content\/uploads\/2023\/12\/DEBORA-CIRSTINA.jpeg","type":"image\/jpeg"}],"author":"Reda\u00e7\u00e3o","twitter_card":"summary_large_image","twitter_creator":"@Notibras","twitter_site":"@Notibras","twitter_misc":{"Escrito por":"Reda\u00e7\u00e3o","Est. tempo de leitura":"2 minutos"},"schema":{"@context":"https:\/\/schema.org","@graph":[{"@type":"Article","@id":"https:\/\/www.notibras.com\/site\/programacao-musical-de-dezembro-recheada-de-artistas\/#article","isPartOf":{"@id":"https:\/\/www.notibras.com\/site\/programacao-musical-de-dezembro-recheada-de-artistas\/"},"author":{"name":"Reda\u00e7\u00e3o","@id":"https:\/\/www.notibras.com\/site\/#\/schema\/person\/36ab0979449956132d3e5b517ea76ac8"},"headline":"Programa\u00e7\u00e3o musical de dezembro recheada de artistas","datePublished":"2023-12-01T12:14:56+00:00","dateModified":"2023-12-02T13:43:04+00:00","mainEntityOfPage":{"@id":"https:\/\/www.notibras.com\/site\/programacao-musical-de-dezembro-recheada-de-artistas\/"},"wordCount":259,"publisher":{"@id":"https:\/\/www.notibras.com\/site\/#organization"},"image":{"@id":"https:\/\/www.notibras.com\/site\/programacao-musical-de-dezembro-recheada-de-artistas\/#primaryimage"},"thumbnailUrl":"https:\/\/www.notibras.com\/site\/wp-content\/uploads\/2023\/12\/DEBORA-CIRSTINA.jpeg","articleSection":["Quadradinho em Foco"],"inLanguage":"pt-BR"},{"@type":"WebPage","@id":"https:\/\/www.notibras.com\/site\/programacao-musical-de-dezembro-recheada-de-artistas\/","url":"https:\/\/www.notibras.com\/site\/programacao-musical-de-dezembro-recheada-de-artistas\/","name":"Programa\u00e7\u00e3o musical de dezembro recheada de artistas - Notibras","isPartOf":{"@id":"https:\/\/www.notibras.com\/site\/#website"},"primaryImageOfPage":{"@id":"https:\/\/www.notibras.com\/site\/programacao-musical-de-dezembro-recheada-de-artistas\/#primaryimage"},"image":{"@id":"https:\/\/www.notibras.com\/site\/programacao-musical-de-dezembro-recheada-de-artistas\/#primaryimage"},"thumbnailUrl":"https:\/\/www.notibras.com\/site\/wp-content\/uploads\/2023\/12\/DEBORA-CIRSTINA.jpeg","datePublished":"2023-12-01T12:14:56+00:00","dateModified":"2023-12-02T13:43:04+00:00","breadcrumb":{"@id":"https:\/\/www.notibras.com\/site\/programacao-musical-de-dezembro-recheada-de-artistas\/#breadcrumb"},"inLanguage":"pt-BR","potentialAction":[{"@type":"ReadAction","target":["https:\/\/www.notibras.com\/site\/programacao-musical-de-dezembro-recheada-de-artistas\/"]}]},{"@type":"ImageObject","inLanguage":"pt-BR","@id":"https:\/\/www.notibras.com\/site\/programacao-musical-de-dezembro-recheada-de-artistas\/#primaryimage","url":"https:\/\/www.notibras.com\/site\/wp-content\/uploads\/2023\/12\/DEBORA-CIRSTINA.jpeg","contentUrl":"https:\/\/www.notibras.com\/site\/wp-content\/uploads\/2023\/12\/DEBORA-CIRSTINA.jpeg","width":933,"height":933},{"@type":"BreadcrumbList","@id":"https:\/\/www.notibras.com\/site\/programacao-musical-de-dezembro-recheada-de-artistas\/#breadcrumb","itemListElement":[{"@type":"ListItem","position":1,"name":"In\u00edcio","item":"https:\/\/www.notibras.com\/site\/"},{"@type":"ListItem","position":2,"name":"Programa\u00e7\u00e3o musical de dezembro recheada de artistas"}]},{"@type":"WebSite","@id":"https:\/\/www.notibras.com\/site\/#website","url":"https:\/\/www.notibras.com\/site\/","name":"Notibras","description":"Not\u00edcias de Bras\u00edlia, do Brasil e do Mundo","publisher":{"@id":"https:\/\/www.notibras.com\/site\/#organization"},"potentialAction":[{"@type":"SearchAction","target":{"@type":"EntryPoint","urlTemplate":"https:\/\/www.notibras.com\/site\/?s={search_term_string}"},"query-input":{"@type":"PropertyValueSpecification","valueRequired":true,"valueName":"search_term_string"}}],"inLanguage":"pt-BR"},{"@type":"Organization","@id":"https:\/\/www.notibras.com\/site\/#organization","name":"Grupo Notibras de Comunica\u00e7\u00e3o","url":"https:\/\/www.notibras.com\/site\/","logo":{"@type":"ImageObject","inLanguage":"pt-BR","@id":"https:\/\/www.notibras.com\/site\/#\/schema\/logo\/image\/","url":"https:\/\/www.notibras.com\/site\/wp-content\/uploads\/2023\/01\/notibras23.png","contentUrl":"https:\/\/www.notibras.com\/site\/wp-content\/uploads\/2023\/01\/notibras23.png","width":350,"height":87,"caption":"Grupo Notibras de Comunica\u00e7\u00e3o"},"image":{"@id":"https:\/\/www.notibras.com\/site\/#\/schema\/logo\/image\/"},"sameAs":["https:\/\/www.facebook.com\/notibras\/","https:\/\/x.com\/Notibras","https:\/\/www.instagram.com\/notibras\/"]},{"@type":"Person","@id":"https:\/\/www.notibras.com\/site\/#\/schema\/person\/36ab0979449956132d3e5b517ea76ac8","name":"Reda\u00e7\u00e3o","image":{"@type":"ImageObject","inLanguage":"pt-BR","@id":"https:\/\/secure.gravatar.com\/avatar\/e0a867bdedb85fd243eadf09663511f96fc81e0720a4a42581f334ad4303aa6b?s=96&d=mm&r=g","url":"https:\/\/secure.gravatar.com\/avatar\/e0a867bdedb85fd243eadf09663511f96fc81e0720a4a42581f334ad4303aa6b?s=96&d=mm&r=g","contentUrl":"https:\/\/secure.gravatar.com\/avatar\/e0a867bdedb85fd243eadf09663511f96fc81e0720a4a42581f334ad4303aa6b?s=96&d=mm&r=g","caption":"Reda\u00e7\u00e3o"}}]}},"amp_enabled":true,"_links":{"self":[{"href":"https:\/\/www.notibras.com\/site\/wp-json\/wp\/v2\/posts\/318202","targetHints":{"allow":["GET"]}}],"collection":[{"href":"https:\/\/www.notibras.com\/site\/wp-json\/wp\/v2\/posts"}],"about":[{"href":"https:\/\/www.notibras.com\/site\/wp-json\/wp\/v2\/types\/post"}],"author":[{"embeddable":true,"href":"https:\/\/www.notibras.com\/site\/wp-json\/wp\/v2\/users\/2"}],"replies":[{"embeddable":true,"href":"https:\/\/www.notibras.com\/site\/wp-json\/wp\/v2\/comments?post=318202"}],"version-history":[{"count":1,"href":"https:\/\/www.notibras.com\/site\/wp-json\/wp\/v2\/posts\/318202\/revisions"}],"predecessor-version":[{"id":318204,"href":"https:\/\/www.notibras.com\/site\/wp-json\/wp\/v2\/posts\/318202\/revisions\/318204"}],"wp:featuredmedia":[{"embeddable":true,"href":"https:\/\/www.notibras.com\/site\/wp-json\/wp\/v2\/media\/318203"}],"wp:attachment":[{"href":"https:\/\/www.notibras.com\/site\/wp-json\/wp\/v2\/media?parent=318202"}],"wp:term":[{"taxonomy":"category","embeddable":true,"href":"https:\/\/www.notibras.com\/site\/wp-json\/wp\/v2\/categories?post=318202"},{"taxonomy":"post_tag","embeddable":true,"href":"https:\/\/www.notibras.com\/site\/wp-json\/wp\/v2\/tags?post=318202"}],"curies":[{"name":"wp","href":"https:\/\/api.w.org\/{rel}","templated":true}]}}