{"id":318205,"date":"2023-12-01T00:00:33","date_gmt":"2023-12-01T03:00:33","guid":{"rendered":"https:\/\/www.notibras.com\/site\/?p=318205"},"modified":"2023-12-01T07:40:59","modified_gmt":"2023-12-01T10:40:59","slug":"corais-natalinos-prometem-emocoes-no-terraco-shopping","status":"publish","type":"post","link":"https:\/\/www.notibras.com\/site\/corais-natalinos-prometem-emocoes-no-terraco-shopping\/","title":{"rendered":"Corais natalinos prometem emo\u00e7\u00f5es no Terra\u00e7o Shopping"},"content":{"rendered":"<p>Para intensificar a atmosfera natalina, o Terra\u00e7o Shopping apresentar\u00e1 uma s\u00e9rie especial de Cantatas Natalinas nos pr\u00f3ximos fins de semana. \u00c0s sextas-feiras e os s\u00e1bados ser\u00e3o preenchidos com melodias que aquecem o cora\u00e7\u00e3o, trazendo alegria e celebra\u00e7\u00e3o para toda a fam\u00edlia.<\/p>\n<p>A emocionante programa\u00e7\u00e3o de dezembro tem in\u00edcio no dia 1\u00ba, \u00e0s 19h30, com a apresenta\u00e7\u00e3o do Coral Canto Livre, e no s\u00e1bado, dia 2, o coral Voices Teen. A magia continua com o Coral Alvorada Voices, na sexta-feira, 8 de dezembro, e o Coral Leonardo da Vinci, no s\u00e1bado (9), proporcionando um repert\u00f3rio recheado de cl\u00e1ssicos natalinos.<\/p>\n<p>No \u00faltimo final de semana antes do Natal, nos dias 15 e 16 de dezembro, o Terra\u00e7o Shopping encerra sua programa\u00e7\u00e3o anual com apresenta\u00e7\u00f5es imperd\u00edveis. Na sexta-feira, os corais Adventista do Lago Sul e Infantil do Lago Sul encantar\u00e3o o p\u00fablico, enquanto, no s\u00e1bado, o palco ser\u00e1 tomado pelo coral Jovem IASD, proporcionando um encerramento memor\u00e1vel para as festividades.<\/p>\n<p>Local: Pra\u00e7a Central<br \/>\nHor\u00e1rio: 19h30 \u2013 \u00e0s sextas-feiras e s\u00e1bados<br \/>\n01\/12 &#8211; Coral Canto Livre<br \/>\n02\/12 &#8211; Voices Teen<br \/>\n08\/12 &#8211; Coral Alvorada Voices<br \/>\n09\/12 &#8211; Coral Leonardo da Vinci<br \/>\n15\/12 &#8211; Coral Adventista do Lago Sul e Coral infantil do Lago Sul<br \/>\n16\/12 &#8211; Coral Jovem IASD<\/p>\n","protected":false},"excerpt":{"rendered":"<p>Para intensificar a atmosfera natalina, o Terra\u00e7o Shopping apresentar\u00e1 uma s\u00e9rie especial de Cantatas Natalinas nos pr\u00f3ximos fins de semana. \u00c0s sextas-feiras e os s\u00e1bados ser\u00e3o preenchidos com melodias que aquecem o cora\u00e7\u00e3o, trazendo alegria e celebra\u00e7\u00e3o para toda a fam\u00edlia. A emocionante programa\u00e7\u00e3o de dezembro tem in\u00edcio no dia 1\u00ba, \u00e0s 19h30, com a [&hellip;]<\/p>\n","protected":false},"author":2,"featured_media":318206,"comment_status":"closed","ping_status":"closed","sticky":false,"template":"","format":"standard","meta":{"_acf_changed":false,"footnotes":""},"categories":[161],"tags":[],"class_list":["post-318205","post","type-post","status-publish","format-standard","has-post-thumbnail","hentry","category-quadradinho-em-foco"],"acf":[],"yoast_head":"<!-- This site is optimized with the Yoast SEO plugin v27.2 - https:\/\/yoast.com\/product\/yoast-seo-wordpress\/ -->\n<title>Corais natalinos prometem emo\u00e7\u00f5es no Terra\u00e7o Shopping - Notibras<\/title>\n<meta name=\"robots\" content=\"index, follow, max-snippet:-1, max-image-preview:large, max-video-preview:-1\" \/>\n<link rel=\"canonical\" href=\"https:\/\/www.notibras.com\/site\/corais-natalinos-prometem-emocoes-no-terraco-shopping\/\" \/>\n<meta property=\"og:locale\" content=\"pt_BR\" \/>\n<meta property=\"og:type\" content=\"article\" \/>\n<meta property=\"og:title\" content=\"Corais natalinos prometem emo\u00e7\u00f5es no Terra\u00e7o Shopping - Notibras\" \/>\n<meta property=\"og:description\" content=\"Para intensificar a atmosfera natalina, o Terra\u00e7o Shopping apresentar\u00e1 uma s\u00e9rie especial de Cantatas Natalinas nos pr\u00f3ximos fins de semana. \u00c0s sextas-feiras e os s\u00e1bados ser\u00e3o preenchidos com melodias que aquecem o cora\u00e7\u00e3o, trazendo alegria e celebra\u00e7\u00e3o para toda a fam\u00edlia. A emocionante programa\u00e7\u00e3o de dezembro tem in\u00edcio no dia 1\u00ba, \u00e0s 19h30, com a [&hellip;]\" \/>\n<meta property=\"og:url\" content=\"https:\/\/www.notibras.com\/site\/corais-natalinos-prometem-emocoes-no-terraco-shopping\/\" \/>\n<meta property=\"og:site_name\" content=\"Notibras\" \/>\n<meta property=\"article:publisher\" content=\"https:\/\/www.facebook.com\/notibras\/\" \/>\n<meta property=\"article:published_time\" content=\"2023-12-01T03:00:33+00:00\" \/>\n<meta property=\"article:modified_time\" content=\"2023-12-01T10:40:59+00:00\" \/>\n<meta property=\"og:image\" content=\"https:\/\/www.notibras.com\/site\/wp-content\/uploads\/2023\/12\/Coral-Canto-Livre-1.jpeg\" \/>\n\t<meta property=\"og:image:width\" content=\"1024\" \/>\n\t<meta property=\"og:image:height\" content=\"773\" \/>\n\t<meta property=\"og:image:type\" content=\"image\/jpeg\" \/>\n<meta name=\"author\" content=\"Reda\u00e7\u00e3o\" \/>\n<meta name=\"twitter:card\" content=\"summary_large_image\" \/>\n<meta name=\"twitter:creator\" content=\"@Notibras\" \/>\n<meta name=\"twitter:site\" content=\"@Notibras\" \/>\n<meta name=\"twitter:label1\" content=\"Escrito por\" \/>\n\t<meta name=\"twitter:data1\" content=\"Reda\u00e7\u00e3o\" \/>\n\t<meta name=\"twitter:label2\" content=\"Est. tempo de leitura\" \/>\n\t<meta name=\"twitter:data2\" content=\"2 minutos\" \/>\n<script type=\"application\/ld+json\" class=\"yoast-schema-graph\">{\"@context\":\"https:\/\/schema.org\",\"@graph\":[{\"@type\":\"Article\",\"@id\":\"https:\/\/www.notibras.com\/site\/corais-natalinos-prometem-emocoes-no-terraco-shopping\/#article\",\"isPartOf\":{\"@id\":\"https:\/\/www.notibras.com\/site\/corais-natalinos-prometem-emocoes-no-terraco-shopping\/\"},\"author\":{\"name\":\"Reda\u00e7\u00e3o\",\"@id\":\"https:\/\/www.notibras.com\/site\/#\/schema\/person\/36ab0979449956132d3e5b517ea76ac8\"},\"headline\":\"Corais natalinos prometem emo\u00e7\u00f5es no Terra\u00e7o Shopping\",\"datePublished\":\"2023-12-01T03:00:33+00:00\",\"dateModified\":\"2023-12-01T10:40:59+00:00\",\"mainEntityOfPage\":{\"@id\":\"https:\/\/www.notibras.com\/site\/corais-natalinos-prometem-emocoes-no-terraco-shopping\/\"},\"wordCount\":227,\"publisher\":{\"@id\":\"https:\/\/www.notibras.com\/site\/#organization\"},\"image\":{\"@id\":\"https:\/\/www.notibras.com\/site\/corais-natalinos-prometem-emocoes-no-terraco-shopping\/#primaryimage\"},\"thumbnailUrl\":\"https:\/\/www.notibras.com\/site\/wp-content\/uploads\/2023\/12\/Coral-Canto-Livre-1.jpeg\",\"articleSection\":[\"Quadradinho em Foco\"],\"inLanguage\":\"pt-BR\"},{\"@type\":\"WebPage\",\"@id\":\"https:\/\/www.notibras.com\/site\/corais-natalinos-prometem-emocoes-no-terraco-shopping\/\",\"url\":\"https:\/\/www.notibras.com\/site\/corais-natalinos-prometem-emocoes-no-terraco-shopping\/\",\"name\":\"Corais natalinos prometem emo\u00e7\u00f5es no Terra\u00e7o Shopping - Notibras\",\"isPartOf\":{\"@id\":\"https:\/\/www.notibras.com\/site\/#website\"},\"primaryImageOfPage\":{\"@id\":\"https:\/\/www.notibras.com\/site\/corais-natalinos-prometem-emocoes-no-terraco-shopping\/#primaryimage\"},\"image\":{\"@id\":\"https:\/\/www.notibras.com\/site\/corais-natalinos-prometem-emocoes-no-terraco-shopping\/#primaryimage\"},\"thumbnailUrl\":\"https:\/\/www.notibras.com\/site\/wp-content\/uploads\/2023\/12\/Coral-Canto-Livre-1.jpeg\",\"datePublished\":\"2023-12-01T03:00:33+00:00\",\"dateModified\":\"2023-12-01T10:40:59+00:00\",\"breadcrumb\":{\"@id\":\"https:\/\/www.notibras.com\/site\/corais-natalinos-prometem-emocoes-no-terraco-shopping\/#breadcrumb\"},\"inLanguage\":\"pt-BR\",\"potentialAction\":[{\"@type\":\"ReadAction\",\"target\":[\"https:\/\/www.notibras.com\/site\/corais-natalinos-prometem-emocoes-no-terraco-shopping\/\"]}]},{\"@type\":\"ImageObject\",\"inLanguage\":\"pt-BR\",\"@id\":\"https:\/\/www.notibras.com\/site\/corais-natalinos-prometem-emocoes-no-terraco-shopping\/#primaryimage\",\"url\":\"https:\/\/www.notibras.com\/site\/wp-content\/uploads\/2023\/12\/Coral-Canto-Livre-1.jpeg\",\"contentUrl\":\"https:\/\/www.notibras.com\/site\/wp-content\/uploads\/2023\/12\/Coral-Canto-Livre-1.jpeg\",\"width\":1024,\"height\":773},{\"@type\":\"BreadcrumbList\",\"@id\":\"https:\/\/www.notibras.com\/site\/corais-natalinos-prometem-emocoes-no-terraco-shopping\/#breadcrumb\",\"itemListElement\":[{\"@type\":\"ListItem\",\"position\":1,\"name\":\"In\u00edcio\",\"item\":\"https:\/\/www.notibras.com\/site\/\"},{\"@type\":\"ListItem\",\"position\":2,\"name\":\"Corais natalinos prometem emo\u00e7\u00f5es no Terra\u00e7o Shopping\"}]},{\"@type\":\"WebSite\",\"@id\":\"https:\/\/www.notibras.com\/site\/#website\",\"url\":\"https:\/\/www.notibras.com\/site\/\",\"name\":\"Notibras\",\"description\":\"Not\u00edcias de Bras\u00edlia, do Brasil e do Mundo\",\"publisher\":{\"@id\":\"https:\/\/www.notibras.com\/site\/#organization\"},\"potentialAction\":[{\"@type\":\"SearchAction\",\"target\":{\"@type\":\"EntryPoint\",\"urlTemplate\":\"https:\/\/www.notibras.com\/site\/?s={search_term_string}\"},\"query-input\":{\"@type\":\"PropertyValueSpecification\",\"valueRequired\":true,\"valueName\":\"search_term_string\"}}],\"inLanguage\":\"pt-BR\"},{\"@type\":\"Organization\",\"@id\":\"https:\/\/www.notibras.com\/site\/#organization\",\"name\":\"Grupo Notibras de Comunica\u00e7\u00e3o\",\"url\":\"https:\/\/www.notibras.com\/site\/\",\"logo\":{\"@type\":\"ImageObject\",\"inLanguage\":\"pt-BR\",\"@id\":\"https:\/\/www.notibras.com\/site\/#\/schema\/logo\/image\/\",\"url\":\"https:\/\/www.notibras.com\/site\/wp-content\/uploads\/2023\/01\/notibras23.png\",\"contentUrl\":\"https:\/\/www.notibras.com\/site\/wp-content\/uploads\/2023\/01\/notibras23.png\",\"width\":350,\"height\":87,\"caption\":\"Grupo Notibras de Comunica\u00e7\u00e3o\"},\"image\":{\"@id\":\"https:\/\/www.notibras.com\/site\/#\/schema\/logo\/image\/\"},\"sameAs\":[\"https:\/\/www.facebook.com\/notibras\/\",\"https:\/\/x.com\/Notibras\",\"https:\/\/www.instagram.com\/notibras\/\"]},{\"@type\":\"Person\",\"@id\":\"https:\/\/www.notibras.com\/site\/#\/schema\/person\/36ab0979449956132d3e5b517ea76ac8\",\"name\":\"Reda\u00e7\u00e3o\",\"image\":{\"@type\":\"ImageObject\",\"inLanguage\":\"pt-BR\",\"@id\":\"https:\/\/secure.gravatar.com\/avatar\/e0a867bdedb85fd243eadf09663511f96fc81e0720a4a42581f334ad4303aa6b?s=96&d=mm&r=g\",\"url\":\"https:\/\/secure.gravatar.com\/avatar\/e0a867bdedb85fd243eadf09663511f96fc81e0720a4a42581f334ad4303aa6b?s=96&d=mm&r=g\",\"contentUrl\":\"https:\/\/secure.gravatar.com\/avatar\/e0a867bdedb85fd243eadf09663511f96fc81e0720a4a42581f334ad4303aa6b?s=96&d=mm&r=g\",\"caption\":\"Reda\u00e7\u00e3o\"}}]}<\/script>\n<!-- \/ Yoast SEO plugin. -->","yoast_head_json":{"title":"Corais natalinos prometem emo\u00e7\u00f5es no Terra\u00e7o Shopping - Notibras","robots":{"index":"index","follow":"follow","max-snippet":"max-snippet:-1","max-image-preview":"max-image-preview:large","max-video-preview":"max-video-preview:-1"},"canonical":"https:\/\/www.notibras.com\/site\/corais-natalinos-prometem-emocoes-no-terraco-shopping\/","og_locale":"pt_BR","og_type":"article","og_title":"Corais natalinos prometem emo\u00e7\u00f5es no Terra\u00e7o Shopping - Notibras","og_description":"Para intensificar a atmosfera natalina, o Terra\u00e7o Shopping apresentar\u00e1 uma s\u00e9rie especial de Cantatas Natalinas nos pr\u00f3ximos fins de semana. \u00c0s sextas-feiras e os s\u00e1bados ser\u00e3o preenchidos com melodias que aquecem o cora\u00e7\u00e3o, trazendo alegria e celebra\u00e7\u00e3o para toda a fam\u00edlia. A emocionante programa\u00e7\u00e3o de dezembro tem in\u00edcio no dia 1\u00ba, \u00e0s 19h30, com a [&hellip;]","og_url":"https:\/\/www.notibras.com\/site\/corais-natalinos-prometem-emocoes-no-terraco-shopping\/","og_site_name":"Notibras","article_publisher":"https:\/\/www.facebook.com\/notibras\/","article_published_time":"2023-12-01T03:00:33+00:00","article_modified_time":"2023-12-01T10:40:59+00:00","og_image":[{"width":1024,"height":773,"url":"https:\/\/www.notibras.com\/site\/wp-content\/uploads\/2023\/12\/Coral-Canto-Livre-1.jpeg","type":"image\/jpeg"}],"author":"Reda\u00e7\u00e3o","twitter_card":"summary_large_image","twitter_creator":"@Notibras","twitter_site":"@Notibras","twitter_misc":{"Escrito por":"Reda\u00e7\u00e3o","Est. tempo de leitura":"2 minutos"},"schema":{"@context":"https:\/\/schema.org","@graph":[{"@type":"Article","@id":"https:\/\/www.notibras.com\/site\/corais-natalinos-prometem-emocoes-no-terraco-shopping\/#article","isPartOf":{"@id":"https:\/\/www.notibras.com\/site\/corais-natalinos-prometem-emocoes-no-terraco-shopping\/"},"author":{"name":"Reda\u00e7\u00e3o","@id":"https:\/\/www.notibras.com\/site\/#\/schema\/person\/36ab0979449956132d3e5b517ea76ac8"},"headline":"Corais natalinos prometem emo\u00e7\u00f5es no Terra\u00e7o Shopping","datePublished":"2023-12-01T03:00:33+00:00","dateModified":"2023-12-01T10:40:59+00:00","mainEntityOfPage":{"@id":"https:\/\/www.notibras.com\/site\/corais-natalinos-prometem-emocoes-no-terraco-shopping\/"},"wordCount":227,"publisher":{"@id":"https:\/\/www.notibras.com\/site\/#organization"},"image":{"@id":"https:\/\/www.notibras.com\/site\/corais-natalinos-prometem-emocoes-no-terraco-shopping\/#primaryimage"},"thumbnailUrl":"https:\/\/www.notibras.com\/site\/wp-content\/uploads\/2023\/12\/Coral-Canto-Livre-1.jpeg","articleSection":["Quadradinho em Foco"],"inLanguage":"pt-BR"},{"@type":"WebPage","@id":"https:\/\/www.notibras.com\/site\/corais-natalinos-prometem-emocoes-no-terraco-shopping\/","url":"https:\/\/www.notibras.com\/site\/corais-natalinos-prometem-emocoes-no-terraco-shopping\/","name":"Corais natalinos prometem emo\u00e7\u00f5es no Terra\u00e7o Shopping - Notibras","isPartOf":{"@id":"https:\/\/www.notibras.com\/site\/#website"},"primaryImageOfPage":{"@id":"https:\/\/www.notibras.com\/site\/corais-natalinos-prometem-emocoes-no-terraco-shopping\/#primaryimage"},"image":{"@id":"https:\/\/www.notibras.com\/site\/corais-natalinos-prometem-emocoes-no-terraco-shopping\/#primaryimage"},"thumbnailUrl":"https:\/\/www.notibras.com\/site\/wp-content\/uploads\/2023\/12\/Coral-Canto-Livre-1.jpeg","datePublished":"2023-12-01T03:00:33+00:00","dateModified":"2023-12-01T10:40:59+00:00","breadcrumb":{"@id":"https:\/\/www.notibras.com\/site\/corais-natalinos-prometem-emocoes-no-terraco-shopping\/#breadcrumb"},"inLanguage":"pt-BR","potentialAction":[{"@type":"ReadAction","target":["https:\/\/www.notibras.com\/site\/corais-natalinos-prometem-emocoes-no-terraco-shopping\/"]}]},{"@type":"ImageObject","inLanguage":"pt-BR","@id":"https:\/\/www.notibras.com\/site\/corais-natalinos-prometem-emocoes-no-terraco-shopping\/#primaryimage","url":"https:\/\/www.notibras.com\/site\/wp-content\/uploads\/2023\/12\/Coral-Canto-Livre-1.jpeg","contentUrl":"https:\/\/www.notibras.com\/site\/wp-content\/uploads\/2023\/12\/Coral-Canto-Livre-1.jpeg","width":1024,"height":773},{"@type":"BreadcrumbList","@id":"https:\/\/www.notibras.com\/site\/corais-natalinos-prometem-emocoes-no-terraco-shopping\/#breadcrumb","itemListElement":[{"@type":"ListItem","position":1,"name":"In\u00edcio","item":"https:\/\/www.notibras.com\/site\/"},{"@type":"ListItem","position":2,"name":"Corais natalinos prometem emo\u00e7\u00f5es no Terra\u00e7o Shopping"}]},{"@type":"WebSite","@id":"https:\/\/www.notibras.com\/site\/#website","url":"https:\/\/www.notibras.com\/site\/","name":"Notibras","description":"Not\u00edcias de Bras\u00edlia, do Brasil e do Mundo","publisher":{"@id":"https:\/\/www.notibras.com\/site\/#organization"},"potentialAction":[{"@type":"SearchAction","target":{"@type":"EntryPoint","urlTemplate":"https:\/\/www.notibras.com\/site\/?s={search_term_string}"},"query-input":{"@type":"PropertyValueSpecification","valueRequired":true,"valueName":"search_term_string"}}],"inLanguage":"pt-BR"},{"@type":"Organization","@id":"https:\/\/www.notibras.com\/site\/#organization","name":"Grupo Notibras de Comunica\u00e7\u00e3o","url":"https:\/\/www.notibras.com\/site\/","logo":{"@type":"ImageObject","inLanguage":"pt-BR","@id":"https:\/\/www.notibras.com\/site\/#\/schema\/logo\/image\/","url":"https:\/\/www.notibras.com\/site\/wp-content\/uploads\/2023\/01\/notibras23.png","contentUrl":"https:\/\/www.notibras.com\/site\/wp-content\/uploads\/2023\/01\/notibras23.png","width":350,"height":87,"caption":"Grupo Notibras de Comunica\u00e7\u00e3o"},"image":{"@id":"https:\/\/www.notibras.com\/site\/#\/schema\/logo\/image\/"},"sameAs":["https:\/\/www.facebook.com\/notibras\/","https:\/\/x.com\/Notibras","https:\/\/www.instagram.com\/notibras\/"]},{"@type":"Person","@id":"https:\/\/www.notibras.com\/site\/#\/schema\/person\/36ab0979449956132d3e5b517ea76ac8","name":"Reda\u00e7\u00e3o","image":{"@type":"ImageObject","inLanguage":"pt-BR","@id":"https:\/\/secure.gravatar.com\/avatar\/e0a867bdedb85fd243eadf09663511f96fc81e0720a4a42581f334ad4303aa6b?s=96&d=mm&r=g","url":"https:\/\/secure.gravatar.com\/avatar\/e0a867bdedb85fd243eadf09663511f96fc81e0720a4a42581f334ad4303aa6b?s=96&d=mm&r=g","contentUrl":"https:\/\/secure.gravatar.com\/avatar\/e0a867bdedb85fd243eadf09663511f96fc81e0720a4a42581f334ad4303aa6b?s=96&d=mm&r=g","caption":"Reda\u00e7\u00e3o"}}]}},"amp_enabled":true,"_links":{"self":[{"href":"https:\/\/www.notibras.com\/site\/wp-json\/wp\/v2\/posts\/318205","targetHints":{"allow":["GET"]}}],"collection":[{"href":"https:\/\/www.notibras.com\/site\/wp-json\/wp\/v2\/posts"}],"about":[{"href":"https:\/\/www.notibras.com\/site\/wp-json\/wp\/v2\/types\/post"}],"author":[{"embeddable":true,"href":"https:\/\/www.notibras.com\/site\/wp-json\/wp\/v2\/users\/2"}],"replies":[{"embeddable":true,"href":"https:\/\/www.notibras.com\/site\/wp-json\/wp\/v2\/comments?post=318205"}],"version-history":[{"count":1,"href":"https:\/\/www.notibras.com\/site\/wp-json\/wp\/v2\/posts\/318205\/revisions"}],"predecessor-version":[{"id":318207,"href":"https:\/\/www.notibras.com\/site\/wp-json\/wp\/v2\/posts\/318205\/revisions\/318207"}],"wp:featuredmedia":[{"embeddable":true,"href":"https:\/\/www.notibras.com\/site\/wp-json\/wp\/v2\/media\/318206"}],"wp:attachment":[{"href":"https:\/\/www.notibras.com\/site\/wp-json\/wp\/v2\/media?parent=318205"}],"wp:term":[{"taxonomy":"category","embeddable":true,"href":"https:\/\/www.notibras.com\/site\/wp-json\/wp\/v2\/categories?post=318205"},{"taxonomy":"post_tag","embeddable":true,"href":"https:\/\/www.notibras.com\/site\/wp-json\/wp\/v2\/tags?post=318205"}],"curies":[{"name":"wp","href":"https:\/\/api.w.org\/{rel}","templated":true}]}}