{"id":318267,"date":"2023-12-02T10:18:12","date_gmt":"2023-12-02T13:18:12","guid":{"rendered":"https:\/\/www.notibras.com\/site\/?p=318267"},"modified":"2023-12-02T10:19:07","modified_gmt":"2023-12-02T13:19:07","slug":"entre-sorrisos-e-oracoes-o-presente-e-a-felicidade","status":"publish","type":"post","link":"https:\/\/www.notibras.com\/site\/entre-sorrisos-e-oracoes-o-presente-e-a-felicidade\/","title":{"rendered":"Entre sorrisos e ora\u00e7\u00f5es, o presente \u00e9 a felicidade"},"content":{"rendered":"<p>Tempos saudosos, esses que transcorrem em dezembro. O m\u00eas mal come\u00e7a e me vem a lembran\u00e7a das reuni\u00f5es de Natal, na casa da minha av\u00f3. Era o tempo em que sempre est\u00e1vamos juntos, desejando votos de felicidade m\u00fatua e conversando sobre o que esper\u00e1vamos para amanhecer do dia 25. O que nos teria trazido Papai Noel, entrando por uma imagin\u00e1ria chamin\u00e9? Mas antes haveria a Missa do Galo. Era quando nos reun\u00edamos na sala para um especial momento de reflex\u00e3o. Uma ora\u00e7\u00e3o do Pai Nosso, depois a ceia e meio a sorrisos largos.<\/p>\n<p>Transporto-me ao raiar da noite de Natal, quando as luzes cintilam como estrelas ca\u00eddas do c\u00e9u e o ar carrega o aroma reconfortante de especiarias e pinheiros. O mundo se transforma em um palco m\u00e1gico onde o cora\u00e7\u00e3o humano se abre para a generosidade e o amor.<\/p>\n<p>As ruas ganham vida com decora\u00e7\u00f5es brilhantes, ecoando risos e can\u00e7\u00f5es natalinas. Nas casas, fam\u00edlias se re\u00fanem ao redor de mesas cheias de guloseimas, compartilhando hist\u00f3rias, risos e o calor de uma companhia amada. Cada casa torna-se um ref\u00fagio de amor, onde as diferen\u00e7as desvanecem diante da chama brilhante do esp\u00edrito natalino.<\/p>\n<p>No centro de tudo, est\u00e1 o s\u00edmbolo et\u00e9reo do Natal: a \u00e1rvore adornada. Suas luzes piscam em harmonia, como notas de uma melodia celestial, enquanto os ornamentos contam hist\u00f3rias de anos passados e presentes preciosos. Embaixo dela, os presentes envoltos com carinho aguardam para serem trocados, n\u00e3o apenas como objetos materiais, mas como gestos de carinho e cuidado.<\/p>\n<p>Natal, me lembra a amiga Ia, \u00e9 a \u00e9poca em que a generosidade \u00e9 uma moeda universal. As ruas se enchem de volunt\u00e1rios distribuindo sorrisos e calor aos menos afortunados. Cada ato de bondade ecoa como um acorde suave, criando uma sinfonia de esperan\u00e7a que ressoa nos cora\u00e7\u00f5es de todos.<\/p>\n<p>\u00c0 medida que a noite avan\u00e7a, a magia do Natal se intensifica. Na quietude da noite, os sonhos se tornam mais doces, e as estrelas parecem piscar com uma luz especial. \u00c9 como se o universo estivesse sussurrando palavras de paz e esperan\u00e7a para todos os cantos do mundo.<\/p>\n<p>No Natal, somos convidados a desacelerar, a apreciar os pequenos momentos de alegria e a lembrar que, mesmo nas noites mais escuras, a luz da bondade pode iluminar o caminho. Ia volta a falar, com um sorriso no rosto, os olhos azuis brilhantes: &#8220;Que esta temporada nos inspire a sermos compassivos, a compartilhar a alegria e a construir pontes que unam cora\u00e7\u00f5es&#8221;.<\/p>\n<p>Assim, enquanto em algumas partes do mundo a neve cai suavemente do c\u00e9u e as estrelas testemunham a celebra\u00e7\u00e3o da humanidade, aqui, em nosso Brasil cor de sangue (para deixar claro que me refiro \u00e0s palavras de Cabral ao descobrir nossas madeiras) o esp\u00edrito natalino ecoa como um hino de esperan\u00e7a, amor e uni\u00e3o, lembrando-nos de que, no final, somos todos parte da mesma hist\u00f3ria, tecendo fios de alegria e compaix\u00e3o em nossa jornada compartilhada.<\/p>\n<p>Que este Natal seja uma can\u00e7\u00e3o que ressoa em nossos cora\u00e7\u00f5es, ecoando para al\u00e9m da noite festiva e guiando-nos ao longo do ano que se inicia.<\/p>\n<p><strong>*Aos nossos leitores:\u00a0<em>Notibras<\/em>\u00a0abriu este espa\u00e7o editorial para o segmento PcD. Para que possamos interagir, mostrarmos que somos pessoas comuns. Encaminhe sugest\u00f5es, mande seus textos. Prometo que tudo ser\u00e1 bem recebido e aproveitado. Meu WhasApp \u00e9 +55 61 98425-4895.<\/strong><\/p>\n","protected":false},"excerpt":{"rendered":"<p>Tempos saudosos, esses que transcorrem em dezembro. O m\u00eas mal come\u00e7a e me vem a lembran\u00e7a das reuni\u00f5es de Natal, na casa da minha av\u00f3. Era o tempo em que sempre est\u00e1vamos juntos, desejando votos de felicidade m\u00fatua e conversando sobre o que esper\u00e1vamos para amanhecer do dia 25. O que nos teria trazido Papai [&hellip;]<\/p>\n","protected":false},"author":2,"featured_media":220767,"comment_status":"closed","ping_status":"closed","sticky":false,"template":"","format":"standard","meta":{"_acf_changed":false,"footnotes":""},"categories":[161],"tags":[],"class_list":["post-318267","post","type-post","status-publish","format-standard","has-post-thumbnail","hentry","category-quadradinho-em-foco"],"acf":[],"yoast_head":"<!-- This site is optimized with the Yoast SEO plugin v27.2 - https:\/\/yoast.com\/product\/yoast-seo-wordpress\/ -->\n<title>Entre sorrisos e ora\u00e7\u00f5es, o presente \u00e9 a felicidade - Notibras<\/title>\n<meta name=\"robots\" content=\"index, follow, max-snippet:-1, max-image-preview:large, max-video-preview:-1\" \/>\n<link rel=\"canonical\" href=\"https:\/\/www.notibras.com\/site\/entre-sorrisos-e-oracoes-o-presente-e-a-felicidade\/\" \/>\n<meta property=\"og:locale\" content=\"pt_BR\" \/>\n<meta property=\"og:type\" content=\"article\" \/>\n<meta property=\"og:title\" content=\"Entre sorrisos e ora\u00e7\u00f5es, o presente \u00e9 a felicidade - Notibras\" \/>\n<meta property=\"og:description\" content=\"Tempos saudosos, esses que transcorrem em dezembro. O m\u00eas mal come\u00e7a e me vem a lembran\u00e7a das reuni\u00f5es de Natal, na casa da minha av\u00f3. Era o tempo em que sempre est\u00e1vamos juntos, desejando votos de felicidade m\u00fatua e conversando sobre o que esper\u00e1vamos para amanhecer do dia 25. O que nos teria trazido Papai [&hellip;]\" \/>\n<meta property=\"og:url\" content=\"https:\/\/www.notibras.com\/site\/entre-sorrisos-e-oracoes-o-presente-e-a-felicidade\/\" \/>\n<meta property=\"og:site_name\" content=\"Notibras\" \/>\n<meta property=\"article:publisher\" content=\"https:\/\/www.facebook.com\/notibras\/\" \/>\n<meta property=\"article:published_time\" content=\"2023-12-02T13:18:12+00:00\" \/>\n<meta property=\"article:modified_time\" content=\"2023-12-02T13:19:07+00:00\" \/>\n<meta property=\"og:image\" content=\"https:\/\/www.notibras.com\/site\/wp-content\/uploads\/2019\/11\/arvore-natal.jpg\" \/>\n\t<meta property=\"og:image:width\" content=\"1000\" \/>\n\t<meta property=\"og:image:height\" content=\"1000\" \/>\n\t<meta property=\"og:image:type\" content=\"image\/jpeg\" \/>\n<meta name=\"author\" content=\"Reda\u00e7\u00e3o\" \/>\n<meta name=\"twitter:card\" content=\"summary_large_image\" \/>\n<meta name=\"twitter:creator\" content=\"@Notibras\" \/>\n<meta name=\"twitter:site\" content=\"@Notibras\" \/>\n<meta name=\"twitter:label1\" content=\"Escrito por\" \/>\n\t<meta name=\"twitter:data1\" content=\"Reda\u00e7\u00e3o\" \/>\n\t<meta name=\"twitter:label2\" content=\"Est. tempo de leitura\" \/>\n\t<meta name=\"twitter:data2\" content=\"4 minutos\" \/>\n<script type=\"application\/ld+json\" class=\"yoast-schema-graph\">{\"@context\":\"https:\/\/schema.org\",\"@graph\":[{\"@type\":\"Article\",\"@id\":\"https:\/\/www.notibras.com\/site\/entre-sorrisos-e-oracoes-o-presente-e-a-felicidade\/#article\",\"isPartOf\":{\"@id\":\"https:\/\/www.notibras.com\/site\/entre-sorrisos-e-oracoes-o-presente-e-a-felicidade\/\"},\"author\":{\"name\":\"Reda\u00e7\u00e3o\",\"@id\":\"https:\/\/www.notibras.com\/site\/#\/schema\/person\/36ab0979449956132d3e5b517ea76ac8\"},\"headline\":\"Entre sorrisos e ora\u00e7\u00f5es, o presente \u00e9 a felicidade\",\"datePublished\":\"2023-12-02T13:18:12+00:00\",\"dateModified\":\"2023-12-02T13:19:07+00:00\",\"mainEntityOfPage\":{\"@id\":\"https:\/\/www.notibras.com\/site\/entre-sorrisos-e-oracoes-o-presente-e-a-felicidade\/\"},\"wordCount\":598,\"publisher\":{\"@id\":\"https:\/\/www.notibras.com\/site\/#organization\"},\"image\":{\"@id\":\"https:\/\/www.notibras.com\/site\/entre-sorrisos-e-oracoes-o-presente-e-a-felicidade\/#primaryimage\"},\"thumbnailUrl\":\"https:\/\/www.notibras.com\/site\/wp-content\/uploads\/2019\/11\/arvore-natal.jpg\",\"articleSection\":[\"Quadradinho em Foco\"],\"inLanguage\":\"pt-BR\"},{\"@type\":\"WebPage\",\"@id\":\"https:\/\/www.notibras.com\/site\/entre-sorrisos-e-oracoes-o-presente-e-a-felicidade\/\",\"url\":\"https:\/\/www.notibras.com\/site\/entre-sorrisos-e-oracoes-o-presente-e-a-felicidade\/\",\"name\":\"Entre sorrisos e ora\u00e7\u00f5es, o presente \u00e9 a felicidade - Notibras\",\"isPartOf\":{\"@id\":\"https:\/\/www.notibras.com\/site\/#website\"},\"primaryImageOfPage\":{\"@id\":\"https:\/\/www.notibras.com\/site\/entre-sorrisos-e-oracoes-o-presente-e-a-felicidade\/#primaryimage\"},\"image\":{\"@id\":\"https:\/\/www.notibras.com\/site\/entre-sorrisos-e-oracoes-o-presente-e-a-felicidade\/#primaryimage\"},\"thumbnailUrl\":\"https:\/\/www.notibras.com\/site\/wp-content\/uploads\/2019\/11\/arvore-natal.jpg\",\"datePublished\":\"2023-12-02T13:18:12+00:00\",\"dateModified\":\"2023-12-02T13:19:07+00:00\",\"breadcrumb\":{\"@id\":\"https:\/\/www.notibras.com\/site\/entre-sorrisos-e-oracoes-o-presente-e-a-felicidade\/#breadcrumb\"},\"inLanguage\":\"pt-BR\",\"potentialAction\":[{\"@type\":\"ReadAction\",\"target\":[\"https:\/\/www.notibras.com\/site\/entre-sorrisos-e-oracoes-o-presente-e-a-felicidade\/\"]}]},{\"@type\":\"ImageObject\",\"inLanguage\":\"pt-BR\",\"@id\":\"https:\/\/www.notibras.com\/site\/entre-sorrisos-e-oracoes-o-presente-e-a-felicidade\/#primaryimage\",\"url\":\"https:\/\/www.notibras.com\/site\/wp-content\/uploads\/2019\/11\/arvore-natal.jpg\",\"contentUrl\":\"https:\/\/www.notibras.com\/site\/wp-content\/uploads\/2019\/11\/arvore-natal.jpg\",\"width\":1000,\"height\":1000},{\"@type\":\"BreadcrumbList\",\"@id\":\"https:\/\/www.notibras.com\/site\/entre-sorrisos-e-oracoes-o-presente-e-a-felicidade\/#breadcrumb\",\"itemListElement\":[{\"@type\":\"ListItem\",\"position\":1,\"name\":\"In\u00edcio\",\"item\":\"https:\/\/www.notibras.com\/site\/\"},{\"@type\":\"ListItem\",\"position\":2,\"name\":\"Entre sorrisos e ora\u00e7\u00f5es, o presente \u00e9 a felicidade\"}]},{\"@type\":\"WebSite\",\"@id\":\"https:\/\/www.notibras.com\/site\/#website\",\"url\":\"https:\/\/www.notibras.com\/site\/\",\"name\":\"Notibras\",\"description\":\"Not\u00edcias de Bras\u00edlia, do Brasil e do Mundo\",\"publisher\":{\"@id\":\"https:\/\/www.notibras.com\/site\/#organization\"},\"potentialAction\":[{\"@type\":\"SearchAction\",\"target\":{\"@type\":\"EntryPoint\",\"urlTemplate\":\"https:\/\/www.notibras.com\/site\/?s={search_term_string}\"},\"query-input\":{\"@type\":\"PropertyValueSpecification\",\"valueRequired\":true,\"valueName\":\"search_term_string\"}}],\"inLanguage\":\"pt-BR\"},{\"@type\":\"Organization\",\"@id\":\"https:\/\/www.notibras.com\/site\/#organization\",\"name\":\"Grupo Notibras de Comunica\u00e7\u00e3o\",\"url\":\"https:\/\/www.notibras.com\/site\/\",\"logo\":{\"@type\":\"ImageObject\",\"inLanguage\":\"pt-BR\",\"@id\":\"https:\/\/www.notibras.com\/site\/#\/schema\/logo\/image\/\",\"url\":\"https:\/\/www.notibras.com\/site\/wp-content\/uploads\/2023\/01\/notibras23.png\",\"contentUrl\":\"https:\/\/www.notibras.com\/site\/wp-content\/uploads\/2023\/01\/notibras23.png\",\"width\":350,\"height\":87,\"caption\":\"Grupo Notibras de Comunica\u00e7\u00e3o\"},\"image\":{\"@id\":\"https:\/\/www.notibras.com\/site\/#\/schema\/logo\/image\/\"},\"sameAs\":[\"https:\/\/www.facebook.com\/notibras\/\",\"https:\/\/x.com\/Notibras\",\"https:\/\/www.instagram.com\/notibras\/\"]},{\"@type\":\"Person\",\"@id\":\"https:\/\/www.notibras.com\/site\/#\/schema\/person\/36ab0979449956132d3e5b517ea76ac8\",\"name\":\"Reda\u00e7\u00e3o\",\"image\":{\"@type\":\"ImageObject\",\"inLanguage\":\"pt-BR\",\"@id\":\"https:\/\/secure.gravatar.com\/avatar\/e0a867bdedb85fd243eadf09663511f96fc81e0720a4a42581f334ad4303aa6b?s=96&d=mm&r=g\",\"url\":\"https:\/\/secure.gravatar.com\/avatar\/e0a867bdedb85fd243eadf09663511f96fc81e0720a4a42581f334ad4303aa6b?s=96&d=mm&r=g\",\"contentUrl\":\"https:\/\/secure.gravatar.com\/avatar\/e0a867bdedb85fd243eadf09663511f96fc81e0720a4a42581f334ad4303aa6b?s=96&d=mm&r=g\",\"caption\":\"Reda\u00e7\u00e3o\"}}]}<\/script>\n<!-- \/ Yoast SEO plugin. -->","yoast_head_json":{"title":"Entre sorrisos e ora\u00e7\u00f5es, o presente \u00e9 a felicidade - Notibras","robots":{"index":"index","follow":"follow","max-snippet":"max-snippet:-1","max-image-preview":"max-image-preview:large","max-video-preview":"max-video-preview:-1"},"canonical":"https:\/\/www.notibras.com\/site\/entre-sorrisos-e-oracoes-o-presente-e-a-felicidade\/","og_locale":"pt_BR","og_type":"article","og_title":"Entre sorrisos e ora\u00e7\u00f5es, o presente \u00e9 a felicidade - Notibras","og_description":"Tempos saudosos, esses que transcorrem em dezembro. O m\u00eas mal come\u00e7a e me vem a lembran\u00e7a das reuni\u00f5es de Natal, na casa da minha av\u00f3. Era o tempo em que sempre est\u00e1vamos juntos, desejando votos de felicidade m\u00fatua e conversando sobre o que esper\u00e1vamos para amanhecer do dia 25. O que nos teria trazido Papai [&hellip;]","og_url":"https:\/\/www.notibras.com\/site\/entre-sorrisos-e-oracoes-o-presente-e-a-felicidade\/","og_site_name":"Notibras","article_publisher":"https:\/\/www.facebook.com\/notibras\/","article_published_time":"2023-12-02T13:18:12+00:00","article_modified_time":"2023-12-02T13:19:07+00:00","og_image":[{"width":1000,"height":1000,"url":"https:\/\/www.notibras.com\/site\/wp-content\/uploads\/2019\/11\/arvore-natal.jpg","type":"image\/jpeg"}],"author":"Reda\u00e7\u00e3o","twitter_card":"summary_large_image","twitter_creator":"@Notibras","twitter_site":"@Notibras","twitter_misc":{"Escrito por":"Reda\u00e7\u00e3o","Est. tempo de leitura":"4 minutos"},"schema":{"@context":"https:\/\/schema.org","@graph":[{"@type":"Article","@id":"https:\/\/www.notibras.com\/site\/entre-sorrisos-e-oracoes-o-presente-e-a-felicidade\/#article","isPartOf":{"@id":"https:\/\/www.notibras.com\/site\/entre-sorrisos-e-oracoes-o-presente-e-a-felicidade\/"},"author":{"name":"Reda\u00e7\u00e3o","@id":"https:\/\/www.notibras.com\/site\/#\/schema\/person\/36ab0979449956132d3e5b517ea76ac8"},"headline":"Entre sorrisos e ora\u00e7\u00f5es, o presente \u00e9 a felicidade","datePublished":"2023-12-02T13:18:12+00:00","dateModified":"2023-12-02T13:19:07+00:00","mainEntityOfPage":{"@id":"https:\/\/www.notibras.com\/site\/entre-sorrisos-e-oracoes-o-presente-e-a-felicidade\/"},"wordCount":598,"publisher":{"@id":"https:\/\/www.notibras.com\/site\/#organization"},"image":{"@id":"https:\/\/www.notibras.com\/site\/entre-sorrisos-e-oracoes-o-presente-e-a-felicidade\/#primaryimage"},"thumbnailUrl":"https:\/\/www.notibras.com\/site\/wp-content\/uploads\/2019\/11\/arvore-natal.jpg","articleSection":["Quadradinho em Foco"],"inLanguage":"pt-BR"},{"@type":"WebPage","@id":"https:\/\/www.notibras.com\/site\/entre-sorrisos-e-oracoes-o-presente-e-a-felicidade\/","url":"https:\/\/www.notibras.com\/site\/entre-sorrisos-e-oracoes-o-presente-e-a-felicidade\/","name":"Entre sorrisos e ora\u00e7\u00f5es, o presente \u00e9 a felicidade - Notibras","isPartOf":{"@id":"https:\/\/www.notibras.com\/site\/#website"},"primaryImageOfPage":{"@id":"https:\/\/www.notibras.com\/site\/entre-sorrisos-e-oracoes-o-presente-e-a-felicidade\/#primaryimage"},"image":{"@id":"https:\/\/www.notibras.com\/site\/entre-sorrisos-e-oracoes-o-presente-e-a-felicidade\/#primaryimage"},"thumbnailUrl":"https:\/\/www.notibras.com\/site\/wp-content\/uploads\/2019\/11\/arvore-natal.jpg","datePublished":"2023-12-02T13:18:12+00:00","dateModified":"2023-12-02T13:19:07+00:00","breadcrumb":{"@id":"https:\/\/www.notibras.com\/site\/entre-sorrisos-e-oracoes-o-presente-e-a-felicidade\/#breadcrumb"},"inLanguage":"pt-BR","potentialAction":[{"@type":"ReadAction","target":["https:\/\/www.notibras.com\/site\/entre-sorrisos-e-oracoes-o-presente-e-a-felicidade\/"]}]},{"@type":"ImageObject","inLanguage":"pt-BR","@id":"https:\/\/www.notibras.com\/site\/entre-sorrisos-e-oracoes-o-presente-e-a-felicidade\/#primaryimage","url":"https:\/\/www.notibras.com\/site\/wp-content\/uploads\/2019\/11\/arvore-natal.jpg","contentUrl":"https:\/\/www.notibras.com\/site\/wp-content\/uploads\/2019\/11\/arvore-natal.jpg","width":1000,"height":1000},{"@type":"BreadcrumbList","@id":"https:\/\/www.notibras.com\/site\/entre-sorrisos-e-oracoes-o-presente-e-a-felicidade\/#breadcrumb","itemListElement":[{"@type":"ListItem","position":1,"name":"In\u00edcio","item":"https:\/\/www.notibras.com\/site\/"},{"@type":"ListItem","position":2,"name":"Entre sorrisos e ora\u00e7\u00f5es, o presente \u00e9 a felicidade"}]},{"@type":"WebSite","@id":"https:\/\/www.notibras.com\/site\/#website","url":"https:\/\/www.notibras.com\/site\/","name":"Notibras","description":"Not\u00edcias de Bras\u00edlia, do Brasil e do Mundo","publisher":{"@id":"https:\/\/www.notibras.com\/site\/#organization"},"potentialAction":[{"@type":"SearchAction","target":{"@type":"EntryPoint","urlTemplate":"https:\/\/www.notibras.com\/site\/?s={search_term_string}"},"query-input":{"@type":"PropertyValueSpecification","valueRequired":true,"valueName":"search_term_string"}}],"inLanguage":"pt-BR"},{"@type":"Organization","@id":"https:\/\/www.notibras.com\/site\/#organization","name":"Grupo Notibras de Comunica\u00e7\u00e3o","url":"https:\/\/www.notibras.com\/site\/","logo":{"@type":"ImageObject","inLanguage":"pt-BR","@id":"https:\/\/www.notibras.com\/site\/#\/schema\/logo\/image\/","url":"https:\/\/www.notibras.com\/site\/wp-content\/uploads\/2023\/01\/notibras23.png","contentUrl":"https:\/\/www.notibras.com\/site\/wp-content\/uploads\/2023\/01\/notibras23.png","width":350,"height":87,"caption":"Grupo Notibras de Comunica\u00e7\u00e3o"},"image":{"@id":"https:\/\/www.notibras.com\/site\/#\/schema\/logo\/image\/"},"sameAs":["https:\/\/www.facebook.com\/notibras\/","https:\/\/x.com\/Notibras","https:\/\/www.instagram.com\/notibras\/"]},{"@type":"Person","@id":"https:\/\/www.notibras.com\/site\/#\/schema\/person\/36ab0979449956132d3e5b517ea76ac8","name":"Reda\u00e7\u00e3o","image":{"@type":"ImageObject","inLanguage":"pt-BR","@id":"https:\/\/secure.gravatar.com\/avatar\/e0a867bdedb85fd243eadf09663511f96fc81e0720a4a42581f334ad4303aa6b?s=96&d=mm&r=g","url":"https:\/\/secure.gravatar.com\/avatar\/e0a867bdedb85fd243eadf09663511f96fc81e0720a4a42581f334ad4303aa6b?s=96&d=mm&r=g","contentUrl":"https:\/\/secure.gravatar.com\/avatar\/e0a867bdedb85fd243eadf09663511f96fc81e0720a4a42581f334ad4303aa6b?s=96&d=mm&r=g","caption":"Reda\u00e7\u00e3o"}}]}},"amp_enabled":true,"_links":{"self":[{"href":"https:\/\/www.notibras.com\/site\/wp-json\/wp\/v2\/posts\/318267","targetHints":{"allow":["GET"]}}],"collection":[{"href":"https:\/\/www.notibras.com\/site\/wp-json\/wp\/v2\/posts"}],"about":[{"href":"https:\/\/www.notibras.com\/site\/wp-json\/wp\/v2\/types\/post"}],"author":[{"embeddable":true,"href":"https:\/\/www.notibras.com\/site\/wp-json\/wp\/v2\/users\/2"}],"replies":[{"embeddable":true,"href":"https:\/\/www.notibras.com\/site\/wp-json\/wp\/v2\/comments?post=318267"}],"version-history":[{"count":1,"href":"https:\/\/www.notibras.com\/site\/wp-json\/wp\/v2\/posts\/318267\/revisions"}],"predecessor-version":[{"id":318268,"href":"https:\/\/www.notibras.com\/site\/wp-json\/wp\/v2\/posts\/318267\/revisions\/318268"}],"wp:featuredmedia":[{"embeddable":true,"href":"https:\/\/www.notibras.com\/site\/wp-json\/wp\/v2\/media\/220767"}],"wp:attachment":[{"href":"https:\/\/www.notibras.com\/site\/wp-json\/wp\/v2\/media?parent=318267"}],"wp:term":[{"taxonomy":"category","embeddable":true,"href":"https:\/\/www.notibras.com\/site\/wp-json\/wp\/v2\/categories?post=318267"},{"taxonomy":"post_tag","embeddable":true,"href":"https:\/\/www.notibras.com\/site\/wp-json\/wp\/v2\/tags?post=318267"}],"curies":[{"name":"wp","href":"https:\/\/api.w.org\/{rel}","templated":true}]}}