{"id":318269,"date":"2023-12-02T10:10:48","date_gmt":"2023-12-02T13:10:48","guid":{"rendered":"https:\/\/www.notibras.com\/site\/?p=318269"},"modified":"2023-12-02T10:32:20","modified_gmt":"2023-12-02T13:32:20","slug":"historia-dos-meninos-e-o-desenho-que-garante-dia-ensolarado","status":"publish","type":"post","link":"https:\/\/www.notibras.com\/site\/historia-dos-meninos-e-o-desenho-que-garante-dia-ensolarado\/","title":{"rendered":"Hist\u00f3ria dos meninos e o desenho que garante dia ensolarado"},"content":{"rendered":"<p>Provavelmente, voc\u00ea, que n\u00e3o andou nos anos 1970 pela bel\u00edssima praia do Per\u00f3, em Cabo Frio-RJ, nem desconfie que por l\u00e1 era poss\u00edvel montar uma barraca e ficar dias sem ver uma alma viva. E foi durante esse per\u00edodo meio riponga que aconteceu essa pitoresca hist\u00f3ria que, por causa do longo tempo decorrido, talvez n\u00e3o tenha acontecido exatamente como vou lhes contar.<\/p>\n<p>Os dois meninos, 10 e 8 anos, logo cedo sa\u00edram da barraca fincada na areia e foram escovar os dentes na \u00e1gua salgada, onde as ondas espumavam aos seus p\u00e9s. Era um momento de ang\u00fastia, especialmente para o mais novo, que fazia careta com a sensa\u00e7\u00e3o do sal na hora de enxaguar a boca. Mas logo os dois voltavam a aten\u00e7\u00e3o para as enormes possibilidades do dia.<\/p>\n<p>O mais velho, para garantir um dia ensolarado, pegou um galho logo ali e riscou &#8220;SOL&#8221; na areia, n\u00e3o muito longe da \u00e1gua. Ele havia dito para o irm\u00e3o que, se as ondas chegassem at\u00e9 a palavra escrita, faria um lindo dia de sol.<\/p>\n<p>O pirralho se sentou ao lado do maior e os dois ficaram aguardando at\u00e9 que a for\u00e7a da mar\u00e9 apagasse a palavra. Uma chegou pertinho, mas logo retornou ao mar. Ficaram 15, 20 minutos, at\u00e9 que, finalmente, Netuno cuspiu t\u00e3o forte, que pegou os dois desprevenidos. Os meninos ficaram com os fundilhos molhados e cheios de areia. Mas n\u00e3o ligaram. Mais um dia ensolarado estava garantido!<\/p>\n<p>O sol ficou t\u00e3o forte, que as \u00e1guas do mar refletiam a sua luz em dire\u00e7\u00e3o \u00e0queles meninos, que tinham que apertar os olhos para enxergarem melhor. Eles foram caminhando ao longo da areia, \u00e0s vezes davam um mergulho aqui e ali, at\u00e9 que o mais velho resolveu pegar um pouco de areia e mirou bem nas costas do irm\u00e3o. Plaft!!! Pegou em cheio! O menor, que era muito resmung\u00e3o, tentou fazer o mesmo. Ele catou um punhado de areia molhada e foi correndo atr\u00e1s do mais velho, que corria entre as ondas aos seus p\u00e9s. Plaft!!! L\u00e1 estava a vingan\u00e7a conclu\u00edda!<\/p>\n<p>O menor come\u00e7ou a gargalhar, a boca bem escancarada! O maior, ligeiro como um coelho, pegou outro tanto de areia e atirou de volta, enquanto o mais novo continuava rindo do feito. Plaft!!! A areia acertou em cheio a cara do mais novo, sendo que boa parte entrou na sua boca.<\/p>\n<p>O sol, que continuava firme, talvez tenha sido o motivo daquela brincadeira ou, ent\u00e3o, tenha ofuscado os olhos do menino mais novo, que l\u00e1 foi, choroso, limpar a boca com a \u00e1gua salgada da praia do Per\u00f3. Salgada, \u00e9 verdade, mas que, ainda hoje, traz lembran\u00e7as doces para aqueles dois.<\/p>\n","protected":false},"excerpt":{"rendered":"<p>Provavelmente, voc\u00ea, que n\u00e3o andou nos anos 1970 pela bel\u00edssima praia do Per\u00f3, em Cabo Frio-RJ, nem desconfie que por l\u00e1 era poss\u00edvel montar uma barraca e ficar dias sem ver uma alma viva. E foi durante esse per\u00edodo meio riponga que aconteceu essa pitoresca hist\u00f3ria que, por causa do longo tempo decorrido, talvez n\u00e3o [&hellip;]<\/p>\n","protected":false},"author":2,"featured_media":318270,"comment_status":"closed","ping_status":"closed","sticky":false,"template":"","format":"standard","meta":{"_acf_changed":false,"footnotes":""},"categories":[161],"tags":[],"class_list":["post-318269","post","type-post","status-publish","format-standard","has-post-thumbnail","hentry","category-quadradinho-em-foco"],"acf":[],"yoast_head":"<!-- This site is optimized with the Yoast SEO plugin v27.2 - https:\/\/yoast.com\/product\/yoast-seo-wordpress\/ -->\n<title>Hist\u00f3ria dos meninos e o desenho que garante dia ensolarado - Notibras<\/title>\n<meta name=\"robots\" content=\"index, follow, max-snippet:-1, max-image-preview:large, max-video-preview:-1\" \/>\n<link rel=\"canonical\" href=\"https:\/\/www.notibras.com\/site\/historia-dos-meninos-e-o-desenho-que-garante-dia-ensolarado\/\" \/>\n<meta property=\"og:locale\" content=\"pt_BR\" \/>\n<meta property=\"og:type\" content=\"article\" \/>\n<meta property=\"og:title\" content=\"Hist\u00f3ria dos meninos e o desenho que garante dia ensolarado - Notibras\" \/>\n<meta property=\"og:description\" content=\"Provavelmente, voc\u00ea, que n\u00e3o andou nos anos 1970 pela bel\u00edssima praia do Per\u00f3, em Cabo Frio-RJ, nem desconfie que por l\u00e1 era poss\u00edvel montar uma barraca e ficar dias sem ver uma alma viva. E foi durante esse per\u00edodo meio riponga que aconteceu essa pitoresca hist\u00f3ria que, por causa do longo tempo decorrido, talvez n\u00e3o [&hellip;]\" \/>\n<meta property=\"og:url\" content=\"https:\/\/www.notibras.com\/site\/historia-dos-meninos-e-o-desenho-que-garante-dia-ensolarado\/\" \/>\n<meta property=\"og:site_name\" content=\"Notibras\" \/>\n<meta property=\"article:publisher\" content=\"https:\/\/www.facebook.com\/notibras\/\" \/>\n<meta property=\"article:published_time\" content=\"2023-12-02T13:10:48+00:00\" \/>\n<meta property=\"article:modified_time\" content=\"2023-12-02T13:32:20+00:00\" \/>\n<meta property=\"og:image\" content=\"https:\/\/www.notibras.com\/site\/wp-content\/uploads\/2023\/12\/9612680-desenho-do-sol-na-areia-na-praia-exotica.jpg\" \/>\n\t<meta property=\"og:image:width\" content=\"1300\" \/>\n\t<meta property=\"og:image:height\" content=\"863\" \/>\n\t<meta property=\"og:image:type\" content=\"image\/jpeg\" \/>\n<meta name=\"author\" content=\"Reda\u00e7\u00e3o\" \/>\n<meta name=\"twitter:card\" content=\"summary_large_image\" \/>\n<meta name=\"twitter:creator\" content=\"@Notibras\" \/>\n<meta name=\"twitter:site\" content=\"@Notibras\" \/>\n<meta name=\"twitter:label1\" content=\"Escrito por\" \/>\n\t<meta name=\"twitter:data1\" content=\"Reda\u00e7\u00e3o\" \/>\n\t<meta name=\"twitter:label2\" content=\"Est. tempo de leitura\" \/>\n\t<meta name=\"twitter:data2\" content=\"3 minutos\" \/>\n<script type=\"application\/ld+json\" class=\"yoast-schema-graph\">{\"@context\":\"https:\/\/schema.org\",\"@graph\":[{\"@type\":\"Article\",\"@id\":\"https:\/\/www.notibras.com\/site\/historia-dos-meninos-e-o-desenho-que-garante-dia-ensolarado\/#article\",\"isPartOf\":{\"@id\":\"https:\/\/www.notibras.com\/site\/historia-dos-meninos-e-o-desenho-que-garante-dia-ensolarado\/\"},\"author\":{\"name\":\"Reda\u00e7\u00e3o\",\"@id\":\"https:\/\/www.notibras.com\/site\/#\/schema\/person\/36ab0979449956132d3e5b517ea76ac8\"},\"headline\":\"Hist\u00f3ria dos meninos e o desenho que garante dia ensolarado\",\"datePublished\":\"2023-12-02T13:10:48+00:00\",\"dateModified\":\"2023-12-02T13:32:20+00:00\",\"mainEntityOfPage\":{\"@id\":\"https:\/\/www.notibras.com\/site\/historia-dos-meninos-e-o-desenho-que-garante-dia-ensolarado\/\"},\"wordCount\":474,\"publisher\":{\"@id\":\"https:\/\/www.notibras.com\/site\/#organization\"},\"image\":{\"@id\":\"https:\/\/www.notibras.com\/site\/historia-dos-meninos-e-o-desenho-que-garante-dia-ensolarado\/#primaryimage\"},\"thumbnailUrl\":\"https:\/\/www.notibras.com\/site\/wp-content\/uploads\/2023\/12\/9612680-desenho-do-sol-na-areia-na-praia-exotica.jpg\",\"articleSection\":[\"Quadradinho em Foco\"],\"inLanguage\":\"pt-BR\"},{\"@type\":\"WebPage\",\"@id\":\"https:\/\/www.notibras.com\/site\/historia-dos-meninos-e-o-desenho-que-garante-dia-ensolarado\/\",\"url\":\"https:\/\/www.notibras.com\/site\/historia-dos-meninos-e-o-desenho-que-garante-dia-ensolarado\/\",\"name\":\"Hist\u00f3ria dos meninos e o desenho que garante dia ensolarado - Notibras\",\"isPartOf\":{\"@id\":\"https:\/\/www.notibras.com\/site\/#website\"},\"primaryImageOfPage\":{\"@id\":\"https:\/\/www.notibras.com\/site\/historia-dos-meninos-e-o-desenho-que-garante-dia-ensolarado\/#primaryimage\"},\"image\":{\"@id\":\"https:\/\/www.notibras.com\/site\/historia-dos-meninos-e-o-desenho-que-garante-dia-ensolarado\/#primaryimage\"},\"thumbnailUrl\":\"https:\/\/www.notibras.com\/site\/wp-content\/uploads\/2023\/12\/9612680-desenho-do-sol-na-areia-na-praia-exotica.jpg\",\"datePublished\":\"2023-12-02T13:10:48+00:00\",\"dateModified\":\"2023-12-02T13:32:20+00:00\",\"breadcrumb\":{\"@id\":\"https:\/\/www.notibras.com\/site\/historia-dos-meninos-e-o-desenho-que-garante-dia-ensolarado\/#breadcrumb\"},\"inLanguage\":\"pt-BR\",\"potentialAction\":[{\"@type\":\"ReadAction\",\"target\":[\"https:\/\/www.notibras.com\/site\/historia-dos-meninos-e-o-desenho-que-garante-dia-ensolarado\/\"]}]},{\"@type\":\"ImageObject\",\"inLanguage\":\"pt-BR\",\"@id\":\"https:\/\/www.notibras.com\/site\/historia-dos-meninos-e-o-desenho-que-garante-dia-ensolarado\/#primaryimage\",\"url\":\"https:\/\/www.notibras.com\/site\/wp-content\/uploads\/2023\/12\/9612680-desenho-do-sol-na-areia-na-praia-exotica.jpg\",\"contentUrl\":\"https:\/\/www.notibras.com\/site\/wp-content\/uploads\/2023\/12\/9612680-desenho-do-sol-na-areia-na-praia-exotica.jpg\",\"width\":1300,\"height\":863},{\"@type\":\"BreadcrumbList\",\"@id\":\"https:\/\/www.notibras.com\/site\/historia-dos-meninos-e-o-desenho-que-garante-dia-ensolarado\/#breadcrumb\",\"itemListElement\":[{\"@type\":\"ListItem\",\"position\":1,\"name\":\"In\u00edcio\",\"item\":\"https:\/\/www.notibras.com\/site\/\"},{\"@type\":\"ListItem\",\"position\":2,\"name\":\"Hist\u00f3ria dos meninos e o desenho que garante dia ensolarado\"}]},{\"@type\":\"WebSite\",\"@id\":\"https:\/\/www.notibras.com\/site\/#website\",\"url\":\"https:\/\/www.notibras.com\/site\/\",\"name\":\"Notibras\",\"description\":\"Not\u00edcias de Bras\u00edlia, do Brasil e do Mundo\",\"publisher\":{\"@id\":\"https:\/\/www.notibras.com\/site\/#organization\"},\"potentialAction\":[{\"@type\":\"SearchAction\",\"target\":{\"@type\":\"EntryPoint\",\"urlTemplate\":\"https:\/\/www.notibras.com\/site\/?s={search_term_string}\"},\"query-input\":{\"@type\":\"PropertyValueSpecification\",\"valueRequired\":true,\"valueName\":\"search_term_string\"}}],\"inLanguage\":\"pt-BR\"},{\"@type\":\"Organization\",\"@id\":\"https:\/\/www.notibras.com\/site\/#organization\",\"name\":\"Grupo Notibras de Comunica\u00e7\u00e3o\",\"url\":\"https:\/\/www.notibras.com\/site\/\",\"logo\":{\"@type\":\"ImageObject\",\"inLanguage\":\"pt-BR\",\"@id\":\"https:\/\/www.notibras.com\/site\/#\/schema\/logo\/image\/\",\"url\":\"https:\/\/www.notibras.com\/site\/wp-content\/uploads\/2023\/01\/notibras23.png\",\"contentUrl\":\"https:\/\/www.notibras.com\/site\/wp-content\/uploads\/2023\/01\/notibras23.png\",\"width\":350,\"height\":87,\"caption\":\"Grupo Notibras de Comunica\u00e7\u00e3o\"},\"image\":{\"@id\":\"https:\/\/www.notibras.com\/site\/#\/schema\/logo\/image\/\"},\"sameAs\":[\"https:\/\/www.facebook.com\/notibras\/\",\"https:\/\/x.com\/Notibras\",\"https:\/\/www.instagram.com\/notibras\/\"]},{\"@type\":\"Person\",\"@id\":\"https:\/\/www.notibras.com\/site\/#\/schema\/person\/36ab0979449956132d3e5b517ea76ac8\",\"name\":\"Reda\u00e7\u00e3o\",\"image\":{\"@type\":\"ImageObject\",\"inLanguage\":\"pt-BR\",\"@id\":\"https:\/\/secure.gravatar.com\/avatar\/e0a867bdedb85fd243eadf09663511f96fc81e0720a4a42581f334ad4303aa6b?s=96&d=mm&r=g\",\"url\":\"https:\/\/secure.gravatar.com\/avatar\/e0a867bdedb85fd243eadf09663511f96fc81e0720a4a42581f334ad4303aa6b?s=96&d=mm&r=g\",\"contentUrl\":\"https:\/\/secure.gravatar.com\/avatar\/e0a867bdedb85fd243eadf09663511f96fc81e0720a4a42581f334ad4303aa6b?s=96&d=mm&r=g\",\"caption\":\"Reda\u00e7\u00e3o\"}}]}<\/script>\n<!-- \/ Yoast SEO plugin. -->","yoast_head_json":{"title":"Hist\u00f3ria dos meninos e o desenho que garante dia ensolarado - Notibras","robots":{"index":"index","follow":"follow","max-snippet":"max-snippet:-1","max-image-preview":"max-image-preview:large","max-video-preview":"max-video-preview:-1"},"canonical":"https:\/\/www.notibras.com\/site\/historia-dos-meninos-e-o-desenho-que-garante-dia-ensolarado\/","og_locale":"pt_BR","og_type":"article","og_title":"Hist\u00f3ria dos meninos e o desenho que garante dia ensolarado - Notibras","og_description":"Provavelmente, voc\u00ea, que n\u00e3o andou nos anos 1970 pela bel\u00edssima praia do Per\u00f3, em Cabo Frio-RJ, nem desconfie que por l\u00e1 era poss\u00edvel montar uma barraca e ficar dias sem ver uma alma viva. E foi durante esse per\u00edodo meio riponga que aconteceu essa pitoresca hist\u00f3ria que, por causa do longo tempo decorrido, talvez n\u00e3o [&hellip;]","og_url":"https:\/\/www.notibras.com\/site\/historia-dos-meninos-e-o-desenho-que-garante-dia-ensolarado\/","og_site_name":"Notibras","article_publisher":"https:\/\/www.facebook.com\/notibras\/","article_published_time":"2023-12-02T13:10:48+00:00","article_modified_time":"2023-12-02T13:32:20+00:00","og_image":[{"width":1300,"height":863,"url":"https:\/\/www.notibras.com\/site\/wp-content\/uploads\/2023\/12\/9612680-desenho-do-sol-na-areia-na-praia-exotica.jpg","type":"image\/jpeg"}],"author":"Reda\u00e7\u00e3o","twitter_card":"summary_large_image","twitter_creator":"@Notibras","twitter_site":"@Notibras","twitter_misc":{"Escrito por":"Reda\u00e7\u00e3o","Est. tempo de leitura":"3 minutos"},"schema":{"@context":"https:\/\/schema.org","@graph":[{"@type":"Article","@id":"https:\/\/www.notibras.com\/site\/historia-dos-meninos-e-o-desenho-que-garante-dia-ensolarado\/#article","isPartOf":{"@id":"https:\/\/www.notibras.com\/site\/historia-dos-meninos-e-o-desenho-que-garante-dia-ensolarado\/"},"author":{"name":"Reda\u00e7\u00e3o","@id":"https:\/\/www.notibras.com\/site\/#\/schema\/person\/36ab0979449956132d3e5b517ea76ac8"},"headline":"Hist\u00f3ria dos meninos e o desenho que garante dia ensolarado","datePublished":"2023-12-02T13:10:48+00:00","dateModified":"2023-12-02T13:32:20+00:00","mainEntityOfPage":{"@id":"https:\/\/www.notibras.com\/site\/historia-dos-meninos-e-o-desenho-que-garante-dia-ensolarado\/"},"wordCount":474,"publisher":{"@id":"https:\/\/www.notibras.com\/site\/#organization"},"image":{"@id":"https:\/\/www.notibras.com\/site\/historia-dos-meninos-e-o-desenho-que-garante-dia-ensolarado\/#primaryimage"},"thumbnailUrl":"https:\/\/www.notibras.com\/site\/wp-content\/uploads\/2023\/12\/9612680-desenho-do-sol-na-areia-na-praia-exotica.jpg","articleSection":["Quadradinho em Foco"],"inLanguage":"pt-BR"},{"@type":"WebPage","@id":"https:\/\/www.notibras.com\/site\/historia-dos-meninos-e-o-desenho-que-garante-dia-ensolarado\/","url":"https:\/\/www.notibras.com\/site\/historia-dos-meninos-e-o-desenho-que-garante-dia-ensolarado\/","name":"Hist\u00f3ria dos meninos e o desenho que garante dia ensolarado - Notibras","isPartOf":{"@id":"https:\/\/www.notibras.com\/site\/#website"},"primaryImageOfPage":{"@id":"https:\/\/www.notibras.com\/site\/historia-dos-meninos-e-o-desenho-que-garante-dia-ensolarado\/#primaryimage"},"image":{"@id":"https:\/\/www.notibras.com\/site\/historia-dos-meninos-e-o-desenho-que-garante-dia-ensolarado\/#primaryimage"},"thumbnailUrl":"https:\/\/www.notibras.com\/site\/wp-content\/uploads\/2023\/12\/9612680-desenho-do-sol-na-areia-na-praia-exotica.jpg","datePublished":"2023-12-02T13:10:48+00:00","dateModified":"2023-12-02T13:32:20+00:00","breadcrumb":{"@id":"https:\/\/www.notibras.com\/site\/historia-dos-meninos-e-o-desenho-que-garante-dia-ensolarado\/#breadcrumb"},"inLanguage":"pt-BR","potentialAction":[{"@type":"ReadAction","target":["https:\/\/www.notibras.com\/site\/historia-dos-meninos-e-o-desenho-que-garante-dia-ensolarado\/"]}]},{"@type":"ImageObject","inLanguage":"pt-BR","@id":"https:\/\/www.notibras.com\/site\/historia-dos-meninos-e-o-desenho-que-garante-dia-ensolarado\/#primaryimage","url":"https:\/\/www.notibras.com\/site\/wp-content\/uploads\/2023\/12\/9612680-desenho-do-sol-na-areia-na-praia-exotica.jpg","contentUrl":"https:\/\/www.notibras.com\/site\/wp-content\/uploads\/2023\/12\/9612680-desenho-do-sol-na-areia-na-praia-exotica.jpg","width":1300,"height":863},{"@type":"BreadcrumbList","@id":"https:\/\/www.notibras.com\/site\/historia-dos-meninos-e-o-desenho-que-garante-dia-ensolarado\/#breadcrumb","itemListElement":[{"@type":"ListItem","position":1,"name":"In\u00edcio","item":"https:\/\/www.notibras.com\/site\/"},{"@type":"ListItem","position":2,"name":"Hist\u00f3ria dos meninos e o desenho que garante dia ensolarado"}]},{"@type":"WebSite","@id":"https:\/\/www.notibras.com\/site\/#website","url":"https:\/\/www.notibras.com\/site\/","name":"Notibras","description":"Not\u00edcias de Bras\u00edlia, do Brasil e do Mundo","publisher":{"@id":"https:\/\/www.notibras.com\/site\/#organization"},"potentialAction":[{"@type":"SearchAction","target":{"@type":"EntryPoint","urlTemplate":"https:\/\/www.notibras.com\/site\/?s={search_term_string}"},"query-input":{"@type":"PropertyValueSpecification","valueRequired":true,"valueName":"search_term_string"}}],"inLanguage":"pt-BR"},{"@type":"Organization","@id":"https:\/\/www.notibras.com\/site\/#organization","name":"Grupo Notibras de Comunica\u00e7\u00e3o","url":"https:\/\/www.notibras.com\/site\/","logo":{"@type":"ImageObject","inLanguage":"pt-BR","@id":"https:\/\/www.notibras.com\/site\/#\/schema\/logo\/image\/","url":"https:\/\/www.notibras.com\/site\/wp-content\/uploads\/2023\/01\/notibras23.png","contentUrl":"https:\/\/www.notibras.com\/site\/wp-content\/uploads\/2023\/01\/notibras23.png","width":350,"height":87,"caption":"Grupo Notibras de Comunica\u00e7\u00e3o"},"image":{"@id":"https:\/\/www.notibras.com\/site\/#\/schema\/logo\/image\/"},"sameAs":["https:\/\/www.facebook.com\/notibras\/","https:\/\/x.com\/Notibras","https:\/\/www.instagram.com\/notibras\/"]},{"@type":"Person","@id":"https:\/\/www.notibras.com\/site\/#\/schema\/person\/36ab0979449956132d3e5b517ea76ac8","name":"Reda\u00e7\u00e3o","image":{"@type":"ImageObject","inLanguage":"pt-BR","@id":"https:\/\/secure.gravatar.com\/avatar\/e0a867bdedb85fd243eadf09663511f96fc81e0720a4a42581f334ad4303aa6b?s=96&d=mm&r=g","url":"https:\/\/secure.gravatar.com\/avatar\/e0a867bdedb85fd243eadf09663511f96fc81e0720a4a42581f334ad4303aa6b?s=96&d=mm&r=g","contentUrl":"https:\/\/secure.gravatar.com\/avatar\/e0a867bdedb85fd243eadf09663511f96fc81e0720a4a42581f334ad4303aa6b?s=96&d=mm&r=g","caption":"Reda\u00e7\u00e3o"}}]}},"amp_enabled":true,"_links":{"self":[{"href":"https:\/\/www.notibras.com\/site\/wp-json\/wp\/v2\/posts\/318269","targetHints":{"allow":["GET"]}}],"collection":[{"href":"https:\/\/www.notibras.com\/site\/wp-json\/wp\/v2\/posts"}],"about":[{"href":"https:\/\/www.notibras.com\/site\/wp-json\/wp\/v2\/types\/post"}],"author":[{"embeddable":true,"href":"https:\/\/www.notibras.com\/site\/wp-json\/wp\/v2\/users\/2"}],"replies":[{"embeddable":true,"href":"https:\/\/www.notibras.com\/site\/wp-json\/wp\/v2\/comments?post=318269"}],"version-history":[{"count":1,"href":"https:\/\/www.notibras.com\/site\/wp-json\/wp\/v2\/posts\/318269\/revisions"}],"predecessor-version":[{"id":318271,"href":"https:\/\/www.notibras.com\/site\/wp-json\/wp\/v2\/posts\/318269\/revisions\/318271"}],"wp:featuredmedia":[{"embeddable":true,"href":"https:\/\/www.notibras.com\/site\/wp-json\/wp\/v2\/media\/318270"}],"wp:attachment":[{"href":"https:\/\/www.notibras.com\/site\/wp-json\/wp\/v2\/media?parent=318269"}],"wp:term":[{"taxonomy":"category","embeddable":true,"href":"https:\/\/www.notibras.com\/site\/wp-json\/wp\/v2\/categories?post=318269"},{"taxonomy":"post_tag","embeddable":true,"href":"https:\/\/www.notibras.com\/site\/wp-json\/wp\/v2\/tags?post=318269"}],"curies":[{"name":"wp","href":"https:\/\/api.w.org\/{rel}","templated":true}]}}