{"id":318321,"date":"2023-12-02T15:50:25","date_gmt":"2023-12-02T18:50:25","guid":{"rendered":"https:\/\/www.notibras.com\/site\/?p=318321"},"modified":"2023-12-02T22:52:54","modified_gmt":"2023-12-03T01:52:54","slug":"luziania-adota-onibus-de-graca-mas-usuario-perde-paciencia","status":"publish","type":"post","link":"https:\/\/www.notibras.com\/site\/luziania-adota-onibus-de-graca-mas-usuario-perde-paciencia\/","title":{"rendered":"Luzi\u00e2nia adota \u00f4nibus de gra\u00e7a, mas usu\u00e1rio perde paci\u00eancia"},"content":{"rendered":"<p>Olhar para o horizonte em expectativa para o que vem da esquina. A auxiliar de servi\u00e7os gerais Ivonete Mendes, de 46 anos, est\u00e1 ansiosa, como todos os dias depois da labuta. Ela usa diariamente o transporte p\u00fablico para chegar ao trabalho na vizinha cidade de Luzi\u00e2nia, em Goi\u00e1s. Em uma rotina exaustiva, s\u00e3o, em m\u00e9dia, 50 minutos de viagem, do centro para o bairro de Estrela Dalva 8.<\/p>\n<p>Nesta semana, ela recebeu uma not\u00edcia que a animou: o munic\u00edpio passou a oferecer transporte gratuito. As catracas liberadas far\u00e3o, nas contas dela, uma economia de mais de R$ 130. Por\u00e9m, ficou, em parte, \u201cdecepcionada\u201d. O transporte demorou mais de uma hora para chegar. \u201cAntes, passava de 30 em 30 minutos. Agora, est\u00e1 demorado e lotado\u201d.<\/p>\n<p>De acordo com a Associa\u00e7\u00e3o Nacional das Empresas de Transportes Urbanos, a gratuidade no transporte coletivo p\u00fablico \u00e9 uma realidade em pelo menos 84 cidades brasileiras todos os dias da semana. Em Luzi\u00e2nia, eram 12 mil passagens por semana (ou cerca de 50 mil por m\u00eas). \u201cPor um estudo que foi feito, essa quantidade vai triplicar em fun\u00e7\u00e3o da gratuidade\u201d, indicou a assessoria de comunica\u00e7\u00e3o da prefeitura.<\/p>\n<p>A administra\u00e7\u00e3o do munic\u00edpio entende que a gratuidade far\u00e1 com que pessoas que antes n\u00e3o sa\u00edam de casa em fun\u00e7\u00e3o do custo da passagem (antes custava entre R$ 2,90 e R$ 3) poder\u00e3o usar mais o servi\u00e7o. A assessoria de comunica\u00e7\u00e3o da prefeitura entende que a queixa da demora \u201cn\u00e3o faz sentido\u201d porque h\u00e1 22 \u00f4nibus, 10 (novos) a mais do que antes.<\/p>\n<p>A prefeitura garante que h\u00e1 uma tend\u00eancia de aumentar a frota.<\/p>\n<p><strong>Recursos<\/strong><br \/>\nA empresa concession\u00e1ria na cidade \u00e9 a Catedral. Na imin\u00eancia do aumento das passagens, a prefeitura resolveu subsidiar o servi\u00e7o com R$ 150 mil por m\u00eas. Para garantir os 100% para toda a popula\u00e7\u00e3o, os custos podem chegar a R$ 850 mil, mas esse n\u00famero pode variar em fun\u00e7\u00e3o da quantidade de pessoas que v\u00e3o utilizar o servi\u00e7o. Os recursos s\u00e3o pr\u00f3prios da prefeitura e devem ser custeados com emendas parlamentares para garantir o benef\u00edcio tamb\u00e9m no ano que vem.<\/p>\n<p>Mais desafios de melhorias v\u00e3o precisar entrar na contabilidade da administra\u00e7\u00e3o. A auxiliar de enfermagem Cleane de Souza, de 27 anos, al\u00e9m da demora dos \u00f4nibus, lamenta que o transporte n\u00e3o chega perto da casa dela. \u201cFico na estrada e preciso andar tr\u00eas quil\u00f4metros at\u00e9 minha casa (bairro do Sol Nascente)\u201d.<\/p>\n<p>Auxiliar de servi\u00e7os gerais, Marlene Souza, de 47, tamb\u00e9m reclama que o \u00f4nibus n\u00e3o chega ao bairro dela, na Serrinha. \u201cDemora o transporte e eu tenho que andar mais de um quil\u00f4metro. Eles v\u00e3o ter que melhorar isso\u201d.<\/p>\n<p><strong>\u00c0 espera do cart\u00e3o<\/strong><br \/>\nMesmo j\u00e1 com o in\u00edcio da gratuidade do transporte, n\u00e3o s\u00e3o todos os cidad\u00e3os que j\u00e1 t\u00eam esse direito. \u00c9 necess\u00e1rio fazer o cart\u00e3o que garante passar pela catraca. A gratuidade faz diferen\u00e7a na vida, por exemplo, da cozinheira Romilda Machado, de 48 anos.<\/p>\n<p>Nesta semana, ela pediu libera\u00e7\u00e3o do servi\u00e7o no restaurante em que trabalha para fazer o cart\u00e3o. Chegou \u00e0s 9h em um posto da prefeitura e conseguiu finalmente ser atendida \u00e0s 16h30. Ela, que sai de casa todos os dias \u00e0s 6h e ganha um sal\u00e1rio m\u00ednimo, poder\u00e1 economizar mais de R$ 120. \u201cFoi demorado, mas \u00e9 muito importante para mim\u201d.<\/p>\n<p>No mesmo posto de atendimento, duas amigas, a auxiliar de limpeza Lucineide Barbosa, de 44, e a merendeira D\u00e9bora Fernandes, de 41, n\u00e3o se importavam com a demora. \u201cPara quem ganha um sal\u00e1rio m\u00ednimo, essa foi a melhor not\u00edcia que poder\u00edamos receber\u201d, comemorava Lucineide.<\/p>\n<p>D\u00e9bora, pelo mesmo motivo, explicou no trabalho que precisaria se ausentar. Ela, que sai de casa antes do nascer do sol, estava cansada, mas sabe que 10% do sal\u00e1rio poder\u00e1 ser poupado e se transformar em alimentos para casa. Ela, al\u00e9m do transporte dentro de Luzi\u00e2nia, tem um gasto de mais R$ 5.60 para chegar \u00e0 Regi\u00e3o Administrativa do Gama, onde trabalha. \u201cO dinheiro para \u00f4nibus tira muito do meu sal\u00e1rio\u201d.<\/p>\n<p>A prefeitura admite que h\u00e1 reclama\u00e7\u00f5es a respeito da demora na confec\u00e7\u00e3o dos cart\u00f5es, mesmo havendo 12 pontos no munic\u00edpio para produ\u00e7\u00e3o do documento. A assessoria de imprensa chama aten\u00e7\u00e3o para elevada procura e at\u00e9 boatos que circulam na cidade de que o cadastramento s\u00f3 iria at\u00e9 dia 1\u00ba de janeiro. Apesar disso, a cidade tem recebido queixas por interm\u00e9dio da ouvidoria municipal e at\u00e9 por redes sociais.<\/p>\n<p><strong>Efeitos<\/strong><br \/>\nPesquisador no tema, Artur Morais, doutor em transporte e auditor fiscal em atividades urbanas, afirma que, para a redu\u00e7\u00e3o dos problemas de implementa\u00e7\u00e3o da gratuidade do transporte p\u00fablico, \u00e9 necess\u00e1rio que o munic\u00edpio priorize investimentos. \u201cIsso \u00e9 normal. Muita gente vai deixar o carro e usar \u00f4nibus porque vai ficar mais barato. Tem que aumentar a frota para melhorar o sistema\u201d.<\/p>\n<p>Al\u00e9m disso, o especialista indica que o transporte gratuito pode tamb\u00e9m gerar emprego. \u201cO empres\u00e1rio que vai deixar de pagar o vale transporte. De cada 10 funcion\u00e1rios que deixar de pagar o benef\u00edcio, \u00e9 um funcion\u00e1rio a mais que ele vai poder contratar\u201d.<\/p>\n<p><strong>No volante<\/strong><br \/>\nTamb\u00e9m comemoraram a novidade os funcion\u00e1rios da empresa concession\u00e1ria. O motorista Elder Silva, de 33 anos, que trabalha desde 2016 na fun\u00e7\u00e3o, ficou feliz que n\u00e3o ter\u00e1 mais que dividir-se entre dirigir e cobrar a passagem. \u201cTem \u00f4nibus novo e nosso trabalho vai ficar mais f\u00e1cil\u201d.<\/p>\n<p>A colega, Luana Maia, come\u00e7ou como cobradora at\u00e9 chegar ao volante. Foi dirigir para ajudar a pagar a faculdade de enfermagem e gostou do trabalho. Guia o \u00f4nibus pela cidade inteira desde 2019. \u201cCom a passagem gratuita, achei gratificante. Podemos transportar mais gente\u201d. Ela coloca o cinto e acelera. As paradas est\u00e3o cheias \u00e0 espera dela.<\/p>\n","protected":false},"excerpt":{"rendered":"<p>Olhar para o horizonte em expectativa para o que vem da esquina. A auxiliar de servi\u00e7os gerais Ivonete Mendes, de 46 anos, est\u00e1 ansiosa, como todos os dias depois da labuta. Ela usa diariamente o transporte p\u00fablico para chegar ao trabalho na vizinha cidade de Luzi\u00e2nia, em Goi\u00e1s. Em uma rotina exaustiva, s\u00e3o, em m\u00e9dia, [&hellip;]<\/p>\n","protected":false},"author":2,"featured_media":318322,"comment_status":"closed","ping_status":"closed","sticky":false,"template":"","format":"standard","meta":{"_acf_changed":false,"footnotes":""},"categories":[161],"tags":[95],"class_list":["post-318321","post","type-post","status-publish","format-standard","has-post-thumbnail","hentry","category-quadradinho-em-foco","tag-capa"],"acf":[],"yoast_head":"<!-- This site is optimized with the Yoast SEO plugin v27.2 - https:\/\/yoast.com\/product\/yoast-seo-wordpress\/ -->\n<title>Luzi\u00e2nia adota \u00f4nibus de gra\u00e7a, mas usu\u00e1rio perde paci\u00eancia - Notibras<\/title>\n<meta name=\"robots\" content=\"index, follow, max-snippet:-1, max-image-preview:large, max-video-preview:-1\" \/>\n<link rel=\"canonical\" href=\"https:\/\/www.notibras.com\/site\/luziania-adota-onibus-de-graca-mas-usuario-perde-paciencia\/\" \/>\n<meta property=\"og:locale\" content=\"pt_BR\" \/>\n<meta property=\"og:type\" content=\"article\" \/>\n<meta property=\"og:title\" content=\"Luzi\u00e2nia adota \u00f4nibus de gra\u00e7a, mas usu\u00e1rio perde paci\u00eancia - Notibras\" \/>\n<meta property=\"og:description\" content=\"Olhar para o horizonte em expectativa para o que vem da esquina. A auxiliar de servi\u00e7os gerais Ivonete Mendes, de 46 anos, est\u00e1 ansiosa, como todos os dias depois da labuta. Ela usa diariamente o transporte p\u00fablico para chegar ao trabalho na vizinha cidade de Luzi\u00e2nia, em Goi\u00e1s. Em uma rotina exaustiva, s\u00e3o, em m\u00e9dia, [&hellip;]\" \/>\n<meta property=\"og:url\" content=\"https:\/\/www.notibras.com\/site\/luziania-adota-onibus-de-graca-mas-usuario-perde-paciencia\/\" \/>\n<meta property=\"og:site_name\" content=\"Notibras\" \/>\n<meta property=\"article:publisher\" content=\"https:\/\/www.facebook.com\/notibras\/\" \/>\n<meta property=\"article:published_time\" content=\"2023-12-02T18:50:25+00:00\" \/>\n<meta property=\"article:modified_time\" content=\"2023-12-03T01:52:54+00:00\" \/>\n<meta property=\"og:image\" content=\"https:\/\/www.notibras.com\/site\/wp-content\/uploads\/2023\/12\/luoni.webp\" \/>\n\t<meta property=\"og:image:width\" content=\"1170\" \/>\n\t<meta property=\"og:image:height\" content=\"700\" \/>\n\t<meta property=\"og:image:type\" content=\"image\/webp\" \/>\n<meta name=\"author\" content=\"Reda\u00e7\u00e3o\" \/>\n<meta name=\"twitter:card\" content=\"summary_large_image\" \/>\n<meta name=\"twitter:creator\" content=\"@Notibras\" \/>\n<meta name=\"twitter:site\" content=\"@Notibras\" \/>\n<meta name=\"twitter:label1\" content=\"Escrito por\" \/>\n\t<meta name=\"twitter:data1\" content=\"Reda\u00e7\u00e3o\" \/>\n\t<meta name=\"twitter:label2\" content=\"Est. tempo de leitura\" \/>\n\t<meta name=\"twitter:data2\" content=\"6 minutos\" \/>\n<script type=\"application\/ld+json\" class=\"yoast-schema-graph\">{\"@context\":\"https:\/\/schema.org\",\"@graph\":[{\"@type\":\"Article\",\"@id\":\"https:\/\/www.notibras.com\/site\/luziania-adota-onibus-de-graca-mas-usuario-perde-paciencia\/#article\",\"isPartOf\":{\"@id\":\"https:\/\/www.notibras.com\/site\/luziania-adota-onibus-de-graca-mas-usuario-perde-paciencia\/\"},\"author\":{\"name\":\"Reda\u00e7\u00e3o\",\"@id\":\"https:\/\/www.notibras.com\/site\/#\/schema\/person\/36ab0979449956132d3e5b517ea76ac8\"},\"headline\":\"Luzi\u00e2nia adota \u00f4nibus de gra\u00e7a, mas usu\u00e1rio perde paci\u00eancia\",\"datePublished\":\"2023-12-02T18:50:25+00:00\",\"dateModified\":\"2023-12-03T01:52:54+00:00\",\"mainEntityOfPage\":{\"@id\":\"https:\/\/www.notibras.com\/site\/luziania-adota-onibus-de-graca-mas-usuario-perde-paciencia\/\"},\"wordCount\":1010,\"publisher\":{\"@id\":\"https:\/\/www.notibras.com\/site\/#organization\"},\"image\":{\"@id\":\"https:\/\/www.notibras.com\/site\/luziania-adota-onibus-de-graca-mas-usuario-perde-paciencia\/#primaryimage\"},\"thumbnailUrl\":\"https:\/\/www.notibras.com\/site\/wp-content\/uploads\/2023\/12\/luoni.webp\",\"keywords\":[\"capa\"],\"articleSection\":[\"Quadradinho em Foco\"],\"inLanguage\":\"pt-BR\"},{\"@type\":\"WebPage\",\"@id\":\"https:\/\/www.notibras.com\/site\/luziania-adota-onibus-de-graca-mas-usuario-perde-paciencia\/\",\"url\":\"https:\/\/www.notibras.com\/site\/luziania-adota-onibus-de-graca-mas-usuario-perde-paciencia\/\",\"name\":\"Luzi\u00e2nia adota \u00f4nibus de gra\u00e7a, mas usu\u00e1rio perde paci\u00eancia - Notibras\",\"isPartOf\":{\"@id\":\"https:\/\/www.notibras.com\/site\/#website\"},\"primaryImageOfPage\":{\"@id\":\"https:\/\/www.notibras.com\/site\/luziania-adota-onibus-de-graca-mas-usuario-perde-paciencia\/#primaryimage\"},\"image\":{\"@id\":\"https:\/\/www.notibras.com\/site\/luziania-adota-onibus-de-graca-mas-usuario-perde-paciencia\/#primaryimage\"},\"thumbnailUrl\":\"https:\/\/www.notibras.com\/site\/wp-content\/uploads\/2023\/12\/luoni.webp\",\"datePublished\":\"2023-12-02T18:50:25+00:00\",\"dateModified\":\"2023-12-03T01:52:54+00:00\",\"breadcrumb\":{\"@id\":\"https:\/\/www.notibras.com\/site\/luziania-adota-onibus-de-graca-mas-usuario-perde-paciencia\/#breadcrumb\"},\"inLanguage\":\"pt-BR\",\"potentialAction\":[{\"@type\":\"ReadAction\",\"target\":[\"https:\/\/www.notibras.com\/site\/luziania-adota-onibus-de-graca-mas-usuario-perde-paciencia\/\"]}]},{\"@type\":\"ImageObject\",\"inLanguage\":\"pt-BR\",\"@id\":\"https:\/\/www.notibras.com\/site\/luziania-adota-onibus-de-graca-mas-usuario-perde-paciencia\/#primaryimage\",\"url\":\"https:\/\/www.notibras.com\/site\/wp-content\/uploads\/2023\/12\/luoni.webp\",\"contentUrl\":\"https:\/\/www.notibras.com\/site\/wp-content\/uploads\/2023\/12\/luoni.webp\",\"width\":1170,\"height\":700},{\"@type\":\"BreadcrumbList\",\"@id\":\"https:\/\/www.notibras.com\/site\/luziania-adota-onibus-de-graca-mas-usuario-perde-paciencia\/#breadcrumb\",\"itemListElement\":[{\"@type\":\"ListItem\",\"position\":1,\"name\":\"In\u00edcio\",\"item\":\"https:\/\/www.notibras.com\/site\/\"},{\"@type\":\"ListItem\",\"position\":2,\"name\":\"Luzi\u00e2nia adota \u00f4nibus de gra\u00e7a, mas usu\u00e1rio perde paci\u00eancia\"}]},{\"@type\":\"WebSite\",\"@id\":\"https:\/\/www.notibras.com\/site\/#website\",\"url\":\"https:\/\/www.notibras.com\/site\/\",\"name\":\"Notibras\",\"description\":\"Not\u00edcias de Bras\u00edlia, do Brasil e do Mundo\",\"publisher\":{\"@id\":\"https:\/\/www.notibras.com\/site\/#organization\"},\"potentialAction\":[{\"@type\":\"SearchAction\",\"target\":{\"@type\":\"EntryPoint\",\"urlTemplate\":\"https:\/\/www.notibras.com\/site\/?s={search_term_string}\"},\"query-input\":{\"@type\":\"PropertyValueSpecification\",\"valueRequired\":true,\"valueName\":\"search_term_string\"}}],\"inLanguage\":\"pt-BR\"},{\"@type\":\"Organization\",\"@id\":\"https:\/\/www.notibras.com\/site\/#organization\",\"name\":\"Grupo Notibras de Comunica\u00e7\u00e3o\",\"url\":\"https:\/\/www.notibras.com\/site\/\",\"logo\":{\"@type\":\"ImageObject\",\"inLanguage\":\"pt-BR\",\"@id\":\"https:\/\/www.notibras.com\/site\/#\/schema\/logo\/image\/\",\"url\":\"https:\/\/www.notibras.com\/site\/wp-content\/uploads\/2023\/01\/notibras23.png\",\"contentUrl\":\"https:\/\/www.notibras.com\/site\/wp-content\/uploads\/2023\/01\/notibras23.png\",\"width\":350,\"height\":87,\"caption\":\"Grupo Notibras de Comunica\u00e7\u00e3o\"},\"image\":{\"@id\":\"https:\/\/www.notibras.com\/site\/#\/schema\/logo\/image\/\"},\"sameAs\":[\"https:\/\/www.facebook.com\/notibras\/\",\"https:\/\/x.com\/Notibras\",\"https:\/\/www.instagram.com\/notibras\/\"]},{\"@type\":\"Person\",\"@id\":\"https:\/\/www.notibras.com\/site\/#\/schema\/person\/36ab0979449956132d3e5b517ea76ac8\",\"name\":\"Reda\u00e7\u00e3o\",\"image\":{\"@type\":\"ImageObject\",\"inLanguage\":\"pt-BR\",\"@id\":\"https:\/\/secure.gravatar.com\/avatar\/e0a867bdedb85fd243eadf09663511f96fc81e0720a4a42581f334ad4303aa6b?s=96&d=mm&r=g\",\"url\":\"https:\/\/secure.gravatar.com\/avatar\/e0a867bdedb85fd243eadf09663511f96fc81e0720a4a42581f334ad4303aa6b?s=96&d=mm&r=g\",\"contentUrl\":\"https:\/\/secure.gravatar.com\/avatar\/e0a867bdedb85fd243eadf09663511f96fc81e0720a4a42581f334ad4303aa6b?s=96&d=mm&r=g\",\"caption\":\"Reda\u00e7\u00e3o\"}}]}<\/script>\n<!-- \/ Yoast SEO plugin. -->","yoast_head_json":{"title":"Luzi\u00e2nia adota \u00f4nibus de gra\u00e7a, mas usu\u00e1rio perde paci\u00eancia - Notibras","robots":{"index":"index","follow":"follow","max-snippet":"max-snippet:-1","max-image-preview":"max-image-preview:large","max-video-preview":"max-video-preview:-1"},"canonical":"https:\/\/www.notibras.com\/site\/luziania-adota-onibus-de-graca-mas-usuario-perde-paciencia\/","og_locale":"pt_BR","og_type":"article","og_title":"Luzi\u00e2nia adota \u00f4nibus de gra\u00e7a, mas usu\u00e1rio perde paci\u00eancia - Notibras","og_description":"Olhar para o horizonte em expectativa para o que vem da esquina. A auxiliar de servi\u00e7os gerais Ivonete Mendes, de 46 anos, est\u00e1 ansiosa, como todos os dias depois da labuta. Ela usa diariamente o transporte p\u00fablico para chegar ao trabalho na vizinha cidade de Luzi\u00e2nia, em Goi\u00e1s. Em uma rotina exaustiva, s\u00e3o, em m\u00e9dia, [&hellip;]","og_url":"https:\/\/www.notibras.com\/site\/luziania-adota-onibus-de-graca-mas-usuario-perde-paciencia\/","og_site_name":"Notibras","article_publisher":"https:\/\/www.facebook.com\/notibras\/","article_published_time":"2023-12-02T18:50:25+00:00","article_modified_time":"2023-12-03T01:52:54+00:00","og_image":[{"width":1170,"height":700,"url":"https:\/\/www.notibras.com\/site\/wp-content\/uploads\/2023\/12\/luoni.webp","type":"image\/webp"}],"author":"Reda\u00e7\u00e3o","twitter_card":"summary_large_image","twitter_creator":"@Notibras","twitter_site":"@Notibras","twitter_misc":{"Escrito por":"Reda\u00e7\u00e3o","Est. tempo de leitura":"6 minutos"},"schema":{"@context":"https:\/\/schema.org","@graph":[{"@type":"Article","@id":"https:\/\/www.notibras.com\/site\/luziania-adota-onibus-de-graca-mas-usuario-perde-paciencia\/#article","isPartOf":{"@id":"https:\/\/www.notibras.com\/site\/luziania-adota-onibus-de-graca-mas-usuario-perde-paciencia\/"},"author":{"name":"Reda\u00e7\u00e3o","@id":"https:\/\/www.notibras.com\/site\/#\/schema\/person\/36ab0979449956132d3e5b517ea76ac8"},"headline":"Luzi\u00e2nia adota \u00f4nibus de gra\u00e7a, mas usu\u00e1rio perde paci\u00eancia","datePublished":"2023-12-02T18:50:25+00:00","dateModified":"2023-12-03T01:52:54+00:00","mainEntityOfPage":{"@id":"https:\/\/www.notibras.com\/site\/luziania-adota-onibus-de-graca-mas-usuario-perde-paciencia\/"},"wordCount":1010,"publisher":{"@id":"https:\/\/www.notibras.com\/site\/#organization"},"image":{"@id":"https:\/\/www.notibras.com\/site\/luziania-adota-onibus-de-graca-mas-usuario-perde-paciencia\/#primaryimage"},"thumbnailUrl":"https:\/\/www.notibras.com\/site\/wp-content\/uploads\/2023\/12\/luoni.webp","keywords":["capa"],"articleSection":["Quadradinho em Foco"],"inLanguage":"pt-BR"},{"@type":"WebPage","@id":"https:\/\/www.notibras.com\/site\/luziania-adota-onibus-de-graca-mas-usuario-perde-paciencia\/","url":"https:\/\/www.notibras.com\/site\/luziania-adota-onibus-de-graca-mas-usuario-perde-paciencia\/","name":"Luzi\u00e2nia adota \u00f4nibus de gra\u00e7a, mas usu\u00e1rio perde paci\u00eancia - Notibras","isPartOf":{"@id":"https:\/\/www.notibras.com\/site\/#website"},"primaryImageOfPage":{"@id":"https:\/\/www.notibras.com\/site\/luziania-adota-onibus-de-graca-mas-usuario-perde-paciencia\/#primaryimage"},"image":{"@id":"https:\/\/www.notibras.com\/site\/luziania-adota-onibus-de-graca-mas-usuario-perde-paciencia\/#primaryimage"},"thumbnailUrl":"https:\/\/www.notibras.com\/site\/wp-content\/uploads\/2023\/12\/luoni.webp","datePublished":"2023-12-02T18:50:25+00:00","dateModified":"2023-12-03T01:52:54+00:00","breadcrumb":{"@id":"https:\/\/www.notibras.com\/site\/luziania-adota-onibus-de-graca-mas-usuario-perde-paciencia\/#breadcrumb"},"inLanguage":"pt-BR","potentialAction":[{"@type":"ReadAction","target":["https:\/\/www.notibras.com\/site\/luziania-adota-onibus-de-graca-mas-usuario-perde-paciencia\/"]}]},{"@type":"ImageObject","inLanguage":"pt-BR","@id":"https:\/\/www.notibras.com\/site\/luziania-adota-onibus-de-graca-mas-usuario-perde-paciencia\/#primaryimage","url":"https:\/\/www.notibras.com\/site\/wp-content\/uploads\/2023\/12\/luoni.webp","contentUrl":"https:\/\/www.notibras.com\/site\/wp-content\/uploads\/2023\/12\/luoni.webp","width":1170,"height":700},{"@type":"BreadcrumbList","@id":"https:\/\/www.notibras.com\/site\/luziania-adota-onibus-de-graca-mas-usuario-perde-paciencia\/#breadcrumb","itemListElement":[{"@type":"ListItem","position":1,"name":"In\u00edcio","item":"https:\/\/www.notibras.com\/site\/"},{"@type":"ListItem","position":2,"name":"Luzi\u00e2nia adota \u00f4nibus de gra\u00e7a, mas usu\u00e1rio perde paci\u00eancia"}]},{"@type":"WebSite","@id":"https:\/\/www.notibras.com\/site\/#website","url":"https:\/\/www.notibras.com\/site\/","name":"Notibras","description":"Not\u00edcias de Bras\u00edlia, do Brasil e do Mundo","publisher":{"@id":"https:\/\/www.notibras.com\/site\/#organization"},"potentialAction":[{"@type":"SearchAction","target":{"@type":"EntryPoint","urlTemplate":"https:\/\/www.notibras.com\/site\/?s={search_term_string}"},"query-input":{"@type":"PropertyValueSpecification","valueRequired":true,"valueName":"search_term_string"}}],"inLanguage":"pt-BR"},{"@type":"Organization","@id":"https:\/\/www.notibras.com\/site\/#organization","name":"Grupo Notibras de Comunica\u00e7\u00e3o","url":"https:\/\/www.notibras.com\/site\/","logo":{"@type":"ImageObject","inLanguage":"pt-BR","@id":"https:\/\/www.notibras.com\/site\/#\/schema\/logo\/image\/","url":"https:\/\/www.notibras.com\/site\/wp-content\/uploads\/2023\/01\/notibras23.png","contentUrl":"https:\/\/www.notibras.com\/site\/wp-content\/uploads\/2023\/01\/notibras23.png","width":350,"height":87,"caption":"Grupo Notibras de Comunica\u00e7\u00e3o"},"image":{"@id":"https:\/\/www.notibras.com\/site\/#\/schema\/logo\/image\/"},"sameAs":["https:\/\/www.facebook.com\/notibras\/","https:\/\/x.com\/Notibras","https:\/\/www.instagram.com\/notibras\/"]},{"@type":"Person","@id":"https:\/\/www.notibras.com\/site\/#\/schema\/person\/36ab0979449956132d3e5b517ea76ac8","name":"Reda\u00e7\u00e3o","image":{"@type":"ImageObject","inLanguage":"pt-BR","@id":"https:\/\/secure.gravatar.com\/avatar\/e0a867bdedb85fd243eadf09663511f96fc81e0720a4a42581f334ad4303aa6b?s=96&d=mm&r=g","url":"https:\/\/secure.gravatar.com\/avatar\/e0a867bdedb85fd243eadf09663511f96fc81e0720a4a42581f334ad4303aa6b?s=96&d=mm&r=g","contentUrl":"https:\/\/secure.gravatar.com\/avatar\/e0a867bdedb85fd243eadf09663511f96fc81e0720a4a42581f334ad4303aa6b?s=96&d=mm&r=g","caption":"Reda\u00e7\u00e3o"}}]}},"amp_enabled":true,"_links":{"self":[{"href":"https:\/\/www.notibras.com\/site\/wp-json\/wp\/v2\/posts\/318321","targetHints":{"allow":["GET"]}}],"collection":[{"href":"https:\/\/www.notibras.com\/site\/wp-json\/wp\/v2\/posts"}],"about":[{"href":"https:\/\/www.notibras.com\/site\/wp-json\/wp\/v2\/types\/post"}],"author":[{"embeddable":true,"href":"https:\/\/www.notibras.com\/site\/wp-json\/wp\/v2\/users\/2"}],"replies":[{"embeddable":true,"href":"https:\/\/www.notibras.com\/site\/wp-json\/wp\/v2\/comments?post=318321"}],"version-history":[{"count":1,"href":"https:\/\/www.notibras.com\/site\/wp-json\/wp\/v2\/posts\/318321\/revisions"}],"predecessor-version":[{"id":318323,"href":"https:\/\/www.notibras.com\/site\/wp-json\/wp\/v2\/posts\/318321\/revisions\/318323"}],"wp:featuredmedia":[{"embeddable":true,"href":"https:\/\/www.notibras.com\/site\/wp-json\/wp\/v2\/media\/318322"}],"wp:attachment":[{"href":"https:\/\/www.notibras.com\/site\/wp-json\/wp\/v2\/media?parent=318321"}],"wp:term":[{"taxonomy":"category","embeddable":true,"href":"https:\/\/www.notibras.com\/site\/wp-json\/wp\/v2\/categories?post=318321"},{"taxonomy":"post_tag","embeddable":true,"href":"https:\/\/www.notibras.com\/site\/wp-json\/wp\/v2\/tags?post=318321"}],"curies":[{"name":"wp","href":"https:\/\/api.w.org\/{rel}","templated":true}]}}