{"id":318337,"date":"2023-12-03T08:20:57","date_gmt":"2023-12-03T11:20:57","guid":{"rendered":"https:\/\/www.notibras.com\/site\/?p=318337"},"modified":"2023-12-03T08:24:05","modified_gmt":"2023-12-03T11:24:05","slug":"peladao-durante-plantao-expele-produto-de-furto","status":"publish","type":"post","link":"https:\/\/www.notibras.com\/site\/peladao-durante-plantao-expele-produto-de-furto\/","title":{"rendered":"&#8216;Pelad\u00e3o&#8217; durante plant\u00e3o expele produto de furto"},"content":{"rendered":"<p>A delegacia estava um verdadeiro rebu, poucos policiais para atender aquela pequena multid\u00e3o. Furto, amea\u00e7a, inj\u00faria&#8230; Os casos eram diversos. Mas o que despertou a aten\u00e7\u00e3o de todos foi uma mulher hist\u00e9rica gritando com um preso que acabara de entrar conduzido por alguns policiais: &#8220;Cad\u00ea o meu celular?&#8221;<\/p>\n<p>O Santana, entediado no balc\u00e3o da delegacia, tentou dar um salto da cadeira, mas o sobrepeso n\u00e3o lhe permitiu. Apoiou as duas m\u00e3os sobre os joelhos e, com um enorme esfor\u00e7o, conseguiu finalmente se levantar. Praticamente se arrastou at\u00e9 o preso e gritou:<\/p>\n<p>&#8211; Cad\u00ea o celular da mo\u00e7a?<\/p>\n<p>&#8211; Sei de celular nenhum n\u00e3o, senhor.<\/p>\n<p>O delegado tomou a frente do caso, foi gerado o boletim de ocorr\u00eancia e lavrado o flagrante. Em seguida, l\u00e1 foram o Santana e outro cana levar o suposto ladr\u00e3o para a cela. Mas primeiro deram o pelad\u00e3o, que \u00e9 quando o detento tira toda a roupa e tem que dar tr\u00eas agachadas e tossir ao mesmo tempo para, caso tenha algo escondido em certas partes, isso seja expelido.<\/p>\n<p>E foi justamente no derradeiro agachamento que, do nada, surgiu o aparelho celular da v\u00edtima; &#8220;Ploft!&#8221; O Santana, demonstrando at\u00e9 certa agilidade, pegou o tal aparelho no ch\u00e3o, ao mesmo tempo em que o outro policial colocou o preso na cela.<\/p>\n<p>E l\u00e1 foi o Santana, todo satisfeito, com o produto do roubo nas m\u00e3os. Ele ficou diante da v\u00edtima, esticou a m\u00e3o com o aparelho e disse:<\/p>\n<p>&#8211; T\u00e1 aqui, senhora, o seu celular!<\/p>\n<p>A mulher, percebendo certa mancha marrom no aparelho celular e sentindo um odor extremamente desagrad\u00e1vel, fez cara de nojo e deu dois passos para tr\u00e1s.<\/p>\n<p>&#8211; Que fedor \u00e9 esse, Santana?, perguntou o delegado.<\/p>\n<p>O Santana, levando o aparelho bem perto do nariz, respondeu: &#8220;Ih, doutor, acho que o ladr\u00e3o bosteou o celular da senhora aqui!&#8221;<\/p>\n","protected":false},"excerpt":{"rendered":"<p>A delegacia estava um verdadeiro rebu, poucos policiais para atender aquela pequena multid\u00e3o. Furto, amea\u00e7a, inj\u00faria&#8230; Os casos eram diversos. Mas o que despertou a aten\u00e7\u00e3o de todos foi uma mulher hist\u00e9rica gritando com um preso que acabara de entrar conduzido por alguns policiais: &#8220;Cad\u00ea o meu celular?&#8221; O Santana, entediado no balc\u00e3o da delegacia, [&hellip;]<\/p>\n","protected":false},"author":2,"featured_media":286686,"comment_status":"closed","ping_status":"closed","sticky":false,"template":"","format":"standard","meta":{"_acf_changed":false,"footnotes":""},"categories":[161],"tags":[],"class_list":["post-318337","post","type-post","status-publish","format-standard","has-post-thumbnail","hentry","category-quadradinho-em-foco"],"acf":[],"yoast_head":"<!-- This site is optimized with the Yoast SEO plugin v27.2 - https:\/\/yoast.com\/product\/yoast-seo-wordpress\/ -->\n<title>&#039;Pelad\u00e3o&#039; durante plant\u00e3o expele produto de furto - Notibras<\/title>\n<meta name=\"robots\" content=\"index, follow, max-snippet:-1, max-image-preview:large, max-video-preview:-1\" \/>\n<link rel=\"canonical\" href=\"https:\/\/www.notibras.com\/site\/peladao-durante-plantao-expele-produto-de-furto\/\" \/>\n<meta property=\"og:locale\" content=\"pt_BR\" \/>\n<meta property=\"og:type\" content=\"article\" \/>\n<meta property=\"og:title\" content=\"&#039;Pelad\u00e3o&#039; durante plant\u00e3o expele produto de furto - Notibras\" \/>\n<meta property=\"og:description\" content=\"A delegacia estava um verdadeiro rebu, poucos policiais para atender aquela pequena multid\u00e3o. Furto, amea\u00e7a, inj\u00faria&#8230; Os casos eram diversos. Mas o que despertou a aten\u00e7\u00e3o de todos foi uma mulher hist\u00e9rica gritando com um preso que acabara de entrar conduzido por alguns policiais: &#8220;Cad\u00ea o meu celular?&#8221; O Santana, entediado no balc\u00e3o da delegacia, [&hellip;]\" \/>\n<meta property=\"og:url\" content=\"https:\/\/www.notibras.com\/site\/peladao-durante-plantao-expele-produto-de-furto\/\" \/>\n<meta property=\"og:site_name\" content=\"Notibras\" \/>\n<meta property=\"article:publisher\" content=\"https:\/\/www.facebook.com\/notibras\/\" \/>\n<meta property=\"article:published_time\" content=\"2023-12-03T11:20:57+00:00\" \/>\n<meta property=\"article:modified_time\" content=\"2023-12-03T11:24:05+00:00\" \/>\n<meta property=\"og:image\" content=\"https:\/\/www.notibras.com\/site\/wp-content\/uploads\/2022\/05\/mca_abr_2407182206-2.jpg\" \/>\n\t<meta property=\"og:image:width\" content=\"1170\" \/>\n\t<meta property=\"og:image:height\" content=\"700\" \/>\n\t<meta property=\"og:image:type\" content=\"image\/jpeg\" \/>\n<meta name=\"author\" content=\"Reda\u00e7\u00e3o\" \/>\n<meta name=\"twitter:card\" content=\"summary_large_image\" \/>\n<meta name=\"twitter:creator\" content=\"@Notibras\" \/>\n<meta name=\"twitter:site\" content=\"@Notibras\" \/>\n<meta name=\"twitter:label1\" content=\"Escrito por\" \/>\n\t<meta name=\"twitter:data1\" content=\"Reda\u00e7\u00e3o\" \/>\n\t<meta name=\"twitter:label2\" content=\"Est. tempo de leitura\" \/>\n\t<meta name=\"twitter:data2\" content=\"2 minutos\" \/>\n<script type=\"application\/ld+json\" class=\"yoast-schema-graph\">{\"@context\":\"https:\/\/schema.org\",\"@graph\":[{\"@type\":\"Article\",\"@id\":\"https:\/\/www.notibras.com\/site\/peladao-durante-plantao-expele-produto-de-furto\/#article\",\"isPartOf\":{\"@id\":\"https:\/\/www.notibras.com\/site\/peladao-durante-plantao-expele-produto-de-furto\/\"},\"author\":{\"name\":\"Reda\u00e7\u00e3o\",\"@id\":\"https:\/\/www.notibras.com\/site\/#\/schema\/person\/36ab0979449956132d3e5b517ea76ac8\"},\"headline\":\"&#8216;Pelad\u00e3o&#8217; durante plant\u00e3o expele produto de furto\",\"datePublished\":\"2023-12-03T11:20:57+00:00\",\"dateModified\":\"2023-12-03T11:24:05+00:00\",\"mainEntityOfPage\":{\"@id\":\"https:\/\/www.notibras.com\/site\/peladao-durante-plantao-expele-produto-de-furto\/\"},\"wordCount\":334,\"publisher\":{\"@id\":\"https:\/\/www.notibras.com\/site\/#organization\"},\"image\":{\"@id\":\"https:\/\/www.notibras.com\/site\/peladao-durante-plantao-expele-produto-de-furto\/#primaryimage\"},\"thumbnailUrl\":\"https:\/\/www.notibras.com\/site\/wp-content\/uploads\/2022\/05\/mca_abr_2407182206-2.jpg\",\"articleSection\":[\"Quadradinho em Foco\"],\"inLanguage\":\"pt-BR\"},{\"@type\":\"WebPage\",\"@id\":\"https:\/\/www.notibras.com\/site\/peladao-durante-plantao-expele-produto-de-furto\/\",\"url\":\"https:\/\/www.notibras.com\/site\/peladao-durante-plantao-expele-produto-de-furto\/\",\"name\":\"'Pelad\u00e3o' durante plant\u00e3o expele produto de furto - Notibras\",\"isPartOf\":{\"@id\":\"https:\/\/www.notibras.com\/site\/#website\"},\"primaryImageOfPage\":{\"@id\":\"https:\/\/www.notibras.com\/site\/peladao-durante-plantao-expele-produto-de-furto\/#primaryimage\"},\"image\":{\"@id\":\"https:\/\/www.notibras.com\/site\/peladao-durante-plantao-expele-produto-de-furto\/#primaryimage\"},\"thumbnailUrl\":\"https:\/\/www.notibras.com\/site\/wp-content\/uploads\/2022\/05\/mca_abr_2407182206-2.jpg\",\"datePublished\":\"2023-12-03T11:20:57+00:00\",\"dateModified\":\"2023-12-03T11:24:05+00:00\",\"breadcrumb\":{\"@id\":\"https:\/\/www.notibras.com\/site\/peladao-durante-plantao-expele-produto-de-furto\/#breadcrumb\"},\"inLanguage\":\"pt-BR\",\"potentialAction\":[{\"@type\":\"ReadAction\",\"target\":[\"https:\/\/www.notibras.com\/site\/peladao-durante-plantao-expele-produto-de-furto\/\"]}]},{\"@type\":\"ImageObject\",\"inLanguage\":\"pt-BR\",\"@id\":\"https:\/\/www.notibras.com\/site\/peladao-durante-plantao-expele-produto-de-furto\/#primaryimage\",\"url\":\"https:\/\/www.notibras.com\/site\/wp-content\/uploads\/2022\/05\/mca_abr_2407182206-2.jpg\",\"contentUrl\":\"https:\/\/www.notibras.com\/site\/wp-content\/uploads\/2022\/05\/mca_abr_2407182206-2.jpg\",\"width\":1170,\"height\":700,\"caption\":\"Acesso internet celular\"},{\"@type\":\"BreadcrumbList\",\"@id\":\"https:\/\/www.notibras.com\/site\/peladao-durante-plantao-expele-produto-de-furto\/#breadcrumb\",\"itemListElement\":[{\"@type\":\"ListItem\",\"position\":1,\"name\":\"In\u00edcio\",\"item\":\"https:\/\/www.notibras.com\/site\/\"},{\"@type\":\"ListItem\",\"position\":2,\"name\":\"&#8216;Pelad\u00e3o&#8217; durante plant\u00e3o expele produto de furto\"}]},{\"@type\":\"WebSite\",\"@id\":\"https:\/\/www.notibras.com\/site\/#website\",\"url\":\"https:\/\/www.notibras.com\/site\/\",\"name\":\"Notibras\",\"description\":\"Not\u00edcias de Bras\u00edlia, do Brasil e do Mundo\",\"publisher\":{\"@id\":\"https:\/\/www.notibras.com\/site\/#organization\"},\"potentialAction\":[{\"@type\":\"SearchAction\",\"target\":{\"@type\":\"EntryPoint\",\"urlTemplate\":\"https:\/\/www.notibras.com\/site\/?s={search_term_string}\"},\"query-input\":{\"@type\":\"PropertyValueSpecification\",\"valueRequired\":true,\"valueName\":\"search_term_string\"}}],\"inLanguage\":\"pt-BR\"},{\"@type\":\"Organization\",\"@id\":\"https:\/\/www.notibras.com\/site\/#organization\",\"name\":\"Grupo Notibras de Comunica\u00e7\u00e3o\",\"url\":\"https:\/\/www.notibras.com\/site\/\",\"logo\":{\"@type\":\"ImageObject\",\"inLanguage\":\"pt-BR\",\"@id\":\"https:\/\/www.notibras.com\/site\/#\/schema\/logo\/image\/\",\"url\":\"https:\/\/www.notibras.com\/site\/wp-content\/uploads\/2023\/01\/notibras23.png\",\"contentUrl\":\"https:\/\/www.notibras.com\/site\/wp-content\/uploads\/2023\/01\/notibras23.png\",\"width\":350,\"height\":87,\"caption\":\"Grupo Notibras de Comunica\u00e7\u00e3o\"},\"image\":{\"@id\":\"https:\/\/www.notibras.com\/site\/#\/schema\/logo\/image\/\"},\"sameAs\":[\"https:\/\/www.facebook.com\/notibras\/\",\"https:\/\/x.com\/Notibras\",\"https:\/\/www.instagram.com\/notibras\/\"]},{\"@type\":\"Person\",\"@id\":\"https:\/\/www.notibras.com\/site\/#\/schema\/person\/36ab0979449956132d3e5b517ea76ac8\",\"name\":\"Reda\u00e7\u00e3o\",\"image\":{\"@type\":\"ImageObject\",\"inLanguage\":\"pt-BR\",\"@id\":\"https:\/\/secure.gravatar.com\/avatar\/e0a867bdedb85fd243eadf09663511f96fc81e0720a4a42581f334ad4303aa6b?s=96&d=mm&r=g\",\"url\":\"https:\/\/secure.gravatar.com\/avatar\/e0a867bdedb85fd243eadf09663511f96fc81e0720a4a42581f334ad4303aa6b?s=96&d=mm&r=g\",\"contentUrl\":\"https:\/\/secure.gravatar.com\/avatar\/e0a867bdedb85fd243eadf09663511f96fc81e0720a4a42581f334ad4303aa6b?s=96&d=mm&r=g\",\"caption\":\"Reda\u00e7\u00e3o\"}}]}<\/script>\n<!-- \/ Yoast SEO plugin. -->","yoast_head_json":{"title":"'Pelad\u00e3o' durante plant\u00e3o expele produto de furto - Notibras","robots":{"index":"index","follow":"follow","max-snippet":"max-snippet:-1","max-image-preview":"max-image-preview:large","max-video-preview":"max-video-preview:-1"},"canonical":"https:\/\/www.notibras.com\/site\/peladao-durante-plantao-expele-produto-de-furto\/","og_locale":"pt_BR","og_type":"article","og_title":"'Pelad\u00e3o' durante plant\u00e3o expele produto de furto - Notibras","og_description":"A delegacia estava um verdadeiro rebu, poucos policiais para atender aquela pequena multid\u00e3o. Furto, amea\u00e7a, inj\u00faria&#8230; Os casos eram diversos. Mas o que despertou a aten\u00e7\u00e3o de todos foi uma mulher hist\u00e9rica gritando com um preso que acabara de entrar conduzido por alguns policiais: &#8220;Cad\u00ea o meu celular?&#8221; O Santana, entediado no balc\u00e3o da delegacia, [&hellip;]","og_url":"https:\/\/www.notibras.com\/site\/peladao-durante-plantao-expele-produto-de-furto\/","og_site_name":"Notibras","article_publisher":"https:\/\/www.facebook.com\/notibras\/","article_published_time":"2023-12-03T11:20:57+00:00","article_modified_time":"2023-12-03T11:24:05+00:00","og_image":[{"width":1170,"height":700,"url":"https:\/\/www.notibras.com\/site\/wp-content\/uploads\/2022\/05\/mca_abr_2407182206-2.jpg","type":"image\/jpeg"}],"author":"Reda\u00e7\u00e3o","twitter_card":"summary_large_image","twitter_creator":"@Notibras","twitter_site":"@Notibras","twitter_misc":{"Escrito por":"Reda\u00e7\u00e3o","Est. tempo de leitura":"2 minutos"},"schema":{"@context":"https:\/\/schema.org","@graph":[{"@type":"Article","@id":"https:\/\/www.notibras.com\/site\/peladao-durante-plantao-expele-produto-de-furto\/#article","isPartOf":{"@id":"https:\/\/www.notibras.com\/site\/peladao-durante-plantao-expele-produto-de-furto\/"},"author":{"name":"Reda\u00e7\u00e3o","@id":"https:\/\/www.notibras.com\/site\/#\/schema\/person\/36ab0979449956132d3e5b517ea76ac8"},"headline":"&#8216;Pelad\u00e3o&#8217; durante plant\u00e3o expele produto de furto","datePublished":"2023-12-03T11:20:57+00:00","dateModified":"2023-12-03T11:24:05+00:00","mainEntityOfPage":{"@id":"https:\/\/www.notibras.com\/site\/peladao-durante-plantao-expele-produto-de-furto\/"},"wordCount":334,"publisher":{"@id":"https:\/\/www.notibras.com\/site\/#organization"},"image":{"@id":"https:\/\/www.notibras.com\/site\/peladao-durante-plantao-expele-produto-de-furto\/#primaryimage"},"thumbnailUrl":"https:\/\/www.notibras.com\/site\/wp-content\/uploads\/2022\/05\/mca_abr_2407182206-2.jpg","articleSection":["Quadradinho em Foco"],"inLanguage":"pt-BR"},{"@type":"WebPage","@id":"https:\/\/www.notibras.com\/site\/peladao-durante-plantao-expele-produto-de-furto\/","url":"https:\/\/www.notibras.com\/site\/peladao-durante-plantao-expele-produto-de-furto\/","name":"'Pelad\u00e3o' durante plant\u00e3o expele produto de furto - Notibras","isPartOf":{"@id":"https:\/\/www.notibras.com\/site\/#website"},"primaryImageOfPage":{"@id":"https:\/\/www.notibras.com\/site\/peladao-durante-plantao-expele-produto-de-furto\/#primaryimage"},"image":{"@id":"https:\/\/www.notibras.com\/site\/peladao-durante-plantao-expele-produto-de-furto\/#primaryimage"},"thumbnailUrl":"https:\/\/www.notibras.com\/site\/wp-content\/uploads\/2022\/05\/mca_abr_2407182206-2.jpg","datePublished":"2023-12-03T11:20:57+00:00","dateModified":"2023-12-03T11:24:05+00:00","breadcrumb":{"@id":"https:\/\/www.notibras.com\/site\/peladao-durante-plantao-expele-produto-de-furto\/#breadcrumb"},"inLanguage":"pt-BR","potentialAction":[{"@type":"ReadAction","target":["https:\/\/www.notibras.com\/site\/peladao-durante-plantao-expele-produto-de-furto\/"]}]},{"@type":"ImageObject","inLanguage":"pt-BR","@id":"https:\/\/www.notibras.com\/site\/peladao-durante-plantao-expele-produto-de-furto\/#primaryimage","url":"https:\/\/www.notibras.com\/site\/wp-content\/uploads\/2022\/05\/mca_abr_2407182206-2.jpg","contentUrl":"https:\/\/www.notibras.com\/site\/wp-content\/uploads\/2022\/05\/mca_abr_2407182206-2.jpg","width":1170,"height":700,"caption":"Acesso internet celular"},{"@type":"BreadcrumbList","@id":"https:\/\/www.notibras.com\/site\/peladao-durante-plantao-expele-produto-de-furto\/#breadcrumb","itemListElement":[{"@type":"ListItem","position":1,"name":"In\u00edcio","item":"https:\/\/www.notibras.com\/site\/"},{"@type":"ListItem","position":2,"name":"&#8216;Pelad\u00e3o&#8217; durante plant\u00e3o expele produto de furto"}]},{"@type":"WebSite","@id":"https:\/\/www.notibras.com\/site\/#website","url":"https:\/\/www.notibras.com\/site\/","name":"Notibras","description":"Not\u00edcias de Bras\u00edlia, do Brasil e do Mundo","publisher":{"@id":"https:\/\/www.notibras.com\/site\/#organization"},"potentialAction":[{"@type":"SearchAction","target":{"@type":"EntryPoint","urlTemplate":"https:\/\/www.notibras.com\/site\/?s={search_term_string}"},"query-input":{"@type":"PropertyValueSpecification","valueRequired":true,"valueName":"search_term_string"}}],"inLanguage":"pt-BR"},{"@type":"Organization","@id":"https:\/\/www.notibras.com\/site\/#organization","name":"Grupo Notibras de Comunica\u00e7\u00e3o","url":"https:\/\/www.notibras.com\/site\/","logo":{"@type":"ImageObject","inLanguage":"pt-BR","@id":"https:\/\/www.notibras.com\/site\/#\/schema\/logo\/image\/","url":"https:\/\/www.notibras.com\/site\/wp-content\/uploads\/2023\/01\/notibras23.png","contentUrl":"https:\/\/www.notibras.com\/site\/wp-content\/uploads\/2023\/01\/notibras23.png","width":350,"height":87,"caption":"Grupo Notibras de Comunica\u00e7\u00e3o"},"image":{"@id":"https:\/\/www.notibras.com\/site\/#\/schema\/logo\/image\/"},"sameAs":["https:\/\/www.facebook.com\/notibras\/","https:\/\/x.com\/Notibras","https:\/\/www.instagram.com\/notibras\/"]},{"@type":"Person","@id":"https:\/\/www.notibras.com\/site\/#\/schema\/person\/36ab0979449956132d3e5b517ea76ac8","name":"Reda\u00e7\u00e3o","image":{"@type":"ImageObject","inLanguage":"pt-BR","@id":"https:\/\/secure.gravatar.com\/avatar\/e0a867bdedb85fd243eadf09663511f96fc81e0720a4a42581f334ad4303aa6b?s=96&d=mm&r=g","url":"https:\/\/secure.gravatar.com\/avatar\/e0a867bdedb85fd243eadf09663511f96fc81e0720a4a42581f334ad4303aa6b?s=96&d=mm&r=g","contentUrl":"https:\/\/secure.gravatar.com\/avatar\/e0a867bdedb85fd243eadf09663511f96fc81e0720a4a42581f334ad4303aa6b?s=96&d=mm&r=g","caption":"Reda\u00e7\u00e3o"}}]}},"amp_enabled":true,"_links":{"self":[{"href":"https:\/\/www.notibras.com\/site\/wp-json\/wp\/v2\/posts\/318337","targetHints":{"allow":["GET"]}}],"collection":[{"href":"https:\/\/www.notibras.com\/site\/wp-json\/wp\/v2\/posts"}],"about":[{"href":"https:\/\/www.notibras.com\/site\/wp-json\/wp\/v2\/types\/post"}],"author":[{"embeddable":true,"href":"https:\/\/www.notibras.com\/site\/wp-json\/wp\/v2\/users\/2"}],"replies":[{"embeddable":true,"href":"https:\/\/www.notibras.com\/site\/wp-json\/wp\/v2\/comments?post=318337"}],"version-history":[{"count":3,"href":"https:\/\/www.notibras.com\/site\/wp-json\/wp\/v2\/posts\/318337\/revisions"}],"predecessor-version":[{"id":318340,"href":"https:\/\/www.notibras.com\/site\/wp-json\/wp\/v2\/posts\/318337\/revisions\/318340"}],"wp:featuredmedia":[{"embeddable":true,"href":"https:\/\/www.notibras.com\/site\/wp-json\/wp\/v2\/media\/286686"}],"wp:attachment":[{"href":"https:\/\/www.notibras.com\/site\/wp-json\/wp\/v2\/media?parent=318337"}],"wp:term":[{"taxonomy":"category","embeddable":true,"href":"https:\/\/www.notibras.com\/site\/wp-json\/wp\/v2\/categories?post=318337"},{"taxonomy":"post_tag","embeddable":true,"href":"https:\/\/www.notibras.com\/site\/wp-json\/wp\/v2\/tags?post=318337"}],"curies":[{"name":"wp","href":"https:\/\/api.w.org\/{rel}","templated":true}]}}