{"id":318357,"date":"2023-12-03T15:11:11","date_gmt":"2023-12-03T18:11:11","guid":{"rendered":"https:\/\/www.notibras.com\/site\/?p=318357"},"modified":"2023-12-03T17:37:54","modified_gmt":"2023-12-03T20:37:54","slug":"campanha-alerta-para-riscos-do-glaucoma-e-como-prevenir","status":"publish","type":"post","link":"https:\/\/www.notibras.com\/site\/campanha-alerta-para-riscos-do-glaucoma-e-como-prevenir\/","title":{"rendered":"Campanha alerta para riscos do glaucoma e como prevenir"},"content":{"rendered":"<p>Entre os dias 7 e 15 de dezembro, quem for aos cinemas de 125 cidades do Brasil assistir\u00e1 a filme de 29 segundos com alerta sobre os riscos do glaucoma, causa mais comum da cegueira irrevers\u00edvel no mundo. A campanha da Sociedade Brasileira de Glaucoma (SBG) quer mostrar a import\u00e2ncia dos exames preventivos com oftalmologista.<\/p>\n<p>A ideia da campanha nos cinemas \u00e9 mostrar o que pode se perder ao deixar a doen\u00e7a avan\u00e7ar. &#8220;Infelizmente, no glaucoma a perda de vis\u00e3o \u00e9 definitiva. No cinema, que \u00e9 uma arte t\u00e3o querida por todos, onde vemos imagens bel\u00edssimas, o paciente com a vis\u00e3o ruim, n\u00e3o consegue aproveitar. Ent\u00e3o quisemos chocar as pessoas. Quase 150 mil pessoas ser\u00e3o impactadas por essa a\u00e7\u00e3o e o objetivo \u00e9 informar que existe essa doen\u00e7a e fazer com que as pessoas procurem o oftalmologista para iniciar o tratamento o mais cedo poss\u00edvel\u201d, disse o presidente da Sociedade Brasileira de Glaucoma (SBG), Roberto Galv\u00e3o Filho.<\/p>\n<p>Apesar de ser a mais comum causa de cegueira o glaucoma ainda \u00e9 desconhecido por grande parte da popula\u00e7\u00e3o. Segundo uma pesquisa realizada por oftalmologistas ligados \u00e0 SBG, com 1.636 indiv\u00edduos, 90% ignoravam que j\u00e1 apresentavam sinais de risco da doen\u00e7a. As estimativas da SBG mostram que 2,5 milh\u00f5es de pessoas vivem com a doen\u00e7a no pa\u00eds.<\/p>\n<p>Segundo a SBG, no mundo, h\u00e1 pelo menos 3,6 milh\u00f5es de cegos e 4,1 milh\u00f5es de indiv\u00edduos com defici\u00eancia visual moderada a grave devido ao glaucoma. Estima-se que 2040, o n\u00famero de pessoas com glaucoma em todo o planeta chegar\u00e1 a 114 milh\u00f5es. De 1% a 2% da popula\u00e7\u00e3o ter\u00e1 a doen\u00e7a. Quando se considera os indiv\u00edduos acima dos 70 anos, esse percentual sobe para 6% a 7%.<\/p>\n<p>Os dados do dossi\u00ea elaborado pela SBG, indicam que em 2022 foram realizadas 10.805.942 consultas oftalmol\u00f3gicas pelo SUS, em todo o Brasil. Como o SUS atende 76% da popula\u00e7\u00e3o (24% t\u00eam cobertura de planos de sa\u00fade), o que corresponde a cerca de 163 milh\u00f5es de brasileiros, o percentual de indiv\u00edduos que visitaram o oftalmologista uma vez por ano fica em torno de 6,7%.<\/p>\n<p>\u201cPor isso, os casos no Brasil s\u00e3o descobertos t\u00e3o tarde. E o glaucoma descoberto tardiamente \u00e9 mais dif\u00edcil e mais caro para tratar. \u00c9 quatro vezes mais caro tratar um glaucoma avan\u00e7ado do que um inicial. Al\u00e9m disso, os pacientes sofrem mais porque os defeitos visuais s\u00e3o irrevers\u00edveis. E isso implica em mais acidente de tr\u00e2nsito, mais quedas e mais custo para o estado\u201d, enfatizou Galv\u00e3o.<\/p>\n<p><strong>Sintomas e tratamento<\/strong><br \/>\nO glaucoma n\u00e3o tem cura, mas, com diagn\u00f3stico precoce, \u00e9 poss\u00edvel conter o avan\u00e7o da doen\u00e7a. Por isso, a consulta anual ao oftalmologista \u00e9 t\u00e3o importante. A doen\u00e7a afeta a vis\u00e3o das laterais para o centro do olho e por isso o indiv\u00edduo n\u00e3o percebe que h\u00e1 algo errado, podendo se dar conta apenas quando at\u00e9 60% do nervo \u00f3tico j\u00e1 estiver destru\u00eddo. \u201cAs pessoas simplesmente n\u00e3o percebem que a vis\u00e3o est\u00e1 sumindo. Elas s\u00f3 percebem quando come\u00e7am a bater no carro, esbarrar nas pessoas, na lateral de m\u00f3vel, isso quando o campo visual perif\u00e9rico est\u00e1 danificado\u201d, explicou.<\/p>\n<p>A doen\u00e7a pode atingir pessoas de qualquer idade e normalmente \u00e9 causada pelo aumento da press\u00e3o intraocular, que tamb\u00e9m passa desapercebida pelo paciente. \u201cO glaucoma n\u00e3o tem sintomas, mas tem sinais. Quando eu vejo o paciente no consult\u00f3rio, um dos primeiros sinais de glaucoma \u00e9 a press\u00e3o intraocular elevada\u201d. Outros aspectos que tamb\u00e9m podem ser observados em um exame no consult\u00f3rio s\u00e3o defeitos no nervo \u00f3tico e no fundo de olho, como aumento da escava\u00e7\u00e3o, sangramento e assimetrias de escava\u00e7\u00e3o. Ao notar esses sinais, o m\u00e9dico deve pedir exames mais detalhados.<\/p>\n<p>Segundo o m\u00e9dico, o glaucoma n\u00e3o tem um tratamento espec\u00edfico e definitivo, e \u00e9 muito dif\u00edcil controlar, mas \u00e9 poss\u00edvel estacionar a doen\u00e7a e a perda de campo visual. Al\u00e9m da press\u00e3o intraocular elevada, s\u00e3o fatores de risco o diabetes, a hipertens\u00e3o arterial e miopia. Pessoas negras tamb\u00e9m precisam ficar atentas, pois t\u00eam maior predisposi\u00e7\u00e3o a desenvolver o glaucoma. \u201cSe a pessoa tem um desses fatores de risco presentes, precisa ir ao oftalmologista uma vez ao ano\u201d, disse Galv\u00e3o.<\/p>\n<p>O presidente da SBG enfatizou ainda que todo o tratamento para o glaucoma est\u00e1 dispon\u00edvel no SUS para pacientes de qualquer localidade do Brasil. \u201cSe prescrito por um m\u00e9dico, o paciente tem a possibilidade de fazer o tratamento no SUS, incluindo desde os col\u00edrios que alguns estados at\u00e9 fornecem gratuitamente, at\u00e9 o tratamento com laser e cirurgias\u201d, finalizou.<\/p>\n","protected":false},"excerpt":{"rendered":"<p>Entre os dias 7 e 15 de dezembro, quem for aos cinemas de 125 cidades do Brasil assistir\u00e1 a filme de 29 segundos com alerta sobre os riscos do glaucoma, causa mais comum da cegueira irrevers\u00edvel no mundo. A campanha da Sociedade Brasileira de Glaucoma (SBG) quer mostrar a import\u00e2ncia dos exames preventivos com oftalmologista. [&hellip;]<\/p>\n","protected":false},"author":2,"featured_media":318358,"comment_status":"closed","ping_status":"closed","sticky":false,"template":"","format":"standard","meta":{"_acf_changed":false,"footnotes":""},"categories":[161],"tags":[95],"class_list":["post-318357","post","type-post","status-publish","format-standard","has-post-thumbnail","hentry","category-quadradinho-em-foco","tag-capa"],"acf":[],"yoast_head":"<!-- This site is optimized with the Yoast SEO plugin v27.2 - https:\/\/yoast.com\/product\/yoast-seo-wordpress\/ -->\n<title>Campanha alerta para riscos do glaucoma e como prevenir - Notibras<\/title>\n<meta name=\"robots\" content=\"index, follow, max-snippet:-1, max-image-preview:large, max-video-preview:-1\" \/>\n<link rel=\"canonical\" href=\"https:\/\/www.notibras.com\/site\/campanha-alerta-para-riscos-do-glaucoma-e-como-prevenir\/\" \/>\n<meta property=\"og:locale\" content=\"pt_BR\" \/>\n<meta property=\"og:type\" content=\"article\" \/>\n<meta property=\"og:title\" content=\"Campanha alerta para riscos do glaucoma e como prevenir - Notibras\" \/>\n<meta property=\"og:description\" content=\"Entre os dias 7 e 15 de dezembro, quem for aos cinemas de 125 cidades do Brasil assistir\u00e1 a filme de 29 segundos com alerta sobre os riscos do glaucoma, causa mais comum da cegueira irrevers\u00edvel no mundo. A campanha da Sociedade Brasileira de Glaucoma (SBG) quer mostrar a import\u00e2ncia dos exames preventivos com oftalmologista. [&hellip;]\" \/>\n<meta property=\"og:url\" content=\"https:\/\/www.notibras.com\/site\/campanha-alerta-para-riscos-do-glaucoma-e-como-prevenir\/\" \/>\n<meta property=\"og:site_name\" content=\"Notibras\" \/>\n<meta property=\"article:publisher\" content=\"https:\/\/www.facebook.com\/notibras\/\" \/>\n<meta property=\"article:published_time\" content=\"2023-12-03T18:11:11+00:00\" \/>\n<meta property=\"article:modified_time\" content=\"2023-12-03T20:37:54+00:00\" \/>\n<meta property=\"og:image\" content=\"https:\/\/www.notibras.com\/site\/wp-content\/uploads\/2023\/12\/galucoma.2.webp\" \/>\n\t<meta property=\"og:image:width\" content=\"1170\" \/>\n\t<meta property=\"og:image:height\" content=\"700\" \/>\n\t<meta property=\"og:image:type\" content=\"image\/webp\" \/>\n<meta name=\"author\" content=\"Reda\u00e7\u00e3o\" \/>\n<meta name=\"twitter:card\" content=\"summary_large_image\" \/>\n<meta name=\"twitter:creator\" content=\"@Notibras\" \/>\n<meta name=\"twitter:site\" content=\"@Notibras\" \/>\n<meta name=\"twitter:label1\" content=\"Escrito por\" \/>\n\t<meta name=\"twitter:data1\" content=\"Reda\u00e7\u00e3o\" \/>\n\t<meta name=\"twitter:label2\" content=\"Est. tempo de leitura\" \/>\n\t<meta name=\"twitter:data2\" content=\"5 minutos\" \/>\n<script type=\"application\/ld+json\" class=\"yoast-schema-graph\">{\"@context\":\"https:\/\/schema.org\",\"@graph\":[{\"@type\":\"Article\",\"@id\":\"https:\/\/www.notibras.com\/site\/campanha-alerta-para-riscos-do-glaucoma-e-como-prevenir\/#article\",\"isPartOf\":{\"@id\":\"https:\/\/www.notibras.com\/site\/campanha-alerta-para-riscos-do-glaucoma-e-como-prevenir\/\"},\"author\":{\"name\":\"Reda\u00e7\u00e3o\",\"@id\":\"https:\/\/www.notibras.com\/site\/#\/schema\/person\/36ab0979449956132d3e5b517ea76ac8\"},\"headline\":\"Campanha alerta para riscos do glaucoma e como prevenir\",\"datePublished\":\"2023-12-03T18:11:11+00:00\",\"dateModified\":\"2023-12-03T20:37:54+00:00\",\"mainEntityOfPage\":{\"@id\":\"https:\/\/www.notibras.com\/site\/campanha-alerta-para-riscos-do-glaucoma-e-como-prevenir\/\"},\"wordCount\":801,\"publisher\":{\"@id\":\"https:\/\/www.notibras.com\/site\/#organization\"},\"image\":{\"@id\":\"https:\/\/www.notibras.com\/site\/campanha-alerta-para-riscos-do-glaucoma-e-como-prevenir\/#primaryimage\"},\"thumbnailUrl\":\"https:\/\/www.notibras.com\/site\/wp-content\/uploads\/2023\/12\/galucoma.2.webp\",\"keywords\":[\"capa\"],\"articleSection\":[\"Quadradinho em Foco\"],\"inLanguage\":\"pt-BR\"},{\"@type\":\"WebPage\",\"@id\":\"https:\/\/www.notibras.com\/site\/campanha-alerta-para-riscos-do-glaucoma-e-como-prevenir\/\",\"url\":\"https:\/\/www.notibras.com\/site\/campanha-alerta-para-riscos-do-glaucoma-e-como-prevenir\/\",\"name\":\"Campanha alerta para riscos do glaucoma e como prevenir - Notibras\",\"isPartOf\":{\"@id\":\"https:\/\/www.notibras.com\/site\/#website\"},\"primaryImageOfPage\":{\"@id\":\"https:\/\/www.notibras.com\/site\/campanha-alerta-para-riscos-do-glaucoma-e-como-prevenir\/#primaryimage\"},\"image\":{\"@id\":\"https:\/\/www.notibras.com\/site\/campanha-alerta-para-riscos-do-glaucoma-e-como-prevenir\/#primaryimage\"},\"thumbnailUrl\":\"https:\/\/www.notibras.com\/site\/wp-content\/uploads\/2023\/12\/galucoma.2.webp\",\"datePublished\":\"2023-12-03T18:11:11+00:00\",\"dateModified\":\"2023-12-03T20:37:54+00:00\",\"breadcrumb\":{\"@id\":\"https:\/\/www.notibras.com\/site\/campanha-alerta-para-riscos-do-glaucoma-e-como-prevenir\/#breadcrumb\"},\"inLanguage\":\"pt-BR\",\"potentialAction\":[{\"@type\":\"ReadAction\",\"target\":[\"https:\/\/www.notibras.com\/site\/campanha-alerta-para-riscos-do-glaucoma-e-como-prevenir\/\"]}]},{\"@type\":\"ImageObject\",\"inLanguage\":\"pt-BR\",\"@id\":\"https:\/\/www.notibras.com\/site\/campanha-alerta-para-riscos-do-glaucoma-e-como-prevenir\/#primaryimage\",\"url\":\"https:\/\/www.notibras.com\/site\/wp-content\/uploads\/2023\/12\/galucoma.2.webp\",\"contentUrl\":\"https:\/\/www.notibras.com\/site\/wp-content\/uploads\/2023\/12\/galucoma.2.webp\",\"width\":1170,\"height\":700},{\"@type\":\"BreadcrumbList\",\"@id\":\"https:\/\/www.notibras.com\/site\/campanha-alerta-para-riscos-do-glaucoma-e-como-prevenir\/#breadcrumb\",\"itemListElement\":[{\"@type\":\"ListItem\",\"position\":1,\"name\":\"In\u00edcio\",\"item\":\"https:\/\/www.notibras.com\/site\/\"},{\"@type\":\"ListItem\",\"position\":2,\"name\":\"Campanha alerta para riscos do glaucoma e como prevenir\"}]},{\"@type\":\"WebSite\",\"@id\":\"https:\/\/www.notibras.com\/site\/#website\",\"url\":\"https:\/\/www.notibras.com\/site\/\",\"name\":\"Notibras\",\"description\":\"Not\u00edcias de Bras\u00edlia, do Brasil e do Mundo\",\"publisher\":{\"@id\":\"https:\/\/www.notibras.com\/site\/#organization\"},\"potentialAction\":[{\"@type\":\"SearchAction\",\"target\":{\"@type\":\"EntryPoint\",\"urlTemplate\":\"https:\/\/www.notibras.com\/site\/?s={search_term_string}\"},\"query-input\":{\"@type\":\"PropertyValueSpecification\",\"valueRequired\":true,\"valueName\":\"search_term_string\"}}],\"inLanguage\":\"pt-BR\"},{\"@type\":\"Organization\",\"@id\":\"https:\/\/www.notibras.com\/site\/#organization\",\"name\":\"Grupo Notibras de Comunica\u00e7\u00e3o\",\"url\":\"https:\/\/www.notibras.com\/site\/\",\"logo\":{\"@type\":\"ImageObject\",\"inLanguage\":\"pt-BR\",\"@id\":\"https:\/\/www.notibras.com\/site\/#\/schema\/logo\/image\/\",\"url\":\"https:\/\/www.notibras.com\/site\/wp-content\/uploads\/2023\/01\/notibras23.png\",\"contentUrl\":\"https:\/\/www.notibras.com\/site\/wp-content\/uploads\/2023\/01\/notibras23.png\",\"width\":350,\"height\":87,\"caption\":\"Grupo Notibras de Comunica\u00e7\u00e3o\"},\"image\":{\"@id\":\"https:\/\/www.notibras.com\/site\/#\/schema\/logo\/image\/\"},\"sameAs\":[\"https:\/\/www.facebook.com\/notibras\/\",\"https:\/\/x.com\/Notibras\",\"https:\/\/www.instagram.com\/notibras\/\"]},{\"@type\":\"Person\",\"@id\":\"https:\/\/www.notibras.com\/site\/#\/schema\/person\/36ab0979449956132d3e5b517ea76ac8\",\"name\":\"Reda\u00e7\u00e3o\",\"image\":{\"@type\":\"ImageObject\",\"inLanguage\":\"pt-BR\",\"@id\":\"https:\/\/secure.gravatar.com\/avatar\/e0a867bdedb85fd243eadf09663511f96fc81e0720a4a42581f334ad4303aa6b?s=96&d=mm&r=g\",\"url\":\"https:\/\/secure.gravatar.com\/avatar\/e0a867bdedb85fd243eadf09663511f96fc81e0720a4a42581f334ad4303aa6b?s=96&d=mm&r=g\",\"contentUrl\":\"https:\/\/secure.gravatar.com\/avatar\/e0a867bdedb85fd243eadf09663511f96fc81e0720a4a42581f334ad4303aa6b?s=96&d=mm&r=g\",\"caption\":\"Reda\u00e7\u00e3o\"}}]}<\/script>\n<!-- \/ Yoast SEO plugin. -->","yoast_head_json":{"title":"Campanha alerta para riscos do glaucoma e como prevenir - Notibras","robots":{"index":"index","follow":"follow","max-snippet":"max-snippet:-1","max-image-preview":"max-image-preview:large","max-video-preview":"max-video-preview:-1"},"canonical":"https:\/\/www.notibras.com\/site\/campanha-alerta-para-riscos-do-glaucoma-e-como-prevenir\/","og_locale":"pt_BR","og_type":"article","og_title":"Campanha alerta para riscos do glaucoma e como prevenir - Notibras","og_description":"Entre os dias 7 e 15 de dezembro, quem for aos cinemas de 125 cidades do Brasil assistir\u00e1 a filme de 29 segundos com alerta sobre os riscos do glaucoma, causa mais comum da cegueira irrevers\u00edvel no mundo. A campanha da Sociedade Brasileira de Glaucoma (SBG) quer mostrar a import\u00e2ncia dos exames preventivos com oftalmologista. [&hellip;]","og_url":"https:\/\/www.notibras.com\/site\/campanha-alerta-para-riscos-do-glaucoma-e-como-prevenir\/","og_site_name":"Notibras","article_publisher":"https:\/\/www.facebook.com\/notibras\/","article_published_time":"2023-12-03T18:11:11+00:00","article_modified_time":"2023-12-03T20:37:54+00:00","og_image":[{"width":1170,"height":700,"url":"https:\/\/www.notibras.com\/site\/wp-content\/uploads\/2023\/12\/galucoma.2.webp","type":"image\/webp"}],"author":"Reda\u00e7\u00e3o","twitter_card":"summary_large_image","twitter_creator":"@Notibras","twitter_site":"@Notibras","twitter_misc":{"Escrito por":"Reda\u00e7\u00e3o","Est. tempo de leitura":"5 minutos"},"schema":{"@context":"https:\/\/schema.org","@graph":[{"@type":"Article","@id":"https:\/\/www.notibras.com\/site\/campanha-alerta-para-riscos-do-glaucoma-e-como-prevenir\/#article","isPartOf":{"@id":"https:\/\/www.notibras.com\/site\/campanha-alerta-para-riscos-do-glaucoma-e-como-prevenir\/"},"author":{"name":"Reda\u00e7\u00e3o","@id":"https:\/\/www.notibras.com\/site\/#\/schema\/person\/36ab0979449956132d3e5b517ea76ac8"},"headline":"Campanha alerta para riscos do glaucoma e como prevenir","datePublished":"2023-12-03T18:11:11+00:00","dateModified":"2023-12-03T20:37:54+00:00","mainEntityOfPage":{"@id":"https:\/\/www.notibras.com\/site\/campanha-alerta-para-riscos-do-glaucoma-e-como-prevenir\/"},"wordCount":801,"publisher":{"@id":"https:\/\/www.notibras.com\/site\/#organization"},"image":{"@id":"https:\/\/www.notibras.com\/site\/campanha-alerta-para-riscos-do-glaucoma-e-como-prevenir\/#primaryimage"},"thumbnailUrl":"https:\/\/www.notibras.com\/site\/wp-content\/uploads\/2023\/12\/galucoma.2.webp","keywords":["capa"],"articleSection":["Quadradinho em Foco"],"inLanguage":"pt-BR"},{"@type":"WebPage","@id":"https:\/\/www.notibras.com\/site\/campanha-alerta-para-riscos-do-glaucoma-e-como-prevenir\/","url":"https:\/\/www.notibras.com\/site\/campanha-alerta-para-riscos-do-glaucoma-e-como-prevenir\/","name":"Campanha alerta para riscos do glaucoma e como prevenir - Notibras","isPartOf":{"@id":"https:\/\/www.notibras.com\/site\/#website"},"primaryImageOfPage":{"@id":"https:\/\/www.notibras.com\/site\/campanha-alerta-para-riscos-do-glaucoma-e-como-prevenir\/#primaryimage"},"image":{"@id":"https:\/\/www.notibras.com\/site\/campanha-alerta-para-riscos-do-glaucoma-e-como-prevenir\/#primaryimage"},"thumbnailUrl":"https:\/\/www.notibras.com\/site\/wp-content\/uploads\/2023\/12\/galucoma.2.webp","datePublished":"2023-12-03T18:11:11+00:00","dateModified":"2023-12-03T20:37:54+00:00","breadcrumb":{"@id":"https:\/\/www.notibras.com\/site\/campanha-alerta-para-riscos-do-glaucoma-e-como-prevenir\/#breadcrumb"},"inLanguage":"pt-BR","potentialAction":[{"@type":"ReadAction","target":["https:\/\/www.notibras.com\/site\/campanha-alerta-para-riscos-do-glaucoma-e-como-prevenir\/"]}]},{"@type":"ImageObject","inLanguage":"pt-BR","@id":"https:\/\/www.notibras.com\/site\/campanha-alerta-para-riscos-do-glaucoma-e-como-prevenir\/#primaryimage","url":"https:\/\/www.notibras.com\/site\/wp-content\/uploads\/2023\/12\/galucoma.2.webp","contentUrl":"https:\/\/www.notibras.com\/site\/wp-content\/uploads\/2023\/12\/galucoma.2.webp","width":1170,"height":700},{"@type":"BreadcrumbList","@id":"https:\/\/www.notibras.com\/site\/campanha-alerta-para-riscos-do-glaucoma-e-como-prevenir\/#breadcrumb","itemListElement":[{"@type":"ListItem","position":1,"name":"In\u00edcio","item":"https:\/\/www.notibras.com\/site\/"},{"@type":"ListItem","position":2,"name":"Campanha alerta para riscos do glaucoma e como prevenir"}]},{"@type":"WebSite","@id":"https:\/\/www.notibras.com\/site\/#website","url":"https:\/\/www.notibras.com\/site\/","name":"Notibras","description":"Not\u00edcias de Bras\u00edlia, do Brasil e do Mundo","publisher":{"@id":"https:\/\/www.notibras.com\/site\/#organization"},"potentialAction":[{"@type":"SearchAction","target":{"@type":"EntryPoint","urlTemplate":"https:\/\/www.notibras.com\/site\/?s={search_term_string}"},"query-input":{"@type":"PropertyValueSpecification","valueRequired":true,"valueName":"search_term_string"}}],"inLanguage":"pt-BR"},{"@type":"Organization","@id":"https:\/\/www.notibras.com\/site\/#organization","name":"Grupo Notibras de Comunica\u00e7\u00e3o","url":"https:\/\/www.notibras.com\/site\/","logo":{"@type":"ImageObject","inLanguage":"pt-BR","@id":"https:\/\/www.notibras.com\/site\/#\/schema\/logo\/image\/","url":"https:\/\/www.notibras.com\/site\/wp-content\/uploads\/2023\/01\/notibras23.png","contentUrl":"https:\/\/www.notibras.com\/site\/wp-content\/uploads\/2023\/01\/notibras23.png","width":350,"height":87,"caption":"Grupo Notibras de Comunica\u00e7\u00e3o"},"image":{"@id":"https:\/\/www.notibras.com\/site\/#\/schema\/logo\/image\/"},"sameAs":["https:\/\/www.facebook.com\/notibras\/","https:\/\/x.com\/Notibras","https:\/\/www.instagram.com\/notibras\/"]},{"@type":"Person","@id":"https:\/\/www.notibras.com\/site\/#\/schema\/person\/36ab0979449956132d3e5b517ea76ac8","name":"Reda\u00e7\u00e3o","image":{"@type":"ImageObject","inLanguage":"pt-BR","@id":"https:\/\/secure.gravatar.com\/avatar\/e0a867bdedb85fd243eadf09663511f96fc81e0720a4a42581f334ad4303aa6b?s=96&d=mm&r=g","url":"https:\/\/secure.gravatar.com\/avatar\/e0a867bdedb85fd243eadf09663511f96fc81e0720a4a42581f334ad4303aa6b?s=96&d=mm&r=g","contentUrl":"https:\/\/secure.gravatar.com\/avatar\/e0a867bdedb85fd243eadf09663511f96fc81e0720a4a42581f334ad4303aa6b?s=96&d=mm&r=g","caption":"Reda\u00e7\u00e3o"}}]}},"amp_enabled":true,"_links":{"self":[{"href":"https:\/\/www.notibras.com\/site\/wp-json\/wp\/v2\/posts\/318357","targetHints":{"allow":["GET"]}}],"collection":[{"href":"https:\/\/www.notibras.com\/site\/wp-json\/wp\/v2\/posts"}],"about":[{"href":"https:\/\/www.notibras.com\/site\/wp-json\/wp\/v2\/types\/post"}],"author":[{"embeddable":true,"href":"https:\/\/www.notibras.com\/site\/wp-json\/wp\/v2\/users\/2"}],"replies":[{"embeddable":true,"href":"https:\/\/www.notibras.com\/site\/wp-json\/wp\/v2\/comments?post=318357"}],"version-history":[{"count":1,"href":"https:\/\/www.notibras.com\/site\/wp-json\/wp\/v2\/posts\/318357\/revisions"}],"predecessor-version":[{"id":318359,"href":"https:\/\/www.notibras.com\/site\/wp-json\/wp\/v2\/posts\/318357\/revisions\/318359"}],"wp:featuredmedia":[{"embeddable":true,"href":"https:\/\/www.notibras.com\/site\/wp-json\/wp\/v2\/media\/318358"}],"wp:attachment":[{"href":"https:\/\/www.notibras.com\/site\/wp-json\/wp\/v2\/media?parent=318357"}],"wp:term":[{"taxonomy":"category","embeddable":true,"href":"https:\/\/www.notibras.com\/site\/wp-json\/wp\/v2\/categories?post=318357"},{"taxonomy":"post_tag","embeddable":true,"href":"https:\/\/www.notibras.com\/site\/wp-json\/wp\/v2\/tags?post=318357"}],"curies":[{"name":"wp","href":"https:\/\/api.w.org\/{rel}","templated":true}]}}