{"id":318385,"date":"2023-12-04T07:06:17","date_gmt":"2023-12-04T10:06:17","guid":{"rendered":"https:\/\/www.notibras.com\/site\/?p=318385"},"modified":"2023-12-10T11:51:48","modified_gmt":"2023-12-10T14:51:48","slug":"teodoro-idoso-recolhido-sorri-com-presentes-natalinos","status":"publish","type":"post","link":"https:\/\/www.notibras.com\/site\/teodoro-idoso-recolhido-sorri-com-presentes-natalinos\/","title":{"rendered":"Teodoro, idoso recolhido, sorri com presentes natalinos"},"content":{"rendered":"<p>Era uma noite de clima ameno de Natal, e todos na pequena cidade estavam ocupados com os preparativos para a festa. Todos, exceto um idoso solit\u00e1rio chamado Sr. Teodoro. Ele morava em uma casa modesta no final da rua e, embora fosse amig\u00e1vel, muitas vezes era esquecido pela agita\u00e7\u00e3o do Natal.<\/p>\n<p>Um grupo de crian\u00e7as, conscientes da solid\u00e3o do Sr. Teodoro, decidiu fazer algo especial para ele naquela v\u00e9spera de Natal. Cada crian\u00e7a contribuiu com algo, desde biscoitos caseiros at\u00e9 desenhos e cart\u00f5es feitos \u00e0 m\u00e3o. Juntos, eles criaram um presente cheio de amor e cuidado.<\/p>\n<p>Quando bateram \u00e0 porta do Sr. Teodoro, ele ficou surpreso ao encontrar as crian\u00e7as sorrindo e segurando um pacote cuidadosamente embrulhado. Ao abrir o presente, l\u00e1grimas de gratid\u00e3o encheram seus olhos. O calor do gesto simples das crian\u00e7as preencheu o vazio que ele sentia.<\/p>\n<p>Naquela noite, a cidade inteira se uniu para compartilhar hist\u00f3rias, can\u00e7\u00f5es e risadas na casa do Sr. Teodoro. O presente esquecido se transformou em um s\u00edmbolo do verdadeiro esp\u00edrito natalino: a alegria de dar e a import\u00e2ncia de n\u00e3o esquecer aqueles que podem estar solit\u00e1rios durante a temporada festiva.<\/p>\n<p>Essa hist\u00f3ria, contada por minha amiga Ia, aconteceu logo ali, na divisa do Distrito Federal com Goi\u00e1s. Faz pouco tempo. E pode se repetir l\u00e1 ou em outras cidades. Vai depender do cora\u00e7\u00e3o de cada um de n\u00f3s.<\/p>\n<p><strong>*Aos nossos leitores:\u00a0<em>Notibras<\/em>\u00a0abriu este espa\u00e7o editorial para o segmento PcD. Para que possamos interagir, mostrarmos que somos pessoas comuns. Encaminhe sugest\u00f5es, mande seus textos. Prometo que tudo ser\u00e1 bem recebido e aproveitado. Meu WhasApp \u00e9 +55 61 98425-4895.<\/strong><\/p>\n","protected":false},"excerpt":{"rendered":"<p>Era uma noite de clima ameno de Natal, e todos na pequena cidade estavam ocupados com os preparativos para a festa. Todos, exceto um idoso solit\u00e1rio chamado Sr. Teodoro. Ele morava em uma casa modesta no final da rua e, embora fosse amig\u00e1vel, muitas vezes era esquecido pela agita\u00e7\u00e3o do Natal. Um grupo de crian\u00e7as, [&hellip;]<\/p>\n","protected":false},"author":2,"featured_media":318386,"comment_status":"closed","ping_status":"closed","sticky":false,"template":"","format":"standard","meta":{"_acf_changed":false,"footnotes":""},"categories":[161],"tags":[],"class_list":["post-318385","post","type-post","status-publish","format-standard","has-post-thumbnail","hentry","category-quadradinho-em-foco"],"acf":[],"yoast_head":"<!-- This site is optimized with the Yoast SEO plugin v27.2 - https:\/\/yoast.com\/product\/yoast-seo-wordpress\/ -->\n<title>Teodoro, idoso recolhido, sorri com presentes natalinos - Notibras<\/title>\n<meta name=\"robots\" content=\"index, follow, max-snippet:-1, max-image-preview:large, max-video-preview:-1\" \/>\n<link rel=\"canonical\" href=\"https:\/\/www.notibras.com\/site\/teodoro-idoso-recolhido-sorri-com-presentes-natalinos\/\" \/>\n<meta property=\"og:locale\" content=\"pt_BR\" \/>\n<meta property=\"og:type\" content=\"article\" \/>\n<meta property=\"og:title\" content=\"Teodoro, idoso recolhido, sorri com presentes natalinos - Notibras\" \/>\n<meta property=\"og:description\" content=\"Era uma noite de clima ameno de Natal, e todos na pequena cidade estavam ocupados com os preparativos para a festa. Todos, exceto um idoso solit\u00e1rio chamado Sr. Teodoro. Ele morava em uma casa modesta no final da rua e, embora fosse amig\u00e1vel, muitas vezes era esquecido pela agita\u00e7\u00e3o do Natal. Um grupo de crian\u00e7as, [&hellip;]\" \/>\n<meta property=\"og:url\" content=\"https:\/\/www.notibras.com\/site\/teodoro-idoso-recolhido-sorri-com-presentes-natalinos\/\" \/>\n<meta property=\"og:site_name\" content=\"Notibras\" \/>\n<meta property=\"article:publisher\" content=\"https:\/\/www.facebook.com\/notibras\/\" \/>\n<meta property=\"article:published_time\" content=\"2023-12-04T10:06:17+00:00\" \/>\n<meta property=\"article:modified_time\" content=\"2023-12-10T14:51:48+00:00\" \/>\n<meta property=\"og:image\" content=\"https:\/\/www.notibras.com\/site\/wp-content\/uploads\/2023\/12\/natalteodoro.webp\" \/>\n\t<meta property=\"og:image:width\" content=\"1200\" \/>\n\t<meta property=\"og:image:height\" content=\"675\" \/>\n\t<meta property=\"og:image:type\" content=\"image\/webp\" \/>\n<meta name=\"author\" content=\"Reda\u00e7\u00e3o\" \/>\n<meta name=\"twitter:card\" content=\"summary_large_image\" \/>\n<meta name=\"twitter:creator\" content=\"@Notibras\" \/>\n<meta name=\"twitter:site\" content=\"@Notibras\" \/>\n<meta name=\"twitter:label1\" content=\"Escrito por\" \/>\n\t<meta name=\"twitter:data1\" content=\"Reda\u00e7\u00e3o\" \/>\n\t<meta name=\"twitter:label2\" content=\"Est. tempo de leitura\" \/>\n\t<meta name=\"twitter:data2\" content=\"2 minutos\" \/>\n<script type=\"application\/ld+json\" class=\"yoast-schema-graph\">{\"@context\":\"https:\/\/schema.org\",\"@graph\":[{\"@type\":\"Article\",\"@id\":\"https:\/\/www.notibras.com\/site\/teodoro-idoso-recolhido-sorri-com-presentes-natalinos\/#article\",\"isPartOf\":{\"@id\":\"https:\/\/www.notibras.com\/site\/teodoro-idoso-recolhido-sorri-com-presentes-natalinos\/\"},\"author\":{\"name\":\"Reda\u00e7\u00e3o\",\"@id\":\"https:\/\/www.notibras.com\/site\/#\/schema\/person\/36ab0979449956132d3e5b517ea76ac8\"},\"headline\":\"Teodoro, idoso recolhido, sorri com presentes natalinos\",\"datePublished\":\"2023-12-04T10:06:17+00:00\",\"dateModified\":\"2023-12-10T14:51:48+00:00\",\"mainEntityOfPage\":{\"@id\":\"https:\/\/www.notibras.com\/site\/teodoro-idoso-recolhido-sorri-com-presentes-natalinos\/\"},\"wordCount\":295,\"publisher\":{\"@id\":\"https:\/\/www.notibras.com\/site\/#organization\"},\"image\":{\"@id\":\"https:\/\/www.notibras.com\/site\/teodoro-idoso-recolhido-sorri-com-presentes-natalinos\/#primaryimage\"},\"thumbnailUrl\":\"https:\/\/www.notibras.com\/site\/wp-content\/uploads\/2023\/12\/natalteodoro.webp\",\"articleSection\":[\"Quadradinho em Foco\"],\"inLanguage\":\"pt-BR\"},{\"@type\":\"WebPage\",\"@id\":\"https:\/\/www.notibras.com\/site\/teodoro-idoso-recolhido-sorri-com-presentes-natalinos\/\",\"url\":\"https:\/\/www.notibras.com\/site\/teodoro-idoso-recolhido-sorri-com-presentes-natalinos\/\",\"name\":\"Teodoro, idoso recolhido, sorri com presentes natalinos - Notibras\",\"isPartOf\":{\"@id\":\"https:\/\/www.notibras.com\/site\/#website\"},\"primaryImageOfPage\":{\"@id\":\"https:\/\/www.notibras.com\/site\/teodoro-idoso-recolhido-sorri-com-presentes-natalinos\/#primaryimage\"},\"image\":{\"@id\":\"https:\/\/www.notibras.com\/site\/teodoro-idoso-recolhido-sorri-com-presentes-natalinos\/#primaryimage\"},\"thumbnailUrl\":\"https:\/\/www.notibras.com\/site\/wp-content\/uploads\/2023\/12\/natalteodoro.webp\",\"datePublished\":\"2023-12-04T10:06:17+00:00\",\"dateModified\":\"2023-12-10T14:51:48+00:00\",\"breadcrumb\":{\"@id\":\"https:\/\/www.notibras.com\/site\/teodoro-idoso-recolhido-sorri-com-presentes-natalinos\/#breadcrumb\"},\"inLanguage\":\"pt-BR\",\"potentialAction\":[{\"@type\":\"ReadAction\",\"target\":[\"https:\/\/www.notibras.com\/site\/teodoro-idoso-recolhido-sorri-com-presentes-natalinos\/\"]}]},{\"@type\":\"ImageObject\",\"inLanguage\":\"pt-BR\",\"@id\":\"https:\/\/www.notibras.com\/site\/teodoro-idoso-recolhido-sorri-com-presentes-natalinos\/#primaryimage\",\"url\":\"https:\/\/www.notibras.com\/site\/wp-content\/uploads\/2023\/12\/natalteodoro.webp\",\"contentUrl\":\"https:\/\/www.notibras.com\/site\/wp-content\/uploads\/2023\/12\/natalteodoro.webp\",\"width\":1200,\"height\":675},{\"@type\":\"BreadcrumbList\",\"@id\":\"https:\/\/www.notibras.com\/site\/teodoro-idoso-recolhido-sorri-com-presentes-natalinos\/#breadcrumb\",\"itemListElement\":[{\"@type\":\"ListItem\",\"position\":1,\"name\":\"In\u00edcio\",\"item\":\"https:\/\/www.notibras.com\/site\/\"},{\"@type\":\"ListItem\",\"position\":2,\"name\":\"Teodoro, idoso recolhido, sorri com presentes natalinos\"}]},{\"@type\":\"WebSite\",\"@id\":\"https:\/\/www.notibras.com\/site\/#website\",\"url\":\"https:\/\/www.notibras.com\/site\/\",\"name\":\"Notibras\",\"description\":\"Not\u00edcias de Bras\u00edlia, do Brasil e do Mundo\",\"publisher\":{\"@id\":\"https:\/\/www.notibras.com\/site\/#organization\"},\"potentialAction\":[{\"@type\":\"SearchAction\",\"target\":{\"@type\":\"EntryPoint\",\"urlTemplate\":\"https:\/\/www.notibras.com\/site\/?s={search_term_string}\"},\"query-input\":{\"@type\":\"PropertyValueSpecification\",\"valueRequired\":true,\"valueName\":\"search_term_string\"}}],\"inLanguage\":\"pt-BR\"},{\"@type\":\"Organization\",\"@id\":\"https:\/\/www.notibras.com\/site\/#organization\",\"name\":\"Grupo Notibras de Comunica\u00e7\u00e3o\",\"url\":\"https:\/\/www.notibras.com\/site\/\",\"logo\":{\"@type\":\"ImageObject\",\"inLanguage\":\"pt-BR\",\"@id\":\"https:\/\/www.notibras.com\/site\/#\/schema\/logo\/image\/\",\"url\":\"https:\/\/www.notibras.com\/site\/wp-content\/uploads\/2023\/01\/notibras23.png\",\"contentUrl\":\"https:\/\/www.notibras.com\/site\/wp-content\/uploads\/2023\/01\/notibras23.png\",\"width\":350,\"height\":87,\"caption\":\"Grupo Notibras de Comunica\u00e7\u00e3o\"},\"image\":{\"@id\":\"https:\/\/www.notibras.com\/site\/#\/schema\/logo\/image\/\"},\"sameAs\":[\"https:\/\/www.facebook.com\/notibras\/\",\"https:\/\/x.com\/Notibras\",\"https:\/\/www.instagram.com\/notibras\/\"]},{\"@type\":\"Person\",\"@id\":\"https:\/\/www.notibras.com\/site\/#\/schema\/person\/36ab0979449956132d3e5b517ea76ac8\",\"name\":\"Reda\u00e7\u00e3o\",\"image\":{\"@type\":\"ImageObject\",\"inLanguage\":\"pt-BR\",\"@id\":\"https:\/\/secure.gravatar.com\/avatar\/e0a867bdedb85fd243eadf09663511f96fc81e0720a4a42581f334ad4303aa6b?s=96&d=mm&r=g\",\"url\":\"https:\/\/secure.gravatar.com\/avatar\/e0a867bdedb85fd243eadf09663511f96fc81e0720a4a42581f334ad4303aa6b?s=96&d=mm&r=g\",\"contentUrl\":\"https:\/\/secure.gravatar.com\/avatar\/e0a867bdedb85fd243eadf09663511f96fc81e0720a4a42581f334ad4303aa6b?s=96&d=mm&r=g\",\"caption\":\"Reda\u00e7\u00e3o\"}}]}<\/script>\n<!-- \/ Yoast SEO plugin. -->","yoast_head_json":{"title":"Teodoro, idoso recolhido, sorri com presentes natalinos - Notibras","robots":{"index":"index","follow":"follow","max-snippet":"max-snippet:-1","max-image-preview":"max-image-preview:large","max-video-preview":"max-video-preview:-1"},"canonical":"https:\/\/www.notibras.com\/site\/teodoro-idoso-recolhido-sorri-com-presentes-natalinos\/","og_locale":"pt_BR","og_type":"article","og_title":"Teodoro, idoso recolhido, sorri com presentes natalinos - Notibras","og_description":"Era uma noite de clima ameno de Natal, e todos na pequena cidade estavam ocupados com os preparativos para a festa. Todos, exceto um idoso solit\u00e1rio chamado Sr. Teodoro. Ele morava em uma casa modesta no final da rua e, embora fosse amig\u00e1vel, muitas vezes era esquecido pela agita\u00e7\u00e3o do Natal. Um grupo de crian\u00e7as, [&hellip;]","og_url":"https:\/\/www.notibras.com\/site\/teodoro-idoso-recolhido-sorri-com-presentes-natalinos\/","og_site_name":"Notibras","article_publisher":"https:\/\/www.facebook.com\/notibras\/","article_published_time":"2023-12-04T10:06:17+00:00","article_modified_time":"2023-12-10T14:51:48+00:00","og_image":[{"width":1200,"height":675,"url":"https:\/\/www.notibras.com\/site\/wp-content\/uploads\/2023\/12\/natalteodoro.webp","type":"image\/webp"}],"author":"Reda\u00e7\u00e3o","twitter_card":"summary_large_image","twitter_creator":"@Notibras","twitter_site":"@Notibras","twitter_misc":{"Escrito por":"Reda\u00e7\u00e3o","Est. tempo de leitura":"2 minutos"},"schema":{"@context":"https:\/\/schema.org","@graph":[{"@type":"Article","@id":"https:\/\/www.notibras.com\/site\/teodoro-idoso-recolhido-sorri-com-presentes-natalinos\/#article","isPartOf":{"@id":"https:\/\/www.notibras.com\/site\/teodoro-idoso-recolhido-sorri-com-presentes-natalinos\/"},"author":{"name":"Reda\u00e7\u00e3o","@id":"https:\/\/www.notibras.com\/site\/#\/schema\/person\/36ab0979449956132d3e5b517ea76ac8"},"headline":"Teodoro, idoso recolhido, sorri com presentes natalinos","datePublished":"2023-12-04T10:06:17+00:00","dateModified":"2023-12-10T14:51:48+00:00","mainEntityOfPage":{"@id":"https:\/\/www.notibras.com\/site\/teodoro-idoso-recolhido-sorri-com-presentes-natalinos\/"},"wordCount":295,"publisher":{"@id":"https:\/\/www.notibras.com\/site\/#organization"},"image":{"@id":"https:\/\/www.notibras.com\/site\/teodoro-idoso-recolhido-sorri-com-presentes-natalinos\/#primaryimage"},"thumbnailUrl":"https:\/\/www.notibras.com\/site\/wp-content\/uploads\/2023\/12\/natalteodoro.webp","articleSection":["Quadradinho em Foco"],"inLanguage":"pt-BR"},{"@type":"WebPage","@id":"https:\/\/www.notibras.com\/site\/teodoro-idoso-recolhido-sorri-com-presentes-natalinos\/","url":"https:\/\/www.notibras.com\/site\/teodoro-idoso-recolhido-sorri-com-presentes-natalinos\/","name":"Teodoro, idoso recolhido, sorri com presentes natalinos - Notibras","isPartOf":{"@id":"https:\/\/www.notibras.com\/site\/#website"},"primaryImageOfPage":{"@id":"https:\/\/www.notibras.com\/site\/teodoro-idoso-recolhido-sorri-com-presentes-natalinos\/#primaryimage"},"image":{"@id":"https:\/\/www.notibras.com\/site\/teodoro-idoso-recolhido-sorri-com-presentes-natalinos\/#primaryimage"},"thumbnailUrl":"https:\/\/www.notibras.com\/site\/wp-content\/uploads\/2023\/12\/natalteodoro.webp","datePublished":"2023-12-04T10:06:17+00:00","dateModified":"2023-12-10T14:51:48+00:00","breadcrumb":{"@id":"https:\/\/www.notibras.com\/site\/teodoro-idoso-recolhido-sorri-com-presentes-natalinos\/#breadcrumb"},"inLanguage":"pt-BR","potentialAction":[{"@type":"ReadAction","target":["https:\/\/www.notibras.com\/site\/teodoro-idoso-recolhido-sorri-com-presentes-natalinos\/"]}]},{"@type":"ImageObject","inLanguage":"pt-BR","@id":"https:\/\/www.notibras.com\/site\/teodoro-idoso-recolhido-sorri-com-presentes-natalinos\/#primaryimage","url":"https:\/\/www.notibras.com\/site\/wp-content\/uploads\/2023\/12\/natalteodoro.webp","contentUrl":"https:\/\/www.notibras.com\/site\/wp-content\/uploads\/2023\/12\/natalteodoro.webp","width":1200,"height":675},{"@type":"BreadcrumbList","@id":"https:\/\/www.notibras.com\/site\/teodoro-idoso-recolhido-sorri-com-presentes-natalinos\/#breadcrumb","itemListElement":[{"@type":"ListItem","position":1,"name":"In\u00edcio","item":"https:\/\/www.notibras.com\/site\/"},{"@type":"ListItem","position":2,"name":"Teodoro, idoso recolhido, sorri com presentes natalinos"}]},{"@type":"WebSite","@id":"https:\/\/www.notibras.com\/site\/#website","url":"https:\/\/www.notibras.com\/site\/","name":"Notibras","description":"Not\u00edcias de Bras\u00edlia, do Brasil e do Mundo","publisher":{"@id":"https:\/\/www.notibras.com\/site\/#organization"},"potentialAction":[{"@type":"SearchAction","target":{"@type":"EntryPoint","urlTemplate":"https:\/\/www.notibras.com\/site\/?s={search_term_string}"},"query-input":{"@type":"PropertyValueSpecification","valueRequired":true,"valueName":"search_term_string"}}],"inLanguage":"pt-BR"},{"@type":"Organization","@id":"https:\/\/www.notibras.com\/site\/#organization","name":"Grupo Notibras de Comunica\u00e7\u00e3o","url":"https:\/\/www.notibras.com\/site\/","logo":{"@type":"ImageObject","inLanguage":"pt-BR","@id":"https:\/\/www.notibras.com\/site\/#\/schema\/logo\/image\/","url":"https:\/\/www.notibras.com\/site\/wp-content\/uploads\/2023\/01\/notibras23.png","contentUrl":"https:\/\/www.notibras.com\/site\/wp-content\/uploads\/2023\/01\/notibras23.png","width":350,"height":87,"caption":"Grupo Notibras de Comunica\u00e7\u00e3o"},"image":{"@id":"https:\/\/www.notibras.com\/site\/#\/schema\/logo\/image\/"},"sameAs":["https:\/\/www.facebook.com\/notibras\/","https:\/\/x.com\/Notibras","https:\/\/www.instagram.com\/notibras\/"]},{"@type":"Person","@id":"https:\/\/www.notibras.com\/site\/#\/schema\/person\/36ab0979449956132d3e5b517ea76ac8","name":"Reda\u00e7\u00e3o","image":{"@type":"ImageObject","inLanguage":"pt-BR","@id":"https:\/\/secure.gravatar.com\/avatar\/e0a867bdedb85fd243eadf09663511f96fc81e0720a4a42581f334ad4303aa6b?s=96&d=mm&r=g","url":"https:\/\/secure.gravatar.com\/avatar\/e0a867bdedb85fd243eadf09663511f96fc81e0720a4a42581f334ad4303aa6b?s=96&d=mm&r=g","contentUrl":"https:\/\/secure.gravatar.com\/avatar\/e0a867bdedb85fd243eadf09663511f96fc81e0720a4a42581f334ad4303aa6b?s=96&d=mm&r=g","caption":"Reda\u00e7\u00e3o"}}]}},"amp_enabled":true,"_links":{"self":[{"href":"https:\/\/www.notibras.com\/site\/wp-json\/wp\/v2\/posts\/318385","targetHints":{"allow":["GET"]}}],"collection":[{"href":"https:\/\/www.notibras.com\/site\/wp-json\/wp\/v2\/posts"}],"about":[{"href":"https:\/\/www.notibras.com\/site\/wp-json\/wp\/v2\/types\/post"}],"author":[{"embeddable":true,"href":"https:\/\/www.notibras.com\/site\/wp-json\/wp\/v2\/users\/2"}],"replies":[{"embeddable":true,"href":"https:\/\/www.notibras.com\/site\/wp-json\/wp\/v2\/comments?post=318385"}],"version-history":[{"count":2,"href":"https:\/\/www.notibras.com\/site\/wp-json\/wp\/v2\/posts\/318385\/revisions"}],"predecessor-version":[{"id":318912,"href":"https:\/\/www.notibras.com\/site\/wp-json\/wp\/v2\/posts\/318385\/revisions\/318912"}],"wp:featuredmedia":[{"embeddable":true,"href":"https:\/\/www.notibras.com\/site\/wp-json\/wp\/v2\/media\/318386"}],"wp:attachment":[{"href":"https:\/\/www.notibras.com\/site\/wp-json\/wp\/v2\/media?parent=318385"}],"wp:term":[{"taxonomy":"category","embeddable":true,"href":"https:\/\/www.notibras.com\/site\/wp-json\/wp\/v2\/categories?post=318385"},{"taxonomy":"post_tag","embeddable":true,"href":"https:\/\/www.notibras.com\/site\/wp-json\/wp\/v2\/tags?post=318385"}],"curies":[{"name":"wp","href":"https:\/\/api.w.org\/{rel}","templated":true}]}}