{"id":318394,"date":"2023-12-04T00:00:29","date_gmt":"2023-12-04T03:00:29","guid":{"rendered":"https:\/\/www.notibras.com\/site\/?p=318394"},"modified":"2023-12-04T07:40:51","modified_gmt":"2023-12-04T10:40:51","slug":"mais-51-casais-formalizam-uniao-em-casamento-comunitario","status":"publish","type":"post","link":"https:\/\/www.notibras.com\/site\/mais-51-casais-formalizam-uniao-em-casamento-comunitario\/","title":{"rendered":"Mais 51 casais formalizam uni\u00e3o em casamento comunit\u00e1rio"},"content":{"rendered":"<p>&nbsp;<\/p>\n<p>Foi \u00e0s margens do Lago Parano\u00e1 que 51 noivos celebraram a uni\u00e3o civil na 8\u00aa edi\u00e7\u00e3o do Casamento Comunit\u00e1rio promovido pelo Governo do Distrito Federal (GDF). Essa foi a primeira vez que a solenidade ocorreu no Pont\u00e3o do Lago Sul. As edi\u00e7\u00f5es anteriores tiveram o audit\u00f3rio do Museu Nacional da Rep\u00fablica como cen\u00e1rio. Com a nova celebra\u00e7\u00e3o, o DF j\u00e1 ultrapassou a marca de mais de 300 casais beneficiados.<\/p>\n<p>O \u201csim\u201d dos nubentes ocorreu no fim da tarde deste domingo (3) em uma estrutura montada no Pont\u00e3o com direito a flores, m\u00fasica ao vivo e marcha nupcial. Diante da ju\u00edza de paz Mirtala Carvalho Delmondez, do cart\u00f3rio de Sobradinho, de autoridades locais e dos convidados, os casais mudaram o status de solteiros para casados em uma cerim\u00f4nia repleta de emo\u00e7\u00e3o.<\/p>\n<p>Desde a primeira edi\u00e7\u00e3o, em 2020, a pol\u00edtica p\u00fablica institu\u00edda por decreto tem como objetivo garantir os direitos civis da fam\u00edlia aos noivos e estimular o conv\u00edvio familiar. O programa \u00e9 voltado para casais residentes no DF, hipossuficientes e que desejam a habilita\u00e7\u00e3o, o registro e a certid\u00e3o de casamento.<\/p>\n<p>\u201cEstamos regulamentando a situa\u00e7\u00e3o de algumas pessoas que j\u00e1 est\u00e3o juntas h\u00e1 muito tempo. Isso \u00e9 a garantia de direitos e de cidadania, e mostra a dedica\u00e7\u00e3o do Governo do Distrito Federal\u201d, afirmou a secret\u00e1ria de Justi\u00e7a e Cidadania, Marcela Passamani.<\/p>\n<p>Todos os beneficiados ficam isentos dos custos e ainda t\u00eam acesso a vestido de noiva, terno, buqu\u00ea e maquiagem concedidos pelo GDF, por meio da Secretaria de Justi\u00e7a e Cidadania (Sejus-DF) e por parcerias com a sociedade civil e a iniciativa privada, a exemplo do Sistema S respons\u00e1vel pelo preparo das noivas que ocorreu no Senac, no Setor Comercial Sul.<\/p>\n<p>O diretor do Senac DF, Vitor Corr\u00eaa, celebrou mais um trabalho conjunto com o governo. \u201cQuero parabenizar com muita alegria o Governo do Distrito Federal por liderar esse programa t\u00e3o sens\u00edvel, carinhoso, respeitoso e amoroso. Os casais passaram a manh\u00e3 inteira conosco e nossos colaboradores e alunos que participaram da maquiagem e do preparo das noivas. S\u00e3o 57 anos de hist\u00f3ria contribuindo economicamente e socialmente com o DF\u201d, classificou.<\/p>\n<p>O esperado \u2018sim\u2019 dos casais foi dito em estrutura montada no Pont\u00e3o do Lago Sul<br \/>\nRespons\u00e1vel por ceder o espa\u00e7o da cerim\u00f4nia, a administradora do Pont\u00e3o, Sandra Campos, destacou a rela\u00e7\u00e3o do espa\u00e7o com as rela\u00e7\u00f5es rom\u00e2nticas. \u201cAqui foi o cen\u00e1rio de in\u00edcios felizes e agrade\u00e7o a Sejus de nos deixar fazer parte desse momento t\u00e3o especial agora que \u00e9 o casamento\u201d, revelou.<\/p>\n<p><strong>Sonhos realizados<\/strong><br \/>\nH\u00e1 12 anos morando junto com o noivo Francisco de Souza, a atendente Evani Pereira finalmente est\u00e1 realizando o sonho do casamento. \u201cSou grata a Deus por esse momento. O GDF est\u00e1 de parab\u00e9ns pelo projeto. Tem gente da minha fam\u00edlia que agora quer casar tamb\u00e9m\u201d, afirmou entre risos. Junto, o casal tem tr\u00eas filhos, a mais nova \u00e9 a Maria Lis de poucos meses. \u201cA gente sempre quis casar. O que impedia era a quest\u00e3o financeira. Creio que n\u00e3o teria condi\u00e7\u00f5es de fazer um casamento perfeito desse, com vestido e penteado\u201d, acrescentou.<\/p>\n<p>Foi num grupo de WhatsApp que o jardineiro Mauricio Carlos Celestino ficou sabendo do programa e disse para a companheira Nildes Silva, com quem est\u00e1 h\u00e1 15 anos, \u201cagora \u00e9 a nossa chance, vamos?\u201d. N\u00e3o demorou para a noiva inscrev\u00ea-los. \u201cEla j\u00e1 estava me pressionando h\u00e1 muito tempo, ent\u00e3o deu tudo certo. Tiro o chap\u00e9u para toda essa estrutura que \u00e9 top e praticamente tudo \u00e9 de gra\u00e7a. A equipe toda est\u00e1 de parab\u00e9ns e eu e minha esposa tamb\u00e9m\u201d, definiu.<\/p>\n<p>O aposentado Francisco Batista de Assis, 67 anos, viu no Casamento Comunit\u00e1rio a chance de oficializar a uni\u00e3o de oito anos com Maria Jos\u00e9 Moreira Furtado, 64. \u201cj\u00e1 estamos com idade avan\u00e7ada. Ent\u00e3o a gente resolveu se casar e c\u00e1 estamos para ter mais paz na velhice. O cora\u00e7\u00e3o est\u00e1 a mil\u201d, comentou.<\/p>\n<p>A cozinheira Elizete Monteiro vive junto com Carlos da Silva h\u00e1 30 anos, mas s\u00f3 agora tiveram a chance de casar e a cerim\u00f4nia foi ainda mais especial do que eles imaginaram. A filha deles, a auxiliar de inform\u00e1tica Karen Souza, tamb\u00e9m casou com o companheiro Persus Menet, com quem j\u00e1 estava h\u00e1 11 anos.<\/p>\n<p>\u201cMe inscrevi e n\u00e3o fui sorteada. Tinha ficado triste. Quase na \u00faltima etapa do 8\u00aa Casamento Comunit\u00e1rio me ligaram chamando para vir. Inclusive minha filha tamb\u00e9m est\u00e1 casando aqui hoje. Hoje \u00e9 um dia muito feliz\u201d, afirmou Elizete.<\/p>\n","protected":false},"excerpt":{"rendered":"<p>&nbsp; Foi \u00e0s margens do Lago Parano\u00e1 que 51 noivos celebraram a uni\u00e3o civil na 8\u00aa edi\u00e7\u00e3o do Casamento Comunit\u00e1rio promovido pelo Governo do Distrito Federal (GDF). Essa foi a primeira vez que a solenidade ocorreu no Pont\u00e3o do Lago Sul. As edi\u00e7\u00f5es anteriores tiveram o audit\u00f3rio do Museu Nacional da Rep\u00fablica como cen\u00e1rio. Com [&hellip;]<\/p>\n","protected":false},"author":2,"featured_media":318395,"comment_status":"closed","ping_status":"closed","sticky":false,"template":"","format":"standard","meta":{"_acf_changed":false,"footnotes":""},"categories":[161],"tags":[],"class_list":["post-318394","post","type-post","status-publish","format-standard","has-post-thumbnail","hentry","category-quadradinho-em-foco"],"acf":[],"yoast_head":"<!-- This site is optimized with the Yoast SEO plugin v27.2 - https:\/\/yoast.com\/product\/yoast-seo-wordpress\/ -->\n<title>Mais 51 casais formalizam uni\u00e3o em casamento comunit\u00e1rio - Notibras<\/title>\n<meta name=\"robots\" content=\"index, follow, max-snippet:-1, max-image-preview:large, max-video-preview:-1\" \/>\n<link rel=\"canonical\" href=\"https:\/\/www.notibras.com\/site\/mais-51-casais-formalizam-uniao-em-casamento-comunitario\/\" \/>\n<meta property=\"og:locale\" content=\"pt_BR\" \/>\n<meta property=\"og:type\" content=\"article\" \/>\n<meta property=\"og:title\" content=\"Mais 51 casais formalizam uni\u00e3o em casamento comunit\u00e1rio - Notibras\" \/>\n<meta property=\"og:description\" content=\"&nbsp; Foi \u00e0s margens do Lago Parano\u00e1 que 51 noivos celebraram a uni\u00e3o civil na 8\u00aa edi\u00e7\u00e3o do Casamento Comunit\u00e1rio promovido pelo Governo do Distrito Federal (GDF). Essa foi a primeira vez que a solenidade ocorreu no Pont\u00e3o do Lago Sul. As edi\u00e7\u00f5es anteriores tiveram o audit\u00f3rio do Museu Nacional da Rep\u00fablica como cen\u00e1rio. Com [&hellip;]\" \/>\n<meta property=\"og:url\" content=\"https:\/\/www.notibras.com\/site\/mais-51-casais-formalizam-uniao-em-casamento-comunitario\/\" \/>\n<meta property=\"og:site_name\" content=\"Notibras\" \/>\n<meta property=\"article:publisher\" content=\"https:\/\/www.facebook.com\/notibras\/\" \/>\n<meta property=\"article:published_time\" content=\"2023-12-04T03:00:29+00:00\" \/>\n<meta property=\"article:modified_time\" content=\"2023-12-04T10:40:51+00:00\" \/>\n<meta property=\"og:image\" content=\"https:\/\/www.notibras.com\/site\/wp-content\/uploads\/2023\/12\/WhatsApp-Image-2023-12-03-at-18.59.29-2-1536x1023-1.jpeg\" \/>\n\t<meta property=\"og:image:width\" content=\"1536\" \/>\n\t<meta property=\"og:image:height\" content=\"1023\" \/>\n\t<meta property=\"og:image:type\" content=\"image\/jpeg\" \/>\n<meta name=\"author\" content=\"Reda\u00e7\u00e3o\" \/>\n<meta name=\"twitter:card\" content=\"summary_large_image\" \/>\n<meta name=\"twitter:creator\" content=\"@Notibras\" \/>\n<meta name=\"twitter:site\" content=\"@Notibras\" \/>\n<meta name=\"twitter:label1\" content=\"Escrito por\" \/>\n\t<meta name=\"twitter:data1\" content=\"Reda\u00e7\u00e3o\" \/>\n\t<meta name=\"twitter:label2\" content=\"Est. tempo de leitura\" \/>\n\t<meta name=\"twitter:data2\" content=\"5 minutos\" \/>\n<script type=\"application\/ld+json\" class=\"yoast-schema-graph\">{\"@context\":\"https:\/\/schema.org\",\"@graph\":[{\"@type\":\"Article\",\"@id\":\"https:\/\/www.notibras.com\/site\/mais-51-casais-formalizam-uniao-em-casamento-comunitario\/#article\",\"isPartOf\":{\"@id\":\"https:\/\/www.notibras.com\/site\/mais-51-casais-formalizam-uniao-em-casamento-comunitario\/\"},\"author\":{\"name\":\"Reda\u00e7\u00e3o\",\"@id\":\"https:\/\/www.notibras.com\/site\/#\/schema\/person\/36ab0979449956132d3e5b517ea76ac8\"},\"headline\":\"Mais 51 casais formalizam uni\u00e3o em casamento comunit\u00e1rio\",\"datePublished\":\"2023-12-04T03:00:29+00:00\",\"dateModified\":\"2023-12-04T10:40:51+00:00\",\"mainEntityOfPage\":{\"@id\":\"https:\/\/www.notibras.com\/site\/mais-51-casais-formalizam-uniao-em-casamento-comunitario\/\"},\"wordCount\":798,\"publisher\":{\"@id\":\"https:\/\/www.notibras.com\/site\/#organization\"},\"image\":{\"@id\":\"https:\/\/www.notibras.com\/site\/mais-51-casais-formalizam-uniao-em-casamento-comunitario\/#primaryimage\"},\"thumbnailUrl\":\"https:\/\/www.notibras.com\/site\/wp-content\/uploads\/2023\/12\/WhatsApp-Image-2023-12-03-at-18.59.29-2-1536x1023-1.jpeg\",\"articleSection\":[\"Quadradinho em Foco\"],\"inLanguage\":\"pt-BR\"},{\"@type\":\"WebPage\",\"@id\":\"https:\/\/www.notibras.com\/site\/mais-51-casais-formalizam-uniao-em-casamento-comunitario\/\",\"url\":\"https:\/\/www.notibras.com\/site\/mais-51-casais-formalizam-uniao-em-casamento-comunitario\/\",\"name\":\"Mais 51 casais formalizam uni\u00e3o em casamento comunit\u00e1rio - Notibras\",\"isPartOf\":{\"@id\":\"https:\/\/www.notibras.com\/site\/#website\"},\"primaryImageOfPage\":{\"@id\":\"https:\/\/www.notibras.com\/site\/mais-51-casais-formalizam-uniao-em-casamento-comunitario\/#primaryimage\"},\"image\":{\"@id\":\"https:\/\/www.notibras.com\/site\/mais-51-casais-formalizam-uniao-em-casamento-comunitario\/#primaryimage\"},\"thumbnailUrl\":\"https:\/\/www.notibras.com\/site\/wp-content\/uploads\/2023\/12\/WhatsApp-Image-2023-12-03-at-18.59.29-2-1536x1023-1.jpeg\",\"datePublished\":\"2023-12-04T03:00:29+00:00\",\"dateModified\":\"2023-12-04T10:40:51+00:00\",\"breadcrumb\":{\"@id\":\"https:\/\/www.notibras.com\/site\/mais-51-casais-formalizam-uniao-em-casamento-comunitario\/#breadcrumb\"},\"inLanguage\":\"pt-BR\",\"potentialAction\":[{\"@type\":\"ReadAction\",\"target\":[\"https:\/\/www.notibras.com\/site\/mais-51-casais-formalizam-uniao-em-casamento-comunitario\/\"]}]},{\"@type\":\"ImageObject\",\"inLanguage\":\"pt-BR\",\"@id\":\"https:\/\/www.notibras.com\/site\/mais-51-casais-formalizam-uniao-em-casamento-comunitario\/#primaryimage\",\"url\":\"https:\/\/www.notibras.com\/site\/wp-content\/uploads\/2023\/12\/WhatsApp-Image-2023-12-03-at-18.59.29-2-1536x1023-1.jpeg\",\"contentUrl\":\"https:\/\/www.notibras.com\/site\/wp-content\/uploads\/2023\/12\/WhatsApp-Image-2023-12-03-at-18.59.29-2-1536x1023-1.jpeg\",\"width\":1536,\"height\":1023},{\"@type\":\"BreadcrumbList\",\"@id\":\"https:\/\/www.notibras.com\/site\/mais-51-casais-formalizam-uniao-em-casamento-comunitario\/#breadcrumb\",\"itemListElement\":[{\"@type\":\"ListItem\",\"position\":1,\"name\":\"In\u00edcio\",\"item\":\"https:\/\/www.notibras.com\/site\/\"},{\"@type\":\"ListItem\",\"position\":2,\"name\":\"Mais 51 casais formalizam uni\u00e3o em casamento comunit\u00e1rio\"}]},{\"@type\":\"WebSite\",\"@id\":\"https:\/\/www.notibras.com\/site\/#website\",\"url\":\"https:\/\/www.notibras.com\/site\/\",\"name\":\"Notibras\",\"description\":\"Not\u00edcias de Bras\u00edlia, do Brasil e do Mundo\",\"publisher\":{\"@id\":\"https:\/\/www.notibras.com\/site\/#organization\"},\"potentialAction\":[{\"@type\":\"SearchAction\",\"target\":{\"@type\":\"EntryPoint\",\"urlTemplate\":\"https:\/\/www.notibras.com\/site\/?s={search_term_string}\"},\"query-input\":{\"@type\":\"PropertyValueSpecification\",\"valueRequired\":true,\"valueName\":\"search_term_string\"}}],\"inLanguage\":\"pt-BR\"},{\"@type\":\"Organization\",\"@id\":\"https:\/\/www.notibras.com\/site\/#organization\",\"name\":\"Grupo Notibras de Comunica\u00e7\u00e3o\",\"url\":\"https:\/\/www.notibras.com\/site\/\",\"logo\":{\"@type\":\"ImageObject\",\"inLanguage\":\"pt-BR\",\"@id\":\"https:\/\/www.notibras.com\/site\/#\/schema\/logo\/image\/\",\"url\":\"https:\/\/www.notibras.com\/site\/wp-content\/uploads\/2023\/01\/notibras23.png\",\"contentUrl\":\"https:\/\/www.notibras.com\/site\/wp-content\/uploads\/2023\/01\/notibras23.png\",\"width\":350,\"height\":87,\"caption\":\"Grupo Notibras de Comunica\u00e7\u00e3o\"},\"image\":{\"@id\":\"https:\/\/www.notibras.com\/site\/#\/schema\/logo\/image\/\"},\"sameAs\":[\"https:\/\/www.facebook.com\/notibras\/\",\"https:\/\/x.com\/Notibras\",\"https:\/\/www.instagram.com\/notibras\/\"]},{\"@type\":\"Person\",\"@id\":\"https:\/\/www.notibras.com\/site\/#\/schema\/person\/36ab0979449956132d3e5b517ea76ac8\",\"name\":\"Reda\u00e7\u00e3o\",\"image\":{\"@type\":\"ImageObject\",\"inLanguage\":\"pt-BR\",\"@id\":\"https:\/\/secure.gravatar.com\/avatar\/e0a867bdedb85fd243eadf09663511f96fc81e0720a4a42581f334ad4303aa6b?s=96&d=mm&r=g\",\"url\":\"https:\/\/secure.gravatar.com\/avatar\/e0a867bdedb85fd243eadf09663511f96fc81e0720a4a42581f334ad4303aa6b?s=96&d=mm&r=g\",\"contentUrl\":\"https:\/\/secure.gravatar.com\/avatar\/e0a867bdedb85fd243eadf09663511f96fc81e0720a4a42581f334ad4303aa6b?s=96&d=mm&r=g\",\"caption\":\"Reda\u00e7\u00e3o\"}}]}<\/script>\n<!-- \/ Yoast SEO plugin. -->","yoast_head_json":{"title":"Mais 51 casais formalizam uni\u00e3o em casamento comunit\u00e1rio - Notibras","robots":{"index":"index","follow":"follow","max-snippet":"max-snippet:-1","max-image-preview":"max-image-preview:large","max-video-preview":"max-video-preview:-1"},"canonical":"https:\/\/www.notibras.com\/site\/mais-51-casais-formalizam-uniao-em-casamento-comunitario\/","og_locale":"pt_BR","og_type":"article","og_title":"Mais 51 casais formalizam uni\u00e3o em casamento comunit\u00e1rio - Notibras","og_description":"&nbsp; Foi \u00e0s margens do Lago Parano\u00e1 que 51 noivos celebraram a uni\u00e3o civil na 8\u00aa edi\u00e7\u00e3o do Casamento Comunit\u00e1rio promovido pelo Governo do Distrito Federal (GDF). Essa foi a primeira vez que a solenidade ocorreu no Pont\u00e3o do Lago Sul. As edi\u00e7\u00f5es anteriores tiveram o audit\u00f3rio do Museu Nacional da Rep\u00fablica como cen\u00e1rio. Com [&hellip;]","og_url":"https:\/\/www.notibras.com\/site\/mais-51-casais-formalizam-uniao-em-casamento-comunitario\/","og_site_name":"Notibras","article_publisher":"https:\/\/www.facebook.com\/notibras\/","article_published_time":"2023-12-04T03:00:29+00:00","article_modified_time":"2023-12-04T10:40:51+00:00","og_image":[{"width":1536,"height":1023,"url":"https:\/\/www.notibras.com\/site\/wp-content\/uploads\/2023\/12\/WhatsApp-Image-2023-12-03-at-18.59.29-2-1536x1023-1.jpeg","type":"image\/jpeg"}],"author":"Reda\u00e7\u00e3o","twitter_card":"summary_large_image","twitter_creator":"@Notibras","twitter_site":"@Notibras","twitter_misc":{"Escrito por":"Reda\u00e7\u00e3o","Est. tempo de leitura":"5 minutos"},"schema":{"@context":"https:\/\/schema.org","@graph":[{"@type":"Article","@id":"https:\/\/www.notibras.com\/site\/mais-51-casais-formalizam-uniao-em-casamento-comunitario\/#article","isPartOf":{"@id":"https:\/\/www.notibras.com\/site\/mais-51-casais-formalizam-uniao-em-casamento-comunitario\/"},"author":{"name":"Reda\u00e7\u00e3o","@id":"https:\/\/www.notibras.com\/site\/#\/schema\/person\/36ab0979449956132d3e5b517ea76ac8"},"headline":"Mais 51 casais formalizam uni\u00e3o em casamento comunit\u00e1rio","datePublished":"2023-12-04T03:00:29+00:00","dateModified":"2023-12-04T10:40:51+00:00","mainEntityOfPage":{"@id":"https:\/\/www.notibras.com\/site\/mais-51-casais-formalizam-uniao-em-casamento-comunitario\/"},"wordCount":798,"publisher":{"@id":"https:\/\/www.notibras.com\/site\/#organization"},"image":{"@id":"https:\/\/www.notibras.com\/site\/mais-51-casais-formalizam-uniao-em-casamento-comunitario\/#primaryimage"},"thumbnailUrl":"https:\/\/www.notibras.com\/site\/wp-content\/uploads\/2023\/12\/WhatsApp-Image-2023-12-03-at-18.59.29-2-1536x1023-1.jpeg","articleSection":["Quadradinho em Foco"],"inLanguage":"pt-BR"},{"@type":"WebPage","@id":"https:\/\/www.notibras.com\/site\/mais-51-casais-formalizam-uniao-em-casamento-comunitario\/","url":"https:\/\/www.notibras.com\/site\/mais-51-casais-formalizam-uniao-em-casamento-comunitario\/","name":"Mais 51 casais formalizam uni\u00e3o em casamento comunit\u00e1rio - Notibras","isPartOf":{"@id":"https:\/\/www.notibras.com\/site\/#website"},"primaryImageOfPage":{"@id":"https:\/\/www.notibras.com\/site\/mais-51-casais-formalizam-uniao-em-casamento-comunitario\/#primaryimage"},"image":{"@id":"https:\/\/www.notibras.com\/site\/mais-51-casais-formalizam-uniao-em-casamento-comunitario\/#primaryimage"},"thumbnailUrl":"https:\/\/www.notibras.com\/site\/wp-content\/uploads\/2023\/12\/WhatsApp-Image-2023-12-03-at-18.59.29-2-1536x1023-1.jpeg","datePublished":"2023-12-04T03:00:29+00:00","dateModified":"2023-12-04T10:40:51+00:00","breadcrumb":{"@id":"https:\/\/www.notibras.com\/site\/mais-51-casais-formalizam-uniao-em-casamento-comunitario\/#breadcrumb"},"inLanguage":"pt-BR","potentialAction":[{"@type":"ReadAction","target":["https:\/\/www.notibras.com\/site\/mais-51-casais-formalizam-uniao-em-casamento-comunitario\/"]}]},{"@type":"ImageObject","inLanguage":"pt-BR","@id":"https:\/\/www.notibras.com\/site\/mais-51-casais-formalizam-uniao-em-casamento-comunitario\/#primaryimage","url":"https:\/\/www.notibras.com\/site\/wp-content\/uploads\/2023\/12\/WhatsApp-Image-2023-12-03-at-18.59.29-2-1536x1023-1.jpeg","contentUrl":"https:\/\/www.notibras.com\/site\/wp-content\/uploads\/2023\/12\/WhatsApp-Image-2023-12-03-at-18.59.29-2-1536x1023-1.jpeg","width":1536,"height":1023},{"@type":"BreadcrumbList","@id":"https:\/\/www.notibras.com\/site\/mais-51-casais-formalizam-uniao-em-casamento-comunitario\/#breadcrumb","itemListElement":[{"@type":"ListItem","position":1,"name":"In\u00edcio","item":"https:\/\/www.notibras.com\/site\/"},{"@type":"ListItem","position":2,"name":"Mais 51 casais formalizam uni\u00e3o em casamento comunit\u00e1rio"}]},{"@type":"WebSite","@id":"https:\/\/www.notibras.com\/site\/#website","url":"https:\/\/www.notibras.com\/site\/","name":"Notibras","description":"Not\u00edcias de Bras\u00edlia, do Brasil e do Mundo","publisher":{"@id":"https:\/\/www.notibras.com\/site\/#organization"},"potentialAction":[{"@type":"SearchAction","target":{"@type":"EntryPoint","urlTemplate":"https:\/\/www.notibras.com\/site\/?s={search_term_string}"},"query-input":{"@type":"PropertyValueSpecification","valueRequired":true,"valueName":"search_term_string"}}],"inLanguage":"pt-BR"},{"@type":"Organization","@id":"https:\/\/www.notibras.com\/site\/#organization","name":"Grupo Notibras de Comunica\u00e7\u00e3o","url":"https:\/\/www.notibras.com\/site\/","logo":{"@type":"ImageObject","inLanguage":"pt-BR","@id":"https:\/\/www.notibras.com\/site\/#\/schema\/logo\/image\/","url":"https:\/\/www.notibras.com\/site\/wp-content\/uploads\/2023\/01\/notibras23.png","contentUrl":"https:\/\/www.notibras.com\/site\/wp-content\/uploads\/2023\/01\/notibras23.png","width":350,"height":87,"caption":"Grupo Notibras de Comunica\u00e7\u00e3o"},"image":{"@id":"https:\/\/www.notibras.com\/site\/#\/schema\/logo\/image\/"},"sameAs":["https:\/\/www.facebook.com\/notibras\/","https:\/\/x.com\/Notibras","https:\/\/www.instagram.com\/notibras\/"]},{"@type":"Person","@id":"https:\/\/www.notibras.com\/site\/#\/schema\/person\/36ab0979449956132d3e5b517ea76ac8","name":"Reda\u00e7\u00e3o","image":{"@type":"ImageObject","inLanguage":"pt-BR","@id":"https:\/\/secure.gravatar.com\/avatar\/e0a867bdedb85fd243eadf09663511f96fc81e0720a4a42581f334ad4303aa6b?s=96&d=mm&r=g","url":"https:\/\/secure.gravatar.com\/avatar\/e0a867bdedb85fd243eadf09663511f96fc81e0720a4a42581f334ad4303aa6b?s=96&d=mm&r=g","contentUrl":"https:\/\/secure.gravatar.com\/avatar\/e0a867bdedb85fd243eadf09663511f96fc81e0720a4a42581f334ad4303aa6b?s=96&d=mm&r=g","caption":"Reda\u00e7\u00e3o"}}]}},"amp_enabled":true,"_links":{"self":[{"href":"https:\/\/www.notibras.com\/site\/wp-json\/wp\/v2\/posts\/318394","targetHints":{"allow":["GET"]}}],"collection":[{"href":"https:\/\/www.notibras.com\/site\/wp-json\/wp\/v2\/posts"}],"about":[{"href":"https:\/\/www.notibras.com\/site\/wp-json\/wp\/v2\/types\/post"}],"author":[{"embeddable":true,"href":"https:\/\/www.notibras.com\/site\/wp-json\/wp\/v2\/users\/2"}],"replies":[{"embeddable":true,"href":"https:\/\/www.notibras.com\/site\/wp-json\/wp\/v2\/comments?post=318394"}],"version-history":[{"count":1,"href":"https:\/\/www.notibras.com\/site\/wp-json\/wp\/v2\/posts\/318394\/revisions"}],"predecessor-version":[{"id":318396,"href":"https:\/\/www.notibras.com\/site\/wp-json\/wp\/v2\/posts\/318394\/revisions\/318396"}],"wp:featuredmedia":[{"embeddable":true,"href":"https:\/\/www.notibras.com\/site\/wp-json\/wp\/v2\/media\/318395"}],"wp:attachment":[{"href":"https:\/\/www.notibras.com\/site\/wp-json\/wp\/v2\/media?parent=318394"}],"wp:term":[{"taxonomy":"category","embeddable":true,"href":"https:\/\/www.notibras.com\/site\/wp-json\/wp\/v2\/categories?post=318394"},{"taxonomy":"post_tag","embeddable":true,"href":"https:\/\/www.notibras.com\/site\/wp-json\/wp\/v2\/tags?post=318394"}],"curies":[{"name":"wp","href":"https:\/\/api.w.org\/{rel}","templated":true}]}}