{"id":318430,"date":"2023-12-04T16:20:30","date_gmt":"2023-12-04T19:20:30","guid":{"rendered":"https:\/\/www.notibras.com\/site\/?p=318430"},"modified":"2023-12-04T16:21:23","modified_gmt":"2023-12-04T19:21:23","slug":"compra-no-terraco-pode-garantir-carro-na-garagem","status":"publish","type":"post","link":"https:\/\/www.notibras.com\/site\/compra-no-terraco-pode-garantir-carro-na-garagem\/","title":{"rendered":"Compra no Terra\u00e7o pode garantir carro na garagem"},"content":{"rendered":"<p>O Natal no Terra\u00e7o Shopping est\u00e1 com um cen\u00e1rio que integra a magia do Papai Noel \u00e0 rotina de adultos e crian\u00e7as. E para dar mais brilho ao final do ano, o shopping preparou uma promo\u00e7\u00e3o que vai presentear os clientes com um carro zero quil\u00f4metro.<\/p>\n<p>Desde o dia 1\u00b0 de dezembro e at\u00e9 o dia 2 de janeiro de 2024, quem fizer compras no Terra\u00e7o poder\u00e1 trocar suas notas fiscais por meio do aplicativo Wynk, para participar do sorteio.<\/p>\n<p>A cada R$ 250,00 em compras, o cliente ter\u00e1 direito a um cupom para concorrer ao mais novo lan\u00e7amento da Fiat no Brasil, o Fastback Abarth, com o sorteio a ser realizado no dia 3 de janeiro de 2024, pela Loteria Federal.<\/p>\n<p>Al\u00e9m disso, nas compras acima de R$ 500,00, os clientes poder\u00e3o escolher entre Panettone de Chocolate ou o cl\u00e1ssico Panettone de Frutas, com 500 gramas cada. O brinde \u00e9 limitado a uma unidade por CPF.<\/p>\n","protected":false},"excerpt":{"rendered":"<p>O Natal no Terra\u00e7o Shopping est\u00e1 com um cen\u00e1rio que integra a magia do Papai Noel \u00e0 rotina de adultos e crian\u00e7as. E para dar mais brilho ao final do ano, o shopping preparou uma promo\u00e7\u00e3o que vai presentear os clientes com um carro zero quil\u00f4metro. Desde o dia 1\u00b0 de dezembro e at\u00e9 o [&hellip;]<\/p>\n","protected":false},"author":2,"featured_media":318431,"comment_status":"closed","ping_status":"closed","sticky":false,"template":"","format":"standard","meta":{"_acf_changed":false,"footnotes":""},"categories":[161],"tags":[],"class_list":["post-318430","post","type-post","status-publish","format-standard","has-post-thumbnail","hentry","category-quadradinho-em-foco"],"acf":[],"yoast_head":"<!-- This site is optimized with the Yoast SEO plugin v27.2 - https:\/\/yoast.com\/product\/yoast-seo-wordpress\/ -->\n<title>Compra no Terra\u00e7o pode garantir carro na garagem - Notibras<\/title>\n<meta name=\"robots\" content=\"index, follow, max-snippet:-1, max-image-preview:large, max-video-preview:-1\" \/>\n<link rel=\"canonical\" href=\"https:\/\/www.notibras.com\/site\/compra-no-terraco-pode-garantir-carro-na-garagem\/\" \/>\n<meta property=\"og:locale\" content=\"pt_BR\" \/>\n<meta property=\"og:type\" content=\"article\" \/>\n<meta property=\"og:title\" content=\"Compra no Terra\u00e7o pode garantir carro na garagem - Notibras\" \/>\n<meta property=\"og:description\" content=\"O Natal no Terra\u00e7o Shopping est\u00e1 com um cen\u00e1rio que integra a magia do Papai Noel \u00e0 rotina de adultos e crian\u00e7as. E para dar mais brilho ao final do ano, o shopping preparou uma promo\u00e7\u00e3o que vai presentear os clientes com um carro zero quil\u00f4metro. Desde o dia 1\u00b0 de dezembro e at\u00e9 o [&hellip;]\" \/>\n<meta property=\"og:url\" content=\"https:\/\/www.notibras.com\/site\/compra-no-terraco-pode-garantir-carro-na-garagem\/\" \/>\n<meta property=\"og:site_name\" content=\"Notibras\" \/>\n<meta property=\"article:publisher\" content=\"https:\/\/www.facebook.com\/notibras\/\" \/>\n<meta property=\"article:published_time\" content=\"2023-12-04T19:20:30+00:00\" \/>\n<meta property=\"article:modified_time\" content=\"2023-12-04T19:21:23+00:00\" \/>\n<meta property=\"og:image\" content=\"https:\/\/www.notibras.com\/site\/wp-content\/uploads\/2023\/12\/fiat-pulse-abarth-teste-br.jpg\" \/>\n\t<meta property=\"og:image:width\" content=\"1280\" \/>\n\t<meta property=\"og:image:height\" content=\"720\" \/>\n\t<meta property=\"og:image:type\" content=\"image\/jpeg\" \/>\n<meta name=\"author\" content=\"Reda\u00e7\u00e3o\" \/>\n<meta name=\"twitter:card\" content=\"summary_large_image\" \/>\n<meta name=\"twitter:creator\" content=\"@Notibras\" \/>\n<meta name=\"twitter:site\" content=\"@Notibras\" \/>\n<meta name=\"twitter:label1\" content=\"Escrito por\" \/>\n\t<meta name=\"twitter:data1\" content=\"Reda\u00e7\u00e3o\" \/>\n\t<meta name=\"twitter:label2\" content=\"Est. tempo de leitura\" \/>\n\t<meta name=\"twitter:data2\" content=\"1 minuto\" \/>\n<script type=\"application\/ld+json\" class=\"yoast-schema-graph\">{\"@context\":\"https:\/\/schema.org\",\"@graph\":[{\"@type\":\"Article\",\"@id\":\"https:\/\/www.notibras.com\/site\/compra-no-terraco-pode-garantir-carro-na-garagem\/#article\",\"isPartOf\":{\"@id\":\"https:\/\/www.notibras.com\/site\/compra-no-terraco-pode-garantir-carro-na-garagem\/\"},\"author\":{\"name\":\"Reda\u00e7\u00e3o\",\"@id\":\"https:\/\/www.notibras.com\/site\/#\/schema\/person\/36ab0979449956132d3e5b517ea76ac8\"},\"headline\":\"Compra no Terra\u00e7o pode garantir carro na garagem\",\"datePublished\":\"2023-12-04T19:20:30+00:00\",\"dateModified\":\"2023-12-04T19:21:23+00:00\",\"mainEntityOfPage\":{\"@id\":\"https:\/\/www.notibras.com\/site\/compra-no-terraco-pode-garantir-carro-na-garagem\/\"},\"wordCount\":166,\"publisher\":{\"@id\":\"https:\/\/www.notibras.com\/site\/#organization\"},\"image\":{\"@id\":\"https:\/\/www.notibras.com\/site\/compra-no-terraco-pode-garantir-carro-na-garagem\/#primaryimage\"},\"thumbnailUrl\":\"https:\/\/www.notibras.com\/site\/wp-content\/uploads\/2023\/12\/fiat-pulse-abarth-teste-br.jpg\",\"articleSection\":[\"Quadradinho em Foco\"],\"inLanguage\":\"pt-BR\"},{\"@type\":\"WebPage\",\"@id\":\"https:\/\/www.notibras.com\/site\/compra-no-terraco-pode-garantir-carro-na-garagem\/\",\"url\":\"https:\/\/www.notibras.com\/site\/compra-no-terraco-pode-garantir-carro-na-garagem\/\",\"name\":\"Compra no Terra\u00e7o pode garantir carro na garagem - Notibras\",\"isPartOf\":{\"@id\":\"https:\/\/www.notibras.com\/site\/#website\"},\"primaryImageOfPage\":{\"@id\":\"https:\/\/www.notibras.com\/site\/compra-no-terraco-pode-garantir-carro-na-garagem\/#primaryimage\"},\"image\":{\"@id\":\"https:\/\/www.notibras.com\/site\/compra-no-terraco-pode-garantir-carro-na-garagem\/#primaryimage\"},\"thumbnailUrl\":\"https:\/\/www.notibras.com\/site\/wp-content\/uploads\/2023\/12\/fiat-pulse-abarth-teste-br.jpg\",\"datePublished\":\"2023-12-04T19:20:30+00:00\",\"dateModified\":\"2023-12-04T19:21:23+00:00\",\"breadcrumb\":{\"@id\":\"https:\/\/www.notibras.com\/site\/compra-no-terraco-pode-garantir-carro-na-garagem\/#breadcrumb\"},\"inLanguage\":\"pt-BR\",\"potentialAction\":[{\"@type\":\"ReadAction\",\"target\":[\"https:\/\/www.notibras.com\/site\/compra-no-terraco-pode-garantir-carro-na-garagem\/\"]}]},{\"@type\":\"ImageObject\",\"inLanguage\":\"pt-BR\",\"@id\":\"https:\/\/www.notibras.com\/site\/compra-no-terraco-pode-garantir-carro-na-garagem\/#primaryimage\",\"url\":\"https:\/\/www.notibras.com\/site\/wp-content\/uploads\/2023\/12\/fiat-pulse-abarth-teste-br.jpg\",\"contentUrl\":\"https:\/\/www.notibras.com\/site\/wp-content\/uploads\/2023\/12\/fiat-pulse-abarth-teste-br.jpg\",\"width\":1280,\"height\":720},{\"@type\":\"BreadcrumbList\",\"@id\":\"https:\/\/www.notibras.com\/site\/compra-no-terraco-pode-garantir-carro-na-garagem\/#breadcrumb\",\"itemListElement\":[{\"@type\":\"ListItem\",\"position\":1,\"name\":\"In\u00edcio\",\"item\":\"https:\/\/www.notibras.com\/site\/\"},{\"@type\":\"ListItem\",\"position\":2,\"name\":\"Compra no Terra\u00e7o pode garantir carro na garagem\"}]},{\"@type\":\"WebSite\",\"@id\":\"https:\/\/www.notibras.com\/site\/#website\",\"url\":\"https:\/\/www.notibras.com\/site\/\",\"name\":\"Notibras\",\"description\":\"Not\u00edcias de Bras\u00edlia, do Brasil e do Mundo\",\"publisher\":{\"@id\":\"https:\/\/www.notibras.com\/site\/#organization\"},\"potentialAction\":[{\"@type\":\"SearchAction\",\"target\":{\"@type\":\"EntryPoint\",\"urlTemplate\":\"https:\/\/www.notibras.com\/site\/?s={search_term_string}\"},\"query-input\":{\"@type\":\"PropertyValueSpecification\",\"valueRequired\":true,\"valueName\":\"search_term_string\"}}],\"inLanguage\":\"pt-BR\"},{\"@type\":\"Organization\",\"@id\":\"https:\/\/www.notibras.com\/site\/#organization\",\"name\":\"Grupo Notibras de Comunica\u00e7\u00e3o\",\"url\":\"https:\/\/www.notibras.com\/site\/\",\"logo\":{\"@type\":\"ImageObject\",\"inLanguage\":\"pt-BR\",\"@id\":\"https:\/\/www.notibras.com\/site\/#\/schema\/logo\/image\/\",\"url\":\"https:\/\/www.notibras.com\/site\/wp-content\/uploads\/2023\/01\/notibras23.png\",\"contentUrl\":\"https:\/\/www.notibras.com\/site\/wp-content\/uploads\/2023\/01\/notibras23.png\",\"width\":350,\"height\":87,\"caption\":\"Grupo Notibras de Comunica\u00e7\u00e3o\"},\"image\":{\"@id\":\"https:\/\/www.notibras.com\/site\/#\/schema\/logo\/image\/\"},\"sameAs\":[\"https:\/\/www.facebook.com\/notibras\/\",\"https:\/\/x.com\/Notibras\",\"https:\/\/www.instagram.com\/notibras\/\"]},{\"@type\":\"Person\",\"@id\":\"https:\/\/www.notibras.com\/site\/#\/schema\/person\/36ab0979449956132d3e5b517ea76ac8\",\"name\":\"Reda\u00e7\u00e3o\",\"image\":{\"@type\":\"ImageObject\",\"inLanguage\":\"pt-BR\",\"@id\":\"https:\/\/secure.gravatar.com\/avatar\/e0a867bdedb85fd243eadf09663511f96fc81e0720a4a42581f334ad4303aa6b?s=96&d=mm&r=g\",\"url\":\"https:\/\/secure.gravatar.com\/avatar\/e0a867bdedb85fd243eadf09663511f96fc81e0720a4a42581f334ad4303aa6b?s=96&d=mm&r=g\",\"contentUrl\":\"https:\/\/secure.gravatar.com\/avatar\/e0a867bdedb85fd243eadf09663511f96fc81e0720a4a42581f334ad4303aa6b?s=96&d=mm&r=g\",\"caption\":\"Reda\u00e7\u00e3o\"}}]}<\/script>\n<!-- \/ Yoast SEO plugin. -->","yoast_head_json":{"title":"Compra no Terra\u00e7o pode garantir carro na garagem - Notibras","robots":{"index":"index","follow":"follow","max-snippet":"max-snippet:-1","max-image-preview":"max-image-preview:large","max-video-preview":"max-video-preview:-1"},"canonical":"https:\/\/www.notibras.com\/site\/compra-no-terraco-pode-garantir-carro-na-garagem\/","og_locale":"pt_BR","og_type":"article","og_title":"Compra no Terra\u00e7o pode garantir carro na garagem - Notibras","og_description":"O Natal no Terra\u00e7o Shopping est\u00e1 com um cen\u00e1rio que integra a magia do Papai Noel \u00e0 rotina de adultos e crian\u00e7as. E para dar mais brilho ao final do ano, o shopping preparou uma promo\u00e7\u00e3o que vai presentear os clientes com um carro zero quil\u00f4metro. Desde o dia 1\u00b0 de dezembro e at\u00e9 o [&hellip;]","og_url":"https:\/\/www.notibras.com\/site\/compra-no-terraco-pode-garantir-carro-na-garagem\/","og_site_name":"Notibras","article_publisher":"https:\/\/www.facebook.com\/notibras\/","article_published_time":"2023-12-04T19:20:30+00:00","article_modified_time":"2023-12-04T19:21:23+00:00","og_image":[{"width":1280,"height":720,"url":"https:\/\/www.notibras.com\/site\/wp-content\/uploads\/2023\/12\/fiat-pulse-abarth-teste-br.jpg","type":"image\/jpeg"}],"author":"Reda\u00e7\u00e3o","twitter_card":"summary_large_image","twitter_creator":"@Notibras","twitter_site":"@Notibras","twitter_misc":{"Escrito por":"Reda\u00e7\u00e3o","Est. tempo de leitura":"1 minuto"},"schema":{"@context":"https:\/\/schema.org","@graph":[{"@type":"Article","@id":"https:\/\/www.notibras.com\/site\/compra-no-terraco-pode-garantir-carro-na-garagem\/#article","isPartOf":{"@id":"https:\/\/www.notibras.com\/site\/compra-no-terraco-pode-garantir-carro-na-garagem\/"},"author":{"name":"Reda\u00e7\u00e3o","@id":"https:\/\/www.notibras.com\/site\/#\/schema\/person\/36ab0979449956132d3e5b517ea76ac8"},"headline":"Compra no Terra\u00e7o pode garantir carro na garagem","datePublished":"2023-12-04T19:20:30+00:00","dateModified":"2023-12-04T19:21:23+00:00","mainEntityOfPage":{"@id":"https:\/\/www.notibras.com\/site\/compra-no-terraco-pode-garantir-carro-na-garagem\/"},"wordCount":166,"publisher":{"@id":"https:\/\/www.notibras.com\/site\/#organization"},"image":{"@id":"https:\/\/www.notibras.com\/site\/compra-no-terraco-pode-garantir-carro-na-garagem\/#primaryimage"},"thumbnailUrl":"https:\/\/www.notibras.com\/site\/wp-content\/uploads\/2023\/12\/fiat-pulse-abarth-teste-br.jpg","articleSection":["Quadradinho em Foco"],"inLanguage":"pt-BR"},{"@type":"WebPage","@id":"https:\/\/www.notibras.com\/site\/compra-no-terraco-pode-garantir-carro-na-garagem\/","url":"https:\/\/www.notibras.com\/site\/compra-no-terraco-pode-garantir-carro-na-garagem\/","name":"Compra no Terra\u00e7o pode garantir carro na garagem - Notibras","isPartOf":{"@id":"https:\/\/www.notibras.com\/site\/#website"},"primaryImageOfPage":{"@id":"https:\/\/www.notibras.com\/site\/compra-no-terraco-pode-garantir-carro-na-garagem\/#primaryimage"},"image":{"@id":"https:\/\/www.notibras.com\/site\/compra-no-terraco-pode-garantir-carro-na-garagem\/#primaryimage"},"thumbnailUrl":"https:\/\/www.notibras.com\/site\/wp-content\/uploads\/2023\/12\/fiat-pulse-abarth-teste-br.jpg","datePublished":"2023-12-04T19:20:30+00:00","dateModified":"2023-12-04T19:21:23+00:00","breadcrumb":{"@id":"https:\/\/www.notibras.com\/site\/compra-no-terraco-pode-garantir-carro-na-garagem\/#breadcrumb"},"inLanguage":"pt-BR","potentialAction":[{"@type":"ReadAction","target":["https:\/\/www.notibras.com\/site\/compra-no-terraco-pode-garantir-carro-na-garagem\/"]}]},{"@type":"ImageObject","inLanguage":"pt-BR","@id":"https:\/\/www.notibras.com\/site\/compra-no-terraco-pode-garantir-carro-na-garagem\/#primaryimage","url":"https:\/\/www.notibras.com\/site\/wp-content\/uploads\/2023\/12\/fiat-pulse-abarth-teste-br.jpg","contentUrl":"https:\/\/www.notibras.com\/site\/wp-content\/uploads\/2023\/12\/fiat-pulse-abarth-teste-br.jpg","width":1280,"height":720},{"@type":"BreadcrumbList","@id":"https:\/\/www.notibras.com\/site\/compra-no-terraco-pode-garantir-carro-na-garagem\/#breadcrumb","itemListElement":[{"@type":"ListItem","position":1,"name":"In\u00edcio","item":"https:\/\/www.notibras.com\/site\/"},{"@type":"ListItem","position":2,"name":"Compra no Terra\u00e7o pode garantir carro na garagem"}]},{"@type":"WebSite","@id":"https:\/\/www.notibras.com\/site\/#website","url":"https:\/\/www.notibras.com\/site\/","name":"Notibras","description":"Not\u00edcias de Bras\u00edlia, do Brasil e do Mundo","publisher":{"@id":"https:\/\/www.notibras.com\/site\/#organization"},"potentialAction":[{"@type":"SearchAction","target":{"@type":"EntryPoint","urlTemplate":"https:\/\/www.notibras.com\/site\/?s={search_term_string}"},"query-input":{"@type":"PropertyValueSpecification","valueRequired":true,"valueName":"search_term_string"}}],"inLanguage":"pt-BR"},{"@type":"Organization","@id":"https:\/\/www.notibras.com\/site\/#organization","name":"Grupo Notibras de Comunica\u00e7\u00e3o","url":"https:\/\/www.notibras.com\/site\/","logo":{"@type":"ImageObject","inLanguage":"pt-BR","@id":"https:\/\/www.notibras.com\/site\/#\/schema\/logo\/image\/","url":"https:\/\/www.notibras.com\/site\/wp-content\/uploads\/2023\/01\/notibras23.png","contentUrl":"https:\/\/www.notibras.com\/site\/wp-content\/uploads\/2023\/01\/notibras23.png","width":350,"height":87,"caption":"Grupo Notibras de Comunica\u00e7\u00e3o"},"image":{"@id":"https:\/\/www.notibras.com\/site\/#\/schema\/logo\/image\/"},"sameAs":["https:\/\/www.facebook.com\/notibras\/","https:\/\/x.com\/Notibras","https:\/\/www.instagram.com\/notibras\/"]},{"@type":"Person","@id":"https:\/\/www.notibras.com\/site\/#\/schema\/person\/36ab0979449956132d3e5b517ea76ac8","name":"Reda\u00e7\u00e3o","image":{"@type":"ImageObject","inLanguage":"pt-BR","@id":"https:\/\/secure.gravatar.com\/avatar\/e0a867bdedb85fd243eadf09663511f96fc81e0720a4a42581f334ad4303aa6b?s=96&d=mm&r=g","url":"https:\/\/secure.gravatar.com\/avatar\/e0a867bdedb85fd243eadf09663511f96fc81e0720a4a42581f334ad4303aa6b?s=96&d=mm&r=g","contentUrl":"https:\/\/secure.gravatar.com\/avatar\/e0a867bdedb85fd243eadf09663511f96fc81e0720a4a42581f334ad4303aa6b?s=96&d=mm&r=g","caption":"Reda\u00e7\u00e3o"}}]}},"amp_enabled":true,"_links":{"self":[{"href":"https:\/\/www.notibras.com\/site\/wp-json\/wp\/v2\/posts\/318430","targetHints":{"allow":["GET"]}}],"collection":[{"href":"https:\/\/www.notibras.com\/site\/wp-json\/wp\/v2\/posts"}],"about":[{"href":"https:\/\/www.notibras.com\/site\/wp-json\/wp\/v2\/types\/post"}],"author":[{"embeddable":true,"href":"https:\/\/www.notibras.com\/site\/wp-json\/wp\/v2\/users\/2"}],"replies":[{"embeddable":true,"href":"https:\/\/www.notibras.com\/site\/wp-json\/wp\/v2\/comments?post=318430"}],"version-history":[{"count":2,"href":"https:\/\/www.notibras.com\/site\/wp-json\/wp\/v2\/posts\/318430\/revisions"}],"predecessor-version":[{"id":318433,"href":"https:\/\/www.notibras.com\/site\/wp-json\/wp\/v2\/posts\/318430\/revisions\/318433"}],"wp:featuredmedia":[{"embeddable":true,"href":"https:\/\/www.notibras.com\/site\/wp-json\/wp\/v2\/media\/318431"}],"wp:attachment":[{"href":"https:\/\/www.notibras.com\/site\/wp-json\/wp\/v2\/media?parent=318430"}],"wp:term":[{"taxonomy":"category","embeddable":true,"href":"https:\/\/www.notibras.com\/site\/wp-json\/wp\/v2\/categories?post=318430"},{"taxonomy":"post_tag","embeddable":true,"href":"https:\/\/www.notibras.com\/site\/wp-json\/wp\/v2\/tags?post=318430"}],"curies":[{"name":"wp","href":"https:\/\/api.w.org\/{rel}","templated":true}]}}