{"id":318434,"date":"2023-12-04T16:27:16","date_gmt":"2023-12-04T19:27:16","guid":{"rendered":"https:\/\/www.notibras.com\/site\/?p=318434"},"modified":"2023-12-04T16:27:16","modified_gmt":"2023-12-04T19:27:16","slug":"peninsula-inaugura-nova-torre-do-resort-urbano","status":"publish","type":"post","link":"https:\/\/www.notibras.com\/site\/peninsula-inaugura-nova-torre-do-resort-urbano\/","title":{"rendered":"Pen\u00ednsula inaugura nova torre do resort urbano"},"content":{"rendered":"<p>A Poupex, a PaulOOct\u00e1vio e a Via Engenharia acabam de entregar mais um bloco do Pen\u00ednsula Resort Residencial, complexo residencial constru\u00eddo em \u00c1guas Claras. A mais nova torre de apartamentos, batizada de Ilha do Mel, oferece aos compradores apartamentos com tr\u00eas quartos e plantas com 103m\u00b2, al\u00e9m de duas vagas de garagem.<\/p>\n<p>O empres\u00e1rio Paulo Oct\u00e1vio fez quest\u00e3o de destacar o trabalho dos engenheiros e 160 oper\u00e1rios, que trabalharam por 28 meses nas obras do residencial. \u201cQuero cumprimentar a toda essa engenharia maravilhosa e todos os nossos trabalhadores, que, com muito afinco, terminaram este bloco, antecipando a entrega da obra\u201d, afirmou.<\/p>\n<p>\u201cEu, o general Val\u00e9rio Stumpf e sua esposa Cristina circulamos pelo empreendimento e encontramos muitos moradores. Falamos com mais de 15 moradores e todos s\u00f3 elogiaram\u201d, completou.<\/p>\n<p>\u201cPara n\u00f3s, essa \u00e9 a satisfa\u00e7\u00e3o do dever cumprido. S\u00e3o 15 anos trabalhando para implantar este empreendimento, que \u00e9 o melhor de Bras\u00edlia. As pessoas ficam felizes em morar aqui. Isso \u00e9 o que vale a pena\u201d, concluiu.<\/p>\n<p>Fernando Queiroz, presidente da Via Engenharia, destacou a import\u00e2ncia da parceria das tr\u00eas empresas. \u201cEla propicia a n\u00f3s, a cada ano, a inaugura\u00e7\u00e3o de um pr\u00e9dio e a conclus\u00e3o destas etapas. Eu quero enaltecer a qualidade que n\u00f3s temos nesta parceria, assim como a equipe t\u00e9cnica, que \u00e9 da mais alta qualidade\u201d, afirmou.<\/p>\n<p>Para o general Val\u00e9rio Stumpf, presidente ds FHE\/Poupex, a associa\u00e7\u00e3o com a PaulOOctavio e a Via \u00e9 motivo de orgulho. \u201cCaminhamos juntos aqui e vimos juntos a satisfa\u00e7\u00e3o doos que aqui moram. Isso \u00e9 muito bacana, esse reconhecimento ao trabalho que foi feito aqui nos deixa feliz. A gente tem um orgulho muito grande de associar a Popupex \u00e0 PaulOOctavio e \u00e0 Via, em um empreendimento que traz bem e felicidade a todas as pessoas\u201d, concluiu.<\/p>\n<p>Com plantas de tr\u00eas quartos, sendo um a su\u00edte master, o residencial Ilha do Mel oferece aos compradores uma ampla sala de estar\/jantar com varanda, lavabo, banheiro social, cozinha, \u00e1rea de servi\u00e7o com dep\u00f3sito e toalete. O Pen\u00ednsula Resort Residencial tem mais de 50 itens de lazer, espalhados em mais de 65 mil metros quadrados.<\/p>\n","protected":false},"excerpt":{"rendered":"<p>A Poupex, a PaulOOct\u00e1vio e a Via Engenharia acabam de entregar mais um bloco do Pen\u00ednsula Resort Residencial, complexo residencial constru\u00eddo em \u00c1guas Claras. A mais nova torre de apartamentos, batizada de Ilha do Mel, oferece aos compradores apartamentos com tr\u00eas quartos e plantas com 103m\u00b2, al\u00e9m de duas vagas de garagem. O empres\u00e1rio Paulo [&hellip;]<\/p>\n","protected":false},"author":2,"featured_media":318435,"comment_status":"closed","ping_status":"closed","sticky":false,"template":"","format":"standard","meta":{"_acf_changed":false,"footnotes":""},"categories":[161],"tags":[],"class_list":["post-318434","post","type-post","status-publish","format-standard","has-post-thumbnail","hentry","category-quadradinho-em-foco"],"acf":[],"yoast_head":"<!-- This site is optimized with the Yoast SEO plugin v27.2 - https:\/\/yoast.com\/product\/yoast-seo-wordpress\/ -->\n<title>Pen\u00ednsula inaugura nova torre do resort urbano - Notibras<\/title>\n<meta name=\"robots\" content=\"index, follow, max-snippet:-1, max-image-preview:large, max-video-preview:-1\" \/>\n<link rel=\"canonical\" href=\"https:\/\/www.notibras.com\/site\/peninsula-inaugura-nova-torre-do-resort-urbano\/\" \/>\n<meta property=\"og:locale\" content=\"pt_BR\" \/>\n<meta property=\"og:type\" content=\"article\" \/>\n<meta property=\"og:title\" content=\"Pen\u00ednsula inaugura nova torre do resort urbano - Notibras\" \/>\n<meta property=\"og:description\" content=\"A Poupex, a PaulOOct\u00e1vio e a Via Engenharia acabam de entregar mais um bloco do Pen\u00ednsula Resort Residencial, complexo residencial constru\u00eddo em \u00c1guas Claras. A mais nova torre de apartamentos, batizada de Ilha do Mel, oferece aos compradores apartamentos com tr\u00eas quartos e plantas com 103m\u00b2, al\u00e9m de duas vagas de garagem. O empres\u00e1rio Paulo [&hellip;]\" \/>\n<meta property=\"og:url\" content=\"https:\/\/www.notibras.com\/site\/peninsula-inaugura-nova-torre-do-resort-urbano\/\" \/>\n<meta property=\"og:site_name\" content=\"Notibras\" \/>\n<meta property=\"article:publisher\" content=\"https:\/\/www.facebook.com\/notibras\/\" \/>\n<meta property=\"article:published_time\" content=\"2023-12-04T19:27:16+00:00\" \/>\n<meta property=\"og:image\" content=\"https:\/\/www.notibras.com\/site\/wp-content\/uploads\/2023\/12\/36934ec1-5863-4d5e-9cbe-4c4f050f43e5.jpeg\" \/>\n\t<meta property=\"og:image:width\" content=\"1600\" \/>\n\t<meta property=\"og:image:height\" content=\"1066\" \/>\n\t<meta property=\"og:image:type\" content=\"image\/jpeg\" \/>\n<meta name=\"author\" content=\"Reda\u00e7\u00e3o\" \/>\n<meta name=\"twitter:card\" content=\"summary_large_image\" \/>\n<meta name=\"twitter:creator\" content=\"@Notibras\" \/>\n<meta name=\"twitter:site\" content=\"@Notibras\" \/>\n<meta name=\"twitter:label1\" content=\"Escrito por\" \/>\n\t<meta name=\"twitter:data1\" content=\"Reda\u00e7\u00e3o\" \/>\n\t<meta name=\"twitter:label2\" content=\"Est. tempo de leitura\" \/>\n\t<meta name=\"twitter:data2\" content=\"2 minutos\" \/>\n<script type=\"application\/ld+json\" class=\"yoast-schema-graph\">{\"@context\":\"https:\/\/schema.org\",\"@graph\":[{\"@type\":\"Article\",\"@id\":\"https:\/\/www.notibras.com\/site\/peninsula-inaugura-nova-torre-do-resort-urbano\/#article\",\"isPartOf\":{\"@id\":\"https:\/\/www.notibras.com\/site\/peninsula-inaugura-nova-torre-do-resort-urbano\/\"},\"author\":{\"name\":\"Reda\u00e7\u00e3o\",\"@id\":\"https:\/\/www.notibras.com\/site\/#\/schema\/person\/36ab0979449956132d3e5b517ea76ac8\"},\"headline\":\"Pen\u00ednsula inaugura nova torre do resort urbano\",\"datePublished\":\"2023-12-04T19:27:16+00:00\",\"mainEntityOfPage\":{\"@id\":\"https:\/\/www.notibras.com\/site\/peninsula-inaugura-nova-torre-do-resort-urbano\/\"},\"wordCount\":376,\"publisher\":{\"@id\":\"https:\/\/www.notibras.com\/site\/#organization\"},\"image\":{\"@id\":\"https:\/\/www.notibras.com\/site\/peninsula-inaugura-nova-torre-do-resort-urbano\/#primaryimage\"},\"thumbnailUrl\":\"https:\/\/www.notibras.com\/site\/wp-content\/uploads\/2023\/12\/36934ec1-5863-4d5e-9cbe-4c4f050f43e5.jpeg\",\"articleSection\":[\"Quadradinho em Foco\"],\"inLanguage\":\"pt-BR\"},{\"@type\":\"WebPage\",\"@id\":\"https:\/\/www.notibras.com\/site\/peninsula-inaugura-nova-torre-do-resort-urbano\/\",\"url\":\"https:\/\/www.notibras.com\/site\/peninsula-inaugura-nova-torre-do-resort-urbano\/\",\"name\":\"Pen\u00ednsula inaugura nova torre do resort urbano - Notibras\",\"isPartOf\":{\"@id\":\"https:\/\/www.notibras.com\/site\/#website\"},\"primaryImageOfPage\":{\"@id\":\"https:\/\/www.notibras.com\/site\/peninsula-inaugura-nova-torre-do-resort-urbano\/#primaryimage\"},\"image\":{\"@id\":\"https:\/\/www.notibras.com\/site\/peninsula-inaugura-nova-torre-do-resort-urbano\/#primaryimage\"},\"thumbnailUrl\":\"https:\/\/www.notibras.com\/site\/wp-content\/uploads\/2023\/12\/36934ec1-5863-4d5e-9cbe-4c4f050f43e5.jpeg\",\"datePublished\":\"2023-12-04T19:27:16+00:00\",\"breadcrumb\":{\"@id\":\"https:\/\/www.notibras.com\/site\/peninsula-inaugura-nova-torre-do-resort-urbano\/#breadcrumb\"},\"inLanguage\":\"pt-BR\",\"potentialAction\":[{\"@type\":\"ReadAction\",\"target\":[\"https:\/\/www.notibras.com\/site\/peninsula-inaugura-nova-torre-do-resort-urbano\/\"]}]},{\"@type\":\"ImageObject\",\"inLanguage\":\"pt-BR\",\"@id\":\"https:\/\/www.notibras.com\/site\/peninsula-inaugura-nova-torre-do-resort-urbano\/#primaryimage\",\"url\":\"https:\/\/www.notibras.com\/site\/wp-content\/uploads\/2023\/12\/36934ec1-5863-4d5e-9cbe-4c4f050f43e5.jpeg\",\"contentUrl\":\"https:\/\/www.notibras.com\/site\/wp-content\/uploads\/2023\/12\/36934ec1-5863-4d5e-9cbe-4c4f050f43e5.jpeg\",\"width\":1600,\"height\":1066},{\"@type\":\"BreadcrumbList\",\"@id\":\"https:\/\/www.notibras.com\/site\/peninsula-inaugura-nova-torre-do-resort-urbano\/#breadcrumb\",\"itemListElement\":[{\"@type\":\"ListItem\",\"position\":1,\"name\":\"In\u00edcio\",\"item\":\"https:\/\/www.notibras.com\/site\/\"},{\"@type\":\"ListItem\",\"position\":2,\"name\":\"Pen\u00ednsula inaugura nova torre do resort urbano\"}]},{\"@type\":\"WebSite\",\"@id\":\"https:\/\/www.notibras.com\/site\/#website\",\"url\":\"https:\/\/www.notibras.com\/site\/\",\"name\":\"Notibras\",\"description\":\"Not\u00edcias de Bras\u00edlia, do Brasil e do Mundo\",\"publisher\":{\"@id\":\"https:\/\/www.notibras.com\/site\/#organization\"},\"potentialAction\":[{\"@type\":\"SearchAction\",\"target\":{\"@type\":\"EntryPoint\",\"urlTemplate\":\"https:\/\/www.notibras.com\/site\/?s={search_term_string}\"},\"query-input\":{\"@type\":\"PropertyValueSpecification\",\"valueRequired\":true,\"valueName\":\"search_term_string\"}}],\"inLanguage\":\"pt-BR\"},{\"@type\":\"Organization\",\"@id\":\"https:\/\/www.notibras.com\/site\/#organization\",\"name\":\"Grupo Notibras de Comunica\u00e7\u00e3o\",\"url\":\"https:\/\/www.notibras.com\/site\/\",\"logo\":{\"@type\":\"ImageObject\",\"inLanguage\":\"pt-BR\",\"@id\":\"https:\/\/www.notibras.com\/site\/#\/schema\/logo\/image\/\",\"url\":\"https:\/\/www.notibras.com\/site\/wp-content\/uploads\/2023\/01\/notibras23.png\",\"contentUrl\":\"https:\/\/www.notibras.com\/site\/wp-content\/uploads\/2023\/01\/notibras23.png\",\"width\":350,\"height\":87,\"caption\":\"Grupo Notibras de Comunica\u00e7\u00e3o\"},\"image\":{\"@id\":\"https:\/\/www.notibras.com\/site\/#\/schema\/logo\/image\/\"},\"sameAs\":[\"https:\/\/www.facebook.com\/notibras\/\",\"https:\/\/x.com\/Notibras\",\"https:\/\/www.instagram.com\/notibras\/\"]},{\"@type\":\"Person\",\"@id\":\"https:\/\/www.notibras.com\/site\/#\/schema\/person\/36ab0979449956132d3e5b517ea76ac8\",\"name\":\"Reda\u00e7\u00e3o\",\"image\":{\"@type\":\"ImageObject\",\"inLanguage\":\"pt-BR\",\"@id\":\"https:\/\/secure.gravatar.com\/avatar\/e0a867bdedb85fd243eadf09663511f96fc81e0720a4a42581f334ad4303aa6b?s=96&d=mm&r=g\",\"url\":\"https:\/\/secure.gravatar.com\/avatar\/e0a867bdedb85fd243eadf09663511f96fc81e0720a4a42581f334ad4303aa6b?s=96&d=mm&r=g\",\"contentUrl\":\"https:\/\/secure.gravatar.com\/avatar\/e0a867bdedb85fd243eadf09663511f96fc81e0720a4a42581f334ad4303aa6b?s=96&d=mm&r=g\",\"caption\":\"Reda\u00e7\u00e3o\"}}]}<\/script>\n<!-- \/ Yoast SEO plugin. -->","yoast_head_json":{"title":"Pen\u00ednsula inaugura nova torre do resort urbano - Notibras","robots":{"index":"index","follow":"follow","max-snippet":"max-snippet:-1","max-image-preview":"max-image-preview:large","max-video-preview":"max-video-preview:-1"},"canonical":"https:\/\/www.notibras.com\/site\/peninsula-inaugura-nova-torre-do-resort-urbano\/","og_locale":"pt_BR","og_type":"article","og_title":"Pen\u00ednsula inaugura nova torre do resort urbano - Notibras","og_description":"A Poupex, a PaulOOct\u00e1vio e a Via Engenharia acabam de entregar mais um bloco do Pen\u00ednsula Resort Residencial, complexo residencial constru\u00eddo em \u00c1guas Claras. A mais nova torre de apartamentos, batizada de Ilha do Mel, oferece aos compradores apartamentos com tr\u00eas quartos e plantas com 103m\u00b2, al\u00e9m de duas vagas de garagem. O empres\u00e1rio Paulo [&hellip;]","og_url":"https:\/\/www.notibras.com\/site\/peninsula-inaugura-nova-torre-do-resort-urbano\/","og_site_name":"Notibras","article_publisher":"https:\/\/www.facebook.com\/notibras\/","article_published_time":"2023-12-04T19:27:16+00:00","og_image":[{"width":1600,"height":1066,"url":"https:\/\/www.notibras.com\/site\/wp-content\/uploads\/2023\/12\/36934ec1-5863-4d5e-9cbe-4c4f050f43e5.jpeg","type":"image\/jpeg"}],"author":"Reda\u00e7\u00e3o","twitter_card":"summary_large_image","twitter_creator":"@Notibras","twitter_site":"@Notibras","twitter_misc":{"Escrito por":"Reda\u00e7\u00e3o","Est. tempo de leitura":"2 minutos"},"schema":{"@context":"https:\/\/schema.org","@graph":[{"@type":"Article","@id":"https:\/\/www.notibras.com\/site\/peninsula-inaugura-nova-torre-do-resort-urbano\/#article","isPartOf":{"@id":"https:\/\/www.notibras.com\/site\/peninsula-inaugura-nova-torre-do-resort-urbano\/"},"author":{"name":"Reda\u00e7\u00e3o","@id":"https:\/\/www.notibras.com\/site\/#\/schema\/person\/36ab0979449956132d3e5b517ea76ac8"},"headline":"Pen\u00ednsula inaugura nova torre do resort urbano","datePublished":"2023-12-04T19:27:16+00:00","mainEntityOfPage":{"@id":"https:\/\/www.notibras.com\/site\/peninsula-inaugura-nova-torre-do-resort-urbano\/"},"wordCount":376,"publisher":{"@id":"https:\/\/www.notibras.com\/site\/#organization"},"image":{"@id":"https:\/\/www.notibras.com\/site\/peninsula-inaugura-nova-torre-do-resort-urbano\/#primaryimage"},"thumbnailUrl":"https:\/\/www.notibras.com\/site\/wp-content\/uploads\/2023\/12\/36934ec1-5863-4d5e-9cbe-4c4f050f43e5.jpeg","articleSection":["Quadradinho em Foco"],"inLanguage":"pt-BR"},{"@type":"WebPage","@id":"https:\/\/www.notibras.com\/site\/peninsula-inaugura-nova-torre-do-resort-urbano\/","url":"https:\/\/www.notibras.com\/site\/peninsula-inaugura-nova-torre-do-resort-urbano\/","name":"Pen\u00ednsula inaugura nova torre do resort urbano - Notibras","isPartOf":{"@id":"https:\/\/www.notibras.com\/site\/#website"},"primaryImageOfPage":{"@id":"https:\/\/www.notibras.com\/site\/peninsula-inaugura-nova-torre-do-resort-urbano\/#primaryimage"},"image":{"@id":"https:\/\/www.notibras.com\/site\/peninsula-inaugura-nova-torre-do-resort-urbano\/#primaryimage"},"thumbnailUrl":"https:\/\/www.notibras.com\/site\/wp-content\/uploads\/2023\/12\/36934ec1-5863-4d5e-9cbe-4c4f050f43e5.jpeg","datePublished":"2023-12-04T19:27:16+00:00","breadcrumb":{"@id":"https:\/\/www.notibras.com\/site\/peninsula-inaugura-nova-torre-do-resort-urbano\/#breadcrumb"},"inLanguage":"pt-BR","potentialAction":[{"@type":"ReadAction","target":["https:\/\/www.notibras.com\/site\/peninsula-inaugura-nova-torre-do-resort-urbano\/"]}]},{"@type":"ImageObject","inLanguage":"pt-BR","@id":"https:\/\/www.notibras.com\/site\/peninsula-inaugura-nova-torre-do-resort-urbano\/#primaryimage","url":"https:\/\/www.notibras.com\/site\/wp-content\/uploads\/2023\/12\/36934ec1-5863-4d5e-9cbe-4c4f050f43e5.jpeg","contentUrl":"https:\/\/www.notibras.com\/site\/wp-content\/uploads\/2023\/12\/36934ec1-5863-4d5e-9cbe-4c4f050f43e5.jpeg","width":1600,"height":1066},{"@type":"BreadcrumbList","@id":"https:\/\/www.notibras.com\/site\/peninsula-inaugura-nova-torre-do-resort-urbano\/#breadcrumb","itemListElement":[{"@type":"ListItem","position":1,"name":"In\u00edcio","item":"https:\/\/www.notibras.com\/site\/"},{"@type":"ListItem","position":2,"name":"Pen\u00ednsula inaugura nova torre do resort urbano"}]},{"@type":"WebSite","@id":"https:\/\/www.notibras.com\/site\/#website","url":"https:\/\/www.notibras.com\/site\/","name":"Notibras","description":"Not\u00edcias de Bras\u00edlia, do Brasil e do Mundo","publisher":{"@id":"https:\/\/www.notibras.com\/site\/#organization"},"potentialAction":[{"@type":"SearchAction","target":{"@type":"EntryPoint","urlTemplate":"https:\/\/www.notibras.com\/site\/?s={search_term_string}"},"query-input":{"@type":"PropertyValueSpecification","valueRequired":true,"valueName":"search_term_string"}}],"inLanguage":"pt-BR"},{"@type":"Organization","@id":"https:\/\/www.notibras.com\/site\/#organization","name":"Grupo Notibras de Comunica\u00e7\u00e3o","url":"https:\/\/www.notibras.com\/site\/","logo":{"@type":"ImageObject","inLanguage":"pt-BR","@id":"https:\/\/www.notibras.com\/site\/#\/schema\/logo\/image\/","url":"https:\/\/www.notibras.com\/site\/wp-content\/uploads\/2023\/01\/notibras23.png","contentUrl":"https:\/\/www.notibras.com\/site\/wp-content\/uploads\/2023\/01\/notibras23.png","width":350,"height":87,"caption":"Grupo Notibras de Comunica\u00e7\u00e3o"},"image":{"@id":"https:\/\/www.notibras.com\/site\/#\/schema\/logo\/image\/"},"sameAs":["https:\/\/www.facebook.com\/notibras\/","https:\/\/x.com\/Notibras","https:\/\/www.instagram.com\/notibras\/"]},{"@type":"Person","@id":"https:\/\/www.notibras.com\/site\/#\/schema\/person\/36ab0979449956132d3e5b517ea76ac8","name":"Reda\u00e7\u00e3o","image":{"@type":"ImageObject","inLanguage":"pt-BR","@id":"https:\/\/secure.gravatar.com\/avatar\/e0a867bdedb85fd243eadf09663511f96fc81e0720a4a42581f334ad4303aa6b?s=96&d=mm&r=g","url":"https:\/\/secure.gravatar.com\/avatar\/e0a867bdedb85fd243eadf09663511f96fc81e0720a4a42581f334ad4303aa6b?s=96&d=mm&r=g","contentUrl":"https:\/\/secure.gravatar.com\/avatar\/e0a867bdedb85fd243eadf09663511f96fc81e0720a4a42581f334ad4303aa6b?s=96&d=mm&r=g","caption":"Reda\u00e7\u00e3o"}}]}},"amp_enabled":true,"_links":{"self":[{"href":"https:\/\/www.notibras.com\/site\/wp-json\/wp\/v2\/posts\/318434","targetHints":{"allow":["GET"]}}],"collection":[{"href":"https:\/\/www.notibras.com\/site\/wp-json\/wp\/v2\/posts"}],"about":[{"href":"https:\/\/www.notibras.com\/site\/wp-json\/wp\/v2\/types\/post"}],"author":[{"embeddable":true,"href":"https:\/\/www.notibras.com\/site\/wp-json\/wp\/v2\/users\/2"}],"replies":[{"embeddable":true,"href":"https:\/\/www.notibras.com\/site\/wp-json\/wp\/v2\/comments?post=318434"}],"version-history":[{"count":1,"href":"https:\/\/www.notibras.com\/site\/wp-json\/wp\/v2\/posts\/318434\/revisions"}],"predecessor-version":[{"id":318436,"href":"https:\/\/www.notibras.com\/site\/wp-json\/wp\/v2\/posts\/318434\/revisions\/318436"}],"wp:featuredmedia":[{"embeddable":true,"href":"https:\/\/www.notibras.com\/site\/wp-json\/wp\/v2\/media\/318435"}],"wp:attachment":[{"href":"https:\/\/www.notibras.com\/site\/wp-json\/wp\/v2\/media?parent=318434"}],"wp:term":[{"taxonomy":"category","embeddable":true,"href":"https:\/\/www.notibras.com\/site\/wp-json\/wp\/v2\/categories?post=318434"},{"taxonomy":"post_tag","embeddable":true,"href":"https:\/\/www.notibras.com\/site\/wp-json\/wp\/v2\/tags?post=318434"}],"curies":[{"name":"wp","href":"https:\/\/api.w.org\/{rel}","templated":true}]}}