{"id":318527,"date":"2023-12-05T12:34:52","date_gmt":"2023-12-05T15:34:52","guid":{"rendered":"https:\/\/www.notibras.com\/site\/?p=318527"},"modified":"2023-12-05T12:37:06","modified_gmt":"2023-12-05T15:37:06","slug":"investimento-de-600-mi-da-cara-de-cidade-a-antiga-favela-do-df","status":"publish","type":"post","link":"https:\/\/www.notibras.com\/site\/investimento-de-600-mi-da-cara-de-cidade-a-antiga-favela-do-df\/","title":{"rendered":"Investimento de 600 mi d\u00e1 cara de cidade a antiga favela do DF"},"content":{"rendered":"<p>Desde que virou uma regi\u00e3o administrativa em agosto de 2019, o Sol Nascente\/P\u00f4r do Sol tem se transformado, de fato, em uma cidade. Para tanto, o GDF investe cerca de R$ 600 milh\u00f5es em obras de infraestrutura e equipamentos p\u00fablicos para desenvolver e acompanhar o ritmo de crescimento da cidade, que re\u00fane mais de 95 mil pessoas.<\/p>\n<p>Se no ano 2000 a regi\u00e3o tinha pouco mais de 7 mil moradores, em dez anos esse n\u00famero chegou a 75 mil pessoas, e atualmente a popula\u00e7\u00e3o \u00e9 de quase uma centena de milhares de pessoas, o que coloca a regi\u00e3o administrativa na prateleira das mais populosas do Distrito Federal. E se l\u00e1 atr\u00e1s os investimentos n\u00e3o acompanharam esse crescimento populacional desordenado, hoje esse caminho tem tomado um rumo diferente com muitas obras e entregas.<\/p>\n<p>\u201cQuando fundamos a regi\u00e3o administrativa sab\u00edamos o que enfrentar\u00edamos. Agora, estamos implementando o que h\u00e1 de melhor nessa cidade\u201d, afirma o governador Ibaneis Rocha, ciente dos desafios de uma das maiores cidades do DF.<\/p>\n<p>Dos R$ 600 milh\u00f5es de investimento, R$ 282 milh\u00f5es se destinam \u00e0s obras de infraestrutura nos tr\u00eas trechos (I, II e III), sendo R$ 156 milh\u00f5es j\u00e1 aplicados. O restante se distribui em servi\u00e7os de saneamento b\u00e1sico, duas creches j\u00e1 entregues, um conselho tutelar em funcionamento, uma rodovi\u00e1ria em fase final de obra, uma unidade da Casa da Mulher Brasileira a ser constru\u00edda e o segundo restaurante comunit\u00e1rio da cidade, j\u00e1 inaugurado.<\/p>\n<p>O equipamento na \u00e1rea social \u00e9 considerado, inclusive, um dos mais importantes, pois tem capacidade para vender at\u00e9 3,6 mil refei\u00e7\u00f5es di\u00e1rias, de domingo a domingo, por apenas R$ 2 o caf\u00e9 da manh\u00e3, almo\u00e7o e jantar. E vem mais por a\u00ed. H\u00e1 previs\u00e3o de a cidade ganhar uma feira, grupamento do Corpo de Bombeiros Militar, delegacia, uma sede para a administra\u00e7\u00e3o regional, entre outros equipamentos p\u00fablicos.<\/p>\n<p>\u201c\u00c9 a demanda surgindo permanentemente em velocidade r\u00e1pida e o governo correndo atr\u00e1s para atender o menor tempo poss\u00edvel. Essa \u00e9 a realidade que n\u00f3s vivemos nas grandes cidades brasileiras\u201d, lembra o secret\u00e1rio de Governo, Jos\u00e9 Humberto Pires de Ara\u00fajo.<\/p>\n<p>\u201cNosso trabalho \u00e9 desmistificar a ideia de que Sol Nascente\/P\u00f4r do Sol \u00e9 a maior favela do Brasil. Esse \u00e9 o objetivo n\u00famero um, por isso o governador Ibaneis criou a regi\u00e3o administrativa, para fazer toda a infraestrutura e a coloca\u00e7\u00e3o dos equipamentos p\u00fablicos e dar condi\u00e7\u00f5es \u00e0s pessoas terem uma cidade completa\u201d, acrescentou o secret\u00e1rio. O gestor ainda lembrou que o Sol Nascente\/P\u00f4r do Sol nasceu e cresceu fruto da ocupa\u00e7\u00e3o desordenada de milhares de fam\u00edlias do DF e do Entorno que buscavam um lugar para morar em uma regi\u00e3o j\u00e1 consolidada da capital.<\/p>\n<p><strong>Benef\u00edcios<\/strong><br \/>\nTodo esse trabalho \u00e9 para trazer benef\u00edcios reais aos moradores. A drenagem \u00e9 para uma melhor capta\u00e7\u00e3o das \u00e1guas pluviais, controlando todo o fluxo que chega \u00e0s bacias de conten\u00e7\u00e3o ou o que vai desaguar nos c\u00f3rregos do Rio Melchior. Em outra frente, ela reduz os riscos com alagamentos, enchentes e processos erosivos.<\/p>\n<p>A pavimenta\u00e7\u00e3o, os meios-fios e as cal\u00e7adas atacam o problema da mobilidade urbana, e permitem, assim, a circula\u00e7\u00e3o das pessoas e o acesso de servi\u00e7os como a coleta de lixo, o transporte p\u00fablico, os Correios, a seguran\u00e7a p\u00fablica e sa\u00fade.<\/p>\n<p>\u201cUma das consequ\u00eancias da ocupa\u00e7\u00e3o irregular, caso do Sol Nascente, \u00e9, justamente, a falta de infraestrutura urbana. Estamos trabalhando incansavelmente para levar qualidade de vida a moradores e comerciantes dessa regi\u00e3o. Desde a retomada das obras, em junho de 2021, j\u00e1 investimos mais de R$ 152 milh\u00f5es e seguimos avan\u00e7ando. J\u00e1 executamos mais de 50% das redes de drenagem previstas em contrato. S\u00e3o essas redes que v\u00e3o resolver de forma definitiva os tradicionais problemas causados pela chuva. Seguiremos com as obras mesmo no per\u00edodo chuvoso. Os recursos est\u00e3o garantidos e todos os servi\u00e7os previstos em contrato ser\u00e3o executados\u201d, detalha o secret\u00e1rio de Obras, Luciano Carvalho.<\/p>\n<p><strong>Reconhecimento<\/strong><br \/>\nO Trecho II teve 100% dos servi\u00e7os executados e contou com investimento de R$ 68 milh\u00f5es. Agora, o GDF se dedica aos trabalhos de pavimenta\u00e7\u00e3o asf\u00e1ltica, drenagem, instala\u00e7\u00e3o de meios-fios, constru\u00e7\u00e3o de cal\u00e7adas, sinaliza\u00e7\u00e3o horizontal e vertical e bacias de deten\u00e7\u00e3o nos trechos I e III, sendo este o maior e mais complexo, dividido em tr\u00eas diferentes lotes.<\/p>\n<p>Quem reside no Trecho III acompanha de perto o trabalho do governo para concluir as diversas obras de infraestrutura. \u00c9 o caso de \u00c2ngela Prado, de 37 anos, sendo 15 deles vivido no Trecho III. \u201cEstamos muito felizes. O Sol Nascente foi onde criei meus filhos, onde estabeleci meu com\u00e9rcio. \u00c9 um sonho concretizado\u201d, avalia. \u201cAntigamente, sofr\u00edamos muito com a poeira e, quando chovia, a \u00e1gua vinha toda para c\u00e1, trazendo lama e lixo. Agora, com essa obra, ser\u00e1 muito bom, vai melhorar muito\u201d, avalia.<\/p>\n<p>Os elogios encontram eco em outros moradores de longa data do setor. \u201cEstou aqui h\u00e1 17 anos, lutando por essas melhorias. Agora, esse investimento \u00e9 tudo o que precis\u00e1vamos. Esse cuidado \u00e9 de extrema import\u00e2ncia\u201d, afirma Otac\u00edlio Lopes da Silva, 71 anos. \u201cFicamos orgulhosos de morar na cidade desde o in\u00edcio e poder testemunhar de perto as melhorias realizadas pelo governo aqui\u201d, complementa o comerciante F\u00e1bio Jos\u00e9 da Silva, 43 anos.<\/p>\n<p>Acompanhe, a seguir, \u00e1rea por \u00e1rea, o que j\u00e1 foi feito e o que vai ser entregue na cidade:<\/p>\n<p><strong>\u21d2 Infraestrutura<\/strong><br \/>\nNo Trecho I, a constru\u00e7\u00e3o da ponte de liga\u00e7\u00e3o ao Trecho II est\u00e1 na reta final. A previs\u00e3o \u00e9 de que a libera\u00e7\u00e3o para o tr\u00e2nsito de ve\u00edculos ocorra em dezembro. Tamb\u00e9m segue em andamento servi\u00e7os de terraplanagem, pavimenta\u00e7\u00e3o em piso intertravado e assentamento de meios fios nas ruas da ch\u00e1cara 34, a constru\u00e7\u00e3o do dissipador da lagoa de deten\u00e7\u00e3o 2, al\u00e9m de execu\u00e7\u00e3o de rede de drenagem na ch\u00e1cara 51. J\u00e1 o Trecho III tem obras de escava\u00e7\u00e3o de rampa de lagoa, execu\u00e7\u00e3o de redes de drenagem, pavimenta\u00e7\u00e3o asf\u00e1ltica e bacias de conten\u00e7\u00e3o sendo feitas.<\/p>\n<p><strong>\u21d2 Desenvolvimento social<\/strong><br \/>\nO Sol Nascente j\u00e1 contava com um restaurante comunit\u00e1rio na QNR 1, \u00c1rea Especial 2, e ganhou mais um, na Quadra 105 do Trecho II. A nova unidade tem 1.380 m\u00b2, refeit\u00f3rio, dep\u00f3sito de alimentos, banheiros, bilheteria, caldeira, reservat\u00f3rio de \u00e1gua e casa de g\u00e1s.<\/p>\n<p><strong>\u21d2 Educa\u00e7\u00e3o<\/strong><br \/>\nO governo entregou a primeira creche na \u00e1rea do P\u00f4r do Sol, o Cepi Jandaia, com capacidade para 188 alunos, e a primeira na \u00e1rea do Sol Nascente, o Cepi Sarah Kubitschek, com o mesmo n\u00famero de atendimentos. Al\u00e9m disso, abriu as portas da Escola Classe JK, para 900 alunos.<\/p>\n<p><strong>\u21d2 Mobilidade<\/strong><br \/>\nA mobilidade ser\u00e1 ampliada com a rodovi\u00e1ria, em constru\u00e7\u00e3o na Quadra 105, no Trecho II, e que vai atender cerca de 20 mil pessoas. O terminal ter\u00e1 seis baias para embarque, 10 pontos de estocagem, 14 vagas de estacionamento para carros e 11 para motos, paraciclos com 24 vagas, tr\u00eas salas para apoio administrativo, al\u00e9m de lanchonete e banheiros com acessibilidade. O GDF tamb\u00e9m construiu dezenas de abrigos de \u00f4nibus e implantou 10 novas linhas de \u00f4nibus.<\/p>\n<p><strong>\u21d2 Moradia<\/strong><br \/>\nA cidade tamb\u00e9m \u00e9 atendida com o programa Melhorias Habitacionais, da Companhia de Desenvolvimento Habitacional (Codhab). J\u00e1 foram entregues 448 unidades habitacionais, o que representa moradia para mais de 1,7 mil pessoas. Os apartamentos se dividem entre os empreendimentos Parque do Sol e Residencial Horizonte. Em outra frente, o GDF atua em melhorias habitacionais voltadas para fam\u00edlias de baixa renda em \u00e1reas de interesse social. Na cidade, 11 casas foram reformadas.<\/p>\n<p><strong>\u21d2 Sa\u00fade<\/strong><br \/>\nNa pandemia, o GDF inaugurou um hospital de campanha ao lado da primeira UPA de Ceil\u00e2ndia. Ele se transformou no Hospital Cidade do Sol e atende a regi\u00e3o.<\/p>\n<p><strong>\u21d2 Saneamento b\u00e1sico<\/strong><br \/>\nEm janeiro deste ano, a Caesb finalizou mais uma etapa da implanta\u00e7\u00e3o do sistema sanit\u00e1rio da cidade: a Esta\u00e7\u00e3o Elevat\u00f3ria de Esgotos, que atende cerca de 17 mil moradores nesta fase. A companhia estima que o atendimento \u00e0 regi\u00e3o administrativa com redes coletoras de esgotos esteja em torno de 90%.<\/p>\n<p><strong>\u21d2 Ilumina\u00e7\u00e3o p\u00fablica<\/strong><br \/>\nNa ilumina\u00e7\u00e3o p\u00fablica, a CEB instalou substituiu mais de 1,2 mil lumin\u00e1rias por LED e instalou 239 lumin\u00e1rias, totalizando um investimento de R$ 1,7 milh\u00e3o na efici\u00eancia energ\u00e9tica e na expans\u00e3o da rede.<\/p>\n<p><strong>\u21d2 Limpeza urbana<\/strong><br \/>\nA cidade conta com coleta convencional porta a porta, de segunda a s\u00e1bado, nas ruas em que h\u00e1 acesso para os caminh\u00f5es compactadores. Onde n\u00e3o \u00e9 poss\u00edvel o acesso, a popula\u00e7\u00e3o pode usar um dos 57 papa-lixos em opera\u00e7\u00e3o na regi\u00e3o. O servi\u00e7o de varri\u00e7\u00e3o manual \u00e9 realizado na regi\u00e3o de segunda a s\u00e1bado e h\u00e1 duas unidades de papa-entulhos para atender a cidade, localizadas na QNP 28 e na QNN 29 em Ceil\u00e2ndia.<\/p>\n","protected":false},"excerpt":{"rendered":"<p>Desde que virou uma regi\u00e3o administrativa em agosto de 2019, o Sol Nascente\/P\u00f4r do Sol tem se transformado, de fato, em uma cidade. Para tanto, o GDF investe cerca de R$ 600 milh\u00f5es em obras de infraestrutura e equipamentos p\u00fablicos para desenvolver e acompanhar o ritmo de crescimento da cidade, que re\u00fane mais de 95 [&hellip;]<\/p>\n","protected":false},"author":2,"featured_media":318528,"comment_status":"closed","ping_status":"closed","sticky":false,"template":"","format":"standard","meta":{"_acf_changed":false,"footnotes":""},"categories":[161],"tags":[95],"class_list":["post-318527","post","type-post","status-publish","format-standard","has-post-thumbnail","hentry","category-quadradinho-em-foco","tag-capa"],"acf":[],"yoast_head":"<!-- This site is optimized with the Yoast SEO plugin v27.2 - https:\/\/yoast.com\/product\/yoast-seo-wordpress\/ -->\n<title>Investimento de 600 mi d\u00e1 cara de cidade a antiga favela do DF - Notibras<\/title>\n<meta name=\"robots\" content=\"index, follow, max-snippet:-1, max-image-preview:large, max-video-preview:-1\" \/>\n<link rel=\"canonical\" href=\"https:\/\/www.notibras.com\/site\/investimento-de-600-mi-da-cara-de-cidade-a-antiga-favela-do-df\/\" \/>\n<meta property=\"og:locale\" content=\"pt_BR\" \/>\n<meta property=\"og:type\" content=\"article\" \/>\n<meta property=\"og:title\" content=\"Investimento de 600 mi d\u00e1 cara de cidade a antiga favela do DF - Notibras\" \/>\n<meta property=\"og:description\" content=\"Desde que virou uma regi\u00e3o administrativa em agosto de 2019, o Sol Nascente\/P\u00f4r do Sol tem se transformado, de fato, em uma cidade. Para tanto, o GDF investe cerca de R$ 600 milh\u00f5es em obras de infraestrutura e equipamentos p\u00fablicos para desenvolver e acompanhar o ritmo de crescimento da cidade, que re\u00fane mais de 95 [&hellip;]\" \/>\n<meta property=\"og:url\" content=\"https:\/\/www.notibras.com\/site\/investimento-de-600-mi-da-cara-de-cidade-a-antiga-favela-do-df\/\" \/>\n<meta property=\"og:site_name\" content=\"Notibras\" \/>\n<meta property=\"article:publisher\" content=\"https:\/\/www.facebook.com\/notibras\/\" \/>\n<meta property=\"article:published_time\" content=\"2023-12-05T15:34:52+00:00\" \/>\n<meta property=\"article:modified_time\" content=\"2023-12-05T15:37:06+00:00\" \/>\n<meta property=\"og:image\" content=\"https:\/\/www.notibras.com\/site\/wp-content\/uploads\/2023\/12\/53365115859_251c0415db_k.jpg\" \/>\n\t<meta property=\"og:image:width\" content=\"2048\" \/>\n\t<meta property=\"og:image:height\" content=\"984\" \/>\n\t<meta property=\"og:image:type\" content=\"image\/jpeg\" \/>\n<meta name=\"author\" content=\"Reda\u00e7\u00e3o\" \/>\n<meta name=\"twitter:card\" content=\"summary_large_image\" \/>\n<meta name=\"twitter:creator\" content=\"@Notibras\" \/>\n<meta name=\"twitter:site\" content=\"@Notibras\" \/>\n<meta name=\"twitter:label1\" content=\"Escrito por\" \/>\n\t<meta name=\"twitter:data1\" content=\"Reda\u00e7\u00e3o\" \/>\n\t<meta name=\"twitter:label2\" content=\"Est. tempo de leitura\" \/>\n\t<meta name=\"twitter:data2\" content=\"8 minutos\" \/>\n<script type=\"application\/ld+json\" class=\"yoast-schema-graph\">{\"@context\":\"https:\/\/schema.org\",\"@graph\":[{\"@type\":\"Article\",\"@id\":\"https:\/\/www.notibras.com\/site\/investimento-de-600-mi-da-cara-de-cidade-a-antiga-favela-do-df\/#article\",\"isPartOf\":{\"@id\":\"https:\/\/www.notibras.com\/site\/investimento-de-600-mi-da-cara-de-cidade-a-antiga-favela-do-df\/\"},\"author\":{\"name\":\"Reda\u00e7\u00e3o\",\"@id\":\"https:\/\/www.notibras.com\/site\/#\/schema\/person\/36ab0979449956132d3e5b517ea76ac8\"},\"headline\":\"Investimento de 600 mi d\u00e1 cara de cidade a antiga favela do DF\",\"datePublished\":\"2023-12-05T15:34:52+00:00\",\"dateModified\":\"2023-12-05T15:37:06+00:00\",\"mainEntityOfPage\":{\"@id\":\"https:\/\/www.notibras.com\/site\/investimento-de-600-mi-da-cara-de-cidade-a-antiga-favela-do-df\/\"},\"wordCount\":1513,\"publisher\":{\"@id\":\"https:\/\/www.notibras.com\/site\/#organization\"},\"image\":{\"@id\":\"https:\/\/www.notibras.com\/site\/investimento-de-600-mi-da-cara-de-cidade-a-antiga-favela-do-df\/#primaryimage\"},\"thumbnailUrl\":\"https:\/\/www.notibras.com\/site\/wp-content\/uploads\/2023\/12\/53365115859_251c0415db_k.jpg\",\"keywords\":[\"capa\"],\"articleSection\":[\"Quadradinho em Foco\"],\"inLanguage\":\"pt-BR\"},{\"@type\":\"WebPage\",\"@id\":\"https:\/\/www.notibras.com\/site\/investimento-de-600-mi-da-cara-de-cidade-a-antiga-favela-do-df\/\",\"url\":\"https:\/\/www.notibras.com\/site\/investimento-de-600-mi-da-cara-de-cidade-a-antiga-favela-do-df\/\",\"name\":\"Investimento de 600 mi d\u00e1 cara de cidade a antiga favela do DF - Notibras\",\"isPartOf\":{\"@id\":\"https:\/\/www.notibras.com\/site\/#website\"},\"primaryImageOfPage\":{\"@id\":\"https:\/\/www.notibras.com\/site\/investimento-de-600-mi-da-cara-de-cidade-a-antiga-favela-do-df\/#primaryimage\"},\"image\":{\"@id\":\"https:\/\/www.notibras.com\/site\/investimento-de-600-mi-da-cara-de-cidade-a-antiga-favela-do-df\/#primaryimage\"},\"thumbnailUrl\":\"https:\/\/www.notibras.com\/site\/wp-content\/uploads\/2023\/12\/53365115859_251c0415db_k.jpg\",\"datePublished\":\"2023-12-05T15:34:52+00:00\",\"dateModified\":\"2023-12-05T15:37:06+00:00\",\"breadcrumb\":{\"@id\":\"https:\/\/www.notibras.com\/site\/investimento-de-600-mi-da-cara-de-cidade-a-antiga-favela-do-df\/#breadcrumb\"},\"inLanguage\":\"pt-BR\",\"potentialAction\":[{\"@type\":\"ReadAction\",\"target\":[\"https:\/\/www.notibras.com\/site\/investimento-de-600-mi-da-cara-de-cidade-a-antiga-favela-do-df\/\"]}]},{\"@type\":\"ImageObject\",\"inLanguage\":\"pt-BR\",\"@id\":\"https:\/\/www.notibras.com\/site\/investimento-de-600-mi-da-cara-de-cidade-a-antiga-favela-do-df\/#primaryimage\",\"url\":\"https:\/\/www.notibras.com\/site\/wp-content\/uploads\/2023\/12\/53365115859_251c0415db_k.jpg\",\"contentUrl\":\"https:\/\/www.notibras.com\/site\/wp-content\/uploads\/2023\/12\/53365115859_251c0415db_k.jpg\",\"width\":2048,\"height\":984},{\"@type\":\"BreadcrumbList\",\"@id\":\"https:\/\/www.notibras.com\/site\/investimento-de-600-mi-da-cara-de-cidade-a-antiga-favela-do-df\/#breadcrumb\",\"itemListElement\":[{\"@type\":\"ListItem\",\"position\":1,\"name\":\"In\u00edcio\",\"item\":\"https:\/\/www.notibras.com\/site\/\"},{\"@type\":\"ListItem\",\"position\":2,\"name\":\"Investimento de 600 mi d\u00e1 cara de cidade a antiga favela do DF\"}]},{\"@type\":\"WebSite\",\"@id\":\"https:\/\/www.notibras.com\/site\/#website\",\"url\":\"https:\/\/www.notibras.com\/site\/\",\"name\":\"Notibras\",\"description\":\"Not\u00edcias de Bras\u00edlia, do Brasil e do Mundo\",\"publisher\":{\"@id\":\"https:\/\/www.notibras.com\/site\/#organization\"},\"potentialAction\":[{\"@type\":\"SearchAction\",\"target\":{\"@type\":\"EntryPoint\",\"urlTemplate\":\"https:\/\/www.notibras.com\/site\/?s={search_term_string}\"},\"query-input\":{\"@type\":\"PropertyValueSpecification\",\"valueRequired\":true,\"valueName\":\"search_term_string\"}}],\"inLanguage\":\"pt-BR\"},{\"@type\":\"Organization\",\"@id\":\"https:\/\/www.notibras.com\/site\/#organization\",\"name\":\"Grupo Notibras de Comunica\u00e7\u00e3o\",\"url\":\"https:\/\/www.notibras.com\/site\/\",\"logo\":{\"@type\":\"ImageObject\",\"inLanguage\":\"pt-BR\",\"@id\":\"https:\/\/www.notibras.com\/site\/#\/schema\/logo\/image\/\",\"url\":\"https:\/\/www.notibras.com\/site\/wp-content\/uploads\/2023\/01\/notibras23.png\",\"contentUrl\":\"https:\/\/www.notibras.com\/site\/wp-content\/uploads\/2023\/01\/notibras23.png\",\"width\":350,\"height\":87,\"caption\":\"Grupo Notibras de Comunica\u00e7\u00e3o\"},\"image\":{\"@id\":\"https:\/\/www.notibras.com\/site\/#\/schema\/logo\/image\/\"},\"sameAs\":[\"https:\/\/www.facebook.com\/notibras\/\",\"https:\/\/x.com\/Notibras\",\"https:\/\/www.instagram.com\/notibras\/\"]},{\"@type\":\"Person\",\"@id\":\"https:\/\/www.notibras.com\/site\/#\/schema\/person\/36ab0979449956132d3e5b517ea76ac8\",\"name\":\"Reda\u00e7\u00e3o\",\"image\":{\"@type\":\"ImageObject\",\"inLanguage\":\"pt-BR\",\"@id\":\"https:\/\/secure.gravatar.com\/avatar\/e0a867bdedb85fd243eadf09663511f96fc81e0720a4a42581f334ad4303aa6b?s=96&d=mm&r=g\",\"url\":\"https:\/\/secure.gravatar.com\/avatar\/e0a867bdedb85fd243eadf09663511f96fc81e0720a4a42581f334ad4303aa6b?s=96&d=mm&r=g\",\"contentUrl\":\"https:\/\/secure.gravatar.com\/avatar\/e0a867bdedb85fd243eadf09663511f96fc81e0720a4a42581f334ad4303aa6b?s=96&d=mm&r=g\",\"caption\":\"Reda\u00e7\u00e3o\"}}]}<\/script>\n<!-- \/ Yoast SEO plugin. -->","yoast_head_json":{"title":"Investimento de 600 mi d\u00e1 cara de cidade a antiga favela do DF - Notibras","robots":{"index":"index","follow":"follow","max-snippet":"max-snippet:-1","max-image-preview":"max-image-preview:large","max-video-preview":"max-video-preview:-1"},"canonical":"https:\/\/www.notibras.com\/site\/investimento-de-600-mi-da-cara-de-cidade-a-antiga-favela-do-df\/","og_locale":"pt_BR","og_type":"article","og_title":"Investimento de 600 mi d\u00e1 cara de cidade a antiga favela do DF - Notibras","og_description":"Desde que virou uma regi\u00e3o administrativa em agosto de 2019, o Sol Nascente\/P\u00f4r do Sol tem se transformado, de fato, em uma cidade. Para tanto, o GDF investe cerca de R$ 600 milh\u00f5es em obras de infraestrutura e equipamentos p\u00fablicos para desenvolver e acompanhar o ritmo de crescimento da cidade, que re\u00fane mais de 95 [&hellip;]","og_url":"https:\/\/www.notibras.com\/site\/investimento-de-600-mi-da-cara-de-cidade-a-antiga-favela-do-df\/","og_site_name":"Notibras","article_publisher":"https:\/\/www.facebook.com\/notibras\/","article_published_time":"2023-12-05T15:34:52+00:00","article_modified_time":"2023-12-05T15:37:06+00:00","og_image":[{"width":2048,"height":984,"url":"https:\/\/www.notibras.com\/site\/wp-content\/uploads\/2023\/12\/53365115859_251c0415db_k.jpg","type":"image\/jpeg"}],"author":"Reda\u00e7\u00e3o","twitter_card":"summary_large_image","twitter_creator":"@Notibras","twitter_site":"@Notibras","twitter_misc":{"Escrito por":"Reda\u00e7\u00e3o","Est. tempo de leitura":"8 minutos"},"schema":{"@context":"https:\/\/schema.org","@graph":[{"@type":"Article","@id":"https:\/\/www.notibras.com\/site\/investimento-de-600-mi-da-cara-de-cidade-a-antiga-favela-do-df\/#article","isPartOf":{"@id":"https:\/\/www.notibras.com\/site\/investimento-de-600-mi-da-cara-de-cidade-a-antiga-favela-do-df\/"},"author":{"name":"Reda\u00e7\u00e3o","@id":"https:\/\/www.notibras.com\/site\/#\/schema\/person\/36ab0979449956132d3e5b517ea76ac8"},"headline":"Investimento de 600 mi d\u00e1 cara de cidade a antiga favela do DF","datePublished":"2023-12-05T15:34:52+00:00","dateModified":"2023-12-05T15:37:06+00:00","mainEntityOfPage":{"@id":"https:\/\/www.notibras.com\/site\/investimento-de-600-mi-da-cara-de-cidade-a-antiga-favela-do-df\/"},"wordCount":1513,"publisher":{"@id":"https:\/\/www.notibras.com\/site\/#organization"},"image":{"@id":"https:\/\/www.notibras.com\/site\/investimento-de-600-mi-da-cara-de-cidade-a-antiga-favela-do-df\/#primaryimage"},"thumbnailUrl":"https:\/\/www.notibras.com\/site\/wp-content\/uploads\/2023\/12\/53365115859_251c0415db_k.jpg","keywords":["capa"],"articleSection":["Quadradinho em Foco"],"inLanguage":"pt-BR"},{"@type":"WebPage","@id":"https:\/\/www.notibras.com\/site\/investimento-de-600-mi-da-cara-de-cidade-a-antiga-favela-do-df\/","url":"https:\/\/www.notibras.com\/site\/investimento-de-600-mi-da-cara-de-cidade-a-antiga-favela-do-df\/","name":"Investimento de 600 mi d\u00e1 cara de cidade a antiga favela do DF - Notibras","isPartOf":{"@id":"https:\/\/www.notibras.com\/site\/#website"},"primaryImageOfPage":{"@id":"https:\/\/www.notibras.com\/site\/investimento-de-600-mi-da-cara-de-cidade-a-antiga-favela-do-df\/#primaryimage"},"image":{"@id":"https:\/\/www.notibras.com\/site\/investimento-de-600-mi-da-cara-de-cidade-a-antiga-favela-do-df\/#primaryimage"},"thumbnailUrl":"https:\/\/www.notibras.com\/site\/wp-content\/uploads\/2023\/12\/53365115859_251c0415db_k.jpg","datePublished":"2023-12-05T15:34:52+00:00","dateModified":"2023-12-05T15:37:06+00:00","breadcrumb":{"@id":"https:\/\/www.notibras.com\/site\/investimento-de-600-mi-da-cara-de-cidade-a-antiga-favela-do-df\/#breadcrumb"},"inLanguage":"pt-BR","potentialAction":[{"@type":"ReadAction","target":["https:\/\/www.notibras.com\/site\/investimento-de-600-mi-da-cara-de-cidade-a-antiga-favela-do-df\/"]}]},{"@type":"ImageObject","inLanguage":"pt-BR","@id":"https:\/\/www.notibras.com\/site\/investimento-de-600-mi-da-cara-de-cidade-a-antiga-favela-do-df\/#primaryimage","url":"https:\/\/www.notibras.com\/site\/wp-content\/uploads\/2023\/12\/53365115859_251c0415db_k.jpg","contentUrl":"https:\/\/www.notibras.com\/site\/wp-content\/uploads\/2023\/12\/53365115859_251c0415db_k.jpg","width":2048,"height":984},{"@type":"BreadcrumbList","@id":"https:\/\/www.notibras.com\/site\/investimento-de-600-mi-da-cara-de-cidade-a-antiga-favela-do-df\/#breadcrumb","itemListElement":[{"@type":"ListItem","position":1,"name":"In\u00edcio","item":"https:\/\/www.notibras.com\/site\/"},{"@type":"ListItem","position":2,"name":"Investimento de 600 mi d\u00e1 cara de cidade a antiga favela do DF"}]},{"@type":"WebSite","@id":"https:\/\/www.notibras.com\/site\/#website","url":"https:\/\/www.notibras.com\/site\/","name":"Notibras","description":"Not\u00edcias de Bras\u00edlia, do Brasil e do Mundo","publisher":{"@id":"https:\/\/www.notibras.com\/site\/#organization"},"potentialAction":[{"@type":"SearchAction","target":{"@type":"EntryPoint","urlTemplate":"https:\/\/www.notibras.com\/site\/?s={search_term_string}"},"query-input":{"@type":"PropertyValueSpecification","valueRequired":true,"valueName":"search_term_string"}}],"inLanguage":"pt-BR"},{"@type":"Organization","@id":"https:\/\/www.notibras.com\/site\/#organization","name":"Grupo Notibras de Comunica\u00e7\u00e3o","url":"https:\/\/www.notibras.com\/site\/","logo":{"@type":"ImageObject","inLanguage":"pt-BR","@id":"https:\/\/www.notibras.com\/site\/#\/schema\/logo\/image\/","url":"https:\/\/www.notibras.com\/site\/wp-content\/uploads\/2023\/01\/notibras23.png","contentUrl":"https:\/\/www.notibras.com\/site\/wp-content\/uploads\/2023\/01\/notibras23.png","width":350,"height":87,"caption":"Grupo Notibras de Comunica\u00e7\u00e3o"},"image":{"@id":"https:\/\/www.notibras.com\/site\/#\/schema\/logo\/image\/"},"sameAs":["https:\/\/www.facebook.com\/notibras\/","https:\/\/x.com\/Notibras","https:\/\/www.instagram.com\/notibras\/"]},{"@type":"Person","@id":"https:\/\/www.notibras.com\/site\/#\/schema\/person\/36ab0979449956132d3e5b517ea76ac8","name":"Reda\u00e7\u00e3o","image":{"@type":"ImageObject","inLanguage":"pt-BR","@id":"https:\/\/secure.gravatar.com\/avatar\/e0a867bdedb85fd243eadf09663511f96fc81e0720a4a42581f334ad4303aa6b?s=96&d=mm&r=g","url":"https:\/\/secure.gravatar.com\/avatar\/e0a867bdedb85fd243eadf09663511f96fc81e0720a4a42581f334ad4303aa6b?s=96&d=mm&r=g","contentUrl":"https:\/\/secure.gravatar.com\/avatar\/e0a867bdedb85fd243eadf09663511f96fc81e0720a4a42581f334ad4303aa6b?s=96&d=mm&r=g","caption":"Reda\u00e7\u00e3o"}}]}},"amp_enabled":true,"_links":{"self":[{"href":"https:\/\/www.notibras.com\/site\/wp-json\/wp\/v2\/posts\/318527","targetHints":{"allow":["GET"]}}],"collection":[{"href":"https:\/\/www.notibras.com\/site\/wp-json\/wp\/v2\/posts"}],"about":[{"href":"https:\/\/www.notibras.com\/site\/wp-json\/wp\/v2\/types\/post"}],"author":[{"embeddable":true,"href":"https:\/\/www.notibras.com\/site\/wp-json\/wp\/v2\/users\/2"}],"replies":[{"embeddable":true,"href":"https:\/\/www.notibras.com\/site\/wp-json\/wp\/v2\/comments?post=318527"}],"version-history":[{"count":3,"href":"https:\/\/www.notibras.com\/site\/wp-json\/wp\/v2\/posts\/318527\/revisions"}],"predecessor-version":[{"id":318531,"href":"https:\/\/www.notibras.com\/site\/wp-json\/wp\/v2\/posts\/318527\/revisions\/318531"}],"wp:featuredmedia":[{"embeddable":true,"href":"https:\/\/www.notibras.com\/site\/wp-json\/wp\/v2\/media\/318528"}],"wp:attachment":[{"href":"https:\/\/www.notibras.com\/site\/wp-json\/wp\/v2\/media?parent=318527"}],"wp:term":[{"taxonomy":"category","embeddable":true,"href":"https:\/\/www.notibras.com\/site\/wp-json\/wp\/v2\/categories?post=318527"},{"taxonomy":"post_tag","embeddable":true,"href":"https:\/\/www.notibras.com\/site\/wp-json\/wp\/v2\/tags?post=318527"}],"curies":[{"name":"wp","href":"https:\/\/api.w.org\/{rel}","templated":true}]}}