{"id":318549,"date":"2023-12-06T07:15:24","date_gmt":"2023-12-06T10:15:24","guid":{"rendered":"https:\/\/www.notibras.com\/site\/?p=318549"},"modified":"2023-12-06T07:20:37","modified_gmt":"2023-12-06T10:20:37","slug":"cidade-de-bem-merece-ruas-com-nomes-legais","status":"publish","type":"post","link":"https:\/\/www.notibras.com\/site\/cidade-de-bem-merece-ruas-com-nomes-legais\/","title":{"rendered":"Cidade de bem merece ruas com nomes legais"},"content":{"rendered":"<p>Imagine uma cidade cujas ruas tenham apenas nomes de pessoas legais. Nada de visconde disso, bar\u00e3o daquilo, general sei l\u00e1 o qu\u00ea. Chega de homenagear gente que n\u00e3o gosta de gente!<\/p>\n<p>Na nossa cidade devemos valorizar os seres humanos especiais e, por isso mesmo, muito legais. J\u00e1 pensou a rua Elza Soares se encontrando com a Garrincha, que pode fazer uma tabelinha na esquina da Nilton Santos? Obviamente que poder\u00edamos fazer um agrado ao Zico. ao Dinamite ou ao Rivelino, mas isso \u00e9 com voc\u00ea. Sou botafoguense e, portanto, vou colocar os craques do meu time em v\u00e1rias ruas.<\/p>\n<p>&#8211; Onde fica a padaria?<\/p>\n<p>&#8211; Ah, voc\u00ea sobe aqui a Nise da Silveira, dobra \u00e0 esquerda na Jo\u00e3o Saldanha, depois dobra mais ainda \u00e0 esquerda pra pegar a Lu\u00eds Carlos Prestes. A padaria fica bem em frente \u00e0 pra\u00e7a Dona Ivone Lara.<\/p>\n<p>Com esse trajeto, a caminhada fica at\u00e9 mais prazerosa. \u00c9 certo que iremos criar um seleto emaranhado no centro, onde a Marieta Severo cruzaria com a Chico Buarque e a Marco Nanini, que formaria um entroncamento com a Tonico Pereira e a Canarinho.<\/p>\n<p>J\u00e1 a Helo\u00edsa Mafalda, nascida justamente na Brand\u00e3o Filho, desembocaria na Jorge D\u00f3ria. N\u00e3o poder\u00edamos nos esquecer da famosa e formosa rua S\u00f4nia Braga, que seria o in\u00edcio, meio e fim de v\u00e1rias outras: Armando B\u00f3gus, Jorge Amado com a Z\u00e9lia Gattai ou at\u00e9 mesmo com a Marcelo Mastroianni. E como esquecer do trevo mais nobre dessa nossa cidade: a Machado de Assis, com certeza, s\u00f3 poderia mesmo dar as m\u00e3os para a Carolina Augusta.<\/p>\n<p>Entre tantas ruas, estaria a Zeca Pagodinho, que obrigatoriamente deveria ter alguma liga\u00e7\u00e3o espiritual com o largo Beth Carvalho, que seria ponto de encontro das ruas Martinho da Vila, Martin\u00e1lia, Cartola, Nelson Sargento, Paulinho da Viola e Noel Rosa, que dobraria justamente na Aracy de Almeida. Gente, quanta gente boa!!! Quanta gente a se valorizar!!!<\/p>\n<p>Ruth de Souza, L\u00e9a Garcia, Fernandona, Fernando e Fernandinha, Proc\u00f3pio e Bibi, Grande Otelo e Oscarito, Golias, Costinha, Xico S\u00e1, Lula, Dilma, Paulo Pimenta, Humberto Costa, Elis, Caetano Veloso, Gilberto Gil, Alceu Valen\u00e7a, Raulzito, Carolina Maria de Jesus, Concei\u00e7\u00e3o Evaristo, Maria Beth\u00e2nia, Gal, Z\u00e9 Geraldo, Z\u00e9 Ramalho, Belchior, Ala\u00edde Costa, Marcio Petracco, Johnny Alf, Cauby, \u00c2ngela Maria&#8230; A lista \u00e9 enorme!!!<\/p>\n<p>Tamb\u00e9m haveria ruas novas: L\u00e1zaro Ramos, Matheus Nachtergaele, Ta\u00eds de Ara\u00fajo, Wagner Moura, Leandra Leal, Greg\u00f3rio Duvivier, Tat\u00e1 Werneck, Paulo Gustavo, Tuca Andrada, Rafael Portugal e toda aquela turma divertida do A Culpa \u00e9 do Cabral. Quanta sede de arte de gente nada esquisita! Que tamb\u00e9m venham os Titans e a galera do Legi\u00e3o Urbana!<\/p>\n<p>J\u00e1 que quem escolher\u00e1 os nomes somos n\u00f3s, aproveito para criar a pra\u00e7a dos meus colegas de <strong>Notibras<\/strong>, que se sentar\u00e3o nos banquinhos de cimento dispostos em c\u00edrculo. L\u00e1 estar\u00e3o o Jos\u00e9 Seabra, o Wenceslau Ara\u00fajo, o Mathuzal\u00e9m J\u00fanior, a Carolina Paiva, o Daniel Marchi de Oliveira, o Andr\u00e9 Montanha, a Pretta Abreu, a Malu Oliveira, a Marta Nobre, o Armando Cardoso, o Bart\u00f4 Granja&#8230;<\/p>\n<p>E me desculpe o atrevimento, mas nessa nossa cidade tamb\u00e9m deveria ter a rua Dona Irene, que \u00e9 justamente a que eu escolheria para morar.<\/p>\n","protected":false},"excerpt":{"rendered":"<p>Imagine uma cidade cujas ruas tenham apenas nomes de pessoas legais. Nada de visconde disso, bar\u00e3o daquilo, general sei l\u00e1 o qu\u00ea. Chega de homenagear gente que n\u00e3o gosta de gente! Na nossa cidade devemos valorizar os seres humanos especiais e, por isso mesmo, muito legais. J\u00e1 pensou a rua Elza Soares se encontrando com [&hellip;]<\/p>\n","protected":false},"author":2,"featured_media":318550,"comment_status":"closed","ping_status":"closed","sticky":false,"template":"","format":"standard","meta":{"_acf_changed":false,"footnotes":""},"categories":[161],"tags":[],"class_list":["post-318549","post","type-post","status-publish","format-standard","has-post-thumbnail","hentry","category-quadradinho-em-foco"],"acf":[],"yoast_head":"<!-- This site is optimized with the Yoast SEO plugin v27.2 - https:\/\/yoast.com\/product\/yoast-seo-wordpress\/ -->\n<title>Cidade de bem merece ruas com nomes legais - Notibras<\/title>\n<meta name=\"robots\" content=\"index, follow, max-snippet:-1, max-image-preview:large, max-video-preview:-1\" \/>\n<link rel=\"canonical\" href=\"https:\/\/www.notibras.com\/site\/cidade-de-bem-merece-ruas-com-nomes-legais\/\" \/>\n<meta property=\"og:locale\" content=\"pt_BR\" \/>\n<meta property=\"og:type\" content=\"article\" \/>\n<meta property=\"og:title\" content=\"Cidade de bem merece ruas com nomes legais - Notibras\" \/>\n<meta property=\"og:description\" content=\"Imagine uma cidade cujas ruas tenham apenas nomes de pessoas legais. Nada de visconde disso, bar\u00e3o daquilo, general sei l\u00e1 o qu\u00ea. Chega de homenagear gente que n\u00e3o gosta de gente! Na nossa cidade devemos valorizar os seres humanos especiais e, por isso mesmo, muito legais. J\u00e1 pensou a rua Elza Soares se encontrando com [&hellip;]\" \/>\n<meta property=\"og:url\" content=\"https:\/\/www.notibras.com\/site\/cidade-de-bem-merece-ruas-com-nomes-legais\/\" \/>\n<meta property=\"og:site_name\" content=\"Notibras\" \/>\n<meta property=\"article:publisher\" content=\"https:\/\/www.facebook.com\/notibras\/\" \/>\n<meta property=\"article:published_time\" content=\"2023-12-06T10:15:24+00:00\" \/>\n<meta property=\"article:modified_time\" content=\"2023-12-06T10:20:37+00:00\" \/>\n<meta property=\"og:image\" content=\"https:\/\/www.notibras.com\/site\/wp-content\/uploads\/2023\/12\/duruirenefoto.jpg\" \/>\n\t<meta property=\"og:image:width\" content=\"1024\" \/>\n\t<meta property=\"og:image:height\" content=\"768\" \/>\n\t<meta property=\"og:image:type\" content=\"image\/jpeg\" \/>\n<meta name=\"author\" content=\"Reda\u00e7\u00e3o\" \/>\n<meta name=\"twitter:card\" content=\"summary_large_image\" \/>\n<meta name=\"twitter:creator\" content=\"@Notibras\" \/>\n<meta name=\"twitter:site\" content=\"@Notibras\" \/>\n<meta name=\"twitter:label1\" content=\"Escrito por\" \/>\n\t<meta name=\"twitter:data1\" content=\"Reda\u00e7\u00e3o\" \/>\n\t<meta name=\"twitter:label2\" content=\"Est. tempo de leitura\" \/>\n\t<meta name=\"twitter:data2\" content=\"3 minutos\" \/>\n<script type=\"application\/ld+json\" class=\"yoast-schema-graph\">{\"@context\":\"https:\/\/schema.org\",\"@graph\":[{\"@type\":\"Article\",\"@id\":\"https:\/\/www.notibras.com\/site\/cidade-de-bem-merece-ruas-com-nomes-legais\/#article\",\"isPartOf\":{\"@id\":\"https:\/\/www.notibras.com\/site\/cidade-de-bem-merece-ruas-com-nomes-legais\/\"},\"author\":{\"name\":\"Reda\u00e7\u00e3o\",\"@id\":\"https:\/\/www.notibras.com\/site\/#\/schema\/person\/36ab0979449956132d3e5b517ea76ac8\"},\"headline\":\"Cidade de bem merece ruas com nomes legais\",\"datePublished\":\"2023-12-06T10:15:24+00:00\",\"dateModified\":\"2023-12-06T10:20:37+00:00\",\"mainEntityOfPage\":{\"@id\":\"https:\/\/www.notibras.com\/site\/cidade-de-bem-merece-ruas-com-nomes-legais\/\"},\"wordCount\":563,\"publisher\":{\"@id\":\"https:\/\/www.notibras.com\/site\/#organization\"},\"image\":{\"@id\":\"https:\/\/www.notibras.com\/site\/cidade-de-bem-merece-ruas-com-nomes-legais\/#primaryimage\"},\"thumbnailUrl\":\"https:\/\/www.notibras.com\/site\/wp-content\/uploads\/2023\/12\/duruirenefoto.jpg\",\"articleSection\":[\"Quadradinho em Foco\"],\"inLanguage\":\"pt-BR\"},{\"@type\":\"WebPage\",\"@id\":\"https:\/\/www.notibras.com\/site\/cidade-de-bem-merece-ruas-com-nomes-legais\/\",\"url\":\"https:\/\/www.notibras.com\/site\/cidade-de-bem-merece-ruas-com-nomes-legais\/\",\"name\":\"Cidade de bem merece ruas com nomes legais - Notibras\",\"isPartOf\":{\"@id\":\"https:\/\/www.notibras.com\/site\/#website\"},\"primaryImageOfPage\":{\"@id\":\"https:\/\/www.notibras.com\/site\/cidade-de-bem-merece-ruas-com-nomes-legais\/#primaryimage\"},\"image\":{\"@id\":\"https:\/\/www.notibras.com\/site\/cidade-de-bem-merece-ruas-com-nomes-legais\/#primaryimage\"},\"thumbnailUrl\":\"https:\/\/www.notibras.com\/site\/wp-content\/uploads\/2023\/12\/duruirenefoto.jpg\",\"datePublished\":\"2023-12-06T10:15:24+00:00\",\"dateModified\":\"2023-12-06T10:20:37+00:00\",\"breadcrumb\":{\"@id\":\"https:\/\/www.notibras.com\/site\/cidade-de-bem-merece-ruas-com-nomes-legais\/#breadcrumb\"},\"inLanguage\":\"pt-BR\",\"potentialAction\":[{\"@type\":\"ReadAction\",\"target\":[\"https:\/\/www.notibras.com\/site\/cidade-de-bem-merece-ruas-com-nomes-legais\/\"]}]},{\"@type\":\"ImageObject\",\"inLanguage\":\"pt-BR\",\"@id\":\"https:\/\/www.notibras.com\/site\/cidade-de-bem-merece-ruas-com-nomes-legais\/#primaryimage\",\"url\":\"https:\/\/www.notibras.com\/site\/wp-content\/uploads\/2023\/12\/duruirenefoto.jpg\",\"contentUrl\":\"https:\/\/www.notibras.com\/site\/wp-content\/uploads\/2023\/12\/duruirenefoto.jpg\",\"width\":1024,\"height\":768},{\"@type\":\"BreadcrumbList\",\"@id\":\"https:\/\/www.notibras.com\/site\/cidade-de-bem-merece-ruas-com-nomes-legais\/#breadcrumb\",\"itemListElement\":[{\"@type\":\"ListItem\",\"position\":1,\"name\":\"In\u00edcio\",\"item\":\"https:\/\/www.notibras.com\/site\/\"},{\"@type\":\"ListItem\",\"position\":2,\"name\":\"Cidade de bem merece ruas com nomes legais\"}]},{\"@type\":\"WebSite\",\"@id\":\"https:\/\/www.notibras.com\/site\/#website\",\"url\":\"https:\/\/www.notibras.com\/site\/\",\"name\":\"Notibras\",\"description\":\"Not\u00edcias de Bras\u00edlia, do Brasil e do Mundo\",\"publisher\":{\"@id\":\"https:\/\/www.notibras.com\/site\/#organization\"},\"potentialAction\":[{\"@type\":\"SearchAction\",\"target\":{\"@type\":\"EntryPoint\",\"urlTemplate\":\"https:\/\/www.notibras.com\/site\/?s={search_term_string}\"},\"query-input\":{\"@type\":\"PropertyValueSpecification\",\"valueRequired\":true,\"valueName\":\"search_term_string\"}}],\"inLanguage\":\"pt-BR\"},{\"@type\":\"Organization\",\"@id\":\"https:\/\/www.notibras.com\/site\/#organization\",\"name\":\"Grupo Notibras de Comunica\u00e7\u00e3o\",\"url\":\"https:\/\/www.notibras.com\/site\/\",\"logo\":{\"@type\":\"ImageObject\",\"inLanguage\":\"pt-BR\",\"@id\":\"https:\/\/www.notibras.com\/site\/#\/schema\/logo\/image\/\",\"url\":\"https:\/\/www.notibras.com\/site\/wp-content\/uploads\/2023\/01\/notibras23.png\",\"contentUrl\":\"https:\/\/www.notibras.com\/site\/wp-content\/uploads\/2023\/01\/notibras23.png\",\"width\":350,\"height\":87,\"caption\":\"Grupo Notibras de Comunica\u00e7\u00e3o\"},\"image\":{\"@id\":\"https:\/\/www.notibras.com\/site\/#\/schema\/logo\/image\/\"},\"sameAs\":[\"https:\/\/www.facebook.com\/notibras\/\",\"https:\/\/x.com\/Notibras\",\"https:\/\/www.instagram.com\/notibras\/\"]},{\"@type\":\"Person\",\"@id\":\"https:\/\/www.notibras.com\/site\/#\/schema\/person\/36ab0979449956132d3e5b517ea76ac8\",\"name\":\"Reda\u00e7\u00e3o\",\"image\":{\"@type\":\"ImageObject\",\"inLanguage\":\"pt-BR\",\"@id\":\"https:\/\/secure.gravatar.com\/avatar\/e0a867bdedb85fd243eadf09663511f96fc81e0720a4a42581f334ad4303aa6b?s=96&d=mm&r=g\",\"url\":\"https:\/\/secure.gravatar.com\/avatar\/e0a867bdedb85fd243eadf09663511f96fc81e0720a4a42581f334ad4303aa6b?s=96&d=mm&r=g\",\"contentUrl\":\"https:\/\/secure.gravatar.com\/avatar\/e0a867bdedb85fd243eadf09663511f96fc81e0720a4a42581f334ad4303aa6b?s=96&d=mm&r=g\",\"caption\":\"Reda\u00e7\u00e3o\"}}]}<\/script>\n<!-- \/ Yoast SEO plugin. -->","yoast_head_json":{"title":"Cidade de bem merece ruas com nomes legais - Notibras","robots":{"index":"index","follow":"follow","max-snippet":"max-snippet:-1","max-image-preview":"max-image-preview:large","max-video-preview":"max-video-preview:-1"},"canonical":"https:\/\/www.notibras.com\/site\/cidade-de-bem-merece-ruas-com-nomes-legais\/","og_locale":"pt_BR","og_type":"article","og_title":"Cidade de bem merece ruas com nomes legais - Notibras","og_description":"Imagine uma cidade cujas ruas tenham apenas nomes de pessoas legais. Nada de visconde disso, bar\u00e3o daquilo, general sei l\u00e1 o qu\u00ea. Chega de homenagear gente que n\u00e3o gosta de gente! Na nossa cidade devemos valorizar os seres humanos especiais e, por isso mesmo, muito legais. J\u00e1 pensou a rua Elza Soares se encontrando com [&hellip;]","og_url":"https:\/\/www.notibras.com\/site\/cidade-de-bem-merece-ruas-com-nomes-legais\/","og_site_name":"Notibras","article_publisher":"https:\/\/www.facebook.com\/notibras\/","article_published_time":"2023-12-06T10:15:24+00:00","article_modified_time":"2023-12-06T10:20:37+00:00","og_image":[{"width":1024,"height":768,"url":"https:\/\/www.notibras.com\/site\/wp-content\/uploads\/2023\/12\/duruirenefoto.jpg","type":"image\/jpeg"}],"author":"Reda\u00e7\u00e3o","twitter_card":"summary_large_image","twitter_creator":"@Notibras","twitter_site":"@Notibras","twitter_misc":{"Escrito por":"Reda\u00e7\u00e3o","Est. tempo de leitura":"3 minutos"},"schema":{"@context":"https:\/\/schema.org","@graph":[{"@type":"Article","@id":"https:\/\/www.notibras.com\/site\/cidade-de-bem-merece-ruas-com-nomes-legais\/#article","isPartOf":{"@id":"https:\/\/www.notibras.com\/site\/cidade-de-bem-merece-ruas-com-nomes-legais\/"},"author":{"name":"Reda\u00e7\u00e3o","@id":"https:\/\/www.notibras.com\/site\/#\/schema\/person\/36ab0979449956132d3e5b517ea76ac8"},"headline":"Cidade de bem merece ruas com nomes legais","datePublished":"2023-12-06T10:15:24+00:00","dateModified":"2023-12-06T10:20:37+00:00","mainEntityOfPage":{"@id":"https:\/\/www.notibras.com\/site\/cidade-de-bem-merece-ruas-com-nomes-legais\/"},"wordCount":563,"publisher":{"@id":"https:\/\/www.notibras.com\/site\/#organization"},"image":{"@id":"https:\/\/www.notibras.com\/site\/cidade-de-bem-merece-ruas-com-nomes-legais\/#primaryimage"},"thumbnailUrl":"https:\/\/www.notibras.com\/site\/wp-content\/uploads\/2023\/12\/duruirenefoto.jpg","articleSection":["Quadradinho em Foco"],"inLanguage":"pt-BR"},{"@type":"WebPage","@id":"https:\/\/www.notibras.com\/site\/cidade-de-bem-merece-ruas-com-nomes-legais\/","url":"https:\/\/www.notibras.com\/site\/cidade-de-bem-merece-ruas-com-nomes-legais\/","name":"Cidade de bem merece ruas com nomes legais - Notibras","isPartOf":{"@id":"https:\/\/www.notibras.com\/site\/#website"},"primaryImageOfPage":{"@id":"https:\/\/www.notibras.com\/site\/cidade-de-bem-merece-ruas-com-nomes-legais\/#primaryimage"},"image":{"@id":"https:\/\/www.notibras.com\/site\/cidade-de-bem-merece-ruas-com-nomes-legais\/#primaryimage"},"thumbnailUrl":"https:\/\/www.notibras.com\/site\/wp-content\/uploads\/2023\/12\/duruirenefoto.jpg","datePublished":"2023-12-06T10:15:24+00:00","dateModified":"2023-12-06T10:20:37+00:00","breadcrumb":{"@id":"https:\/\/www.notibras.com\/site\/cidade-de-bem-merece-ruas-com-nomes-legais\/#breadcrumb"},"inLanguage":"pt-BR","potentialAction":[{"@type":"ReadAction","target":["https:\/\/www.notibras.com\/site\/cidade-de-bem-merece-ruas-com-nomes-legais\/"]}]},{"@type":"ImageObject","inLanguage":"pt-BR","@id":"https:\/\/www.notibras.com\/site\/cidade-de-bem-merece-ruas-com-nomes-legais\/#primaryimage","url":"https:\/\/www.notibras.com\/site\/wp-content\/uploads\/2023\/12\/duruirenefoto.jpg","contentUrl":"https:\/\/www.notibras.com\/site\/wp-content\/uploads\/2023\/12\/duruirenefoto.jpg","width":1024,"height":768},{"@type":"BreadcrumbList","@id":"https:\/\/www.notibras.com\/site\/cidade-de-bem-merece-ruas-com-nomes-legais\/#breadcrumb","itemListElement":[{"@type":"ListItem","position":1,"name":"In\u00edcio","item":"https:\/\/www.notibras.com\/site\/"},{"@type":"ListItem","position":2,"name":"Cidade de bem merece ruas com nomes legais"}]},{"@type":"WebSite","@id":"https:\/\/www.notibras.com\/site\/#website","url":"https:\/\/www.notibras.com\/site\/","name":"Notibras","description":"Not\u00edcias de Bras\u00edlia, do Brasil e do Mundo","publisher":{"@id":"https:\/\/www.notibras.com\/site\/#organization"},"potentialAction":[{"@type":"SearchAction","target":{"@type":"EntryPoint","urlTemplate":"https:\/\/www.notibras.com\/site\/?s={search_term_string}"},"query-input":{"@type":"PropertyValueSpecification","valueRequired":true,"valueName":"search_term_string"}}],"inLanguage":"pt-BR"},{"@type":"Organization","@id":"https:\/\/www.notibras.com\/site\/#organization","name":"Grupo Notibras de Comunica\u00e7\u00e3o","url":"https:\/\/www.notibras.com\/site\/","logo":{"@type":"ImageObject","inLanguage":"pt-BR","@id":"https:\/\/www.notibras.com\/site\/#\/schema\/logo\/image\/","url":"https:\/\/www.notibras.com\/site\/wp-content\/uploads\/2023\/01\/notibras23.png","contentUrl":"https:\/\/www.notibras.com\/site\/wp-content\/uploads\/2023\/01\/notibras23.png","width":350,"height":87,"caption":"Grupo Notibras de Comunica\u00e7\u00e3o"},"image":{"@id":"https:\/\/www.notibras.com\/site\/#\/schema\/logo\/image\/"},"sameAs":["https:\/\/www.facebook.com\/notibras\/","https:\/\/x.com\/Notibras","https:\/\/www.instagram.com\/notibras\/"]},{"@type":"Person","@id":"https:\/\/www.notibras.com\/site\/#\/schema\/person\/36ab0979449956132d3e5b517ea76ac8","name":"Reda\u00e7\u00e3o","image":{"@type":"ImageObject","inLanguage":"pt-BR","@id":"https:\/\/secure.gravatar.com\/avatar\/e0a867bdedb85fd243eadf09663511f96fc81e0720a4a42581f334ad4303aa6b?s=96&d=mm&r=g","url":"https:\/\/secure.gravatar.com\/avatar\/e0a867bdedb85fd243eadf09663511f96fc81e0720a4a42581f334ad4303aa6b?s=96&d=mm&r=g","contentUrl":"https:\/\/secure.gravatar.com\/avatar\/e0a867bdedb85fd243eadf09663511f96fc81e0720a4a42581f334ad4303aa6b?s=96&d=mm&r=g","caption":"Reda\u00e7\u00e3o"}}]}},"amp_enabled":true,"_links":{"self":[{"href":"https:\/\/www.notibras.com\/site\/wp-json\/wp\/v2\/posts\/318549","targetHints":{"allow":["GET"]}}],"collection":[{"href":"https:\/\/www.notibras.com\/site\/wp-json\/wp\/v2\/posts"}],"about":[{"href":"https:\/\/www.notibras.com\/site\/wp-json\/wp\/v2\/types\/post"}],"author":[{"embeddable":true,"href":"https:\/\/www.notibras.com\/site\/wp-json\/wp\/v2\/users\/2"}],"replies":[{"embeddable":true,"href":"https:\/\/www.notibras.com\/site\/wp-json\/wp\/v2\/comments?post=318549"}],"version-history":[{"count":4,"href":"https:\/\/www.notibras.com\/site\/wp-json\/wp\/v2\/posts\/318549\/revisions"}],"predecessor-version":[{"id":318589,"href":"https:\/\/www.notibras.com\/site\/wp-json\/wp\/v2\/posts\/318549\/revisions\/318589"}],"wp:featuredmedia":[{"embeddable":true,"href":"https:\/\/www.notibras.com\/site\/wp-json\/wp\/v2\/media\/318550"}],"wp:attachment":[{"href":"https:\/\/www.notibras.com\/site\/wp-json\/wp\/v2\/media?parent=318549"}],"wp:term":[{"taxonomy":"category","embeddable":true,"href":"https:\/\/www.notibras.com\/site\/wp-json\/wp\/v2\/categories?post=318549"},{"taxonomy":"post_tag","embeddable":true,"href":"https:\/\/www.notibras.com\/site\/wp-json\/wp\/v2\/tags?post=318549"}],"curies":[{"name":"wp","href":"https:\/\/api.w.org\/{rel}","templated":true}]}}