{"id":318575,"date":"2023-12-06T06:22:08","date_gmt":"2023-12-06T09:22:08","guid":{"rendered":"https:\/\/www.notibras.com\/site\/?p=318575"},"modified":"2023-12-10T00:24:47","modified_gmt":"2023-12-10T03:24:47","slug":"ensino-de-matematica-enfrenta-verdadeiro-gargalo","status":"publish","type":"post","link":"https:\/\/www.notibras.com\/site\/ensino-de-matematica-enfrenta-verdadeiro-gargalo\/","title":{"rendered":"Ensino de matem\u00e1tica enfrenta verdadeiro gargalo"},"content":{"rendered":"<p>Apesar de ruim, o desempenho do Brasil no Programa Internacional de Avalia\u00e7\u00e3o de Estudantes (Pisa) de 2022 foi melhor do que o esperado, segundo especialistas entrevistados pela Ag\u00eancia Brasil. Os resultados da avalia\u00e7\u00e3o refor\u00e7am ainda o grande gargalo na aprendizagem, principalmente de matem\u00e1tica, no pa\u00eds.<\/p>\n<p>Divulgados pela Organiza\u00e7\u00e3o para a Coopera\u00e7\u00e3o e Desenvolvimento Econ\u00f4mico (OCDE), os resultados do Pisa mostraram queda sem precedentes do desempenho dos estudantes em matem\u00e1tica e em leitura em 2022, na compara\u00e7\u00e3o com a \u00faltima avalia\u00e7\u00e3o, em 2018. De acordo com o levantamento, a pandemia de covid-19 causou impacto na educa\u00e7\u00e3o dos jovens nesse per\u00edodo \u2013 com fechamento de escolas e ado\u00e7\u00e3o de aulas online \u2013, por\u00e9m n\u00e3o pode ser apontada como \u00fanica causa para o desempenho inferior dos alunos.<\/p>\n<p>No Brasil, mesmo sendo um dos pa\u00edses onde as escolas ficaram fechadas por mais tempo durante a pandemia, a pontua\u00e7\u00e3o em matem\u00e1tica, leitura e ci\u00eancias manteve-se est\u00e1vel entre 2018 e 2022. No entanto, menos de 50% dos alunos conseguiram n\u00edvel m\u00ednimo de aprendizado em matem\u00e1tica e ci\u00eancias.<\/p>\n<p>Aplicado a cada tr\u00eas anos, o Pisa avalia os conhecimentos dos estudantes de 15 anos de idade em matem\u00e1tica, ci\u00eancias e leitura. No total, 690 mil estudantes de 81 pa\u00edses fizeram os testes. No Brasil, 10.798 alunos de 599 escolas passaram pela avalia\u00e7\u00e3o. Na edi\u00e7\u00e3o de 2022, o foco foi em matem\u00e1tica.<\/p>\n<p>Segundo o diretor fundador do Interdisciplinaridade e Evid\u00eancias no Debate Educacional (Iede), Ernesto Faria, apesar de ruins, os resultados brasileiros foram melhores do que o esperado. \u201cO Brasil poderia ter perdido [n\u00edveis de aprendizagem], poderia ter ca\u00eddo de forma relevante em matem\u00e1tica, em ci\u00eancias, e n\u00e3o caiu. Isso \u00e9 positivo. Acho em esfor\u00e7os que ali funcionaram\u201d, diz. De acordo com Faria, o pa\u00eds conseguiu garantir que os alunos desenvolvessem certas habilidades. \u201cHabilidades que s\u00e3o muito b\u00e1sicas, longe de a gente ficar feliz com isso, mas isso \u00e9 importante.\u201d<\/p>\n<p>Faria explica que os resultados do Pisa ainda precisar\u00e3o ser cuidadosamente analisados. Para ele, um dos motivos de o Brasil ter se mantido est\u00e1vel na aprendizagem em n\u00edveis baixos, enquanto, em m\u00e9dia, os demais pa\u00edses da OCDE, que estavam em n\u00edveis mais elevados de aprendizagem, terem ca\u00eddo \u00e9 o fato de os conte\u00fados mais b\u00e1sicos serem aprendidos em s\u00e9ries mais iniciais do ensino fundamental. Os alunos que fizeram o Pisa em 2022 j\u00e1 tinham tido acesso a esse conte\u00fado antes da pandemia, que come\u00e7ou em 2020. Dessa forma, a pandemia n\u00e3o teria impactado tanto a aprendizagem, pois o conte\u00fado j\u00e1 estava consolidado.<\/p>\n<p>J\u00e1 os pa\u00edses que estavam nos n\u00edveis mais altos de aprendizagem demandariam tamb\u00e9m que os alunos tivessem aprendido conte\u00fados mais avan\u00e7ados para se manter no patamar. Esses conte\u00fados s\u00e3o ensinados nos anos equivalentes aos finais do ensino fundamental e in\u00edcio do ensino m\u00e9dio, que foram cursados pelos estudantes que fizeram o Pisa no per\u00edodo da pandemia.<\/p>\n<p>O diretor do Iede n\u00e3o descarta, no entanto, que pol\u00edticas brasileiras de volta \u00e0s aulas e de retomada de aprendizagem tenham impactado nos resultados e feito com que o pa\u00eds se mantivesse no patamar anterior, ainda que baixo, da avalia\u00e7\u00e3o internacional.<\/p>\n<p>Faria ressalta tamb\u00e9m que o Pisa de 2022, especialmente no Brasil, foi mais inclusivo. Por conta de uma recomenda\u00e7\u00e3o do Conselho Nacional de Educa\u00e7\u00e3o (CNE) durante a pandemia, os alunos acabaram sendo aprovados nos anos que estavam cursando, mesmo que, muitas vezes, sequer terem tido aula. \u201cMais alunos vulner\u00e1veis no Brasil fizeram o Pisa em 2022. Antes, alguns deles foram reprovados [e com isso n\u00e3o chegaram \u00e0 s\u00e9rie m\u00ednima para fazer o Pisa]. Ent\u00e3o, mesmo com perfil um pouco mais vulner\u00e1vel, o Brasil n\u00e3o cair, tamb\u00e9m \u00e9 uma not\u00edcia positiva. De novo, n\u00e3o se pode comemorar um patamar extremamente baixo, mas o Brasil, diante de alguns contextos desfavor\u00e1veis, manteve o patamar e eu acho que indica algumas coisas boas\u201d.<\/p>\n<p>Em 2022, o Brasil alcan\u00e7ou 379 pontos em matem\u00e1tica, 410 em leitura e 403 em ci\u00eancias. J\u00e1 em 2018, ano anterior avaliado, o desempenho foi 384 pontos em matem\u00e1tica, 413 em leitura e 404 em ci\u00eancias.<\/p>\n<p><strong>Matem\u00e1tica<\/strong><br \/>\nA \u00eanfase do Pisa 2022 foi em matem\u00e1tica e, mais uma vez, a \u00e1rea de conhecimento mostrou-se como o maior gargalo brasileiro. \u201cO Pisa traz dados bastante preocupantes que apontam mais uma vez para a urg\u00eancia, a eterna urg\u00eancia de melhorar o quadro de matem\u00e1tica\u201d, diz o diretor-geral do Instituto de Matem\u00e1tica Pura e Aplicada (IMPA), Marcelo Viana.<\/p>\n<p>De acordo com o relat\u00f3rio, 27% dos alunos brasileiros alcan\u00e7aram o n\u00edvel 2 de profici\u00eancia em matem\u00e1tica, considerado o patamar m\u00ednimo de aprendizado, enquanto a m\u00e9dia dos pa\u00edses da OCDE na disciplina \u00e9 69%. Apenas 1% dos estudantes no pa\u00eds conseguiram os n\u00edveis 5 ou 6, considerados os mais altos, quando os alunos resolvem problemas complexos, comparam e avaliam estrat\u00e9gias. A m\u00e9dia da OCDE \u00e9 9%.<\/p>\n<p>Quanto \u00e0s notas, Viana destaca que o Brasil est\u00e1 cerca de tr\u00eas anos atrasado em matem\u00e1tica em rela\u00e7\u00e3o \u00e0 m\u00e9dia dos pa\u00edses da OCDE. \u201cO n\u00edvel 2 do Pisa \u00e9 considerado o n\u00edvel adequado, necess\u00e1rio para o exerc\u00edcio da cidadania, que caracteriza que a pessoa tem capacidade de usar conceitos de matem\u00e1tica no dia a dia\u201d, explica. No caso do Brasil, 27% atingiram esse patamar. &#8220;Cerca de tr\u00eas quartos dos estudantes n\u00e3o alcan\u00e7aram sequer o n\u00edvel adequado&#8221;, diz.<\/p>\n<p>Para Viana, uma das grandes fragilidades brasileiras no ensino de matem\u00e1tica \u00e9 falta de valoriza\u00e7\u00e3o dos professores. \u201cO grande calcanhar de Aquiles \u00e9 a forma\u00e7\u00e3o e a valoriza\u00e7\u00e3o do professor\u201d, diz. Ele define o conhecimento de matem\u00e1tica como encadeado e abstrato, ou seja, para aprender um conte\u00fado novo, o estudante precisa estar seguro no conte\u00fado anterior. Se perder muitas aulas, vai se perder tamb\u00e9m no conte\u00fado. Al\u00e9m disso, \u00e9 muitas vezes um conte\u00fado desafiador para se trazer para uma realidade concreta, o que exige constante forma\u00e7\u00e3o e aprimoramento dos professores, o que nem sempre ocorre.<\/p>\n<p>Outro desafio \u00e9 a cren\u00e7a de que matem\u00e1tica \u00e9 algo dif\u00edcil. \u201cMatem\u00e1tica n\u00e3o \u00e9 para g\u00eanios\u201d, enfatiza. \u201cNos dias de hoje, no s\u00e9culo 21, n\u00e3o basta existir, \u00e9 indispens\u00e1vel estar bem alfabetizado e ter um certo conforto e certo dom\u00ednio de conceitos matem\u00e1ticos b\u00e1sicos\u201d, afirma Viana.<\/p>\n<p><strong>Investimento em educa\u00e7\u00e3o<\/strong><br \/>\nPara o professor e pesquisador na Faculdade de Educa\u00e7\u00e3o da Universidade de S\u00e3o Paulo (USP) Daniel Cara, o cen\u00e1rio pode ser revertido se houver interesse pol\u00edtico e investimento adequado em educa\u00e7\u00e3o. \u201cUm aspecto interessant\u00edssimo do nosso pa\u00eds \u00e9 que ele tem uma das respostas mais r\u00e1pidas a pol\u00edticas p\u00fablicas, o Brasil \u00e9 muito din\u00e2micos\u201d, diz Daniel Cara. Segundo o pesquisador, caso o pa\u00eds tivesse cumprido as metas que foram estabelecidas no Plano Nacional de Educa\u00e7\u00e3o (PNE), Lei 13.005\/2014, o Brasil teria alcan\u00e7ado patamares pr\u00f3ximos aos de pa\u00edses ricos no Pisa.<\/p>\n<p>O PNE estabelece metas que v\u00e3o da educa\u00e7\u00e3o infantil \u00e0 p\u00f3s-gradua\u00e7\u00e3o, passando pelo aumento do investimento em educa\u00e7\u00e3o e pela valoriza\u00e7\u00e3o dos professores. As metas devem ser cumpridas at\u00e9 2024, mas os levantamentos peri\u00f3dicos feitos pelo Minist\u00e9rio da Educa\u00e7\u00e3o, mostram que o pa\u00eds ainda est\u00e1 distante de cumprir a lei integralmente, acrescenta o professor.<\/p>\n<p>\u201cSe de fato houvesse o investimento adequado em educa\u00e7\u00e3o, estruturando melhor as escolas, se de fato tiv\u00e9ssemos o profissional da educa\u00e7\u00e3o tanto com uma remunera\u00e7\u00e3o adequada quanto com processo cont\u00ednuo de forma\u00e7\u00e3o continuada, e esse aspecto \u00e9 fundamental, certamente os resultados seriam rapidamente verificados. A gente subiria de degrau, em um primeiro momento, em um ciclo de 4, 5 anos. Se for mantido por 10 anos, a gente consegue chegar a um patamar pr\u00f3ximo ao de pa\u00edses da Uni\u00e3o Europeia, por exemplo\u201d, diz Cara.<\/p>\n","protected":false},"excerpt":{"rendered":"<p>Apesar de ruim, o desempenho do Brasil no Programa Internacional de Avalia\u00e7\u00e3o de Estudantes (Pisa) de 2022 foi melhor do que o esperado, segundo especialistas entrevistados pela Ag\u00eancia Brasil. Os resultados da avalia\u00e7\u00e3o refor\u00e7am ainda o grande gargalo na aprendizagem, principalmente de matem\u00e1tica, no pa\u00eds. Divulgados pela Organiza\u00e7\u00e3o para a Coopera\u00e7\u00e3o e Desenvolvimento Econ\u00f4mico (OCDE), [&hellip;]<\/p>\n","protected":false},"author":2,"featured_media":318576,"comment_status":"closed","ping_status":"closed","sticky":false,"template":"","format":"standard","meta":{"_acf_changed":false,"footnotes":""},"categories":[161],"tags":[95],"class_list":["post-318575","post","type-post","status-publish","format-standard","has-post-thumbnail","hentry","category-quadradinho-em-foco","tag-capa"],"acf":[],"yoast_head":"<!-- This site is optimized with the Yoast SEO plugin v27.2 - https:\/\/yoast.com\/product\/yoast-seo-wordpress\/ -->\n<title>Ensino de matem\u00e1tica enfrenta verdadeiro gargalo - Notibras<\/title>\n<meta name=\"robots\" content=\"index, follow, max-snippet:-1, max-image-preview:large, max-video-preview:-1\" \/>\n<link rel=\"canonical\" href=\"https:\/\/www.notibras.com\/site\/ensino-de-matematica-enfrenta-verdadeiro-gargalo\/\" \/>\n<meta property=\"og:locale\" content=\"pt_BR\" \/>\n<meta property=\"og:type\" content=\"article\" \/>\n<meta property=\"og:title\" content=\"Ensino de matem\u00e1tica enfrenta verdadeiro gargalo - Notibras\" \/>\n<meta property=\"og:description\" content=\"Apesar de ruim, o desempenho do Brasil no Programa Internacional de Avalia\u00e7\u00e3o de Estudantes (Pisa) de 2022 foi melhor do que o esperado, segundo especialistas entrevistados pela Ag\u00eancia Brasil. Os resultados da avalia\u00e7\u00e3o refor\u00e7am ainda o grande gargalo na aprendizagem, principalmente de matem\u00e1tica, no pa\u00eds. Divulgados pela Organiza\u00e7\u00e3o para a Coopera\u00e7\u00e3o e Desenvolvimento Econ\u00f4mico (OCDE), [&hellip;]\" \/>\n<meta property=\"og:url\" content=\"https:\/\/www.notibras.com\/site\/ensino-de-matematica-enfrenta-verdadeiro-gargalo\/\" \/>\n<meta property=\"og:site_name\" content=\"Notibras\" \/>\n<meta property=\"article:publisher\" content=\"https:\/\/www.facebook.com\/notibras\/\" \/>\n<meta property=\"article:published_time\" content=\"2023-12-06T09:22:08+00:00\" \/>\n<meta property=\"article:modified_time\" content=\"2023-12-10T03:24:47+00:00\" \/>\n<meta property=\"og:image\" content=\"https:\/\/www.notibras.com\/site\/wp-content\/uploads\/2023\/12\/pisa.2.webp\" \/>\n\t<meta property=\"og:image:width\" content=\"1170\" \/>\n\t<meta property=\"og:image:height\" content=\"700\" \/>\n\t<meta property=\"og:image:type\" content=\"image\/webp\" \/>\n<meta name=\"author\" content=\"Reda\u00e7\u00e3o\" \/>\n<meta name=\"twitter:card\" content=\"summary_large_image\" \/>\n<meta name=\"twitter:creator\" content=\"@Notibras\" \/>\n<meta name=\"twitter:site\" content=\"@Notibras\" \/>\n<meta name=\"twitter:label1\" content=\"Escrito por\" \/>\n\t<meta name=\"twitter:data1\" content=\"Reda\u00e7\u00e3o\" \/>\n\t<meta name=\"twitter:label2\" content=\"Est. tempo de leitura\" \/>\n\t<meta name=\"twitter:data2\" content=\"7 minutos\" \/>\n<script type=\"application\/ld+json\" class=\"yoast-schema-graph\">{\"@context\":\"https:\/\/schema.org\",\"@graph\":[{\"@type\":\"Article\",\"@id\":\"https:\/\/www.notibras.com\/site\/ensino-de-matematica-enfrenta-verdadeiro-gargalo\/#article\",\"isPartOf\":{\"@id\":\"https:\/\/www.notibras.com\/site\/ensino-de-matematica-enfrenta-verdadeiro-gargalo\/\"},\"author\":{\"name\":\"Reda\u00e7\u00e3o\",\"@id\":\"https:\/\/www.notibras.com\/site\/#\/schema\/person\/36ab0979449956132d3e5b517ea76ac8\"},\"headline\":\"Ensino de matem\u00e1tica enfrenta verdadeiro gargalo\",\"datePublished\":\"2023-12-06T09:22:08+00:00\",\"dateModified\":\"2023-12-10T03:24:47+00:00\",\"mainEntityOfPage\":{\"@id\":\"https:\/\/www.notibras.com\/site\/ensino-de-matematica-enfrenta-verdadeiro-gargalo\/\"},\"wordCount\":1367,\"publisher\":{\"@id\":\"https:\/\/www.notibras.com\/site\/#organization\"},\"image\":{\"@id\":\"https:\/\/www.notibras.com\/site\/ensino-de-matematica-enfrenta-verdadeiro-gargalo\/#primaryimage\"},\"thumbnailUrl\":\"https:\/\/www.notibras.com\/site\/wp-content\/uploads\/2023\/12\/pisa.2.webp\",\"keywords\":[\"capa\"],\"articleSection\":[\"Quadradinho em Foco\"],\"inLanguage\":\"pt-BR\"},{\"@type\":\"WebPage\",\"@id\":\"https:\/\/www.notibras.com\/site\/ensino-de-matematica-enfrenta-verdadeiro-gargalo\/\",\"url\":\"https:\/\/www.notibras.com\/site\/ensino-de-matematica-enfrenta-verdadeiro-gargalo\/\",\"name\":\"Ensino de matem\u00e1tica enfrenta verdadeiro gargalo - Notibras\",\"isPartOf\":{\"@id\":\"https:\/\/www.notibras.com\/site\/#website\"},\"primaryImageOfPage\":{\"@id\":\"https:\/\/www.notibras.com\/site\/ensino-de-matematica-enfrenta-verdadeiro-gargalo\/#primaryimage\"},\"image\":{\"@id\":\"https:\/\/www.notibras.com\/site\/ensino-de-matematica-enfrenta-verdadeiro-gargalo\/#primaryimage\"},\"thumbnailUrl\":\"https:\/\/www.notibras.com\/site\/wp-content\/uploads\/2023\/12\/pisa.2.webp\",\"datePublished\":\"2023-12-06T09:22:08+00:00\",\"dateModified\":\"2023-12-10T03:24:47+00:00\",\"breadcrumb\":{\"@id\":\"https:\/\/www.notibras.com\/site\/ensino-de-matematica-enfrenta-verdadeiro-gargalo\/#breadcrumb\"},\"inLanguage\":\"pt-BR\",\"potentialAction\":[{\"@type\":\"ReadAction\",\"target\":[\"https:\/\/www.notibras.com\/site\/ensino-de-matematica-enfrenta-verdadeiro-gargalo\/\"]}]},{\"@type\":\"ImageObject\",\"inLanguage\":\"pt-BR\",\"@id\":\"https:\/\/www.notibras.com\/site\/ensino-de-matematica-enfrenta-verdadeiro-gargalo\/#primaryimage\",\"url\":\"https:\/\/www.notibras.com\/site\/wp-content\/uploads\/2023\/12\/pisa.2.webp\",\"contentUrl\":\"https:\/\/www.notibras.com\/site\/wp-content\/uploads\/2023\/12\/pisa.2.webp\",\"width\":1170,\"height\":700},{\"@type\":\"BreadcrumbList\",\"@id\":\"https:\/\/www.notibras.com\/site\/ensino-de-matematica-enfrenta-verdadeiro-gargalo\/#breadcrumb\",\"itemListElement\":[{\"@type\":\"ListItem\",\"position\":1,\"name\":\"In\u00edcio\",\"item\":\"https:\/\/www.notibras.com\/site\/\"},{\"@type\":\"ListItem\",\"position\":2,\"name\":\"Ensino de matem\u00e1tica enfrenta verdadeiro gargalo\"}]},{\"@type\":\"WebSite\",\"@id\":\"https:\/\/www.notibras.com\/site\/#website\",\"url\":\"https:\/\/www.notibras.com\/site\/\",\"name\":\"Notibras\",\"description\":\"Not\u00edcias de Bras\u00edlia, do Brasil e do Mundo\",\"publisher\":{\"@id\":\"https:\/\/www.notibras.com\/site\/#organization\"},\"potentialAction\":[{\"@type\":\"SearchAction\",\"target\":{\"@type\":\"EntryPoint\",\"urlTemplate\":\"https:\/\/www.notibras.com\/site\/?s={search_term_string}\"},\"query-input\":{\"@type\":\"PropertyValueSpecification\",\"valueRequired\":true,\"valueName\":\"search_term_string\"}}],\"inLanguage\":\"pt-BR\"},{\"@type\":\"Organization\",\"@id\":\"https:\/\/www.notibras.com\/site\/#organization\",\"name\":\"Grupo Notibras de Comunica\u00e7\u00e3o\",\"url\":\"https:\/\/www.notibras.com\/site\/\",\"logo\":{\"@type\":\"ImageObject\",\"inLanguage\":\"pt-BR\",\"@id\":\"https:\/\/www.notibras.com\/site\/#\/schema\/logo\/image\/\",\"url\":\"https:\/\/www.notibras.com\/site\/wp-content\/uploads\/2023\/01\/notibras23.png\",\"contentUrl\":\"https:\/\/www.notibras.com\/site\/wp-content\/uploads\/2023\/01\/notibras23.png\",\"width\":350,\"height\":87,\"caption\":\"Grupo Notibras de Comunica\u00e7\u00e3o\"},\"image\":{\"@id\":\"https:\/\/www.notibras.com\/site\/#\/schema\/logo\/image\/\"},\"sameAs\":[\"https:\/\/www.facebook.com\/notibras\/\",\"https:\/\/x.com\/Notibras\",\"https:\/\/www.instagram.com\/notibras\/\"]},{\"@type\":\"Person\",\"@id\":\"https:\/\/www.notibras.com\/site\/#\/schema\/person\/36ab0979449956132d3e5b517ea76ac8\",\"name\":\"Reda\u00e7\u00e3o\",\"image\":{\"@type\":\"ImageObject\",\"inLanguage\":\"pt-BR\",\"@id\":\"https:\/\/secure.gravatar.com\/avatar\/e0a867bdedb85fd243eadf09663511f96fc81e0720a4a42581f334ad4303aa6b?s=96&d=mm&r=g\",\"url\":\"https:\/\/secure.gravatar.com\/avatar\/e0a867bdedb85fd243eadf09663511f96fc81e0720a4a42581f334ad4303aa6b?s=96&d=mm&r=g\",\"contentUrl\":\"https:\/\/secure.gravatar.com\/avatar\/e0a867bdedb85fd243eadf09663511f96fc81e0720a4a42581f334ad4303aa6b?s=96&d=mm&r=g\",\"caption\":\"Reda\u00e7\u00e3o\"}}]}<\/script>\n<!-- \/ Yoast SEO plugin. -->","yoast_head_json":{"title":"Ensino de matem\u00e1tica enfrenta verdadeiro gargalo - Notibras","robots":{"index":"index","follow":"follow","max-snippet":"max-snippet:-1","max-image-preview":"max-image-preview:large","max-video-preview":"max-video-preview:-1"},"canonical":"https:\/\/www.notibras.com\/site\/ensino-de-matematica-enfrenta-verdadeiro-gargalo\/","og_locale":"pt_BR","og_type":"article","og_title":"Ensino de matem\u00e1tica enfrenta verdadeiro gargalo - Notibras","og_description":"Apesar de ruim, o desempenho do Brasil no Programa Internacional de Avalia\u00e7\u00e3o de Estudantes (Pisa) de 2022 foi melhor do que o esperado, segundo especialistas entrevistados pela Ag\u00eancia Brasil. Os resultados da avalia\u00e7\u00e3o refor\u00e7am ainda o grande gargalo na aprendizagem, principalmente de matem\u00e1tica, no pa\u00eds. Divulgados pela Organiza\u00e7\u00e3o para a Coopera\u00e7\u00e3o e Desenvolvimento Econ\u00f4mico (OCDE), [&hellip;]","og_url":"https:\/\/www.notibras.com\/site\/ensino-de-matematica-enfrenta-verdadeiro-gargalo\/","og_site_name":"Notibras","article_publisher":"https:\/\/www.facebook.com\/notibras\/","article_published_time":"2023-12-06T09:22:08+00:00","article_modified_time":"2023-12-10T03:24:47+00:00","og_image":[{"width":1170,"height":700,"url":"https:\/\/www.notibras.com\/site\/wp-content\/uploads\/2023\/12\/pisa.2.webp","type":"image\/webp"}],"author":"Reda\u00e7\u00e3o","twitter_card":"summary_large_image","twitter_creator":"@Notibras","twitter_site":"@Notibras","twitter_misc":{"Escrito por":"Reda\u00e7\u00e3o","Est. tempo de leitura":"7 minutos"},"schema":{"@context":"https:\/\/schema.org","@graph":[{"@type":"Article","@id":"https:\/\/www.notibras.com\/site\/ensino-de-matematica-enfrenta-verdadeiro-gargalo\/#article","isPartOf":{"@id":"https:\/\/www.notibras.com\/site\/ensino-de-matematica-enfrenta-verdadeiro-gargalo\/"},"author":{"name":"Reda\u00e7\u00e3o","@id":"https:\/\/www.notibras.com\/site\/#\/schema\/person\/36ab0979449956132d3e5b517ea76ac8"},"headline":"Ensino de matem\u00e1tica enfrenta verdadeiro gargalo","datePublished":"2023-12-06T09:22:08+00:00","dateModified":"2023-12-10T03:24:47+00:00","mainEntityOfPage":{"@id":"https:\/\/www.notibras.com\/site\/ensino-de-matematica-enfrenta-verdadeiro-gargalo\/"},"wordCount":1367,"publisher":{"@id":"https:\/\/www.notibras.com\/site\/#organization"},"image":{"@id":"https:\/\/www.notibras.com\/site\/ensino-de-matematica-enfrenta-verdadeiro-gargalo\/#primaryimage"},"thumbnailUrl":"https:\/\/www.notibras.com\/site\/wp-content\/uploads\/2023\/12\/pisa.2.webp","keywords":["capa"],"articleSection":["Quadradinho em Foco"],"inLanguage":"pt-BR"},{"@type":"WebPage","@id":"https:\/\/www.notibras.com\/site\/ensino-de-matematica-enfrenta-verdadeiro-gargalo\/","url":"https:\/\/www.notibras.com\/site\/ensino-de-matematica-enfrenta-verdadeiro-gargalo\/","name":"Ensino de matem\u00e1tica enfrenta verdadeiro gargalo - Notibras","isPartOf":{"@id":"https:\/\/www.notibras.com\/site\/#website"},"primaryImageOfPage":{"@id":"https:\/\/www.notibras.com\/site\/ensino-de-matematica-enfrenta-verdadeiro-gargalo\/#primaryimage"},"image":{"@id":"https:\/\/www.notibras.com\/site\/ensino-de-matematica-enfrenta-verdadeiro-gargalo\/#primaryimage"},"thumbnailUrl":"https:\/\/www.notibras.com\/site\/wp-content\/uploads\/2023\/12\/pisa.2.webp","datePublished":"2023-12-06T09:22:08+00:00","dateModified":"2023-12-10T03:24:47+00:00","breadcrumb":{"@id":"https:\/\/www.notibras.com\/site\/ensino-de-matematica-enfrenta-verdadeiro-gargalo\/#breadcrumb"},"inLanguage":"pt-BR","potentialAction":[{"@type":"ReadAction","target":["https:\/\/www.notibras.com\/site\/ensino-de-matematica-enfrenta-verdadeiro-gargalo\/"]}]},{"@type":"ImageObject","inLanguage":"pt-BR","@id":"https:\/\/www.notibras.com\/site\/ensino-de-matematica-enfrenta-verdadeiro-gargalo\/#primaryimage","url":"https:\/\/www.notibras.com\/site\/wp-content\/uploads\/2023\/12\/pisa.2.webp","contentUrl":"https:\/\/www.notibras.com\/site\/wp-content\/uploads\/2023\/12\/pisa.2.webp","width":1170,"height":700},{"@type":"BreadcrumbList","@id":"https:\/\/www.notibras.com\/site\/ensino-de-matematica-enfrenta-verdadeiro-gargalo\/#breadcrumb","itemListElement":[{"@type":"ListItem","position":1,"name":"In\u00edcio","item":"https:\/\/www.notibras.com\/site\/"},{"@type":"ListItem","position":2,"name":"Ensino de matem\u00e1tica enfrenta verdadeiro gargalo"}]},{"@type":"WebSite","@id":"https:\/\/www.notibras.com\/site\/#website","url":"https:\/\/www.notibras.com\/site\/","name":"Notibras","description":"Not\u00edcias de Bras\u00edlia, do Brasil e do Mundo","publisher":{"@id":"https:\/\/www.notibras.com\/site\/#organization"},"potentialAction":[{"@type":"SearchAction","target":{"@type":"EntryPoint","urlTemplate":"https:\/\/www.notibras.com\/site\/?s={search_term_string}"},"query-input":{"@type":"PropertyValueSpecification","valueRequired":true,"valueName":"search_term_string"}}],"inLanguage":"pt-BR"},{"@type":"Organization","@id":"https:\/\/www.notibras.com\/site\/#organization","name":"Grupo Notibras de Comunica\u00e7\u00e3o","url":"https:\/\/www.notibras.com\/site\/","logo":{"@type":"ImageObject","inLanguage":"pt-BR","@id":"https:\/\/www.notibras.com\/site\/#\/schema\/logo\/image\/","url":"https:\/\/www.notibras.com\/site\/wp-content\/uploads\/2023\/01\/notibras23.png","contentUrl":"https:\/\/www.notibras.com\/site\/wp-content\/uploads\/2023\/01\/notibras23.png","width":350,"height":87,"caption":"Grupo Notibras de Comunica\u00e7\u00e3o"},"image":{"@id":"https:\/\/www.notibras.com\/site\/#\/schema\/logo\/image\/"},"sameAs":["https:\/\/www.facebook.com\/notibras\/","https:\/\/x.com\/Notibras","https:\/\/www.instagram.com\/notibras\/"]},{"@type":"Person","@id":"https:\/\/www.notibras.com\/site\/#\/schema\/person\/36ab0979449956132d3e5b517ea76ac8","name":"Reda\u00e7\u00e3o","image":{"@type":"ImageObject","inLanguage":"pt-BR","@id":"https:\/\/secure.gravatar.com\/avatar\/e0a867bdedb85fd243eadf09663511f96fc81e0720a4a42581f334ad4303aa6b?s=96&d=mm&r=g","url":"https:\/\/secure.gravatar.com\/avatar\/e0a867bdedb85fd243eadf09663511f96fc81e0720a4a42581f334ad4303aa6b?s=96&d=mm&r=g","contentUrl":"https:\/\/secure.gravatar.com\/avatar\/e0a867bdedb85fd243eadf09663511f96fc81e0720a4a42581f334ad4303aa6b?s=96&d=mm&r=g","caption":"Reda\u00e7\u00e3o"}}]}},"amp_enabled":true,"_links":{"self":[{"href":"https:\/\/www.notibras.com\/site\/wp-json\/wp\/v2\/posts\/318575","targetHints":{"allow":["GET"]}}],"collection":[{"href":"https:\/\/www.notibras.com\/site\/wp-json\/wp\/v2\/posts"}],"about":[{"href":"https:\/\/www.notibras.com\/site\/wp-json\/wp\/v2\/types\/post"}],"author":[{"embeddable":true,"href":"https:\/\/www.notibras.com\/site\/wp-json\/wp\/v2\/users\/2"}],"replies":[{"embeddable":true,"href":"https:\/\/www.notibras.com\/site\/wp-json\/wp\/v2\/comments?post=318575"}],"version-history":[{"count":1,"href":"https:\/\/www.notibras.com\/site\/wp-json\/wp\/v2\/posts\/318575\/revisions"}],"predecessor-version":[{"id":318577,"href":"https:\/\/www.notibras.com\/site\/wp-json\/wp\/v2\/posts\/318575\/revisions\/318577"}],"wp:featuredmedia":[{"embeddable":true,"href":"https:\/\/www.notibras.com\/site\/wp-json\/wp\/v2\/media\/318576"}],"wp:attachment":[{"href":"https:\/\/www.notibras.com\/site\/wp-json\/wp\/v2\/media?parent=318575"}],"wp:term":[{"taxonomy":"category","embeddable":true,"href":"https:\/\/www.notibras.com\/site\/wp-json\/wp\/v2\/categories?post=318575"},{"taxonomy":"post_tag","embeddable":true,"href":"https:\/\/www.notibras.com\/site\/wp-json\/wp\/v2\/tags?post=318575"}],"curies":[{"name":"wp","href":"https:\/\/api.w.org\/{rel}","templated":true}]}}