{"id":318584,"date":"2023-12-06T06:00:32","date_gmt":"2023-12-06T09:00:32","guid":{"rendered":"https:\/\/www.notibras.com\/site\/?p=318584"},"modified":"2023-12-06T07:01:38","modified_gmt":"2023-12-06T10:01:38","slug":"papai-noel-amplia-prazo-para-entrega-de-presentes","status":"publish","type":"post","link":"https:\/\/www.notibras.com\/site\/papai-noel-amplia-prazo-para-entrega-de-presentes\/","title":{"rendered":"Papai Noel amplia prazo para entrega de presentes"},"content":{"rendered":"<p>Boneca, carrinho, bola, roupa e sapato s\u00e3o os presentes de natal mais pedidos pelas crian\u00e7as brasileiras por meio da campanha Papai Noel dos Correios. O prazo da campanha foi estendido para o dia 20 de deste m\u00eas, para que o n\u00famero de cartinhas adotadas neste ano possa ser ampliado. Antes, o prazo para ado\u00e7\u00e3o e entrega dos presentes ia at\u00e9 o dia 15.<\/p>\n<p>At\u00e9 agora, das 237 mil cartas recebidas e cadastradas, 134 mil foram adotadas. \u201c\u00c9 um n\u00famero significativo, mas ainda precisamos correr para atender a nossa meta\u201d, disse nesta ter\u00e7a-feira (5) o presidente dos Correios, Fabiano Silva dos Santos. No ano passado, foram disponibilizadas 252 mil cartas, das quais 187 mil foram adotadas. Neste ano, o objetivo \u00e9 chegar a 100% das cartas adotadas.<\/p>\n<p>Os Correios garantem que, mesmo com a amplia\u00e7\u00e3o do prazo, os presentes ser\u00e3o entregues at\u00e9 o Natal. O estado de S\u00e3o Paulo \u00e9 o que registra o maior n\u00famero de cartas ainda dispon\u00edveis para ado\u00e7\u00e3o: 26 mil. Em seguida, aparecem Bahia (12 mil), Minas Gerais (9 mil), Mato Grosso (6 mil), Alagoas (5 mil) e Rio de Janeiro (4,5 mil).<\/p>\n<p>A campanha, realizada h\u00e1 34 anos pela empresa, come\u00e7ou com uma a\u00e7\u00e3o de solidariedade dos funcion\u00e1rios dos Correios. Ao ver cartinhas para o Papai Noel deixadas pelas crian\u00e7as nas caixas de correio, os carteiros acabaram se mobilizando para atender os pedidos. Mais tarde, a empresa criou um programa corporativo para disponibilizar as cartas para ado\u00e7\u00e3o por toda a sociedade.<\/p>\n<p>O p\u00fablico-alvo da campanha s\u00e3o crian\u00e7as do 1\u00ba ao 5\u00ba ano do ensino fundamental em situa\u00e7\u00e3o de vulnerabilidade, de escolas p\u00fablicas, creches e orfanatos. Em parceria com as escolas, a campanha tamb\u00e9m tem car\u00e1ter pedag\u00f3gico, ao treinar a reda\u00e7\u00e3o de cartas por parte das crian\u00e7as.<\/p>\n<p>Segundo a diretora de Governan\u00e7a e Estrat\u00e9gia da estatal, Juliana Picoli Agatte, os pedidos das crian\u00e7as quase sempre s\u00e3o simples, e a ado\u00e7\u00e3o das cartinhas faz bem tamb\u00e9m para quem presenteia. \u201c\u00c0s vezes, parece dif\u00edcil despender um tempo do seu dia para comprar um presente, mas vale a pena parar um momento, \u00e9 gratificante. Isso \u00e9 bom para a gente tamb\u00e9m.\u201d<\/p>\n<p><strong>Como adotar<\/strong><br \/>\nQuem quiser presentear uma crian\u00e7a neste natal, pode adotar uma cartinha em uma ag\u00eancia dos Correios ou pelo site da empresa. Depois, \u00e9 s\u00f3 embalar o presente e colocar a etiqueta com os dados da crian\u00e7a e entregar em um dos pontos de coleta. Os Correios garantem a entrega do presente para todas as crian\u00e7as contempladas.<\/p>\n<p>\u201cA gente costuma dizer que, com o calor que est\u00e1, o Papai Noel precisou de um refor\u00e7o, e os nossos amarelinhos est\u00e3o nas ruas fazendo a entrega tamb\u00e9m\u201d, explicou o presidente dos Correios.<\/p>\n<p>Al\u00e9m de pessoas f\u00edsicas, empresas e institui\u00e7\u00f5es podem entrar em contato com os Correios para adotar lotes de cartinhas ou realizar doa\u00e7\u00e3o de brinquedos.<\/p>\n","protected":false},"excerpt":{"rendered":"<p>Boneca, carrinho, bola, roupa e sapato s\u00e3o os presentes de natal mais pedidos pelas crian\u00e7as brasileiras por meio da campanha Papai Noel dos Correios. O prazo da campanha foi estendido para o dia 20 de deste m\u00eas, para que o n\u00famero de cartinhas adotadas neste ano possa ser ampliado. Antes, o prazo para ado\u00e7\u00e3o e [&hellip;]<\/p>\n","protected":false},"author":2,"featured_media":318585,"comment_status":"closed","ping_status":"closed","sticky":false,"template":"","format":"standard","meta":{"_acf_changed":false,"footnotes":""},"categories":[161],"tags":[95],"class_list":["post-318584","post","type-post","status-publish","format-standard","has-post-thumbnail","hentry","category-quadradinho-em-foco","tag-capa"],"acf":[],"yoast_head":"<!-- This site is optimized with the Yoast SEO plugin v27.2 - https:\/\/yoast.com\/product\/yoast-seo-wordpress\/ -->\n<title>Papai Noel amplia prazo para entrega de presentes - Notibras<\/title>\n<meta name=\"robots\" content=\"index, follow, max-snippet:-1, max-image-preview:large, max-video-preview:-1\" \/>\n<link rel=\"canonical\" href=\"https:\/\/www.notibras.com\/site\/papai-noel-amplia-prazo-para-entrega-de-presentes\/\" \/>\n<meta property=\"og:locale\" content=\"pt_BR\" \/>\n<meta property=\"og:type\" content=\"article\" \/>\n<meta property=\"og:title\" content=\"Papai Noel amplia prazo para entrega de presentes - Notibras\" \/>\n<meta property=\"og:description\" content=\"Boneca, carrinho, bola, roupa e sapato s\u00e3o os presentes de natal mais pedidos pelas crian\u00e7as brasileiras por meio da campanha Papai Noel dos Correios. O prazo da campanha foi estendido para o dia 20 de deste m\u00eas, para que o n\u00famero de cartinhas adotadas neste ano possa ser ampliado. Antes, o prazo para ado\u00e7\u00e3o e [&hellip;]\" \/>\n<meta property=\"og:url\" content=\"https:\/\/www.notibras.com\/site\/papai-noel-amplia-prazo-para-entrega-de-presentes\/\" \/>\n<meta property=\"og:site_name\" content=\"Notibras\" \/>\n<meta property=\"article:publisher\" content=\"https:\/\/www.facebook.com\/notibras\/\" \/>\n<meta property=\"article:published_time\" content=\"2023-12-06T09:00:32+00:00\" \/>\n<meta property=\"article:modified_time\" content=\"2023-12-06T10:01:38+00:00\" \/>\n<meta property=\"og:image\" content=\"https:\/\/www.notibras.com\/site\/wp-content\/uploads\/2023\/12\/papainoelect.webp\" \/>\n\t<meta property=\"og:image:width\" content=\"1170\" \/>\n\t<meta property=\"og:image:height\" content=\"700\" \/>\n\t<meta property=\"og:image:type\" content=\"image\/webp\" \/>\n<meta name=\"author\" content=\"Reda\u00e7\u00e3o\" \/>\n<meta name=\"twitter:card\" content=\"summary_large_image\" \/>\n<meta name=\"twitter:creator\" content=\"@Notibras\" \/>\n<meta name=\"twitter:site\" content=\"@Notibras\" \/>\n<meta name=\"twitter:label1\" content=\"Escrito por\" \/>\n\t<meta name=\"twitter:data1\" content=\"Reda\u00e7\u00e3o\" \/>\n\t<meta name=\"twitter:label2\" content=\"Est. tempo de leitura\" \/>\n\t<meta name=\"twitter:data2\" content=\"3 minutos\" \/>\n<script type=\"application\/ld+json\" class=\"yoast-schema-graph\">{\"@context\":\"https:\/\/schema.org\",\"@graph\":[{\"@type\":\"Article\",\"@id\":\"https:\/\/www.notibras.com\/site\/papai-noel-amplia-prazo-para-entrega-de-presentes\/#article\",\"isPartOf\":{\"@id\":\"https:\/\/www.notibras.com\/site\/papai-noel-amplia-prazo-para-entrega-de-presentes\/\"},\"author\":{\"name\":\"Reda\u00e7\u00e3o\",\"@id\":\"https:\/\/www.notibras.com\/site\/#\/schema\/person\/36ab0979449956132d3e5b517ea76ac8\"},\"headline\":\"Papai Noel amplia prazo para entrega de presentes\",\"datePublished\":\"2023-12-06T09:00:32+00:00\",\"dateModified\":\"2023-12-06T10:01:38+00:00\",\"mainEntityOfPage\":{\"@id\":\"https:\/\/www.notibras.com\/site\/papai-noel-amplia-prazo-para-entrega-de-presentes\/\"},\"wordCount\":498,\"publisher\":{\"@id\":\"https:\/\/www.notibras.com\/site\/#organization\"},\"image\":{\"@id\":\"https:\/\/www.notibras.com\/site\/papai-noel-amplia-prazo-para-entrega-de-presentes\/#primaryimage\"},\"thumbnailUrl\":\"https:\/\/www.notibras.com\/site\/wp-content\/uploads\/2023\/12\/papainoelect.webp\",\"keywords\":[\"capa\"],\"articleSection\":[\"Quadradinho em Foco\"],\"inLanguage\":\"pt-BR\"},{\"@type\":\"WebPage\",\"@id\":\"https:\/\/www.notibras.com\/site\/papai-noel-amplia-prazo-para-entrega-de-presentes\/\",\"url\":\"https:\/\/www.notibras.com\/site\/papai-noel-amplia-prazo-para-entrega-de-presentes\/\",\"name\":\"Papai Noel amplia prazo para entrega de presentes - Notibras\",\"isPartOf\":{\"@id\":\"https:\/\/www.notibras.com\/site\/#website\"},\"primaryImageOfPage\":{\"@id\":\"https:\/\/www.notibras.com\/site\/papai-noel-amplia-prazo-para-entrega-de-presentes\/#primaryimage\"},\"image\":{\"@id\":\"https:\/\/www.notibras.com\/site\/papai-noel-amplia-prazo-para-entrega-de-presentes\/#primaryimage\"},\"thumbnailUrl\":\"https:\/\/www.notibras.com\/site\/wp-content\/uploads\/2023\/12\/papainoelect.webp\",\"datePublished\":\"2023-12-06T09:00:32+00:00\",\"dateModified\":\"2023-12-06T10:01:38+00:00\",\"breadcrumb\":{\"@id\":\"https:\/\/www.notibras.com\/site\/papai-noel-amplia-prazo-para-entrega-de-presentes\/#breadcrumb\"},\"inLanguage\":\"pt-BR\",\"potentialAction\":[{\"@type\":\"ReadAction\",\"target\":[\"https:\/\/www.notibras.com\/site\/papai-noel-amplia-prazo-para-entrega-de-presentes\/\"]}]},{\"@type\":\"ImageObject\",\"inLanguage\":\"pt-BR\",\"@id\":\"https:\/\/www.notibras.com\/site\/papai-noel-amplia-prazo-para-entrega-de-presentes\/#primaryimage\",\"url\":\"https:\/\/www.notibras.com\/site\/wp-content\/uploads\/2023\/12\/papainoelect.webp\",\"contentUrl\":\"https:\/\/www.notibras.com\/site\/wp-content\/uploads\/2023\/12\/papainoelect.webp\",\"width\":1170,\"height\":700},{\"@type\":\"BreadcrumbList\",\"@id\":\"https:\/\/www.notibras.com\/site\/papai-noel-amplia-prazo-para-entrega-de-presentes\/#breadcrumb\",\"itemListElement\":[{\"@type\":\"ListItem\",\"position\":1,\"name\":\"In\u00edcio\",\"item\":\"https:\/\/www.notibras.com\/site\/\"},{\"@type\":\"ListItem\",\"position\":2,\"name\":\"Papai Noel amplia prazo para entrega de presentes\"}]},{\"@type\":\"WebSite\",\"@id\":\"https:\/\/www.notibras.com\/site\/#website\",\"url\":\"https:\/\/www.notibras.com\/site\/\",\"name\":\"Notibras\",\"description\":\"Not\u00edcias de Bras\u00edlia, do Brasil e do Mundo\",\"publisher\":{\"@id\":\"https:\/\/www.notibras.com\/site\/#organization\"},\"potentialAction\":[{\"@type\":\"SearchAction\",\"target\":{\"@type\":\"EntryPoint\",\"urlTemplate\":\"https:\/\/www.notibras.com\/site\/?s={search_term_string}\"},\"query-input\":{\"@type\":\"PropertyValueSpecification\",\"valueRequired\":true,\"valueName\":\"search_term_string\"}}],\"inLanguage\":\"pt-BR\"},{\"@type\":\"Organization\",\"@id\":\"https:\/\/www.notibras.com\/site\/#organization\",\"name\":\"Grupo Notibras de Comunica\u00e7\u00e3o\",\"url\":\"https:\/\/www.notibras.com\/site\/\",\"logo\":{\"@type\":\"ImageObject\",\"inLanguage\":\"pt-BR\",\"@id\":\"https:\/\/www.notibras.com\/site\/#\/schema\/logo\/image\/\",\"url\":\"https:\/\/www.notibras.com\/site\/wp-content\/uploads\/2023\/01\/notibras23.png\",\"contentUrl\":\"https:\/\/www.notibras.com\/site\/wp-content\/uploads\/2023\/01\/notibras23.png\",\"width\":350,\"height\":87,\"caption\":\"Grupo Notibras de Comunica\u00e7\u00e3o\"},\"image\":{\"@id\":\"https:\/\/www.notibras.com\/site\/#\/schema\/logo\/image\/\"},\"sameAs\":[\"https:\/\/www.facebook.com\/notibras\/\",\"https:\/\/x.com\/Notibras\",\"https:\/\/www.instagram.com\/notibras\/\"]},{\"@type\":\"Person\",\"@id\":\"https:\/\/www.notibras.com\/site\/#\/schema\/person\/36ab0979449956132d3e5b517ea76ac8\",\"name\":\"Reda\u00e7\u00e3o\",\"image\":{\"@type\":\"ImageObject\",\"inLanguage\":\"pt-BR\",\"@id\":\"https:\/\/secure.gravatar.com\/avatar\/e0a867bdedb85fd243eadf09663511f96fc81e0720a4a42581f334ad4303aa6b?s=96&d=mm&r=g\",\"url\":\"https:\/\/secure.gravatar.com\/avatar\/e0a867bdedb85fd243eadf09663511f96fc81e0720a4a42581f334ad4303aa6b?s=96&d=mm&r=g\",\"contentUrl\":\"https:\/\/secure.gravatar.com\/avatar\/e0a867bdedb85fd243eadf09663511f96fc81e0720a4a42581f334ad4303aa6b?s=96&d=mm&r=g\",\"caption\":\"Reda\u00e7\u00e3o\"}}]}<\/script>\n<!-- \/ Yoast SEO plugin. -->","yoast_head_json":{"title":"Papai Noel amplia prazo para entrega de presentes - Notibras","robots":{"index":"index","follow":"follow","max-snippet":"max-snippet:-1","max-image-preview":"max-image-preview:large","max-video-preview":"max-video-preview:-1"},"canonical":"https:\/\/www.notibras.com\/site\/papai-noel-amplia-prazo-para-entrega-de-presentes\/","og_locale":"pt_BR","og_type":"article","og_title":"Papai Noel amplia prazo para entrega de presentes - Notibras","og_description":"Boneca, carrinho, bola, roupa e sapato s\u00e3o os presentes de natal mais pedidos pelas crian\u00e7as brasileiras por meio da campanha Papai Noel dos Correios. O prazo da campanha foi estendido para o dia 20 de deste m\u00eas, para que o n\u00famero de cartinhas adotadas neste ano possa ser ampliado. Antes, o prazo para ado\u00e7\u00e3o e [&hellip;]","og_url":"https:\/\/www.notibras.com\/site\/papai-noel-amplia-prazo-para-entrega-de-presentes\/","og_site_name":"Notibras","article_publisher":"https:\/\/www.facebook.com\/notibras\/","article_published_time":"2023-12-06T09:00:32+00:00","article_modified_time":"2023-12-06T10:01:38+00:00","og_image":[{"width":1170,"height":700,"url":"https:\/\/www.notibras.com\/site\/wp-content\/uploads\/2023\/12\/papainoelect.webp","type":"image\/webp"}],"author":"Reda\u00e7\u00e3o","twitter_card":"summary_large_image","twitter_creator":"@Notibras","twitter_site":"@Notibras","twitter_misc":{"Escrito por":"Reda\u00e7\u00e3o","Est. tempo de leitura":"3 minutos"},"schema":{"@context":"https:\/\/schema.org","@graph":[{"@type":"Article","@id":"https:\/\/www.notibras.com\/site\/papai-noel-amplia-prazo-para-entrega-de-presentes\/#article","isPartOf":{"@id":"https:\/\/www.notibras.com\/site\/papai-noel-amplia-prazo-para-entrega-de-presentes\/"},"author":{"name":"Reda\u00e7\u00e3o","@id":"https:\/\/www.notibras.com\/site\/#\/schema\/person\/36ab0979449956132d3e5b517ea76ac8"},"headline":"Papai Noel amplia prazo para entrega de presentes","datePublished":"2023-12-06T09:00:32+00:00","dateModified":"2023-12-06T10:01:38+00:00","mainEntityOfPage":{"@id":"https:\/\/www.notibras.com\/site\/papai-noel-amplia-prazo-para-entrega-de-presentes\/"},"wordCount":498,"publisher":{"@id":"https:\/\/www.notibras.com\/site\/#organization"},"image":{"@id":"https:\/\/www.notibras.com\/site\/papai-noel-amplia-prazo-para-entrega-de-presentes\/#primaryimage"},"thumbnailUrl":"https:\/\/www.notibras.com\/site\/wp-content\/uploads\/2023\/12\/papainoelect.webp","keywords":["capa"],"articleSection":["Quadradinho em Foco"],"inLanguage":"pt-BR"},{"@type":"WebPage","@id":"https:\/\/www.notibras.com\/site\/papai-noel-amplia-prazo-para-entrega-de-presentes\/","url":"https:\/\/www.notibras.com\/site\/papai-noel-amplia-prazo-para-entrega-de-presentes\/","name":"Papai Noel amplia prazo para entrega de presentes - Notibras","isPartOf":{"@id":"https:\/\/www.notibras.com\/site\/#website"},"primaryImageOfPage":{"@id":"https:\/\/www.notibras.com\/site\/papai-noel-amplia-prazo-para-entrega-de-presentes\/#primaryimage"},"image":{"@id":"https:\/\/www.notibras.com\/site\/papai-noel-amplia-prazo-para-entrega-de-presentes\/#primaryimage"},"thumbnailUrl":"https:\/\/www.notibras.com\/site\/wp-content\/uploads\/2023\/12\/papainoelect.webp","datePublished":"2023-12-06T09:00:32+00:00","dateModified":"2023-12-06T10:01:38+00:00","breadcrumb":{"@id":"https:\/\/www.notibras.com\/site\/papai-noel-amplia-prazo-para-entrega-de-presentes\/#breadcrumb"},"inLanguage":"pt-BR","potentialAction":[{"@type":"ReadAction","target":["https:\/\/www.notibras.com\/site\/papai-noel-amplia-prazo-para-entrega-de-presentes\/"]}]},{"@type":"ImageObject","inLanguage":"pt-BR","@id":"https:\/\/www.notibras.com\/site\/papai-noel-amplia-prazo-para-entrega-de-presentes\/#primaryimage","url":"https:\/\/www.notibras.com\/site\/wp-content\/uploads\/2023\/12\/papainoelect.webp","contentUrl":"https:\/\/www.notibras.com\/site\/wp-content\/uploads\/2023\/12\/papainoelect.webp","width":1170,"height":700},{"@type":"BreadcrumbList","@id":"https:\/\/www.notibras.com\/site\/papai-noel-amplia-prazo-para-entrega-de-presentes\/#breadcrumb","itemListElement":[{"@type":"ListItem","position":1,"name":"In\u00edcio","item":"https:\/\/www.notibras.com\/site\/"},{"@type":"ListItem","position":2,"name":"Papai Noel amplia prazo para entrega de presentes"}]},{"@type":"WebSite","@id":"https:\/\/www.notibras.com\/site\/#website","url":"https:\/\/www.notibras.com\/site\/","name":"Notibras","description":"Not\u00edcias de Bras\u00edlia, do Brasil e do Mundo","publisher":{"@id":"https:\/\/www.notibras.com\/site\/#organization"},"potentialAction":[{"@type":"SearchAction","target":{"@type":"EntryPoint","urlTemplate":"https:\/\/www.notibras.com\/site\/?s={search_term_string}"},"query-input":{"@type":"PropertyValueSpecification","valueRequired":true,"valueName":"search_term_string"}}],"inLanguage":"pt-BR"},{"@type":"Organization","@id":"https:\/\/www.notibras.com\/site\/#organization","name":"Grupo Notibras de Comunica\u00e7\u00e3o","url":"https:\/\/www.notibras.com\/site\/","logo":{"@type":"ImageObject","inLanguage":"pt-BR","@id":"https:\/\/www.notibras.com\/site\/#\/schema\/logo\/image\/","url":"https:\/\/www.notibras.com\/site\/wp-content\/uploads\/2023\/01\/notibras23.png","contentUrl":"https:\/\/www.notibras.com\/site\/wp-content\/uploads\/2023\/01\/notibras23.png","width":350,"height":87,"caption":"Grupo Notibras de Comunica\u00e7\u00e3o"},"image":{"@id":"https:\/\/www.notibras.com\/site\/#\/schema\/logo\/image\/"},"sameAs":["https:\/\/www.facebook.com\/notibras\/","https:\/\/x.com\/Notibras","https:\/\/www.instagram.com\/notibras\/"]},{"@type":"Person","@id":"https:\/\/www.notibras.com\/site\/#\/schema\/person\/36ab0979449956132d3e5b517ea76ac8","name":"Reda\u00e7\u00e3o","image":{"@type":"ImageObject","inLanguage":"pt-BR","@id":"https:\/\/secure.gravatar.com\/avatar\/e0a867bdedb85fd243eadf09663511f96fc81e0720a4a42581f334ad4303aa6b?s=96&d=mm&r=g","url":"https:\/\/secure.gravatar.com\/avatar\/e0a867bdedb85fd243eadf09663511f96fc81e0720a4a42581f334ad4303aa6b?s=96&d=mm&r=g","contentUrl":"https:\/\/secure.gravatar.com\/avatar\/e0a867bdedb85fd243eadf09663511f96fc81e0720a4a42581f334ad4303aa6b?s=96&d=mm&r=g","caption":"Reda\u00e7\u00e3o"}}]}},"amp_enabled":true,"_links":{"self":[{"href":"https:\/\/www.notibras.com\/site\/wp-json\/wp\/v2\/posts\/318584","targetHints":{"allow":["GET"]}}],"collection":[{"href":"https:\/\/www.notibras.com\/site\/wp-json\/wp\/v2\/posts"}],"about":[{"href":"https:\/\/www.notibras.com\/site\/wp-json\/wp\/v2\/types\/post"}],"author":[{"embeddable":true,"href":"https:\/\/www.notibras.com\/site\/wp-json\/wp\/v2\/users\/2"}],"replies":[{"embeddable":true,"href":"https:\/\/www.notibras.com\/site\/wp-json\/wp\/v2\/comments?post=318584"}],"version-history":[{"count":1,"href":"https:\/\/www.notibras.com\/site\/wp-json\/wp\/v2\/posts\/318584\/revisions"}],"predecessor-version":[{"id":318586,"href":"https:\/\/www.notibras.com\/site\/wp-json\/wp\/v2\/posts\/318584\/revisions\/318586"}],"wp:featuredmedia":[{"embeddable":true,"href":"https:\/\/www.notibras.com\/site\/wp-json\/wp\/v2\/media\/318585"}],"wp:attachment":[{"href":"https:\/\/www.notibras.com\/site\/wp-json\/wp\/v2\/media?parent=318584"}],"wp:term":[{"taxonomy":"category","embeddable":true,"href":"https:\/\/www.notibras.com\/site\/wp-json\/wp\/v2\/categories?post=318584"},{"taxonomy":"post_tag","embeddable":true,"href":"https:\/\/www.notibras.com\/site\/wp-json\/wp\/v2\/tags?post=318584"}],"curies":[{"name":"wp","href":"https:\/\/api.w.org\/{rel}","templated":true}]}}