{"id":318593,"date":"2023-12-06T06:29:54","date_gmt":"2023-12-06T09:29:54","guid":{"rendered":"https:\/\/www.notibras.com\/site\/?p=318593"},"modified":"2023-12-06T07:32:45","modified_gmt":"2023-12-06T10:32:45","slug":"ong-the-street-store-arrecada-doacoes-para-acao-de-natal","status":"publish","type":"post","link":"https:\/\/www.notibras.com\/site\/ong-the-street-store-arrecada-doacoes-para-acao-de-natal\/","title":{"rendered":"ONG The Street Store arrecada doa\u00e7\u00f5es para a\u00e7\u00e3o de Natal"},"content":{"rendered":"<p>A The Street Store DF est\u00e1 arrecadando doa\u00e7\u00f5es de roupas, sapatos, brinquedos e cestas b\u00e1sicas para a grande a\u00e7\u00e3o solid\u00e1ria de Natal, que acontece no s\u00e1bado, 16 de dezembro, das 10h \u00e0s 16h, no Centro Educacional Infantil 01 da Estrutural.<\/p>\n<p>As doa\u00e7\u00f5es podem ser feitas at\u00e9 10 de dezembro em pontos de coleta no Terra\u00e7o Shopping, Boulevard Shopping, P\u00e1tio Brasil, Alameda Shopping e Desiderata Hair Institute ou por doa\u00e7\u00e3o via PIX (Chave &#8211; CPF: 059.395.161-14 &#8211; em nome de Ruth, coordenadora do projeto). A a\u00e7\u00e3o ser\u00e1 aberta \u00e0 comunidade e o atendimento por ordem de chegada.<\/p>\n<p>A nova edi\u00e7\u00e3o do projeto, que acontece na Estrutural, contar\u00e1 com a loja de roupas gratuita &#8211; onde as pessoas podem escolher as pe\u00e7as sem pagar nada. O intuito \u00e9 devolver dignidade atrav\u00e9s do poder de escolha. Al\u00e9m disso, o evento contar\u00e1 com uma parte completa de presta\u00e7\u00e3o de servi\u00e7os. Sa\u00fade, jur\u00eddico, beleza, recrea\u00e7\u00e3o infantil, alimenta\u00e7\u00e3o, arte e cultura e outras atividades, tudo com a parceria de volunt\u00e1rios e empres\u00e1rios parceiros solid\u00e1rios.<\/p>\n<p>A iniciativa, que surgiu na \u00c1frica do Sul em 2014 e se expandiu por v\u00e1rios pa\u00edses, tem presen\u00e7a em Bras\u00edlia h\u00e1 8 anos. Mais de 100 mil pessoas j\u00e1 foram impactadas pelas regi\u00f5es administrativas da capital. E ao todo, mais de 150 toneladas de doa\u00e7\u00f5es foram distribu\u00eddas, nestes 8 anos.<\/p>\n<p>A expectativa para a a\u00e7\u00e3o de Natal \u00e9 impactar at\u00e9 2 mil pessoas com a edi\u00e7\u00e3o 43\u00aa do evento solid\u00e1rio.<\/p>\n<p><strong>Pontos de coleta<\/strong><\/p>\n<p>Boulevard Shopping<br \/>\n2\u00ba piso, em frente \u00e0 Smart Fit<\/p>\n<p>Terra\u00e7o Shopping<br \/>\nEntrada da Torre A<\/p>\n<p>P\u00e1tio Brasil Shopping<br \/>\nBalc\u00e3o de informa\u00e7\u00f5es (entrada principal)<\/p>\n<p>Desiderata Hair Institute<br \/>\nSHIS QI 11 bloco G , Lago Sul<br \/>\n(*ps. No balc\u00e3o do sal\u00e3o, informando ser para a ONG The Street Store)<\/p>\n<p>Alameda Shopping<br \/>\nPiso Moda. Gentileza Store.<\/p>\n","protected":false},"excerpt":{"rendered":"<p>A The Street Store DF est\u00e1 arrecadando doa\u00e7\u00f5es de roupas, sapatos, brinquedos e cestas b\u00e1sicas para a grande a\u00e7\u00e3o solid\u00e1ria de Natal, que acontece no s\u00e1bado, 16 de dezembro, das 10h \u00e0s 16h, no Centro Educacional Infantil 01 da Estrutural. As doa\u00e7\u00f5es podem ser feitas at\u00e9 10 de dezembro em pontos de coleta no Terra\u00e7o [&hellip;]<\/p>\n","protected":false},"author":2,"featured_media":318594,"comment_status":"closed","ping_status":"closed","sticky":false,"template":"","format":"standard","meta":{"_acf_changed":false,"footnotes":""},"categories":[161],"tags":[],"class_list":["post-318593","post","type-post","status-publish","format-standard","has-post-thumbnail","hentry","category-quadradinho-em-foco"],"acf":[],"yoast_head":"<!-- This site is optimized with the Yoast SEO plugin v27.2 - https:\/\/yoast.com\/product\/yoast-seo-wordpress\/ -->\n<title>ONG The Street Store arrecada doa\u00e7\u00f5es para a\u00e7\u00e3o de Natal - Notibras<\/title>\n<meta name=\"robots\" content=\"index, follow, max-snippet:-1, max-image-preview:large, max-video-preview:-1\" \/>\n<link rel=\"canonical\" href=\"https:\/\/www.notibras.com\/site\/ong-the-street-store-arrecada-doacoes-para-acao-de-natal\/\" \/>\n<meta property=\"og:locale\" content=\"pt_BR\" \/>\n<meta property=\"og:type\" content=\"article\" \/>\n<meta property=\"og:title\" content=\"ONG The Street Store arrecada doa\u00e7\u00f5es para a\u00e7\u00e3o de Natal - Notibras\" \/>\n<meta property=\"og:description\" content=\"A The Street Store DF est\u00e1 arrecadando doa\u00e7\u00f5es de roupas, sapatos, brinquedos e cestas b\u00e1sicas para a grande a\u00e7\u00e3o solid\u00e1ria de Natal, que acontece no s\u00e1bado, 16 de dezembro, das 10h \u00e0s 16h, no Centro Educacional Infantil 01 da Estrutural. As doa\u00e7\u00f5es podem ser feitas at\u00e9 10 de dezembro em pontos de coleta no Terra\u00e7o [&hellip;]\" \/>\n<meta property=\"og:url\" content=\"https:\/\/www.notibras.com\/site\/ong-the-street-store-arrecada-doacoes-para-acao-de-natal\/\" \/>\n<meta property=\"og:site_name\" content=\"Notibras\" \/>\n<meta property=\"article:publisher\" content=\"https:\/\/www.facebook.com\/notibras\/\" \/>\n<meta property=\"article:published_time\" content=\"2023-12-06T09:29:54+00:00\" \/>\n<meta property=\"article:modified_time\" content=\"2023-12-06T10:32:45+00:00\" \/>\n<meta property=\"og:image\" content=\"https:\/\/www.notibras.com\/site\/wp-content\/uploads\/2023\/12\/unnamed-99.jpg\" \/>\n\t<meta property=\"og:image:width\" content=\"1280\" \/>\n\t<meta property=\"og:image:height\" content=\"854\" \/>\n\t<meta property=\"og:image:type\" content=\"image\/jpeg\" \/>\n<meta name=\"author\" content=\"Reda\u00e7\u00e3o\" \/>\n<meta name=\"twitter:card\" content=\"summary_large_image\" \/>\n<meta name=\"twitter:creator\" content=\"@Notibras\" \/>\n<meta name=\"twitter:site\" content=\"@Notibras\" \/>\n<meta name=\"twitter:label1\" content=\"Escrito por\" \/>\n\t<meta name=\"twitter:data1\" content=\"Reda\u00e7\u00e3o\" \/>\n\t<meta name=\"twitter:label2\" content=\"Est. tempo de leitura\" \/>\n\t<meta name=\"twitter:data2\" content=\"2 minutos\" \/>\n<script type=\"application\/ld+json\" class=\"yoast-schema-graph\">{\"@context\":\"https:\/\/schema.org\",\"@graph\":[{\"@type\":\"Article\",\"@id\":\"https:\/\/www.notibras.com\/site\/ong-the-street-store-arrecada-doacoes-para-acao-de-natal\/#article\",\"isPartOf\":{\"@id\":\"https:\/\/www.notibras.com\/site\/ong-the-street-store-arrecada-doacoes-para-acao-de-natal\/\"},\"author\":{\"name\":\"Reda\u00e7\u00e3o\",\"@id\":\"https:\/\/www.notibras.com\/site\/#\/schema\/person\/36ab0979449956132d3e5b517ea76ac8\"},\"headline\":\"ONG The Street Store arrecada doa\u00e7\u00f5es para a\u00e7\u00e3o de Natal\",\"datePublished\":\"2023-12-06T09:29:54+00:00\",\"dateModified\":\"2023-12-06T10:32:45+00:00\",\"mainEntityOfPage\":{\"@id\":\"https:\/\/www.notibras.com\/site\/ong-the-street-store-arrecada-doacoes-para-acao-de-natal\/\"},\"wordCount\":328,\"publisher\":{\"@id\":\"https:\/\/www.notibras.com\/site\/#organization\"},\"image\":{\"@id\":\"https:\/\/www.notibras.com\/site\/ong-the-street-store-arrecada-doacoes-para-acao-de-natal\/#primaryimage\"},\"thumbnailUrl\":\"https:\/\/www.notibras.com\/site\/wp-content\/uploads\/2023\/12\/unnamed-99.jpg\",\"articleSection\":[\"Quadradinho em Foco\"],\"inLanguage\":\"pt-BR\"},{\"@type\":\"WebPage\",\"@id\":\"https:\/\/www.notibras.com\/site\/ong-the-street-store-arrecada-doacoes-para-acao-de-natal\/\",\"url\":\"https:\/\/www.notibras.com\/site\/ong-the-street-store-arrecada-doacoes-para-acao-de-natal\/\",\"name\":\"ONG The Street Store arrecada doa\u00e7\u00f5es para a\u00e7\u00e3o de Natal - Notibras\",\"isPartOf\":{\"@id\":\"https:\/\/www.notibras.com\/site\/#website\"},\"primaryImageOfPage\":{\"@id\":\"https:\/\/www.notibras.com\/site\/ong-the-street-store-arrecada-doacoes-para-acao-de-natal\/#primaryimage\"},\"image\":{\"@id\":\"https:\/\/www.notibras.com\/site\/ong-the-street-store-arrecada-doacoes-para-acao-de-natal\/#primaryimage\"},\"thumbnailUrl\":\"https:\/\/www.notibras.com\/site\/wp-content\/uploads\/2023\/12\/unnamed-99.jpg\",\"datePublished\":\"2023-12-06T09:29:54+00:00\",\"dateModified\":\"2023-12-06T10:32:45+00:00\",\"breadcrumb\":{\"@id\":\"https:\/\/www.notibras.com\/site\/ong-the-street-store-arrecada-doacoes-para-acao-de-natal\/#breadcrumb\"},\"inLanguage\":\"pt-BR\",\"potentialAction\":[{\"@type\":\"ReadAction\",\"target\":[\"https:\/\/www.notibras.com\/site\/ong-the-street-store-arrecada-doacoes-para-acao-de-natal\/\"]}]},{\"@type\":\"ImageObject\",\"inLanguage\":\"pt-BR\",\"@id\":\"https:\/\/www.notibras.com\/site\/ong-the-street-store-arrecada-doacoes-para-acao-de-natal\/#primaryimage\",\"url\":\"https:\/\/www.notibras.com\/site\/wp-content\/uploads\/2023\/12\/unnamed-99.jpg\",\"contentUrl\":\"https:\/\/www.notibras.com\/site\/wp-content\/uploads\/2023\/12\/unnamed-99.jpg\",\"width\":1280,\"height\":854},{\"@type\":\"BreadcrumbList\",\"@id\":\"https:\/\/www.notibras.com\/site\/ong-the-street-store-arrecada-doacoes-para-acao-de-natal\/#breadcrumb\",\"itemListElement\":[{\"@type\":\"ListItem\",\"position\":1,\"name\":\"In\u00edcio\",\"item\":\"https:\/\/www.notibras.com\/site\/\"},{\"@type\":\"ListItem\",\"position\":2,\"name\":\"ONG The Street Store arrecada doa\u00e7\u00f5es para a\u00e7\u00e3o de Natal\"}]},{\"@type\":\"WebSite\",\"@id\":\"https:\/\/www.notibras.com\/site\/#website\",\"url\":\"https:\/\/www.notibras.com\/site\/\",\"name\":\"Notibras\",\"description\":\"Not\u00edcias de Bras\u00edlia, do Brasil e do Mundo\",\"publisher\":{\"@id\":\"https:\/\/www.notibras.com\/site\/#organization\"},\"potentialAction\":[{\"@type\":\"SearchAction\",\"target\":{\"@type\":\"EntryPoint\",\"urlTemplate\":\"https:\/\/www.notibras.com\/site\/?s={search_term_string}\"},\"query-input\":{\"@type\":\"PropertyValueSpecification\",\"valueRequired\":true,\"valueName\":\"search_term_string\"}}],\"inLanguage\":\"pt-BR\"},{\"@type\":\"Organization\",\"@id\":\"https:\/\/www.notibras.com\/site\/#organization\",\"name\":\"Grupo Notibras de Comunica\u00e7\u00e3o\",\"url\":\"https:\/\/www.notibras.com\/site\/\",\"logo\":{\"@type\":\"ImageObject\",\"inLanguage\":\"pt-BR\",\"@id\":\"https:\/\/www.notibras.com\/site\/#\/schema\/logo\/image\/\",\"url\":\"https:\/\/www.notibras.com\/site\/wp-content\/uploads\/2023\/01\/notibras23.png\",\"contentUrl\":\"https:\/\/www.notibras.com\/site\/wp-content\/uploads\/2023\/01\/notibras23.png\",\"width\":350,\"height\":87,\"caption\":\"Grupo Notibras de Comunica\u00e7\u00e3o\"},\"image\":{\"@id\":\"https:\/\/www.notibras.com\/site\/#\/schema\/logo\/image\/\"},\"sameAs\":[\"https:\/\/www.facebook.com\/notibras\/\",\"https:\/\/x.com\/Notibras\",\"https:\/\/www.instagram.com\/notibras\/\"]},{\"@type\":\"Person\",\"@id\":\"https:\/\/www.notibras.com\/site\/#\/schema\/person\/36ab0979449956132d3e5b517ea76ac8\",\"name\":\"Reda\u00e7\u00e3o\",\"image\":{\"@type\":\"ImageObject\",\"inLanguage\":\"pt-BR\",\"@id\":\"https:\/\/secure.gravatar.com\/avatar\/e0a867bdedb85fd243eadf09663511f96fc81e0720a4a42581f334ad4303aa6b?s=96&d=mm&r=g\",\"url\":\"https:\/\/secure.gravatar.com\/avatar\/e0a867bdedb85fd243eadf09663511f96fc81e0720a4a42581f334ad4303aa6b?s=96&d=mm&r=g\",\"contentUrl\":\"https:\/\/secure.gravatar.com\/avatar\/e0a867bdedb85fd243eadf09663511f96fc81e0720a4a42581f334ad4303aa6b?s=96&d=mm&r=g\",\"caption\":\"Reda\u00e7\u00e3o\"}}]}<\/script>\n<!-- \/ Yoast SEO plugin. -->","yoast_head_json":{"title":"ONG The Street Store arrecada doa\u00e7\u00f5es para a\u00e7\u00e3o de Natal - Notibras","robots":{"index":"index","follow":"follow","max-snippet":"max-snippet:-1","max-image-preview":"max-image-preview:large","max-video-preview":"max-video-preview:-1"},"canonical":"https:\/\/www.notibras.com\/site\/ong-the-street-store-arrecada-doacoes-para-acao-de-natal\/","og_locale":"pt_BR","og_type":"article","og_title":"ONG The Street Store arrecada doa\u00e7\u00f5es para a\u00e7\u00e3o de Natal - Notibras","og_description":"A The Street Store DF est\u00e1 arrecadando doa\u00e7\u00f5es de roupas, sapatos, brinquedos e cestas b\u00e1sicas para a grande a\u00e7\u00e3o solid\u00e1ria de Natal, que acontece no s\u00e1bado, 16 de dezembro, das 10h \u00e0s 16h, no Centro Educacional Infantil 01 da Estrutural. As doa\u00e7\u00f5es podem ser feitas at\u00e9 10 de dezembro em pontos de coleta no Terra\u00e7o [&hellip;]","og_url":"https:\/\/www.notibras.com\/site\/ong-the-street-store-arrecada-doacoes-para-acao-de-natal\/","og_site_name":"Notibras","article_publisher":"https:\/\/www.facebook.com\/notibras\/","article_published_time":"2023-12-06T09:29:54+00:00","article_modified_time":"2023-12-06T10:32:45+00:00","og_image":[{"width":1280,"height":854,"url":"https:\/\/www.notibras.com\/site\/wp-content\/uploads\/2023\/12\/unnamed-99.jpg","type":"image\/jpeg"}],"author":"Reda\u00e7\u00e3o","twitter_card":"summary_large_image","twitter_creator":"@Notibras","twitter_site":"@Notibras","twitter_misc":{"Escrito por":"Reda\u00e7\u00e3o","Est. tempo de leitura":"2 minutos"},"schema":{"@context":"https:\/\/schema.org","@graph":[{"@type":"Article","@id":"https:\/\/www.notibras.com\/site\/ong-the-street-store-arrecada-doacoes-para-acao-de-natal\/#article","isPartOf":{"@id":"https:\/\/www.notibras.com\/site\/ong-the-street-store-arrecada-doacoes-para-acao-de-natal\/"},"author":{"name":"Reda\u00e7\u00e3o","@id":"https:\/\/www.notibras.com\/site\/#\/schema\/person\/36ab0979449956132d3e5b517ea76ac8"},"headline":"ONG The Street Store arrecada doa\u00e7\u00f5es para a\u00e7\u00e3o de Natal","datePublished":"2023-12-06T09:29:54+00:00","dateModified":"2023-12-06T10:32:45+00:00","mainEntityOfPage":{"@id":"https:\/\/www.notibras.com\/site\/ong-the-street-store-arrecada-doacoes-para-acao-de-natal\/"},"wordCount":328,"publisher":{"@id":"https:\/\/www.notibras.com\/site\/#organization"},"image":{"@id":"https:\/\/www.notibras.com\/site\/ong-the-street-store-arrecada-doacoes-para-acao-de-natal\/#primaryimage"},"thumbnailUrl":"https:\/\/www.notibras.com\/site\/wp-content\/uploads\/2023\/12\/unnamed-99.jpg","articleSection":["Quadradinho em Foco"],"inLanguage":"pt-BR"},{"@type":"WebPage","@id":"https:\/\/www.notibras.com\/site\/ong-the-street-store-arrecada-doacoes-para-acao-de-natal\/","url":"https:\/\/www.notibras.com\/site\/ong-the-street-store-arrecada-doacoes-para-acao-de-natal\/","name":"ONG The Street Store arrecada doa\u00e7\u00f5es para a\u00e7\u00e3o de Natal - Notibras","isPartOf":{"@id":"https:\/\/www.notibras.com\/site\/#website"},"primaryImageOfPage":{"@id":"https:\/\/www.notibras.com\/site\/ong-the-street-store-arrecada-doacoes-para-acao-de-natal\/#primaryimage"},"image":{"@id":"https:\/\/www.notibras.com\/site\/ong-the-street-store-arrecada-doacoes-para-acao-de-natal\/#primaryimage"},"thumbnailUrl":"https:\/\/www.notibras.com\/site\/wp-content\/uploads\/2023\/12\/unnamed-99.jpg","datePublished":"2023-12-06T09:29:54+00:00","dateModified":"2023-12-06T10:32:45+00:00","breadcrumb":{"@id":"https:\/\/www.notibras.com\/site\/ong-the-street-store-arrecada-doacoes-para-acao-de-natal\/#breadcrumb"},"inLanguage":"pt-BR","potentialAction":[{"@type":"ReadAction","target":["https:\/\/www.notibras.com\/site\/ong-the-street-store-arrecada-doacoes-para-acao-de-natal\/"]}]},{"@type":"ImageObject","inLanguage":"pt-BR","@id":"https:\/\/www.notibras.com\/site\/ong-the-street-store-arrecada-doacoes-para-acao-de-natal\/#primaryimage","url":"https:\/\/www.notibras.com\/site\/wp-content\/uploads\/2023\/12\/unnamed-99.jpg","contentUrl":"https:\/\/www.notibras.com\/site\/wp-content\/uploads\/2023\/12\/unnamed-99.jpg","width":1280,"height":854},{"@type":"BreadcrumbList","@id":"https:\/\/www.notibras.com\/site\/ong-the-street-store-arrecada-doacoes-para-acao-de-natal\/#breadcrumb","itemListElement":[{"@type":"ListItem","position":1,"name":"In\u00edcio","item":"https:\/\/www.notibras.com\/site\/"},{"@type":"ListItem","position":2,"name":"ONG The Street Store arrecada doa\u00e7\u00f5es para a\u00e7\u00e3o de Natal"}]},{"@type":"WebSite","@id":"https:\/\/www.notibras.com\/site\/#website","url":"https:\/\/www.notibras.com\/site\/","name":"Notibras","description":"Not\u00edcias de Bras\u00edlia, do Brasil e do Mundo","publisher":{"@id":"https:\/\/www.notibras.com\/site\/#organization"},"potentialAction":[{"@type":"SearchAction","target":{"@type":"EntryPoint","urlTemplate":"https:\/\/www.notibras.com\/site\/?s={search_term_string}"},"query-input":{"@type":"PropertyValueSpecification","valueRequired":true,"valueName":"search_term_string"}}],"inLanguage":"pt-BR"},{"@type":"Organization","@id":"https:\/\/www.notibras.com\/site\/#organization","name":"Grupo Notibras de Comunica\u00e7\u00e3o","url":"https:\/\/www.notibras.com\/site\/","logo":{"@type":"ImageObject","inLanguage":"pt-BR","@id":"https:\/\/www.notibras.com\/site\/#\/schema\/logo\/image\/","url":"https:\/\/www.notibras.com\/site\/wp-content\/uploads\/2023\/01\/notibras23.png","contentUrl":"https:\/\/www.notibras.com\/site\/wp-content\/uploads\/2023\/01\/notibras23.png","width":350,"height":87,"caption":"Grupo Notibras de Comunica\u00e7\u00e3o"},"image":{"@id":"https:\/\/www.notibras.com\/site\/#\/schema\/logo\/image\/"},"sameAs":["https:\/\/www.facebook.com\/notibras\/","https:\/\/x.com\/Notibras","https:\/\/www.instagram.com\/notibras\/"]},{"@type":"Person","@id":"https:\/\/www.notibras.com\/site\/#\/schema\/person\/36ab0979449956132d3e5b517ea76ac8","name":"Reda\u00e7\u00e3o","image":{"@type":"ImageObject","inLanguage":"pt-BR","@id":"https:\/\/secure.gravatar.com\/avatar\/e0a867bdedb85fd243eadf09663511f96fc81e0720a4a42581f334ad4303aa6b?s=96&d=mm&r=g","url":"https:\/\/secure.gravatar.com\/avatar\/e0a867bdedb85fd243eadf09663511f96fc81e0720a4a42581f334ad4303aa6b?s=96&d=mm&r=g","contentUrl":"https:\/\/secure.gravatar.com\/avatar\/e0a867bdedb85fd243eadf09663511f96fc81e0720a4a42581f334ad4303aa6b?s=96&d=mm&r=g","caption":"Reda\u00e7\u00e3o"}}]}},"amp_enabled":true,"_links":{"self":[{"href":"https:\/\/www.notibras.com\/site\/wp-json\/wp\/v2\/posts\/318593","targetHints":{"allow":["GET"]}}],"collection":[{"href":"https:\/\/www.notibras.com\/site\/wp-json\/wp\/v2\/posts"}],"about":[{"href":"https:\/\/www.notibras.com\/site\/wp-json\/wp\/v2\/types\/post"}],"author":[{"embeddable":true,"href":"https:\/\/www.notibras.com\/site\/wp-json\/wp\/v2\/users\/2"}],"replies":[{"embeddable":true,"href":"https:\/\/www.notibras.com\/site\/wp-json\/wp\/v2\/comments?post=318593"}],"version-history":[{"count":1,"href":"https:\/\/www.notibras.com\/site\/wp-json\/wp\/v2\/posts\/318593\/revisions"}],"predecessor-version":[{"id":318595,"href":"https:\/\/www.notibras.com\/site\/wp-json\/wp\/v2\/posts\/318593\/revisions\/318595"}],"wp:featuredmedia":[{"embeddable":true,"href":"https:\/\/www.notibras.com\/site\/wp-json\/wp\/v2\/media\/318594"}],"wp:attachment":[{"href":"https:\/\/www.notibras.com\/site\/wp-json\/wp\/v2\/media?parent=318593"}],"wp:term":[{"taxonomy":"category","embeddable":true,"href":"https:\/\/www.notibras.com\/site\/wp-json\/wp\/v2\/categories?post=318593"},{"taxonomy":"post_tag","embeddable":true,"href":"https:\/\/www.notibras.com\/site\/wp-json\/wp\/v2\/tags?post=318593"}],"curies":[{"name":"wp","href":"https:\/\/api.w.org\/{rel}","templated":true}]}}