{"id":318623,"date":"2023-12-06T17:33:29","date_gmt":"2023-12-06T20:33:29","guid":{"rendered":"https:\/\/www.notibras.com\/site\/?p=318623"},"modified":"2023-12-06T17:33:29","modified_gmt":"2023-12-06T20:33:29","slug":"agora-com-nome-duque-sauda-melhores-amigos-e-pede-socorro","status":"publish","type":"post","link":"https:\/\/www.notibras.com\/site\/agora-com-nome-duque-sauda-melhores-amigos-e-pede-socorro\/","title":{"rendered":"Agora com nome, Duque sa\u00fada melhores amigos e pede socorro"},"content":{"rendered":"<p>Eu sou o Duque, mas h\u00e1 uma quinzena eu era apenas um ser sem nome, ferido e faminto. Abandonado, meu corpo fr\u00e1gil repousava \u00e0 margem de um asfalto abrasador, incapaz de caminhar, enquanto larvas vorazes devoravam minhas feridas, marcas de uma castra\u00e7\u00e3o malsucedida.<\/p>\n<p>Naquele recanto desolado, minha \u00fanica guarida era a sombra t\u00edmida de uma parada de \u00f4nibus. L\u00e1, a esperan\u00e7a se esva\u00eda, e minha debilidade me mantinha cativo, ref\u00e9m de um corpo doente, magro e infectado, sedento e faminto de uma maneira que nenhum ser deveria padecer.<\/p>\n<p>Confesso, em meio \u00e0 desola\u00e7\u00e3o, acreditava que o al\u00edvio seria a morte, que teimava em tardar. No entanto, o destino urdia outros des\u00edgnios para mim. Foi ent\u00e3o, de longe, que ouvi o murm\u00fario de um ve\u00edculo, e, com as \u00faltimas for\u00e7as exauridas, movi a \u00fanica parte do meu ser que respondia aos comandos. Ergui, com delicadeza, a minha cabe\u00e7a, ansiando por ser notado. E fui! A partir desse instante, o curso do meu destino se transmudou.<\/p>\n<p>A Carol surgiu em meu caminho, agora a narradora da minha hist\u00f3ria. Ela, com ternura, escolheu meu nome e, mais que isso, optou por ser a guardi\u00e3 dos meus dias. Contudo, ela precisa de aux\u00edlio para custear meu tratamento. Embora eu mal compreenda a moeda dos homens, percebo que o zelo m\u00e9dico \u00e9 dispendioso.<\/p>\n<p>H\u00e1 dez luas, estou internado, submetido a exames de todas as sortes. Encontro-me enclausurado por uma infec\u00e7\u00e3o, combatida com antibi\u00f3ticos intravenosos. No entanto, ainda almejo cuidados, pois feridas abertas clamam pela car\u00edcia da ozonioterapia, e minha jornada de recupera\u00e7\u00e3o demanda a fisioterapia, ansiando por fortalecer o corpo e resgatar os movimentos perdidos.<\/p>\n<p>Ao encontrar o olhar benevolente da Carol, ouvi promessas de dias melhores, e decidi encarar a batalha, alimentando-me com fervor e j\u00e1 vislumbrando um respiro de al\u00edvio. Assim, ergo este apelo a cora\u00e7\u00f5es iluminados, em busca da colabora\u00e7\u00e3o que pode tecer meu futuro de vida, para que a esperan\u00e7a, em sua generosidade, flores\u00e7a.<\/p>\n<p>Que cada doa\u00e7\u00e3o, por menor que seja, se converta em sementes de esperan\u00e7a, para que juntos possamos escrever o cap\u00edtulo seguinte desta hist\u00f3ria repleta de vida e amor.<\/p>\n<p>Chave pix (E-mail): enviarparacarolina@gmail.com<\/p>\n<p><strong>*Melhor amigo do homem, sou <em>Canis lupus familiaris<\/em>, sub-esp\u00e9cie dos lobos\u00a0<\/strong><\/p>\n","protected":false},"excerpt":{"rendered":"<p>Eu sou o Duque, mas h\u00e1 uma quinzena eu era apenas um ser sem nome, ferido e faminto. Abandonado, meu corpo fr\u00e1gil repousava \u00e0 margem de um asfalto abrasador, incapaz de caminhar, enquanto larvas vorazes devoravam minhas feridas, marcas de uma castra\u00e7\u00e3o malsucedida. Naquele recanto desolado, minha \u00fanica guarida era a sombra t\u00edmida de uma [&hellip;]<\/p>\n","protected":false},"author":2,"featured_media":318624,"comment_status":"closed","ping_status":"closed","sticky":false,"template":"","format":"standard","meta":{"_acf_changed":false,"footnotes":""},"categories":[161],"tags":[95],"class_list":["post-318623","post","type-post","status-publish","format-standard","has-post-thumbnail","hentry","category-quadradinho-em-foco","tag-capa"],"acf":[],"yoast_head":"<!-- This site is optimized with the Yoast SEO plugin v27.2 - https:\/\/yoast.com\/product\/yoast-seo-wordpress\/ -->\n<title>Agora com nome, Duque sa\u00fada melhores amigos e pede socorro - Notibras<\/title>\n<meta name=\"robots\" content=\"index, follow, max-snippet:-1, max-image-preview:large, max-video-preview:-1\" \/>\n<link rel=\"canonical\" href=\"https:\/\/www.notibras.com\/site\/agora-com-nome-duque-sauda-melhores-amigos-e-pede-socorro\/\" \/>\n<meta property=\"og:locale\" content=\"pt_BR\" \/>\n<meta property=\"og:type\" content=\"article\" \/>\n<meta property=\"og:title\" content=\"Agora com nome, Duque sa\u00fada melhores amigos e pede socorro - Notibras\" \/>\n<meta property=\"og:description\" content=\"Eu sou o Duque, mas h\u00e1 uma quinzena eu era apenas um ser sem nome, ferido e faminto. Abandonado, meu corpo fr\u00e1gil repousava \u00e0 margem de um asfalto abrasador, incapaz de caminhar, enquanto larvas vorazes devoravam minhas feridas, marcas de uma castra\u00e7\u00e3o malsucedida. Naquele recanto desolado, minha \u00fanica guarida era a sombra t\u00edmida de uma [&hellip;]\" \/>\n<meta property=\"og:url\" content=\"https:\/\/www.notibras.com\/site\/agora-com-nome-duque-sauda-melhores-amigos-e-pede-socorro\/\" \/>\n<meta property=\"og:site_name\" content=\"Notibras\" \/>\n<meta property=\"article:publisher\" content=\"https:\/\/www.facebook.com\/notibras\/\" \/>\n<meta property=\"article:published_time\" content=\"2023-12-06T20:33:29+00:00\" \/>\n<meta property=\"og:image\" content=\"https:\/\/www.notibras.com\/site\/wp-content\/uploads\/2023\/12\/3c1adfb8-25e6-4d92-9e0c-443b6d27fe66.jpg\" \/>\n\t<meta property=\"og:image:width\" content=\"1080\" \/>\n\t<meta property=\"og:image:height\" content=\"1080\" \/>\n\t<meta property=\"og:image:type\" content=\"image\/jpeg\" \/>\n<meta name=\"author\" content=\"Reda\u00e7\u00e3o\" \/>\n<meta name=\"twitter:card\" content=\"summary_large_image\" \/>\n<meta name=\"twitter:creator\" content=\"@Notibras\" \/>\n<meta name=\"twitter:site\" content=\"@Notibras\" \/>\n<meta name=\"twitter:label1\" content=\"Escrito por\" \/>\n\t<meta name=\"twitter:data1\" content=\"Reda\u00e7\u00e3o\" \/>\n\t<meta name=\"twitter:label2\" content=\"Est. tempo de leitura\" \/>\n\t<meta name=\"twitter:data2\" content=\"3 minutos\" \/>\n<script type=\"application\/ld+json\" class=\"yoast-schema-graph\">{\"@context\":\"https:\/\/schema.org\",\"@graph\":[{\"@type\":\"Article\",\"@id\":\"https:\/\/www.notibras.com\/site\/agora-com-nome-duque-sauda-melhores-amigos-e-pede-socorro\/#article\",\"isPartOf\":{\"@id\":\"https:\/\/www.notibras.com\/site\/agora-com-nome-duque-sauda-melhores-amigos-e-pede-socorro\/\"},\"author\":{\"name\":\"Reda\u00e7\u00e3o\",\"@id\":\"https:\/\/www.notibras.com\/site\/#\/schema\/person\/36ab0979449956132d3e5b517ea76ac8\"},\"headline\":\"Agora com nome, Duque sa\u00fada melhores amigos e pede socorro\",\"datePublished\":\"2023-12-06T20:33:29+00:00\",\"mainEntityOfPage\":{\"@id\":\"https:\/\/www.notibras.com\/site\/agora-com-nome-duque-sauda-melhores-amigos-e-pede-socorro\/\"},\"wordCount\":407,\"publisher\":{\"@id\":\"https:\/\/www.notibras.com\/site\/#organization\"},\"image\":{\"@id\":\"https:\/\/www.notibras.com\/site\/agora-com-nome-duque-sauda-melhores-amigos-e-pede-socorro\/#primaryimage\"},\"thumbnailUrl\":\"https:\/\/www.notibras.com\/site\/wp-content\/uploads\/2023\/12\/3c1adfb8-25e6-4d92-9e0c-443b6d27fe66.jpg\",\"keywords\":[\"capa\"],\"articleSection\":[\"Quadradinho em Foco\"],\"inLanguage\":\"pt-BR\"},{\"@type\":\"WebPage\",\"@id\":\"https:\/\/www.notibras.com\/site\/agora-com-nome-duque-sauda-melhores-amigos-e-pede-socorro\/\",\"url\":\"https:\/\/www.notibras.com\/site\/agora-com-nome-duque-sauda-melhores-amigos-e-pede-socorro\/\",\"name\":\"Agora com nome, Duque sa\u00fada melhores amigos e pede socorro - Notibras\",\"isPartOf\":{\"@id\":\"https:\/\/www.notibras.com\/site\/#website\"},\"primaryImageOfPage\":{\"@id\":\"https:\/\/www.notibras.com\/site\/agora-com-nome-duque-sauda-melhores-amigos-e-pede-socorro\/#primaryimage\"},\"image\":{\"@id\":\"https:\/\/www.notibras.com\/site\/agora-com-nome-duque-sauda-melhores-amigos-e-pede-socorro\/#primaryimage\"},\"thumbnailUrl\":\"https:\/\/www.notibras.com\/site\/wp-content\/uploads\/2023\/12\/3c1adfb8-25e6-4d92-9e0c-443b6d27fe66.jpg\",\"datePublished\":\"2023-12-06T20:33:29+00:00\",\"breadcrumb\":{\"@id\":\"https:\/\/www.notibras.com\/site\/agora-com-nome-duque-sauda-melhores-amigos-e-pede-socorro\/#breadcrumb\"},\"inLanguage\":\"pt-BR\",\"potentialAction\":[{\"@type\":\"ReadAction\",\"target\":[\"https:\/\/www.notibras.com\/site\/agora-com-nome-duque-sauda-melhores-amigos-e-pede-socorro\/\"]}]},{\"@type\":\"ImageObject\",\"inLanguage\":\"pt-BR\",\"@id\":\"https:\/\/www.notibras.com\/site\/agora-com-nome-duque-sauda-melhores-amigos-e-pede-socorro\/#primaryimage\",\"url\":\"https:\/\/www.notibras.com\/site\/wp-content\/uploads\/2023\/12\/3c1adfb8-25e6-4d92-9e0c-443b6d27fe66.jpg\",\"contentUrl\":\"https:\/\/www.notibras.com\/site\/wp-content\/uploads\/2023\/12\/3c1adfb8-25e6-4d92-9e0c-443b6d27fe66.jpg\",\"width\":1080,\"height\":1080},{\"@type\":\"BreadcrumbList\",\"@id\":\"https:\/\/www.notibras.com\/site\/agora-com-nome-duque-sauda-melhores-amigos-e-pede-socorro\/#breadcrumb\",\"itemListElement\":[{\"@type\":\"ListItem\",\"position\":1,\"name\":\"In\u00edcio\",\"item\":\"https:\/\/www.notibras.com\/site\/\"},{\"@type\":\"ListItem\",\"position\":2,\"name\":\"Agora com nome, Duque sa\u00fada melhores amigos e pede socorro\"}]},{\"@type\":\"WebSite\",\"@id\":\"https:\/\/www.notibras.com\/site\/#website\",\"url\":\"https:\/\/www.notibras.com\/site\/\",\"name\":\"Notibras\",\"description\":\"Not\u00edcias de Bras\u00edlia, do Brasil e do Mundo\",\"publisher\":{\"@id\":\"https:\/\/www.notibras.com\/site\/#organization\"},\"potentialAction\":[{\"@type\":\"SearchAction\",\"target\":{\"@type\":\"EntryPoint\",\"urlTemplate\":\"https:\/\/www.notibras.com\/site\/?s={search_term_string}\"},\"query-input\":{\"@type\":\"PropertyValueSpecification\",\"valueRequired\":true,\"valueName\":\"search_term_string\"}}],\"inLanguage\":\"pt-BR\"},{\"@type\":\"Organization\",\"@id\":\"https:\/\/www.notibras.com\/site\/#organization\",\"name\":\"Grupo Notibras de Comunica\u00e7\u00e3o\",\"url\":\"https:\/\/www.notibras.com\/site\/\",\"logo\":{\"@type\":\"ImageObject\",\"inLanguage\":\"pt-BR\",\"@id\":\"https:\/\/www.notibras.com\/site\/#\/schema\/logo\/image\/\",\"url\":\"https:\/\/www.notibras.com\/site\/wp-content\/uploads\/2023\/01\/notibras23.png\",\"contentUrl\":\"https:\/\/www.notibras.com\/site\/wp-content\/uploads\/2023\/01\/notibras23.png\",\"width\":350,\"height\":87,\"caption\":\"Grupo Notibras de Comunica\u00e7\u00e3o\"},\"image\":{\"@id\":\"https:\/\/www.notibras.com\/site\/#\/schema\/logo\/image\/\"},\"sameAs\":[\"https:\/\/www.facebook.com\/notibras\/\",\"https:\/\/x.com\/Notibras\",\"https:\/\/www.instagram.com\/notibras\/\"]},{\"@type\":\"Person\",\"@id\":\"https:\/\/www.notibras.com\/site\/#\/schema\/person\/36ab0979449956132d3e5b517ea76ac8\",\"name\":\"Reda\u00e7\u00e3o\",\"image\":{\"@type\":\"ImageObject\",\"inLanguage\":\"pt-BR\",\"@id\":\"https:\/\/secure.gravatar.com\/avatar\/e0a867bdedb85fd243eadf09663511f96fc81e0720a4a42581f334ad4303aa6b?s=96&d=mm&r=g\",\"url\":\"https:\/\/secure.gravatar.com\/avatar\/e0a867bdedb85fd243eadf09663511f96fc81e0720a4a42581f334ad4303aa6b?s=96&d=mm&r=g\",\"contentUrl\":\"https:\/\/secure.gravatar.com\/avatar\/e0a867bdedb85fd243eadf09663511f96fc81e0720a4a42581f334ad4303aa6b?s=96&d=mm&r=g\",\"caption\":\"Reda\u00e7\u00e3o\"}}]}<\/script>\n<!-- \/ Yoast SEO plugin. -->","yoast_head_json":{"title":"Agora com nome, Duque sa\u00fada melhores amigos e pede socorro - Notibras","robots":{"index":"index","follow":"follow","max-snippet":"max-snippet:-1","max-image-preview":"max-image-preview:large","max-video-preview":"max-video-preview:-1"},"canonical":"https:\/\/www.notibras.com\/site\/agora-com-nome-duque-sauda-melhores-amigos-e-pede-socorro\/","og_locale":"pt_BR","og_type":"article","og_title":"Agora com nome, Duque sa\u00fada melhores amigos e pede socorro - Notibras","og_description":"Eu sou o Duque, mas h\u00e1 uma quinzena eu era apenas um ser sem nome, ferido e faminto. Abandonado, meu corpo fr\u00e1gil repousava \u00e0 margem de um asfalto abrasador, incapaz de caminhar, enquanto larvas vorazes devoravam minhas feridas, marcas de uma castra\u00e7\u00e3o malsucedida. Naquele recanto desolado, minha \u00fanica guarida era a sombra t\u00edmida de uma [&hellip;]","og_url":"https:\/\/www.notibras.com\/site\/agora-com-nome-duque-sauda-melhores-amigos-e-pede-socorro\/","og_site_name":"Notibras","article_publisher":"https:\/\/www.facebook.com\/notibras\/","article_published_time":"2023-12-06T20:33:29+00:00","og_image":[{"width":1080,"height":1080,"url":"https:\/\/www.notibras.com\/site\/wp-content\/uploads\/2023\/12\/3c1adfb8-25e6-4d92-9e0c-443b6d27fe66.jpg","type":"image\/jpeg"}],"author":"Reda\u00e7\u00e3o","twitter_card":"summary_large_image","twitter_creator":"@Notibras","twitter_site":"@Notibras","twitter_misc":{"Escrito por":"Reda\u00e7\u00e3o","Est. tempo de leitura":"3 minutos"},"schema":{"@context":"https:\/\/schema.org","@graph":[{"@type":"Article","@id":"https:\/\/www.notibras.com\/site\/agora-com-nome-duque-sauda-melhores-amigos-e-pede-socorro\/#article","isPartOf":{"@id":"https:\/\/www.notibras.com\/site\/agora-com-nome-duque-sauda-melhores-amigos-e-pede-socorro\/"},"author":{"name":"Reda\u00e7\u00e3o","@id":"https:\/\/www.notibras.com\/site\/#\/schema\/person\/36ab0979449956132d3e5b517ea76ac8"},"headline":"Agora com nome, Duque sa\u00fada melhores amigos e pede socorro","datePublished":"2023-12-06T20:33:29+00:00","mainEntityOfPage":{"@id":"https:\/\/www.notibras.com\/site\/agora-com-nome-duque-sauda-melhores-amigos-e-pede-socorro\/"},"wordCount":407,"publisher":{"@id":"https:\/\/www.notibras.com\/site\/#organization"},"image":{"@id":"https:\/\/www.notibras.com\/site\/agora-com-nome-duque-sauda-melhores-amigos-e-pede-socorro\/#primaryimage"},"thumbnailUrl":"https:\/\/www.notibras.com\/site\/wp-content\/uploads\/2023\/12\/3c1adfb8-25e6-4d92-9e0c-443b6d27fe66.jpg","keywords":["capa"],"articleSection":["Quadradinho em Foco"],"inLanguage":"pt-BR"},{"@type":"WebPage","@id":"https:\/\/www.notibras.com\/site\/agora-com-nome-duque-sauda-melhores-amigos-e-pede-socorro\/","url":"https:\/\/www.notibras.com\/site\/agora-com-nome-duque-sauda-melhores-amigos-e-pede-socorro\/","name":"Agora com nome, Duque sa\u00fada melhores amigos e pede socorro - Notibras","isPartOf":{"@id":"https:\/\/www.notibras.com\/site\/#website"},"primaryImageOfPage":{"@id":"https:\/\/www.notibras.com\/site\/agora-com-nome-duque-sauda-melhores-amigos-e-pede-socorro\/#primaryimage"},"image":{"@id":"https:\/\/www.notibras.com\/site\/agora-com-nome-duque-sauda-melhores-amigos-e-pede-socorro\/#primaryimage"},"thumbnailUrl":"https:\/\/www.notibras.com\/site\/wp-content\/uploads\/2023\/12\/3c1adfb8-25e6-4d92-9e0c-443b6d27fe66.jpg","datePublished":"2023-12-06T20:33:29+00:00","breadcrumb":{"@id":"https:\/\/www.notibras.com\/site\/agora-com-nome-duque-sauda-melhores-amigos-e-pede-socorro\/#breadcrumb"},"inLanguage":"pt-BR","potentialAction":[{"@type":"ReadAction","target":["https:\/\/www.notibras.com\/site\/agora-com-nome-duque-sauda-melhores-amigos-e-pede-socorro\/"]}]},{"@type":"ImageObject","inLanguage":"pt-BR","@id":"https:\/\/www.notibras.com\/site\/agora-com-nome-duque-sauda-melhores-amigos-e-pede-socorro\/#primaryimage","url":"https:\/\/www.notibras.com\/site\/wp-content\/uploads\/2023\/12\/3c1adfb8-25e6-4d92-9e0c-443b6d27fe66.jpg","contentUrl":"https:\/\/www.notibras.com\/site\/wp-content\/uploads\/2023\/12\/3c1adfb8-25e6-4d92-9e0c-443b6d27fe66.jpg","width":1080,"height":1080},{"@type":"BreadcrumbList","@id":"https:\/\/www.notibras.com\/site\/agora-com-nome-duque-sauda-melhores-amigos-e-pede-socorro\/#breadcrumb","itemListElement":[{"@type":"ListItem","position":1,"name":"In\u00edcio","item":"https:\/\/www.notibras.com\/site\/"},{"@type":"ListItem","position":2,"name":"Agora com nome, Duque sa\u00fada melhores amigos e pede socorro"}]},{"@type":"WebSite","@id":"https:\/\/www.notibras.com\/site\/#website","url":"https:\/\/www.notibras.com\/site\/","name":"Notibras","description":"Not\u00edcias de Bras\u00edlia, do Brasil e do Mundo","publisher":{"@id":"https:\/\/www.notibras.com\/site\/#organization"},"potentialAction":[{"@type":"SearchAction","target":{"@type":"EntryPoint","urlTemplate":"https:\/\/www.notibras.com\/site\/?s={search_term_string}"},"query-input":{"@type":"PropertyValueSpecification","valueRequired":true,"valueName":"search_term_string"}}],"inLanguage":"pt-BR"},{"@type":"Organization","@id":"https:\/\/www.notibras.com\/site\/#organization","name":"Grupo Notibras de Comunica\u00e7\u00e3o","url":"https:\/\/www.notibras.com\/site\/","logo":{"@type":"ImageObject","inLanguage":"pt-BR","@id":"https:\/\/www.notibras.com\/site\/#\/schema\/logo\/image\/","url":"https:\/\/www.notibras.com\/site\/wp-content\/uploads\/2023\/01\/notibras23.png","contentUrl":"https:\/\/www.notibras.com\/site\/wp-content\/uploads\/2023\/01\/notibras23.png","width":350,"height":87,"caption":"Grupo Notibras de Comunica\u00e7\u00e3o"},"image":{"@id":"https:\/\/www.notibras.com\/site\/#\/schema\/logo\/image\/"},"sameAs":["https:\/\/www.facebook.com\/notibras\/","https:\/\/x.com\/Notibras","https:\/\/www.instagram.com\/notibras\/"]},{"@type":"Person","@id":"https:\/\/www.notibras.com\/site\/#\/schema\/person\/36ab0979449956132d3e5b517ea76ac8","name":"Reda\u00e7\u00e3o","image":{"@type":"ImageObject","inLanguage":"pt-BR","@id":"https:\/\/secure.gravatar.com\/avatar\/e0a867bdedb85fd243eadf09663511f96fc81e0720a4a42581f334ad4303aa6b?s=96&d=mm&r=g","url":"https:\/\/secure.gravatar.com\/avatar\/e0a867bdedb85fd243eadf09663511f96fc81e0720a4a42581f334ad4303aa6b?s=96&d=mm&r=g","contentUrl":"https:\/\/secure.gravatar.com\/avatar\/e0a867bdedb85fd243eadf09663511f96fc81e0720a4a42581f334ad4303aa6b?s=96&d=mm&r=g","caption":"Reda\u00e7\u00e3o"}}]}},"amp_enabled":true,"_links":{"self":[{"href":"https:\/\/www.notibras.com\/site\/wp-json\/wp\/v2\/posts\/318623","targetHints":{"allow":["GET"]}}],"collection":[{"href":"https:\/\/www.notibras.com\/site\/wp-json\/wp\/v2\/posts"}],"about":[{"href":"https:\/\/www.notibras.com\/site\/wp-json\/wp\/v2\/types\/post"}],"author":[{"embeddable":true,"href":"https:\/\/www.notibras.com\/site\/wp-json\/wp\/v2\/users\/2"}],"replies":[{"embeddable":true,"href":"https:\/\/www.notibras.com\/site\/wp-json\/wp\/v2\/comments?post=318623"}],"version-history":[{"count":1,"href":"https:\/\/www.notibras.com\/site\/wp-json\/wp\/v2\/posts\/318623\/revisions"}],"predecessor-version":[{"id":318625,"href":"https:\/\/www.notibras.com\/site\/wp-json\/wp\/v2\/posts\/318623\/revisions\/318625"}],"wp:featuredmedia":[{"embeddable":true,"href":"https:\/\/www.notibras.com\/site\/wp-json\/wp\/v2\/media\/318624"}],"wp:attachment":[{"href":"https:\/\/www.notibras.com\/site\/wp-json\/wp\/v2\/media?parent=318623"}],"wp:term":[{"taxonomy":"category","embeddable":true,"href":"https:\/\/www.notibras.com\/site\/wp-json\/wp\/v2\/categories?post=318623"},{"taxonomy":"post_tag","embeddable":true,"href":"https:\/\/www.notibras.com\/site\/wp-json\/wp\/v2\/tags?post=318623"}],"curies":[{"name":"wp","href":"https:\/\/api.w.org\/{rel}","templated":true}]}}