{"id":318626,"date":"2023-12-07T00:25:52","date_gmt":"2023-12-07T03:25:52","guid":{"rendered":"https:\/\/www.notibras.com\/site\/?p=318626"},"modified":"2023-12-06T22:26:47","modified_gmt":"2023-12-07T01:26:47","slug":"sabado-e-dia-de-vacinacao-de-criancas-e-adultos","status":"publish","type":"post","link":"https:\/\/www.notibras.com\/site\/sabado-e-dia-de-vacinacao-de-criancas-e-adultos\/","title":{"rendered":"S\u00e1bado \u00e9 dia de vacina\u00e7\u00e3o de crian\u00e7as e adultos"},"content":{"rendered":"<p>Para terminar o ano com a caderneta de vacina\u00e7\u00e3o em dia e com mais sa\u00fade para as festas de fim de ano, o Terra\u00e7o Shopping receber\u00e1, no s\u00e1bado (9), das 10h \u00e0s 17h, o posto de vacina\u00e7\u00e3o itinerante da Secretaria de Sa\u00fade do DF.<\/p>\n<p>O projeto tem a finalidade de atender \u00e0s necessidades de cobertura e acesso universal \u00e0 sa\u00fade pela popula\u00e7\u00e3o local. No dia estar\u00e3o dispon\u00edveis vacinas para crian\u00e7as e adultos. Ser\u00e1 realizado tamb\u00e9m o cadastro SUS, a fim de facilitar o acesso dos usu\u00e1rios \u00e0 unidade de sa\u00fade.<\/p>\n<p>Para crian\u00e7as, as vacinas ser\u00e3o Hepatite B, Poliomielite oral e inativada, Rotav\u00edrus humano, Pentavalente, Influenza, Pneumoc\u00f3cicca 10, Meningoc\u00f3cica ACWY, Febre amarela, Tr\u00edplice viral, Hepatite A, Difteria e T\u00e9tano (dT) e COVID infantil.<\/p>\n<p>Para adultos, as vacinas ser\u00e3o Hepatite B, Difteria e T\u00e9tano (dT), Febre Amarela, Tr\u00edplice viral, Difteria, T\u00e9tano, Pertussis (dTpa &#8211; acelular), Influenza e COVID adulto.<\/p>\n<p><strong>Servi\u00e7o<\/strong><br \/>\nPosto de vacina\u00e7\u00e3o<br \/>\nData: s\u00e1bado, 9\/12<br \/>\nHor\u00e1rio: 10h \u00e0s 17h<br \/>\nLocal: Piso L2 \u2013 na pra\u00e7a da Leitura<\/p>\n","protected":false},"excerpt":{"rendered":"<p>Para terminar o ano com a caderneta de vacina\u00e7\u00e3o em dia e com mais sa\u00fade para as festas de fim de ano, o Terra\u00e7o Shopping receber\u00e1, no s\u00e1bado (9), das 10h \u00e0s 17h, o posto de vacina\u00e7\u00e3o itinerante da Secretaria de Sa\u00fade do DF. O projeto tem a finalidade de atender \u00e0s necessidades de cobertura [&hellip;]<\/p>\n","protected":false},"author":2,"featured_media":318627,"comment_status":"closed","ping_status":"closed","sticky":false,"template":"","format":"standard","meta":{"_acf_changed":false,"footnotes":""},"categories":[161],"tags":[],"class_list":["post-318626","post","type-post","status-publish","format-standard","has-post-thumbnail","hentry","category-quadradinho-em-foco"],"acf":[],"yoast_head":"<!-- This site is optimized with the Yoast SEO plugin v27.2 - https:\/\/yoast.com\/product\/yoast-seo-wordpress\/ -->\n<title>S\u00e1bado \u00e9 dia de vacina\u00e7\u00e3o de crian\u00e7as e adultos - Notibras<\/title>\n<meta name=\"robots\" content=\"index, follow, max-snippet:-1, max-image-preview:large, max-video-preview:-1\" \/>\n<link rel=\"canonical\" href=\"https:\/\/www.notibras.com\/site\/sabado-e-dia-de-vacinacao-de-criancas-e-adultos\/\" \/>\n<meta property=\"og:locale\" content=\"pt_BR\" \/>\n<meta property=\"og:type\" content=\"article\" \/>\n<meta property=\"og:title\" content=\"S\u00e1bado \u00e9 dia de vacina\u00e7\u00e3o de crian\u00e7as e adultos - Notibras\" \/>\n<meta property=\"og:description\" content=\"Para terminar o ano com a caderneta de vacina\u00e7\u00e3o em dia e com mais sa\u00fade para as festas de fim de ano, o Terra\u00e7o Shopping receber\u00e1, no s\u00e1bado (9), das 10h \u00e0s 17h, o posto de vacina\u00e7\u00e3o itinerante da Secretaria de Sa\u00fade do DF. O projeto tem a finalidade de atender \u00e0s necessidades de cobertura [&hellip;]\" \/>\n<meta property=\"og:url\" content=\"https:\/\/www.notibras.com\/site\/sabado-e-dia-de-vacinacao-de-criancas-e-adultos\/\" \/>\n<meta property=\"og:site_name\" content=\"Notibras\" \/>\n<meta property=\"article:publisher\" content=\"https:\/\/www.facebook.com\/notibras\/\" \/>\n<meta property=\"article:published_time\" content=\"2023-12-07T03:25:52+00:00\" \/>\n<meta property=\"og:image\" content=\"https:\/\/www.notibras.com\/site\/wp-content\/uploads\/2023\/12\/unnamed-100.jpg\" \/>\n\t<meta property=\"og:image:width\" content=\"1498\" \/>\n\t<meta property=\"og:image:height\" content=\"1000\" \/>\n\t<meta property=\"og:image:type\" content=\"image\/jpeg\" \/>\n<meta name=\"author\" content=\"Reda\u00e7\u00e3o\" \/>\n<meta name=\"twitter:card\" content=\"summary_large_image\" \/>\n<meta name=\"twitter:creator\" content=\"@Notibras\" \/>\n<meta name=\"twitter:site\" content=\"@Notibras\" \/>\n<meta name=\"twitter:label1\" content=\"Escrito por\" \/>\n\t<meta name=\"twitter:data1\" content=\"Reda\u00e7\u00e3o\" \/>\n\t<meta name=\"twitter:label2\" content=\"Est. tempo de leitura\" \/>\n\t<meta name=\"twitter:data2\" content=\"1 minuto\" \/>\n<script type=\"application\/ld+json\" class=\"yoast-schema-graph\">{\"@context\":\"https:\/\/schema.org\",\"@graph\":[{\"@type\":\"Article\",\"@id\":\"https:\/\/www.notibras.com\/site\/sabado-e-dia-de-vacinacao-de-criancas-e-adultos\/#article\",\"isPartOf\":{\"@id\":\"https:\/\/www.notibras.com\/site\/sabado-e-dia-de-vacinacao-de-criancas-e-adultos\/\"},\"author\":{\"name\":\"Reda\u00e7\u00e3o\",\"@id\":\"https:\/\/www.notibras.com\/site\/#\/schema\/person\/36ab0979449956132d3e5b517ea76ac8\"},\"headline\":\"S\u00e1bado \u00e9 dia de vacina\u00e7\u00e3o de crian\u00e7as e adultos\",\"datePublished\":\"2023-12-07T03:25:52+00:00\",\"mainEntityOfPage\":{\"@id\":\"https:\/\/www.notibras.com\/site\/sabado-e-dia-de-vacinacao-de-criancas-e-adultos\/\"},\"wordCount\":201,\"publisher\":{\"@id\":\"https:\/\/www.notibras.com\/site\/#organization\"},\"image\":{\"@id\":\"https:\/\/www.notibras.com\/site\/sabado-e-dia-de-vacinacao-de-criancas-e-adultos\/#primaryimage\"},\"thumbnailUrl\":\"https:\/\/www.notibras.com\/site\/wp-content\/uploads\/2023\/12\/unnamed-100.jpg\",\"articleSection\":[\"Quadradinho em Foco\"],\"inLanguage\":\"pt-BR\"},{\"@type\":\"WebPage\",\"@id\":\"https:\/\/www.notibras.com\/site\/sabado-e-dia-de-vacinacao-de-criancas-e-adultos\/\",\"url\":\"https:\/\/www.notibras.com\/site\/sabado-e-dia-de-vacinacao-de-criancas-e-adultos\/\",\"name\":\"S\u00e1bado \u00e9 dia de vacina\u00e7\u00e3o de crian\u00e7as e adultos - Notibras\",\"isPartOf\":{\"@id\":\"https:\/\/www.notibras.com\/site\/#website\"},\"primaryImageOfPage\":{\"@id\":\"https:\/\/www.notibras.com\/site\/sabado-e-dia-de-vacinacao-de-criancas-e-adultos\/#primaryimage\"},\"image\":{\"@id\":\"https:\/\/www.notibras.com\/site\/sabado-e-dia-de-vacinacao-de-criancas-e-adultos\/#primaryimage\"},\"thumbnailUrl\":\"https:\/\/www.notibras.com\/site\/wp-content\/uploads\/2023\/12\/unnamed-100.jpg\",\"datePublished\":\"2023-12-07T03:25:52+00:00\",\"breadcrumb\":{\"@id\":\"https:\/\/www.notibras.com\/site\/sabado-e-dia-de-vacinacao-de-criancas-e-adultos\/#breadcrumb\"},\"inLanguage\":\"pt-BR\",\"potentialAction\":[{\"@type\":\"ReadAction\",\"target\":[\"https:\/\/www.notibras.com\/site\/sabado-e-dia-de-vacinacao-de-criancas-e-adultos\/\"]}]},{\"@type\":\"ImageObject\",\"inLanguage\":\"pt-BR\",\"@id\":\"https:\/\/www.notibras.com\/site\/sabado-e-dia-de-vacinacao-de-criancas-e-adultos\/#primaryimage\",\"url\":\"https:\/\/www.notibras.com\/site\/wp-content\/uploads\/2023\/12\/unnamed-100.jpg\",\"contentUrl\":\"https:\/\/www.notibras.com\/site\/wp-content\/uploads\/2023\/12\/unnamed-100.jpg\",\"width\":1498,\"height\":1000},{\"@type\":\"BreadcrumbList\",\"@id\":\"https:\/\/www.notibras.com\/site\/sabado-e-dia-de-vacinacao-de-criancas-e-adultos\/#breadcrumb\",\"itemListElement\":[{\"@type\":\"ListItem\",\"position\":1,\"name\":\"In\u00edcio\",\"item\":\"https:\/\/www.notibras.com\/site\/\"},{\"@type\":\"ListItem\",\"position\":2,\"name\":\"S\u00e1bado \u00e9 dia de vacina\u00e7\u00e3o de crian\u00e7as e adultos\"}]},{\"@type\":\"WebSite\",\"@id\":\"https:\/\/www.notibras.com\/site\/#website\",\"url\":\"https:\/\/www.notibras.com\/site\/\",\"name\":\"Notibras\",\"description\":\"Not\u00edcias de Bras\u00edlia, do Brasil e do Mundo\",\"publisher\":{\"@id\":\"https:\/\/www.notibras.com\/site\/#organization\"},\"potentialAction\":[{\"@type\":\"SearchAction\",\"target\":{\"@type\":\"EntryPoint\",\"urlTemplate\":\"https:\/\/www.notibras.com\/site\/?s={search_term_string}\"},\"query-input\":{\"@type\":\"PropertyValueSpecification\",\"valueRequired\":true,\"valueName\":\"search_term_string\"}}],\"inLanguage\":\"pt-BR\"},{\"@type\":\"Organization\",\"@id\":\"https:\/\/www.notibras.com\/site\/#organization\",\"name\":\"Grupo Notibras de Comunica\u00e7\u00e3o\",\"url\":\"https:\/\/www.notibras.com\/site\/\",\"logo\":{\"@type\":\"ImageObject\",\"inLanguage\":\"pt-BR\",\"@id\":\"https:\/\/www.notibras.com\/site\/#\/schema\/logo\/image\/\",\"url\":\"https:\/\/www.notibras.com\/site\/wp-content\/uploads\/2023\/01\/notibras23.png\",\"contentUrl\":\"https:\/\/www.notibras.com\/site\/wp-content\/uploads\/2023\/01\/notibras23.png\",\"width\":350,\"height\":87,\"caption\":\"Grupo Notibras de Comunica\u00e7\u00e3o\"},\"image\":{\"@id\":\"https:\/\/www.notibras.com\/site\/#\/schema\/logo\/image\/\"},\"sameAs\":[\"https:\/\/www.facebook.com\/notibras\/\",\"https:\/\/x.com\/Notibras\",\"https:\/\/www.instagram.com\/notibras\/\"]},{\"@type\":\"Person\",\"@id\":\"https:\/\/www.notibras.com\/site\/#\/schema\/person\/36ab0979449956132d3e5b517ea76ac8\",\"name\":\"Reda\u00e7\u00e3o\",\"image\":{\"@type\":\"ImageObject\",\"inLanguage\":\"pt-BR\",\"@id\":\"https:\/\/secure.gravatar.com\/avatar\/e0a867bdedb85fd243eadf09663511f96fc81e0720a4a42581f334ad4303aa6b?s=96&d=mm&r=g\",\"url\":\"https:\/\/secure.gravatar.com\/avatar\/e0a867bdedb85fd243eadf09663511f96fc81e0720a4a42581f334ad4303aa6b?s=96&d=mm&r=g\",\"contentUrl\":\"https:\/\/secure.gravatar.com\/avatar\/e0a867bdedb85fd243eadf09663511f96fc81e0720a4a42581f334ad4303aa6b?s=96&d=mm&r=g\",\"caption\":\"Reda\u00e7\u00e3o\"}}]}<\/script>\n<!-- \/ Yoast SEO plugin. -->","yoast_head_json":{"title":"S\u00e1bado \u00e9 dia de vacina\u00e7\u00e3o de crian\u00e7as e adultos - Notibras","robots":{"index":"index","follow":"follow","max-snippet":"max-snippet:-1","max-image-preview":"max-image-preview:large","max-video-preview":"max-video-preview:-1"},"canonical":"https:\/\/www.notibras.com\/site\/sabado-e-dia-de-vacinacao-de-criancas-e-adultos\/","og_locale":"pt_BR","og_type":"article","og_title":"S\u00e1bado \u00e9 dia de vacina\u00e7\u00e3o de crian\u00e7as e adultos - Notibras","og_description":"Para terminar o ano com a caderneta de vacina\u00e7\u00e3o em dia e com mais sa\u00fade para as festas de fim de ano, o Terra\u00e7o Shopping receber\u00e1, no s\u00e1bado (9), das 10h \u00e0s 17h, o posto de vacina\u00e7\u00e3o itinerante da Secretaria de Sa\u00fade do DF. O projeto tem a finalidade de atender \u00e0s necessidades de cobertura [&hellip;]","og_url":"https:\/\/www.notibras.com\/site\/sabado-e-dia-de-vacinacao-de-criancas-e-adultos\/","og_site_name":"Notibras","article_publisher":"https:\/\/www.facebook.com\/notibras\/","article_published_time":"2023-12-07T03:25:52+00:00","og_image":[{"width":1498,"height":1000,"url":"https:\/\/www.notibras.com\/site\/wp-content\/uploads\/2023\/12\/unnamed-100.jpg","type":"image\/jpeg"}],"author":"Reda\u00e7\u00e3o","twitter_card":"summary_large_image","twitter_creator":"@Notibras","twitter_site":"@Notibras","twitter_misc":{"Escrito por":"Reda\u00e7\u00e3o","Est. tempo de leitura":"1 minuto"},"schema":{"@context":"https:\/\/schema.org","@graph":[{"@type":"Article","@id":"https:\/\/www.notibras.com\/site\/sabado-e-dia-de-vacinacao-de-criancas-e-adultos\/#article","isPartOf":{"@id":"https:\/\/www.notibras.com\/site\/sabado-e-dia-de-vacinacao-de-criancas-e-adultos\/"},"author":{"name":"Reda\u00e7\u00e3o","@id":"https:\/\/www.notibras.com\/site\/#\/schema\/person\/36ab0979449956132d3e5b517ea76ac8"},"headline":"S\u00e1bado \u00e9 dia de vacina\u00e7\u00e3o de crian\u00e7as e adultos","datePublished":"2023-12-07T03:25:52+00:00","mainEntityOfPage":{"@id":"https:\/\/www.notibras.com\/site\/sabado-e-dia-de-vacinacao-de-criancas-e-adultos\/"},"wordCount":201,"publisher":{"@id":"https:\/\/www.notibras.com\/site\/#organization"},"image":{"@id":"https:\/\/www.notibras.com\/site\/sabado-e-dia-de-vacinacao-de-criancas-e-adultos\/#primaryimage"},"thumbnailUrl":"https:\/\/www.notibras.com\/site\/wp-content\/uploads\/2023\/12\/unnamed-100.jpg","articleSection":["Quadradinho em Foco"],"inLanguage":"pt-BR"},{"@type":"WebPage","@id":"https:\/\/www.notibras.com\/site\/sabado-e-dia-de-vacinacao-de-criancas-e-adultos\/","url":"https:\/\/www.notibras.com\/site\/sabado-e-dia-de-vacinacao-de-criancas-e-adultos\/","name":"S\u00e1bado \u00e9 dia de vacina\u00e7\u00e3o de crian\u00e7as e adultos - Notibras","isPartOf":{"@id":"https:\/\/www.notibras.com\/site\/#website"},"primaryImageOfPage":{"@id":"https:\/\/www.notibras.com\/site\/sabado-e-dia-de-vacinacao-de-criancas-e-adultos\/#primaryimage"},"image":{"@id":"https:\/\/www.notibras.com\/site\/sabado-e-dia-de-vacinacao-de-criancas-e-adultos\/#primaryimage"},"thumbnailUrl":"https:\/\/www.notibras.com\/site\/wp-content\/uploads\/2023\/12\/unnamed-100.jpg","datePublished":"2023-12-07T03:25:52+00:00","breadcrumb":{"@id":"https:\/\/www.notibras.com\/site\/sabado-e-dia-de-vacinacao-de-criancas-e-adultos\/#breadcrumb"},"inLanguage":"pt-BR","potentialAction":[{"@type":"ReadAction","target":["https:\/\/www.notibras.com\/site\/sabado-e-dia-de-vacinacao-de-criancas-e-adultos\/"]}]},{"@type":"ImageObject","inLanguage":"pt-BR","@id":"https:\/\/www.notibras.com\/site\/sabado-e-dia-de-vacinacao-de-criancas-e-adultos\/#primaryimage","url":"https:\/\/www.notibras.com\/site\/wp-content\/uploads\/2023\/12\/unnamed-100.jpg","contentUrl":"https:\/\/www.notibras.com\/site\/wp-content\/uploads\/2023\/12\/unnamed-100.jpg","width":1498,"height":1000},{"@type":"BreadcrumbList","@id":"https:\/\/www.notibras.com\/site\/sabado-e-dia-de-vacinacao-de-criancas-e-adultos\/#breadcrumb","itemListElement":[{"@type":"ListItem","position":1,"name":"In\u00edcio","item":"https:\/\/www.notibras.com\/site\/"},{"@type":"ListItem","position":2,"name":"S\u00e1bado \u00e9 dia de vacina\u00e7\u00e3o de crian\u00e7as e adultos"}]},{"@type":"WebSite","@id":"https:\/\/www.notibras.com\/site\/#website","url":"https:\/\/www.notibras.com\/site\/","name":"Notibras","description":"Not\u00edcias de Bras\u00edlia, do Brasil e do Mundo","publisher":{"@id":"https:\/\/www.notibras.com\/site\/#organization"},"potentialAction":[{"@type":"SearchAction","target":{"@type":"EntryPoint","urlTemplate":"https:\/\/www.notibras.com\/site\/?s={search_term_string}"},"query-input":{"@type":"PropertyValueSpecification","valueRequired":true,"valueName":"search_term_string"}}],"inLanguage":"pt-BR"},{"@type":"Organization","@id":"https:\/\/www.notibras.com\/site\/#organization","name":"Grupo Notibras de Comunica\u00e7\u00e3o","url":"https:\/\/www.notibras.com\/site\/","logo":{"@type":"ImageObject","inLanguage":"pt-BR","@id":"https:\/\/www.notibras.com\/site\/#\/schema\/logo\/image\/","url":"https:\/\/www.notibras.com\/site\/wp-content\/uploads\/2023\/01\/notibras23.png","contentUrl":"https:\/\/www.notibras.com\/site\/wp-content\/uploads\/2023\/01\/notibras23.png","width":350,"height":87,"caption":"Grupo Notibras de Comunica\u00e7\u00e3o"},"image":{"@id":"https:\/\/www.notibras.com\/site\/#\/schema\/logo\/image\/"},"sameAs":["https:\/\/www.facebook.com\/notibras\/","https:\/\/x.com\/Notibras","https:\/\/www.instagram.com\/notibras\/"]},{"@type":"Person","@id":"https:\/\/www.notibras.com\/site\/#\/schema\/person\/36ab0979449956132d3e5b517ea76ac8","name":"Reda\u00e7\u00e3o","image":{"@type":"ImageObject","inLanguage":"pt-BR","@id":"https:\/\/secure.gravatar.com\/avatar\/e0a867bdedb85fd243eadf09663511f96fc81e0720a4a42581f334ad4303aa6b?s=96&d=mm&r=g","url":"https:\/\/secure.gravatar.com\/avatar\/e0a867bdedb85fd243eadf09663511f96fc81e0720a4a42581f334ad4303aa6b?s=96&d=mm&r=g","contentUrl":"https:\/\/secure.gravatar.com\/avatar\/e0a867bdedb85fd243eadf09663511f96fc81e0720a4a42581f334ad4303aa6b?s=96&d=mm&r=g","caption":"Reda\u00e7\u00e3o"}}]}},"amp_enabled":true,"_links":{"self":[{"href":"https:\/\/www.notibras.com\/site\/wp-json\/wp\/v2\/posts\/318626","targetHints":{"allow":["GET"]}}],"collection":[{"href":"https:\/\/www.notibras.com\/site\/wp-json\/wp\/v2\/posts"}],"about":[{"href":"https:\/\/www.notibras.com\/site\/wp-json\/wp\/v2\/types\/post"}],"author":[{"embeddable":true,"href":"https:\/\/www.notibras.com\/site\/wp-json\/wp\/v2\/users\/2"}],"replies":[{"embeddable":true,"href":"https:\/\/www.notibras.com\/site\/wp-json\/wp\/v2\/comments?post=318626"}],"version-history":[{"count":1,"href":"https:\/\/www.notibras.com\/site\/wp-json\/wp\/v2\/posts\/318626\/revisions"}],"predecessor-version":[{"id":318628,"href":"https:\/\/www.notibras.com\/site\/wp-json\/wp\/v2\/posts\/318626\/revisions\/318628"}],"wp:featuredmedia":[{"embeddable":true,"href":"https:\/\/www.notibras.com\/site\/wp-json\/wp\/v2\/media\/318627"}],"wp:attachment":[{"href":"https:\/\/www.notibras.com\/site\/wp-json\/wp\/v2\/media?parent=318626"}],"wp:term":[{"taxonomy":"category","embeddable":true,"href":"https:\/\/www.notibras.com\/site\/wp-json\/wp\/v2\/categories?post=318626"},{"taxonomy":"post_tag","embeddable":true,"href":"https:\/\/www.notibras.com\/site\/wp-json\/wp\/v2\/tags?post=318626"}],"curies":[{"name":"wp","href":"https:\/\/api.w.org\/{rel}","templated":true}]}}