{"id":318710,"date":"2023-12-07T00:00:04","date_gmt":"2023-12-07T03:00:04","guid":{"rendered":"https:\/\/www.notibras.com\/site\/?p=318710"},"modified":"2023-12-07T09:02:10","modified_gmt":"2023-12-07T12:02:10","slug":"hmib-faz-com-sucesso-primeiro-parto-intrauterino","status":"publish","type":"post","link":"https:\/\/www.notibras.com\/site\/hmib-faz-com-sucesso-primeiro-parto-intrauterino\/","title":{"rendered":"Hmib faz com sucesso primeiro parto intrauterino"},"content":{"rendered":"<p>Para felicidade da fam\u00edlia e da equipe m\u00e9dica, at\u00e9 o momento tudo indica um cen\u00e1rio bem mais promissor do que se ela tivesse nascido com a coluna exposta, uma malforma\u00e7\u00e3o conhecida como \u201cespinha b\u00edfida\u201d, que poderia gerar limita\u00e7\u00f5es motoras e problemas neurol\u00f3gicos ao longo de toda a vida. Em 27 de outubro, \u00c1gatha foi submetida a um procedimento cir\u00fargico para corrigir o problema ainda no \u00fatero da m\u00e3e, uma t\u00e9cnica in\u00e9dita no DF, realizada no pr\u00f3prio Hmib.<\/p>\n<p>\u201c\u00c9 uma alegria. Eu j\u00e1 a vi e est\u00e1 \u00f3tima. S\u00f3 \u00e9 dif\u00edcil n\u00e3o estar com ela agora, mas \u00e9 s\u00f3 esperar\u201d, conta a m\u00e3e, Raiane da Rocha, de 36 anos. Ela chegou a ficar preocupada porque o plano original era o parto ocorrer s\u00f3 no pr\u00f3ximo ano. Por\u00e9m, a bolsa amni\u00f3tica se rompeu em 21 de novembro e a m\u00e3e passou a ser acompanhada de perto pela equipe do Hmib para garantir a sa\u00fade das duas. Na noite de ter\u00e7a, foi decidido que era hora de \u00c1gatha nascer.<\/p>\n<p>O parto foi realizado por Carolina Wanis e Marcelo Filippo, m\u00e9dicos da Secretaria de Sa\u00fade do Distrito Federal (SES-DF) especializados em medicina fetal e tamb\u00e9m respons\u00e1veis pela cirurgia realizada no fim de outubro. \u201cAinda \u00e9 muito cedo para avaliar, mas a \u00c1gatha n\u00e3o tem necessidade de operar a coluna. Est\u00e1 no local correto. A cicatriz nas costas mal d\u00e1 para ver\u201d, afirma o m\u00e9dico Marcelo Filippo.<\/p>\n<p>Por ter nascido com 27 semanas e 4 dias de gesta\u00e7\u00e3o, a menina foi classificada como prematura extrema. Partos at\u00e9 a 36\u00aa semana s\u00e3o considerados de pr\u00e9-maturos e os partos \u201ca termo\u201d ocorrem entre a 39\u00aa e a 41\u00ba semana. Isso significa que nas pr\u00f3ximas semanas \u00c1gatha ser\u00e1 acompanhada de perto pela equipe de neonatologia do Hmib, contando tamb\u00e9m com o apoio do Banco de Leite, fundamental para garantir a nutri\u00e7\u00e3o dela e das outras 39 crian\u00e7as internadas na UTI, al\u00e9m de outros setores do hospital.<\/p>\n<p>Enquanto isso, os pais da pequena \u00c1gatha j\u00e1 t\u00eam a chance de ver o desenvolvimento da filha, nem que seja somente por alguns minutos a cada dia. \u201cPara mim, o milagre j\u00e1 aconteceu. Agora \u00e9 s\u00f3 esperar pela alta dela\u201d, diz o pai de \u00c1gatha, o mec\u00e2nico montador Jeremias Nascimento, de 43 anos.<\/p>\n<p><strong>Cirurgia de tr\u00eas horas<\/strong><br \/>\nChamada cientificamente de mielomeningocele ou espinha b\u00edfida, a malforma\u00e7\u00e3o identificada durante o pr\u00e9-natal causa desafios de sa\u00fade desde o \u00fatero at\u00e9 o fim da vida, sendo os mais comuns a impossibilidade de andar e incha\u00e7o no c\u00e9rebro. As tentativas de corre\u00e7\u00e3o cir\u00fargica ocorriam somente ap\u00f3s o parto, com pequeno sucesso. A partir de 2015, come\u00e7aram a ocorrer no Brasil os procedimentos intrauterinos, que melhoram o progn\u00f3stico das crian\u00e7as.<\/p>\n<p>A cirurgia in\u00e9dita envolveu 20 servidores do Hmib ao longo de tr\u00eas horas. Al\u00e9m disso, a equipe se mobilizou para encaminhar o procedimento com agilidade: uma m\u00e9dica da rede privada que fazia o pr\u00e9-natal de Raiane identificou a condi\u00e7\u00e3o e a encaminhou ao hospital da SES-DF em 16 de outubro. Em doze dias, foi realizada a prepara\u00e7\u00e3o necess\u00e1ria e a cirurgia ocorreu na 22\u00aa semana de gesta\u00e7\u00e3o, um per\u00edodo considerado ideal pelos profissionais da \u00e1rea.<\/p>\n<p>O procedimento tamb\u00e9m contou com a presen\u00e7a do m\u00e9dico F\u00e1bio Peralta e dos hospitais Gestar Centro de Medicina Fetal, Hcor e Maternidade Star, todos de S\u00e3o Paulo. Refer\u00eancia internacional em medicina fetal e com experi\u00eancia de j\u00e1 ter realizado mais de 600 cirurgias do tipo desde 2015, F\u00e1bio Peralta comemora as novas possibilidades trazidas pela t\u00e9cnica. \u201cN\u00e3o existia esse tipo de corre\u00e7\u00e3o, nunca v\u00edamos uma crian\u00e7a fora da cadeira de rodas, tendo um desenvolvimento normal. Hoje, o mais frequente \u00e9 a gente ver as criancinhas correndo por a\u00ed, indo bem na escola, praticando esporte, tendo um desenvolvimento intelectual adequado\u201d, afirma.<\/p>\n<p>Com a proje\u00e7\u00e3o estat\u00edstica de cerca de 250 crian\u00e7as nascidas ao ano no Brasil com espinha b\u00edfida, pesquisadores da \u00e1rea trabalham para expandir o n\u00famero de hospitais que poder\u00e3o se tornar refer\u00eancia para a realiza\u00e7\u00e3o do procedimento. \u201cA corre\u00e7\u00e3o intrauterina da espinha b\u00edfida \u00e9 um marco para a Sa\u00fade do Distrito Federal. A alta complexidade do procedimento exige uma equipe extremamente qualificada e temos isso no Hmib. Os benef\u00edcios s\u00e3o enormes, como redu\u00e7\u00e3o de danos neurol\u00f3gicos, de problemas de mobilidade e de infec\u00e7\u00f5es, diminuindo muito a letalidade\u201d, afirma a secret\u00e1ria de Sa\u00fade do DF, Lucilene Flor\u00eancio.<\/p>\n<p>A rede p\u00fablica tamb\u00e9m est\u00e1 capacitada para realizar o diagn\u00f3stico precoce da doen\u00e7a durante o pr\u00e9-natal. \u201cEsse foi o primeiro procedimento de outros que com certeza ser\u00e3o realizados com o mesmo sucesso\u201d, completa a gestora.<\/p>\n","protected":false},"excerpt":{"rendered":"<p>Para felicidade da fam\u00edlia e da equipe m\u00e9dica, at\u00e9 o momento tudo indica um cen\u00e1rio bem mais promissor do que se ela tivesse nascido com a coluna exposta, uma malforma\u00e7\u00e3o conhecida como \u201cespinha b\u00edfida\u201d, que poderia gerar limita\u00e7\u00f5es motoras e problemas neurol\u00f3gicos ao longo de toda a vida. Em 27 de outubro, \u00c1gatha foi submetida [&hellip;]<\/p>\n","protected":false},"author":2,"featured_media":318711,"comment_status":"closed","ping_status":"closed","sticky":false,"template":"","format":"standard","meta":{"_acf_changed":false,"footnotes":""},"categories":[161],"tags":[],"class_list":["post-318710","post","type-post","status-publish","format-standard","has-post-thumbnail","hentry","category-quadradinho-em-foco"],"acf":[],"yoast_head":"<!-- This site is optimized with the Yoast SEO plugin v27.2 - https:\/\/yoast.com\/product\/yoast-seo-wordpress\/ -->\n<title>Hmib faz com sucesso primeiro parto intrauterino - Notibras<\/title>\n<meta name=\"robots\" content=\"index, follow, max-snippet:-1, max-image-preview:large, max-video-preview:-1\" \/>\n<link rel=\"canonical\" href=\"https:\/\/www.notibras.com\/site\/hmib-faz-com-sucesso-primeiro-parto-intrauterino\/\" \/>\n<meta property=\"og:locale\" content=\"pt_BR\" \/>\n<meta property=\"og:type\" content=\"article\" \/>\n<meta property=\"og:title\" content=\"Hmib faz com sucesso primeiro parto intrauterino - Notibras\" \/>\n<meta property=\"og:description\" content=\"Para felicidade da fam\u00edlia e da equipe m\u00e9dica, at\u00e9 o momento tudo indica um cen\u00e1rio bem mais promissor do que se ela tivesse nascido com a coluna exposta, uma malforma\u00e7\u00e3o conhecida como \u201cespinha b\u00edfida\u201d, que poderia gerar limita\u00e7\u00f5es motoras e problemas neurol\u00f3gicos ao longo de toda a vida. Em 27 de outubro, \u00c1gatha foi submetida [&hellip;]\" \/>\n<meta property=\"og:url\" content=\"https:\/\/www.notibras.com\/site\/hmib-faz-com-sucesso-primeiro-parto-intrauterino\/\" \/>\n<meta property=\"og:site_name\" content=\"Notibras\" \/>\n<meta property=\"article:publisher\" content=\"https:\/\/www.facebook.com\/notibras\/\" \/>\n<meta property=\"article:published_time\" content=\"2023-12-07T03:00:04+00:00\" \/>\n<meta property=\"article:modified_time\" content=\"2023-12-07T12:02:10+00:00\" \/>\n<meta property=\"og:image\" content=\"https:\/\/www.notibras.com\/site\/wp-content\/uploads\/2023\/12\/Foto_Jhonatan-Cantarelle_Agencia-Saude-DF-768x512-1.jpg\" \/>\n\t<meta property=\"og:image:width\" content=\"768\" \/>\n\t<meta property=\"og:image:height\" content=\"512\" \/>\n\t<meta property=\"og:image:type\" content=\"image\/jpeg\" \/>\n<meta name=\"author\" content=\"Reda\u00e7\u00e3o\" \/>\n<meta name=\"twitter:card\" content=\"summary_large_image\" \/>\n<meta name=\"twitter:creator\" content=\"@Notibras\" \/>\n<meta name=\"twitter:site\" content=\"@Notibras\" \/>\n<meta name=\"twitter:label1\" content=\"Escrito por\" \/>\n\t<meta name=\"twitter:data1\" content=\"Reda\u00e7\u00e3o\" \/>\n\t<meta name=\"twitter:label2\" content=\"Est. tempo de leitura\" \/>\n\t<meta name=\"twitter:data2\" content=\"5 minutos\" \/>\n<script type=\"application\/ld+json\" class=\"yoast-schema-graph\">{\"@context\":\"https:\/\/schema.org\",\"@graph\":[{\"@type\":\"Article\",\"@id\":\"https:\/\/www.notibras.com\/site\/hmib-faz-com-sucesso-primeiro-parto-intrauterino\/#article\",\"isPartOf\":{\"@id\":\"https:\/\/www.notibras.com\/site\/hmib-faz-com-sucesso-primeiro-parto-intrauterino\/\"},\"author\":{\"name\":\"Reda\u00e7\u00e3o\",\"@id\":\"https:\/\/www.notibras.com\/site\/#\/schema\/person\/36ab0979449956132d3e5b517ea76ac8\"},\"headline\":\"Hmib faz com sucesso primeiro parto intrauterino\",\"datePublished\":\"2023-12-07T03:00:04+00:00\",\"dateModified\":\"2023-12-07T12:02:10+00:00\",\"mainEntityOfPage\":{\"@id\":\"https:\/\/www.notibras.com\/site\/hmib-faz-com-sucesso-primeiro-parto-intrauterino\/\"},\"wordCount\":830,\"publisher\":{\"@id\":\"https:\/\/www.notibras.com\/site\/#organization\"},\"image\":{\"@id\":\"https:\/\/www.notibras.com\/site\/hmib-faz-com-sucesso-primeiro-parto-intrauterino\/#primaryimage\"},\"thumbnailUrl\":\"https:\/\/www.notibras.com\/site\/wp-content\/uploads\/2023\/12\/Foto_Jhonatan-Cantarelle_Agencia-Saude-DF-768x512-1.jpg\",\"articleSection\":[\"Quadradinho em Foco\"],\"inLanguage\":\"pt-BR\"},{\"@type\":\"WebPage\",\"@id\":\"https:\/\/www.notibras.com\/site\/hmib-faz-com-sucesso-primeiro-parto-intrauterino\/\",\"url\":\"https:\/\/www.notibras.com\/site\/hmib-faz-com-sucesso-primeiro-parto-intrauterino\/\",\"name\":\"Hmib faz com sucesso primeiro parto intrauterino - Notibras\",\"isPartOf\":{\"@id\":\"https:\/\/www.notibras.com\/site\/#website\"},\"primaryImageOfPage\":{\"@id\":\"https:\/\/www.notibras.com\/site\/hmib-faz-com-sucesso-primeiro-parto-intrauterino\/#primaryimage\"},\"image\":{\"@id\":\"https:\/\/www.notibras.com\/site\/hmib-faz-com-sucesso-primeiro-parto-intrauterino\/#primaryimage\"},\"thumbnailUrl\":\"https:\/\/www.notibras.com\/site\/wp-content\/uploads\/2023\/12\/Foto_Jhonatan-Cantarelle_Agencia-Saude-DF-768x512-1.jpg\",\"datePublished\":\"2023-12-07T03:00:04+00:00\",\"dateModified\":\"2023-12-07T12:02:10+00:00\",\"breadcrumb\":{\"@id\":\"https:\/\/www.notibras.com\/site\/hmib-faz-com-sucesso-primeiro-parto-intrauterino\/#breadcrumb\"},\"inLanguage\":\"pt-BR\",\"potentialAction\":[{\"@type\":\"ReadAction\",\"target\":[\"https:\/\/www.notibras.com\/site\/hmib-faz-com-sucesso-primeiro-parto-intrauterino\/\"]}]},{\"@type\":\"ImageObject\",\"inLanguage\":\"pt-BR\",\"@id\":\"https:\/\/www.notibras.com\/site\/hmib-faz-com-sucesso-primeiro-parto-intrauterino\/#primaryimage\",\"url\":\"https:\/\/www.notibras.com\/site\/wp-content\/uploads\/2023\/12\/Foto_Jhonatan-Cantarelle_Agencia-Saude-DF-768x512-1.jpg\",\"contentUrl\":\"https:\/\/www.notibras.com\/site\/wp-content\/uploads\/2023\/12\/Foto_Jhonatan-Cantarelle_Agencia-Saude-DF-768x512-1.jpg\",\"width\":768,\"height\":512},{\"@type\":\"BreadcrumbList\",\"@id\":\"https:\/\/www.notibras.com\/site\/hmib-faz-com-sucesso-primeiro-parto-intrauterino\/#breadcrumb\",\"itemListElement\":[{\"@type\":\"ListItem\",\"position\":1,\"name\":\"In\u00edcio\",\"item\":\"https:\/\/www.notibras.com\/site\/\"},{\"@type\":\"ListItem\",\"position\":2,\"name\":\"Hmib faz com sucesso primeiro parto intrauterino\"}]},{\"@type\":\"WebSite\",\"@id\":\"https:\/\/www.notibras.com\/site\/#website\",\"url\":\"https:\/\/www.notibras.com\/site\/\",\"name\":\"Notibras\",\"description\":\"Not\u00edcias de Bras\u00edlia, do Brasil e do Mundo\",\"publisher\":{\"@id\":\"https:\/\/www.notibras.com\/site\/#organization\"},\"potentialAction\":[{\"@type\":\"SearchAction\",\"target\":{\"@type\":\"EntryPoint\",\"urlTemplate\":\"https:\/\/www.notibras.com\/site\/?s={search_term_string}\"},\"query-input\":{\"@type\":\"PropertyValueSpecification\",\"valueRequired\":true,\"valueName\":\"search_term_string\"}}],\"inLanguage\":\"pt-BR\"},{\"@type\":\"Organization\",\"@id\":\"https:\/\/www.notibras.com\/site\/#organization\",\"name\":\"Grupo Notibras de Comunica\u00e7\u00e3o\",\"url\":\"https:\/\/www.notibras.com\/site\/\",\"logo\":{\"@type\":\"ImageObject\",\"inLanguage\":\"pt-BR\",\"@id\":\"https:\/\/www.notibras.com\/site\/#\/schema\/logo\/image\/\",\"url\":\"https:\/\/www.notibras.com\/site\/wp-content\/uploads\/2023\/01\/notibras23.png\",\"contentUrl\":\"https:\/\/www.notibras.com\/site\/wp-content\/uploads\/2023\/01\/notibras23.png\",\"width\":350,\"height\":87,\"caption\":\"Grupo Notibras de Comunica\u00e7\u00e3o\"},\"image\":{\"@id\":\"https:\/\/www.notibras.com\/site\/#\/schema\/logo\/image\/\"},\"sameAs\":[\"https:\/\/www.facebook.com\/notibras\/\",\"https:\/\/x.com\/Notibras\",\"https:\/\/www.instagram.com\/notibras\/\"]},{\"@type\":\"Person\",\"@id\":\"https:\/\/www.notibras.com\/site\/#\/schema\/person\/36ab0979449956132d3e5b517ea76ac8\",\"name\":\"Reda\u00e7\u00e3o\",\"image\":{\"@type\":\"ImageObject\",\"inLanguage\":\"pt-BR\",\"@id\":\"https:\/\/secure.gravatar.com\/avatar\/e0a867bdedb85fd243eadf09663511f96fc81e0720a4a42581f334ad4303aa6b?s=96&d=mm&r=g\",\"url\":\"https:\/\/secure.gravatar.com\/avatar\/e0a867bdedb85fd243eadf09663511f96fc81e0720a4a42581f334ad4303aa6b?s=96&d=mm&r=g\",\"contentUrl\":\"https:\/\/secure.gravatar.com\/avatar\/e0a867bdedb85fd243eadf09663511f96fc81e0720a4a42581f334ad4303aa6b?s=96&d=mm&r=g\",\"caption\":\"Reda\u00e7\u00e3o\"}}]}<\/script>\n<!-- \/ Yoast SEO plugin. -->","yoast_head_json":{"title":"Hmib faz com sucesso primeiro parto intrauterino - Notibras","robots":{"index":"index","follow":"follow","max-snippet":"max-snippet:-1","max-image-preview":"max-image-preview:large","max-video-preview":"max-video-preview:-1"},"canonical":"https:\/\/www.notibras.com\/site\/hmib-faz-com-sucesso-primeiro-parto-intrauterino\/","og_locale":"pt_BR","og_type":"article","og_title":"Hmib faz com sucesso primeiro parto intrauterino - Notibras","og_description":"Para felicidade da fam\u00edlia e da equipe m\u00e9dica, at\u00e9 o momento tudo indica um cen\u00e1rio bem mais promissor do que se ela tivesse nascido com a coluna exposta, uma malforma\u00e7\u00e3o conhecida como \u201cespinha b\u00edfida\u201d, que poderia gerar limita\u00e7\u00f5es motoras e problemas neurol\u00f3gicos ao longo de toda a vida. Em 27 de outubro, \u00c1gatha foi submetida [&hellip;]","og_url":"https:\/\/www.notibras.com\/site\/hmib-faz-com-sucesso-primeiro-parto-intrauterino\/","og_site_name":"Notibras","article_publisher":"https:\/\/www.facebook.com\/notibras\/","article_published_time":"2023-12-07T03:00:04+00:00","article_modified_time":"2023-12-07T12:02:10+00:00","og_image":[{"width":768,"height":512,"url":"https:\/\/www.notibras.com\/site\/wp-content\/uploads\/2023\/12\/Foto_Jhonatan-Cantarelle_Agencia-Saude-DF-768x512-1.jpg","type":"image\/jpeg"}],"author":"Reda\u00e7\u00e3o","twitter_card":"summary_large_image","twitter_creator":"@Notibras","twitter_site":"@Notibras","twitter_misc":{"Escrito por":"Reda\u00e7\u00e3o","Est. tempo de leitura":"5 minutos"},"schema":{"@context":"https:\/\/schema.org","@graph":[{"@type":"Article","@id":"https:\/\/www.notibras.com\/site\/hmib-faz-com-sucesso-primeiro-parto-intrauterino\/#article","isPartOf":{"@id":"https:\/\/www.notibras.com\/site\/hmib-faz-com-sucesso-primeiro-parto-intrauterino\/"},"author":{"name":"Reda\u00e7\u00e3o","@id":"https:\/\/www.notibras.com\/site\/#\/schema\/person\/36ab0979449956132d3e5b517ea76ac8"},"headline":"Hmib faz com sucesso primeiro parto intrauterino","datePublished":"2023-12-07T03:00:04+00:00","dateModified":"2023-12-07T12:02:10+00:00","mainEntityOfPage":{"@id":"https:\/\/www.notibras.com\/site\/hmib-faz-com-sucesso-primeiro-parto-intrauterino\/"},"wordCount":830,"publisher":{"@id":"https:\/\/www.notibras.com\/site\/#organization"},"image":{"@id":"https:\/\/www.notibras.com\/site\/hmib-faz-com-sucesso-primeiro-parto-intrauterino\/#primaryimage"},"thumbnailUrl":"https:\/\/www.notibras.com\/site\/wp-content\/uploads\/2023\/12\/Foto_Jhonatan-Cantarelle_Agencia-Saude-DF-768x512-1.jpg","articleSection":["Quadradinho em Foco"],"inLanguage":"pt-BR"},{"@type":"WebPage","@id":"https:\/\/www.notibras.com\/site\/hmib-faz-com-sucesso-primeiro-parto-intrauterino\/","url":"https:\/\/www.notibras.com\/site\/hmib-faz-com-sucesso-primeiro-parto-intrauterino\/","name":"Hmib faz com sucesso primeiro parto intrauterino - Notibras","isPartOf":{"@id":"https:\/\/www.notibras.com\/site\/#website"},"primaryImageOfPage":{"@id":"https:\/\/www.notibras.com\/site\/hmib-faz-com-sucesso-primeiro-parto-intrauterino\/#primaryimage"},"image":{"@id":"https:\/\/www.notibras.com\/site\/hmib-faz-com-sucesso-primeiro-parto-intrauterino\/#primaryimage"},"thumbnailUrl":"https:\/\/www.notibras.com\/site\/wp-content\/uploads\/2023\/12\/Foto_Jhonatan-Cantarelle_Agencia-Saude-DF-768x512-1.jpg","datePublished":"2023-12-07T03:00:04+00:00","dateModified":"2023-12-07T12:02:10+00:00","breadcrumb":{"@id":"https:\/\/www.notibras.com\/site\/hmib-faz-com-sucesso-primeiro-parto-intrauterino\/#breadcrumb"},"inLanguage":"pt-BR","potentialAction":[{"@type":"ReadAction","target":["https:\/\/www.notibras.com\/site\/hmib-faz-com-sucesso-primeiro-parto-intrauterino\/"]}]},{"@type":"ImageObject","inLanguage":"pt-BR","@id":"https:\/\/www.notibras.com\/site\/hmib-faz-com-sucesso-primeiro-parto-intrauterino\/#primaryimage","url":"https:\/\/www.notibras.com\/site\/wp-content\/uploads\/2023\/12\/Foto_Jhonatan-Cantarelle_Agencia-Saude-DF-768x512-1.jpg","contentUrl":"https:\/\/www.notibras.com\/site\/wp-content\/uploads\/2023\/12\/Foto_Jhonatan-Cantarelle_Agencia-Saude-DF-768x512-1.jpg","width":768,"height":512},{"@type":"BreadcrumbList","@id":"https:\/\/www.notibras.com\/site\/hmib-faz-com-sucesso-primeiro-parto-intrauterino\/#breadcrumb","itemListElement":[{"@type":"ListItem","position":1,"name":"In\u00edcio","item":"https:\/\/www.notibras.com\/site\/"},{"@type":"ListItem","position":2,"name":"Hmib faz com sucesso primeiro parto intrauterino"}]},{"@type":"WebSite","@id":"https:\/\/www.notibras.com\/site\/#website","url":"https:\/\/www.notibras.com\/site\/","name":"Notibras","description":"Not\u00edcias de Bras\u00edlia, do Brasil e do Mundo","publisher":{"@id":"https:\/\/www.notibras.com\/site\/#organization"},"potentialAction":[{"@type":"SearchAction","target":{"@type":"EntryPoint","urlTemplate":"https:\/\/www.notibras.com\/site\/?s={search_term_string}"},"query-input":{"@type":"PropertyValueSpecification","valueRequired":true,"valueName":"search_term_string"}}],"inLanguage":"pt-BR"},{"@type":"Organization","@id":"https:\/\/www.notibras.com\/site\/#organization","name":"Grupo Notibras de Comunica\u00e7\u00e3o","url":"https:\/\/www.notibras.com\/site\/","logo":{"@type":"ImageObject","inLanguage":"pt-BR","@id":"https:\/\/www.notibras.com\/site\/#\/schema\/logo\/image\/","url":"https:\/\/www.notibras.com\/site\/wp-content\/uploads\/2023\/01\/notibras23.png","contentUrl":"https:\/\/www.notibras.com\/site\/wp-content\/uploads\/2023\/01\/notibras23.png","width":350,"height":87,"caption":"Grupo Notibras de Comunica\u00e7\u00e3o"},"image":{"@id":"https:\/\/www.notibras.com\/site\/#\/schema\/logo\/image\/"},"sameAs":["https:\/\/www.facebook.com\/notibras\/","https:\/\/x.com\/Notibras","https:\/\/www.instagram.com\/notibras\/"]},{"@type":"Person","@id":"https:\/\/www.notibras.com\/site\/#\/schema\/person\/36ab0979449956132d3e5b517ea76ac8","name":"Reda\u00e7\u00e3o","image":{"@type":"ImageObject","inLanguage":"pt-BR","@id":"https:\/\/secure.gravatar.com\/avatar\/e0a867bdedb85fd243eadf09663511f96fc81e0720a4a42581f334ad4303aa6b?s=96&d=mm&r=g","url":"https:\/\/secure.gravatar.com\/avatar\/e0a867bdedb85fd243eadf09663511f96fc81e0720a4a42581f334ad4303aa6b?s=96&d=mm&r=g","contentUrl":"https:\/\/secure.gravatar.com\/avatar\/e0a867bdedb85fd243eadf09663511f96fc81e0720a4a42581f334ad4303aa6b?s=96&d=mm&r=g","caption":"Reda\u00e7\u00e3o"}}]}},"amp_enabled":true,"_links":{"self":[{"href":"https:\/\/www.notibras.com\/site\/wp-json\/wp\/v2\/posts\/318710","targetHints":{"allow":["GET"]}}],"collection":[{"href":"https:\/\/www.notibras.com\/site\/wp-json\/wp\/v2\/posts"}],"about":[{"href":"https:\/\/www.notibras.com\/site\/wp-json\/wp\/v2\/types\/post"}],"author":[{"embeddable":true,"href":"https:\/\/www.notibras.com\/site\/wp-json\/wp\/v2\/users\/2"}],"replies":[{"embeddable":true,"href":"https:\/\/www.notibras.com\/site\/wp-json\/wp\/v2\/comments?post=318710"}],"version-history":[{"count":1,"href":"https:\/\/www.notibras.com\/site\/wp-json\/wp\/v2\/posts\/318710\/revisions"}],"predecessor-version":[{"id":318712,"href":"https:\/\/www.notibras.com\/site\/wp-json\/wp\/v2\/posts\/318710\/revisions\/318712"}],"wp:featuredmedia":[{"embeddable":true,"href":"https:\/\/www.notibras.com\/site\/wp-json\/wp\/v2\/media\/318711"}],"wp:attachment":[{"href":"https:\/\/www.notibras.com\/site\/wp-json\/wp\/v2\/media?parent=318710"}],"wp:term":[{"taxonomy":"category","embeddable":true,"href":"https:\/\/www.notibras.com\/site\/wp-json\/wp\/v2\/categories?post=318710"},{"taxonomy":"post_tag","embeddable":true,"href":"https:\/\/www.notibras.com\/site\/wp-json\/wp\/v2\/tags?post=318710"}],"curies":[{"name":"wp","href":"https:\/\/api.w.org\/{rel}","templated":true}]}}