{"id":318726,"date":"2023-12-08T00:11:17","date_gmt":"2023-12-08T03:11:17","guid":{"rendered":"https:\/\/www.notibras.com\/site\/?p=318726"},"modified":"2023-12-08T07:47:00","modified_gmt":"2023-12-08T10:47:00","slug":"preco-do-diesel-cai-27-centavos-por-litro-nos-postos","status":"publish","type":"post","link":"https:\/\/www.notibras.com\/site\/preco-do-diesel-cai-27-centavos-por-litro-nos-postos\/","title":{"rendered":"Pre\u00e7o do diesel cai 27 centavos por litro nos postos"},"content":{"rendered":"<p>A Petrobras vai reduzir em R$ 0,27 por litro o pre\u00e7o m\u00e9dio de venda de diesel A para as distribuidoras. O valor passar\u00e1 a ser de R$ 3,78 por litro j\u00e1 a partir desta sexta-feira (8). No ano, a redu\u00e7\u00e3o acumulada soma R$ 0,71 por litro, o equivalente a 15,8%.<\/p>\n<p>De acordo com a Petrobras, o ajuste \u00e9 resultado da an\u00e1lise dos fundamentos dos mercados externo e interno, frente \u00e0 estrat\u00e9gia comercial da companhia, implementada em maio de 2023, em substitui\u00e7\u00e3o \u00e0 pol\u00edtica de pre\u00e7os anterior, e que \u201cpassou a incorporar par\u00e2metros que refletem as melhores condi\u00e7\u00f5es de refino e log\u00edstica da Petrobras na sua precifica\u00e7\u00e3o\u201d.<\/p>\n<p><strong>Pre\u00e7o m\u00e9dio<\/strong><br \/>\nAo considerar a mistura obrigat\u00f3ria de 88% de diesel A e 12% de biodiesel para a composi\u00e7\u00e3o do diesel comercializado nos postos, a parcela da Petrobras no pre\u00e7o ao consumidor cair\u00e1 R$ 0,24 por litro e passar\u00e1 a ser, em m\u00e9dia, R$ 3,33 a cada litro vendido na bomba. Com isso, o pre\u00e7o m\u00e9dio do diesel A S10 nas bombas poder\u00e1 atingir valor de R$ 5,92 por litro, considerando que o Levantamento de Pre\u00e7os de Combust\u00edveis da Ag\u00eancia Nacional do Petr\u00f3leo, G\u00e1s Natural e Biocombust\u00edveis (ANP) para a semana de 26 de novembro a 2 de dezembro indicou valor m\u00e9dio de R$ 6,16 por litro.<\/p>\n<p>A Petrobras lembra que o valor cobrado ao consumidor final no posto \u00e9 afetado por outros fatores, como impostos, mistura de biocombust\u00edveis e margens de lucro da distribui\u00e7\u00e3o e da revenda. \u201cDa\u00ed, esta estimativa ter prop\u00f3sito meramente referencial, mantidas constantes as demais parcelas que compuseram os pre\u00e7os ao consumidor naquele per\u00edodo\u201d.<\/p>\n<p>A companhia destacou, tamb\u00e9m, que cabe \u00e0s autoridades competentes realizar a\u00e7\u00f5es de fiscaliza\u00e7\u00e3o, autua\u00e7\u00e3o e penaliza\u00e7\u00e3o de pr\u00e1ticas abusivas ou lesivas ao consumidor.<\/p>\n<p><strong>Gasolina<\/strong><br \/>\nNo momento, a Petrobras est\u00e1 mantendo est\u00e1veis seus pre\u00e7os de venda de gasolina \u00e0s distribuidoras, tendo em vista o \u00faltimo movimento realizado em 21 de outubro, de redu\u00e7\u00e3o de R$ 0,12 por litro. No ano, os pre\u00e7os de gasolina A da Petrobras para as distribuidoras acumulam queda de R$ 0,27 por litro, o equivalente a 8,7%.<\/p>\n<p>Para o GLP (g\u00e1s de cozinha), os pre\u00e7os de venda \u00e0s distribuidoras permanecem est\u00e1veis desde o dia 1\u00ba de julho. No ano, os pre\u00e7os do g\u00e1s de cozinha para as distribuidoras acumulam retra\u00e7\u00e3o equivalente a R$ 10,40 por botij\u00e3o de 13 kg, ou 24,7%.<\/p>\n<p>A companhia reiterou que na forma\u00e7\u00e3o de seus pre\u00e7os \u201cbusca evitar o repasse da volatilidade conjuntural do mercado internacional e da taxa de c\u00e2mbio, ao passo que preserva um ambiente competitivo salutar nos termos da legisla\u00e7\u00e3o vigente\u201d.<\/p>\n","protected":false},"excerpt":{"rendered":"<p>A Petrobras vai reduzir em R$ 0,27 por litro o pre\u00e7o m\u00e9dio de venda de diesel A para as distribuidoras. O valor passar\u00e1 a ser de R$ 3,78 por litro j\u00e1 a partir desta sexta-feira (8). No ano, a redu\u00e7\u00e3o acumulada soma R$ 0,71 por litro, o equivalente a 15,8%. De acordo com a Petrobras, [&hellip;]<\/p>\n","protected":false},"author":2,"featured_media":318727,"comment_status":"closed","ping_status":"closed","sticky":false,"template":"","format":"standard","meta":{"_acf_changed":false,"footnotes":""},"categories":[161],"tags":[95],"class_list":["post-318726","post","type-post","status-publish","format-standard","has-post-thumbnail","hentry","category-quadradinho-em-foco","tag-capa"],"acf":[],"yoast_head":"<!-- This site is optimized with the Yoast SEO plugin v27.2 - https:\/\/yoast.com\/product\/yoast-seo-wordpress\/ -->\n<title>Pre\u00e7o do diesel cai 27 centavos por litro nos postos - Notibras<\/title>\n<meta name=\"robots\" content=\"index, follow, max-snippet:-1, max-image-preview:large, max-video-preview:-1\" \/>\n<link rel=\"canonical\" href=\"https:\/\/www.notibras.com\/site\/preco-do-diesel-cai-27-centavos-por-litro-nos-postos\/\" \/>\n<meta property=\"og:locale\" content=\"pt_BR\" \/>\n<meta property=\"og:type\" content=\"article\" \/>\n<meta property=\"og:title\" content=\"Pre\u00e7o do diesel cai 27 centavos por litro nos postos - Notibras\" \/>\n<meta property=\"og:description\" content=\"A Petrobras vai reduzir em R$ 0,27 por litro o pre\u00e7o m\u00e9dio de venda de diesel A para as distribuidoras. O valor passar\u00e1 a ser de R$ 3,78 por litro j\u00e1 a partir desta sexta-feira (8). No ano, a redu\u00e7\u00e3o acumulada soma R$ 0,71 por litro, o equivalente a 15,8%. De acordo com a Petrobras, [&hellip;]\" \/>\n<meta property=\"og:url\" content=\"https:\/\/www.notibras.com\/site\/preco-do-diesel-cai-27-centavos-por-litro-nos-postos\/\" \/>\n<meta property=\"og:site_name\" content=\"Notibras\" \/>\n<meta property=\"article:publisher\" content=\"https:\/\/www.facebook.com\/notibras\/\" \/>\n<meta property=\"article:published_time\" content=\"2023-12-08T03:11:17+00:00\" \/>\n<meta property=\"article:modified_time\" content=\"2023-12-08T10:47:00+00:00\" \/>\n<meta property=\"og:image\" content=\"https:\/\/www.notibras.com\/site\/wp-content\/uploads\/2023\/12\/prdie.webp\" \/>\n\t<meta property=\"og:image:width\" content=\"1170\" \/>\n\t<meta property=\"og:image:height\" content=\"700\" \/>\n\t<meta property=\"og:image:type\" content=\"image\/webp\" \/>\n<meta name=\"author\" content=\"Reda\u00e7\u00e3o\" \/>\n<meta name=\"twitter:card\" content=\"summary_large_image\" \/>\n<meta name=\"twitter:creator\" content=\"@Notibras\" \/>\n<meta name=\"twitter:site\" content=\"@Notibras\" \/>\n<meta name=\"twitter:label1\" content=\"Escrito por\" \/>\n\t<meta name=\"twitter:data1\" content=\"Reda\u00e7\u00e3o\" \/>\n\t<meta name=\"twitter:label2\" content=\"Est. tempo de leitura\" \/>\n\t<meta name=\"twitter:data2\" content=\"3 minutos\" \/>\n<script type=\"application\/ld+json\" class=\"yoast-schema-graph\">{\"@context\":\"https:\/\/schema.org\",\"@graph\":[{\"@type\":\"Article\",\"@id\":\"https:\/\/www.notibras.com\/site\/preco-do-diesel-cai-27-centavos-por-litro-nos-postos\/#article\",\"isPartOf\":{\"@id\":\"https:\/\/www.notibras.com\/site\/preco-do-diesel-cai-27-centavos-por-litro-nos-postos\/\"},\"author\":{\"name\":\"Reda\u00e7\u00e3o\",\"@id\":\"https:\/\/www.notibras.com\/site\/#\/schema\/person\/36ab0979449956132d3e5b517ea76ac8\"},\"headline\":\"Pre\u00e7o do diesel cai 27 centavos por litro nos postos\",\"datePublished\":\"2023-12-08T03:11:17+00:00\",\"dateModified\":\"2023-12-08T10:47:00+00:00\",\"mainEntityOfPage\":{\"@id\":\"https:\/\/www.notibras.com\/site\/preco-do-diesel-cai-27-centavos-por-litro-nos-postos\/\"},\"wordCount\":462,\"publisher\":{\"@id\":\"https:\/\/www.notibras.com\/site\/#organization\"},\"image\":{\"@id\":\"https:\/\/www.notibras.com\/site\/preco-do-diesel-cai-27-centavos-por-litro-nos-postos\/#primaryimage\"},\"thumbnailUrl\":\"https:\/\/www.notibras.com\/site\/wp-content\/uploads\/2023\/12\/prdie.webp\",\"keywords\":[\"capa\"],\"articleSection\":[\"Quadradinho em Foco\"],\"inLanguage\":\"pt-BR\"},{\"@type\":\"WebPage\",\"@id\":\"https:\/\/www.notibras.com\/site\/preco-do-diesel-cai-27-centavos-por-litro-nos-postos\/\",\"url\":\"https:\/\/www.notibras.com\/site\/preco-do-diesel-cai-27-centavos-por-litro-nos-postos\/\",\"name\":\"Pre\u00e7o do diesel cai 27 centavos por litro nos postos - Notibras\",\"isPartOf\":{\"@id\":\"https:\/\/www.notibras.com\/site\/#website\"},\"primaryImageOfPage\":{\"@id\":\"https:\/\/www.notibras.com\/site\/preco-do-diesel-cai-27-centavos-por-litro-nos-postos\/#primaryimage\"},\"image\":{\"@id\":\"https:\/\/www.notibras.com\/site\/preco-do-diesel-cai-27-centavos-por-litro-nos-postos\/#primaryimage\"},\"thumbnailUrl\":\"https:\/\/www.notibras.com\/site\/wp-content\/uploads\/2023\/12\/prdie.webp\",\"datePublished\":\"2023-12-08T03:11:17+00:00\",\"dateModified\":\"2023-12-08T10:47:00+00:00\",\"breadcrumb\":{\"@id\":\"https:\/\/www.notibras.com\/site\/preco-do-diesel-cai-27-centavos-por-litro-nos-postos\/#breadcrumb\"},\"inLanguage\":\"pt-BR\",\"potentialAction\":[{\"@type\":\"ReadAction\",\"target\":[\"https:\/\/www.notibras.com\/site\/preco-do-diesel-cai-27-centavos-por-litro-nos-postos\/\"]}]},{\"@type\":\"ImageObject\",\"inLanguage\":\"pt-BR\",\"@id\":\"https:\/\/www.notibras.com\/site\/preco-do-diesel-cai-27-centavos-por-litro-nos-postos\/#primaryimage\",\"url\":\"https:\/\/www.notibras.com\/site\/wp-content\/uploads\/2023\/12\/prdie.webp\",\"contentUrl\":\"https:\/\/www.notibras.com\/site\/wp-content\/uploads\/2023\/12\/prdie.webp\",\"width\":1170,\"height\":700},{\"@type\":\"BreadcrumbList\",\"@id\":\"https:\/\/www.notibras.com\/site\/preco-do-diesel-cai-27-centavos-por-litro-nos-postos\/#breadcrumb\",\"itemListElement\":[{\"@type\":\"ListItem\",\"position\":1,\"name\":\"In\u00edcio\",\"item\":\"https:\/\/www.notibras.com\/site\/\"},{\"@type\":\"ListItem\",\"position\":2,\"name\":\"Pre\u00e7o do diesel cai 27 centavos por litro nos postos\"}]},{\"@type\":\"WebSite\",\"@id\":\"https:\/\/www.notibras.com\/site\/#website\",\"url\":\"https:\/\/www.notibras.com\/site\/\",\"name\":\"Notibras\",\"description\":\"Not\u00edcias de Bras\u00edlia, do Brasil e do Mundo\",\"publisher\":{\"@id\":\"https:\/\/www.notibras.com\/site\/#organization\"},\"potentialAction\":[{\"@type\":\"SearchAction\",\"target\":{\"@type\":\"EntryPoint\",\"urlTemplate\":\"https:\/\/www.notibras.com\/site\/?s={search_term_string}\"},\"query-input\":{\"@type\":\"PropertyValueSpecification\",\"valueRequired\":true,\"valueName\":\"search_term_string\"}}],\"inLanguage\":\"pt-BR\"},{\"@type\":\"Organization\",\"@id\":\"https:\/\/www.notibras.com\/site\/#organization\",\"name\":\"Grupo Notibras de Comunica\u00e7\u00e3o\",\"url\":\"https:\/\/www.notibras.com\/site\/\",\"logo\":{\"@type\":\"ImageObject\",\"inLanguage\":\"pt-BR\",\"@id\":\"https:\/\/www.notibras.com\/site\/#\/schema\/logo\/image\/\",\"url\":\"https:\/\/www.notibras.com\/site\/wp-content\/uploads\/2023\/01\/notibras23.png\",\"contentUrl\":\"https:\/\/www.notibras.com\/site\/wp-content\/uploads\/2023\/01\/notibras23.png\",\"width\":350,\"height\":87,\"caption\":\"Grupo Notibras de Comunica\u00e7\u00e3o\"},\"image\":{\"@id\":\"https:\/\/www.notibras.com\/site\/#\/schema\/logo\/image\/\"},\"sameAs\":[\"https:\/\/www.facebook.com\/notibras\/\",\"https:\/\/x.com\/Notibras\",\"https:\/\/www.instagram.com\/notibras\/\"]},{\"@type\":\"Person\",\"@id\":\"https:\/\/www.notibras.com\/site\/#\/schema\/person\/36ab0979449956132d3e5b517ea76ac8\",\"name\":\"Reda\u00e7\u00e3o\",\"image\":{\"@type\":\"ImageObject\",\"inLanguage\":\"pt-BR\",\"@id\":\"https:\/\/secure.gravatar.com\/avatar\/e0a867bdedb85fd243eadf09663511f96fc81e0720a4a42581f334ad4303aa6b?s=96&d=mm&r=g\",\"url\":\"https:\/\/secure.gravatar.com\/avatar\/e0a867bdedb85fd243eadf09663511f96fc81e0720a4a42581f334ad4303aa6b?s=96&d=mm&r=g\",\"contentUrl\":\"https:\/\/secure.gravatar.com\/avatar\/e0a867bdedb85fd243eadf09663511f96fc81e0720a4a42581f334ad4303aa6b?s=96&d=mm&r=g\",\"caption\":\"Reda\u00e7\u00e3o\"}}]}<\/script>\n<!-- \/ Yoast SEO plugin. -->","yoast_head_json":{"title":"Pre\u00e7o do diesel cai 27 centavos por litro nos postos - Notibras","robots":{"index":"index","follow":"follow","max-snippet":"max-snippet:-1","max-image-preview":"max-image-preview:large","max-video-preview":"max-video-preview:-1"},"canonical":"https:\/\/www.notibras.com\/site\/preco-do-diesel-cai-27-centavos-por-litro-nos-postos\/","og_locale":"pt_BR","og_type":"article","og_title":"Pre\u00e7o do diesel cai 27 centavos por litro nos postos - Notibras","og_description":"A Petrobras vai reduzir em R$ 0,27 por litro o pre\u00e7o m\u00e9dio de venda de diesel A para as distribuidoras. O valor passar\u00e1 a ser de R$ 3,78 por litro j\u00e1 a partir desta sexta-feira (8). No ano, a redu\u00e7\u00e3o acumulada soma R$ 0,71 por litro, o equivalente a 15,8%. De acordo com a Petrobras, [&hellip;]","og_url":"https:\/\/www.notibras.com\/site\/preco-do-diesel-cai-27-centavos-por-litro-nos-postos\/","og_site_name":"Notibras","article_publisher":"https:\/\/www.facebook.com\/notibras\/","article_published_time":"2023-12-08T03:11:17+00:00","article_modified_time":"2023-12-08T10:47:00+00:00","og_image":[{"width":1170,"height":700,"url":"https:\/\/www.notibras.com\/site\/wp-content\/uploads\/2023\/12\/prdie.webp","type":"image\/webp"}],"author":"Reda\u00e7\u00e3o","twitter_card":"summary_large_image","twitter_creator":"@Notibras","twitter_site":"@Notibras","twitter_misc":{"Escrito por":"Reda\u00e7\u00e3o","Est. tempo de leitura":"3 minutos"},"schema":{"@context":"https:\/\/schema.org","@graph":[{"@type":"Article","@id":"https:\/\/www.notibras.com\/site\/preco-do-diesel-cai-27-centavos-por-litro-nos-postos\/#article","isPartOf":{"@id":"https:\/\/www.notibras.com\/site\/preco-do-diesel-cai-27-centavos-por-litro-nos-postos\/"},"author":{"name":"Reda\u00e7\u00e3o","@id":"https:\/\/www.notibras.com\/site\/#\/schema\/person\/36ab0979449956132d3e5b517ea76ac8"},"headline":"Pre\u00e7o do diesel cai 27 centavos por litro nos postos","datePublished":"2023-12-08T03:11:17+00:00","dateModified":"2023-12-08T10:47:00+00:00","mainEntityOfPage":{"@id":"https:\/\/www.notibras.com\/site\/preco-do-diesel-cai-27-centavos-por-litro-nos-postos\/"},"wordCount":462,"publisher":{"@id":"https:\/\/www.notibras.com\/site\/#organization"},"image":{"@id":"https:\/\/www.notibras.com\/site\/preco-do-diesel-cai-27-centavos-por-litro-nos-postos\/#primaryimage"},"thumbnailUrl":"https:\/\/www.notibras.com\/site\/wp-content\/uploads\/2023\/12\/prdie.webp","keywords":["capa"],"articleSection":["Quadradinho em Foco"],"inLanguage":"pt-BR"},{"@type":"WebPage","@id":"https:\/\/www.notibras.com\/site\/preco-do-diesel-cai-27-centavos-por-litro-nos-postos\/","url":"https:\/\/www.notibras.com\/site\/preco-do-diesel-cai-27-centavos-por-litro-nos-postos\/","name":"Pre\u00e7o do diesel cai 27 centavos por litro nos postos - Notibras","isPartOf":{"@id":"https:\/\/www.notibras.com\/site\/#website"},"primaryImageOfPage":{"@id":"https:\/\/www.notibras.com\/site\/preco-do-diesel-cai-27-centavos-por-litro-nos-postos\/#primaryimage"},"image":{"@id":"https:\/\/www.notibras.com\/site\/preco-do-diesel-cai-27-centavos-por-litro-nos-postos\/#primaryimage"},"thumbnailUrl":"https:\/\/www.notibras.com\/site\/wp-content\/uploads\/2023\/12\/prdie.webp","datePublished":"2023-12-08T03:11:17+00:00","dateModified":"2023-12-08T10:47:00+00:00","breadcrumb":{"@id":"https:\/\/www.notibras.com\/site\/preco-do-diesel-cai-27-centavos-por-litro-nos-postos\/#breadcrumb"},"inLanguage":"pt-BR","potentialAction":[{"@type":"ReadAction","target":["https:\/\/www.notibras.com\/site\/preco-do-diesel-cai-27-centavos-por-litro-nos-postos\/"]}]},{"@type":"ImageObject","inLanguage":"pt-BR","@id":"https:\/\/www.notibras.com\/site\/preco-do-diesel-cai-27-centavos-por-litro-nos-postos\/#primaryimage","url":"https:\/\/www.notibras.com\/site\/wp-content\/uploads\/2023\/12\/prdie.webp","contentUrl":"https:\/\/www.notibras.com\/site\/wp-content\/uploads\/2023\/12\/prdie.webp","width":1170,"height":700},{"@type":"BreadcrumbList","@id":"https:\/\/www.notibras.com\/site\/preco-do-diesel-cai-27-centavos-por-litro-nos-postos\/#breadcrumb","itemListElement":[{"@type":"ListItem","position":1,"name":"In\u00edcio","item":"https:\/\/www.notibras.com\/site\/"},{"@type":"ListItem","position":2,"name":"Pre\u00e7o do diesel cai 27 centavos por litro nos postos"}]},{"@type":"WebSite","@id":"https:\/\/www.notibras.com\/site\/#website","url":"https:\/\/www.notibras.com\/site\/","name":"Notibras","description":"Not\u00edcias de Bras\u00edlia, do Brasil e do Mundo","publisher":{"@id":"https:\/\/www.notibras.com\/site\/#organization"},"potentialAction":[{"@type":"SearchAction","target":{"@type":"EntryPoint","urlTemplate":"https:\/\/www.notibras.com\/site\/?s={search_term_string}"},"query-input":{"@type":"PropertyValueSpecification","valueRequired":true,"valueName":"search_term_string"}}],"inLanguage":"pt-BR"},{"@type":"Organization","@id":"https:\/\/www.notibras.com\/site\/#organization","name":"Grupo Notibras de Comunica\u00e7\u00e3o","url":"https:\/\/www.notibras.com\/site\/","logo":{"@type":"ImageObject","inLanguage":"pt-BR","@id":"https:\/\/www.notibras.com\/site\/#\/schema\/logo\/image\/","url":"https:\/\/www.notibras.com\/site\/wp-content\/uploads\/2023\/01\/notibras23.png","contentUrl":"https:\/\/www.notibras.com\/site\/wp-content\/uploads\/2023\/01\/notibras23.png","width":350,"height":87,"caption":"Grupo Notibras de Comunica\u00e7\u00e3o"},"image":{"@id":"https:\/\/www.notibras.com\/site\/#\/schema\/logo\/image\/"},"sameAs":["https:\/\/www.facebook.com\/notibras\/","https:\/\/x.com\/Notibras","https:\/\/www.instagram.com\/notibras\/"]},{"@type":"Person","@id":"https:\/\/www.notibras.com\/site\/#\/schema\/person\/36ab0979449956132d3e5b517ea76ac8","name":"Reda\u00e7\u00e3o","image":{"@type":"ImageObject","inLanguage":"pt-BR","@id":"https:\/\/secure.gravatar.com\/avatar\/e0a867bdedb85fd243eadf09663511f96fc81e0720a4a42581f334ad4303aa6b?s=96&d=mm&r=g","url":"https:\/\/secure.gravatar.com\/avatar\/e0a867bdedb85fd243eadf09663511f96fc81e0720a4a42581f334ad4303aa6b?s=96&d=mm&r=g","contentUrl":"https:\/\/secure.gravatar.com\/avatar\/e0a867bdedb85fd243eadf09663511f96fc81e0720a4a42581f334ad4303aa6b?s=96&d=mm&r=g","caption":"Reda\u00e7\u00e3o"}}]}},"amp_enabled":true,"_links":{"self":[{"href":"https:\/\/www.notibras.com\/site\/wp-json\/wp\/v2\/posts\/318726","targetHints":{"allow":["GET"]}}],"collection":[{"href":"https:\/\/www.notibras.com\/site\/wp-json\/wp\/v2\/posts"}],"about":[{"href":"https:\/\/www.notibras.com\/site\/wp-json\/wp\/v2\/types\/post"}],"author":[{"embeddable":true,"href":"https:\/\/www.notibras.com\/site\/wp-json\/wp\/v2\/users\/2"}],"replies":[{"embeddable":true,"href":"https:\/\/www.notibras.com\/site\/wp-json\/wp\/v2\/comments?post=318726"}],"version-history":[{"count":1,"href":"https:\/\/www.notibras.com\/site\/wp-json\/wp\/v2\/posts\/318726\/revisions"}],"predecessor-version":[{"id":318728,"href":"https:\/\/www.notibras.com\/site\/wp-json\/wp\/v2\/posts\/318726\/revisions\/318728"}],"wp:featuredmedia":[{"embeddable":true,"href":"https:\/\/www.notibras.com\/site\/wp-json\/wp\/v2\/media\/318727"}],"wp:attachment":[{"href":"https:\/\/www.notibras.com\/site\/wp-json\/wp\/v2\/media?parent=318726"}],"wp:term":[{"taxonomy":"category","embeddable":true,"href":"https:\/\/www.notibras.com\/site\/wp-json\/wp\/v2\/categories?post=318726"},{"taxonomy":"post_tag","embeddable":true,"href":"https:\/\/www.notibras.com\/site\/wp-json\/wp\/v2\/tags?post=318726"}],"curies":[{"name":"wp","href":"https:\/\/api.w.org\/{rel}","templated":true}]}}