{"id":318735,"date":"2023-12-08T08:10:18","date_gmt":"2023-12-08T11:10:18","guid":{"rendered":"https:\/\/www.notibras.com\/site\/?p=318735"},"modified":"2023-12-08T08:11:33","modified_gmt":"2023-12-08T11:11:33","slug":"sem-bandidos-santana-tenta-acertar-rato-e-erra","status":"publish","type":"post","link":"https:\/\/www.notibras.com\/site\/sem-bandidos-santana-tenta-acertar-rato-e-erra\/","title":{"rendered":"Sem bandidos, Santana tenta acertar rato e erra"},"content":{"rendered":"<p>O delegado havia programado uma opera\u00e7\u00e3o no centro. Todos estavam certos de que fariam uma limpa naqueles becos f\u00e9tidos. E l\u00e1 estava o Santana, com umas batatinhas fritas em um saquinho, entediado por mais esse trabalho noturno. Ele pensava apenas no grande sof\u00e1, pu\u00eddo pelos in\u00fameros anos de pregui\u00e7a, na sala em frente \u00e0 televis\u00e3o.<\/p>\n<p>&#8211; Pessoal, hoje vamos acabar de uma vez por todas com a bandidagem!<\/p>\n<p>Todos escutavam as palavras do delegado. Alguns mais atentos, outros nem tanto e, por fim, o Santana fu\u00e7ava a \u00faltima batatinha no fundo do saquinho. Ele apenas pensava que deveria ter comprado mais uma por\u00e7\u00e3o de batatinhas, pois aquelas n\u00e3o preencheram nem o buraco do dente. Ah, Santana, como voc\u00ea \u00e9 guloso!<\/p>\n<p>As viaturas sa\u00edram animadas da delegacia. Algumas regras de tr\u00e2nsito foram deixadas de lado. Ah, mas pol\u00edcia pode! Mesmo que isso leve certo perigo \u00e0 popula\u00e7\u00e3o. Mas o que essas criaturas est\u00e3o fazendo a essa hora na rua? Cidad\u00e3o de bem fica em casa! Toque de recolher! De volta para o curral!<\/p>\n<p>L\u00e1 pelas tantas, ap\u00f3s horas sem nenhum crime sequer desmantelado pela tropa antes euf\u00f3rica, o delegado resolveu tentar uma derradeira busca em um beco escuro. E l\u00e1 foram todos atr\u00e1s do chefe. Passaram por uma lixeira enorme, de onde sentiram um cheiro horr\u00edvel de podre. Continuaram e, mais adiante, se depararam com alguns moribundos, cercados por baratas, que tentavam dormir.<\/p>\n<p>Todos os policiais, armas em punho, se preparavam para dar o bote naquela trupe, segundo eles, de alt\u00edssima periculosidade. No entanto, um disparo os despertou para a realidade. O Santana, que ainda estava ao lado da enorme lixeira, havia dado um tiro. Ele tentou acertar um rato, que correu assustado, mas, gra\u00e7as aos deuses do esgoto, ileso. Enquanto o delegado encerrava ali mesmo a opera\u00e7\u00e3o, o roedor foi contar para os companheiros mais essa atrapalhada do Santana.<\/p>\n","protected":false},"excerpt":{"rendered":"<p>O delegado havia programado uma opera\u00e7\u00e3o no centro. Todos estavam certos de que fariam uma limpa naqueles becos f\u00e9tidos. E l\u00e1 estava o Santana, com umas batatinhas fritas em um saquinho, entediado por mais esse trabalho noturno. Ele pensava apenas no grande sof\u00e1, pu\u00eddo pelos in\u00fameros anos de pregui\u00e7a, na sala em frente \u00e0 televis\u00e3o. [&hellip;]<\/p>\n","protected":false},"author":2,"featured_media":318736,"comment_status":"closed","ping_status":"closed","sticky":false,"template":"","format":"standard","meta":{"_acf_changed":false,"footnotes":""},"categories":[161],"tags":[],"class_list":["post-318735","post","type-post","status-publish","format-standard","has-post-thumbnail","hentry","category-quadradinho-em-foco"],"acf":[],"yoast_head":"<!-- This site is optimized with the Yoast SEO plugin v27.2 - https:\/\/yoast.com\/product\/yoast-seo-wordpress\/ -->\n<title>Sem bandidos, Santana tenta acertar rato e erra - Notibras<\/title>\n<meta name=\"robots\" content=\"index, follow, max-snippet:-1, max-image-preview:large, max-video-preview:-1\" \/>\n<link rel=\"canonical\" href=\"https:\/\/www.notibras.com\/site\/sem-bandidos-santana-tenta-acertar-rato-e-erra\/\" \/>\n<meta property=\"og:locale\" content=\"pt_BR\" \/>\n<meta property=\"og:type\" content=\"article\" \/>\n<meta property=\"og:title\" content=\"Sem bandidos, Santana tenta acertar rato e erra - Notibras\" \/>\n<meta property=\"og:description\" content=\"O delegado havia programado uma opera\u00e7\u00e3o no centro. Todos estavam certos de que fariam uma limpa naqueles becos f\u00e9tidos. E l\u00e1 estava o Santana, com umas batatinhas fritas em um saquinho, entediado por mais esse trabalho noturno. Ele pensava apenas no grande sof\u00e1, pu\u00eddo pelos in\u00fameros anos de pregui\u00e7a, na sala em frente \u00e0 televis\u00e3o. [&hellip;]\" \/>\n<meta property=\"og:url\" content=\"https:\/\/www.notibras.com\/site\/sem-bandidos-santana-tenta-acertar-rato-e-erra\/\" \/>\n<meta property=\"og:site_name\" content=\"Notibras\" \/>\n<meta property=\"article:publisher\" content=\"https:\/\/www.facebook.com\/notibras\/\" \/>\n<meta property=\"article:published_time\" content=\"2023-12-08T11:10:18+00:00\" \/>\n<meta property=\"article:modified_time\" content=\"2023-12-08T11:11:33+00:00\" \/>\n<meta property=\"og:image\" content=\"https:\/\/www.notibras.com\/site\/wp-content\/uploads\/2023\/12\/sanrato.webp\" \/>\n\t<meta property=\"og:image:width\" content=\"888\" \/>\n\t<meta property=\"og:image:height\" content=\"592\" \/>\n\t<meta property=\"og:image:type\" content=\"image\/webp\" \/>\n<meta name=\"author\" content=\"Reda\u00e7\u00e3o\" \/>\n<meta name=\"twitter:card\" content=\"summary_large_image\" \/>\n<meta name=\"twitter:creator\" content=\"@Notibras\" \/>\n<meta name=\"twitter:site\" content=\"@Notibras\" \/>\n<meta name=\"twitter:label1\" content=\"Escrito por\" \/>\n\t<meta name=\"twitter:data1\" content=\"Reda\u00e7\u00e3o\" \/>\n\t<meta name=\"twitter:label2\" content=\"Est. tempo de leitura\" \/>\n\t<meta name=\"twitter:data2\" content=\"2 minutos\" \/>\n<script type=\"application\/ld+json\" class=\"yoast-schema-graph\">{\"@context\":\"https:\/\/schema.org\",\"@graph\":[{\"@type\":\"Article\",\"@id\":\"https:\/\/www.notibras.com\/site\/sem-bandidos-santana-tenta-acertar-rato-e-erra\/#article\",\"isPartOf\":{\"@id\":\"https:\/\/www.notibras.com\/site\/sem-bandidos-santana-tenta-acertar-rato-e-erra\/\"},\"author\":{\"name\":\"Reda\u00e7\u00e3o\",\"@id\":\"https:\/\/www.notibras.com\/site\/#\/schema\/person\/36ab0979449956132d3e5b517ea76ac8\"},\"headline\":\"Sem bandidos, Santana tenta acertar rato e erra\",\"datePublished\":\"2023-12-08T11:10:18+00:00\",\"dateModified\":\"2023-12-08T11:11:33+00:00\",\"mainEntityOfPage\":{\"@id\":\"https:\/\/www.notibras.com\/site\/sem-bandidos-santana-tenta-acertar-rato-e-erra\/\"},\"wordCount\":336,\"publisher\":{\"@id\":\"https:\/\/www.notibras.com\/site\/#organization\"},\"image\":{\"@id\":\"https:\/\/www.notibras.com\/site\/sem-bandidos-santana-tenta-acertar-rato-e-erra\/#primaryimage\"},\"thumbnailUrl\":\"https:\/\/www.notibras.com\/site\/wp-content\/uploads\/2023\/12\/sanrato.webp\",\"articleSection\":[\"Quadradinho em Foco\"],\"inLanguage\":\"pt-BR\"},{\"@type\":\"WebPage\",\"@id\":\"https:\/\/www.notibras.com\/site\/sem-bandidos-santana-tenta-acertar-rato-e-erra\/\",\"url\":\"https:\/\/www.notibras.com\/site\/sem-bandidos-santana-tenta-acertar-rato-e-erra\/\",\"name\":\"Sem bandidos, Santana tenta acertar rato e erra - Notibras\",\"isPartOf\":{\"@id\":\"https:\/\/www.notibras.com\/site\/#website\"},\"primaryImageOfPage\":{\"@id\":\"https:\/\/www.notibras.com\/site\/sem-bandidos-santana-tenta-acertar-rato-e-erra\/#primaryimage\"},\"image\":{\"@id\":\"https:\/\/www.notibras.com\/site\/sem-bandidos-santana-tenta-acertar-rato-e-erra\/#primaryimage\"},\"thumbnailUrl\":\"https:\/\/www.notibras.com\/site\/wp-content\/uploads\/2023\/12\/sanrato.webp\",\"datePublished\":\"2023-12-08T11:10:18+00:00\",\"dateModified\":\"2023-12-08T11:11:33+00:00\",\"breadcrumb\":{\"@id\":\"https:\/\/www.notibras.com\/site\/sem-bandidos-santana-tenta-acertar-rato-e-erra\/#breadcrumb\"},\"inLanguage\":\"pt-BR\",\"potentialAction\":[{\"@type\":\"ReadAction\",\"target\":[\"https:\/\/www.notibras.com\/site\/sem-bandidos-santana-tenta-acertar-rato-e-erra\/\"]}]},{\"@type\":\"ImageObject\",\"inLanguage\":\"pt-BR\",\"@id\":\"https:\/\/www.notibras.com\/site\/sem-bandidos-santana-tenta-acertar-rato-e-erra\/#primaryimage\",\"url\":\"https:\/\/www.notibras.com\/site\/wp-content\/uploads\/2023\/12\/sanrato.webp\",\"contentUrl\":\"https:\/\/www.notibras.com\/site\/wp-content\/uploads\/2023\/12\/sanrato.webp\",\"width\":888,\"height\":592},{\"@type\":\"BreadcrumbList\",\"@id\":\"https:\/\/www.notibras.com\/site\/sem-bandidos-santana-tenta-acertar-rato-e-erra\/#breadcrumb\",\"itemListElement\":[{\"@type\":\"ListItem\",\"position\":1,\"name\":\"In\u00edcio\",\"item\":\"https:\/\/www.notibras.com\/site\/\"},{\"@type\":\"ListItem\",\"position\":2,\"name\":\"Sem bandidos, Santana tenta acertar rato e erra\"}]},{\"@type\":\"WebSite\",\"@id\":\"https:\/\/www.notibras.com\/site\/#website\",\"url\":\"https:\/\/www.notibras.com\/site\/\",\"name\":\"Notibras\",\"description\":\"Not\u00edcias de Bras\u00edlia, do Brasil e do Mundo\",\"publisher\":{\"@id\":\"https:\/\/www.notibras.com\/site\/#organization\"},\"potentialAction\":[{\"@type\":\"SearchAction\",\"target\":{\"@type\":\"EntryPoint\",\"urlTemplate\":\"https:\/\/www.notibras.com\/site\/?s={search_term_string}\"},\"query-input\":{\"@type\":\"PropertyValueSpecification\",\"valueRequired\":true,\"valueName\":\"search_term_string\"}}],\"inLanguage\":\"pt-BR\"},{\"@type\":\"Organization\",\"@id\":\"https:\/\/www.notibras.com\/site\/#organization\",\"name\":\"Grupo Notibras de Comunica\u00e7\u00e3o\",\"url\":\"https:\/\/www.notibras.com\/site\/\",\"logo\":{\"@type\":\"ImageObject\",\"inLanguage\":\"pt-BR\",\"@id\":\"https:\/\/www.notibras.com\/site\/#\/schema\/logo\/image\/\",\"url\":\"https:\/\/www.notibras.com\/site\/wp-content\/uploads\/2023\/01\/notibras23.png\",\"contentUrl\":\"https:\/\/www.notibras.com\/site\/wp-content\/uploads\/2023\/01\/notibras23.png\",\"width\":350,\"height\":87,\"caption\":\"Grupo Notibras de Comunica\u00e7\u00e3o\"},\"image\":{\"@id\":\"https:\/\/www.notibras.com\/site\/#\/schema\/logo\/image\/\"},\"sameAs\":[\"https:\/\/www.facebook.com\/notibras\/\",\"https:\/\/x.com\/Notibras\",\"https:\/\/www.instagram.com\/notibras\/\"]},{\"@type\":\"Person\",\"@id\":\"https:\/\/www.notibras.com\/site\/#\/schema\/person\/36ab0979449956132d3e5b517ea76ac8\",\"name\":\"Reda\u00e7\u00e3o\",\"image\":{\"@type\":\"ImageObject\",\"inLanguage\":\"pt-BR\",\"@id\":\"https:\/\/secure.gravatar.com\/avatar\/e0a867bdedb85fd243eadf09663511f96fc81e0720a4a42581f334ad4303aa6b?s=96&d=mm&r=g\",\"url\":\"https:\/\/secure.gravatar.com\/avatar\/e0a867bdedb85fd243eadf09663511f96fc81e0720a4a42581f334ad4303aa6b?s=96&d=mm&r=g\",\"contentUrl\":\"https:\/\/secure.gravatar.com\/avatar\/e0a867bdedb85fd243eadf09663511f96fc81e0720a4a42581f334ad4303aa6b?s=96&d=mm&r=g\",\"caption\":\"Reda\u00e7\u00e3o\"}}]}<\/script>\n<!-- \/ Yoast SEO plugin. -->","yoast_head_json":{"title":"Sem bandidos, Santana tenta acertar rato e erra - Notibras","robots":{"index":"index","follow":"follow","max-snippet":"max-snippet:-1","max-image-preview":"max-image-preview:large","max-video-preview":"max-video-preview:-1"},"canonical":"https:\/\/www.notibras.com\/site\/sem-bandidos-santana-tenta-acertar-rato-e-erra\/","og_locale":"pt_BR","og_type":"article","og_title":"Sem bandidos, Santana tenta acertar rato e erra - Notibras","og_description":"O delegado havia programado uma opera\u00e7\u00e3o no centro. Todos estavam certos de que fariam uma limpa naqueles becos f\u00e9tidos. E l\u00e1 estava o Santana, com umas batatinhas fritas em um saquinho, entediado por mais esse trabalho noturno. Ele pensava apenas no grande sof\u00e1, pu\u00eddo pelos in\u00fameros anos de pregui\u00e7a, na sala em frente \u00e0 televis\u00e3o. [&hellip;]","og_url":"https:\/\/www.notibras.com\/site\/sem-bandidos-santana-tenta-acertar-rato-e-erra\/","og_site_name":"Notibras","article_publisher":"https:\/\/www.facebook.com\/notibras\/","article_published_time":"2023-12-08T11:10:18+00:00","article_modified_time":"2023-12-08T11:11:33+00:00","og_image":[{"width":888,"height":592,"url":"https:\/\/www.notibras.com\/site\/wp-content\/uploads\/2023\/12\/sanrato.webp","type":"image\/webp"}],"author":"Reda\u00e7\u00e3o","twitter_card":"summary_large_image","twitter_creator":"@Notibras","twitter_site":"@Notibras","twitter_misc":{"Escrito por":"Reda\u00e7\u00e3o","Est. tempo de leitura":"2 minutos"},"schema":{"@context":"https:\/\/schema.org","@graph":[{"@type":"Article","@id":"https:\/\/www.notibras.com\/site\/sem-bandidos-santana-tenta-acertar-rato-e-erra\/#article","isPartOf":{"@id":"https:\/\/www.notibras.com\/site\/sem-bandidos-santana-tenta-acertar-rato-e-erra\/"},"author":{"name":"Reda\u00e7\u00e3o","@id":"https:\/\/www.notibras.com\/site\/#\/schema\/person\/36ab0979449956132d3e5b517ea76ac8"},"headline":"Sem bandidos, Santana tenta acertar rato e erra","datePublished":"2023-12-08T11:10:18+00:00","dateModified":"2023-12-08T11:11:33+00:00","mainEntityOfPage":{"@id":"https:\/\/www.notibras.com\/site\/sem-bandidos-santana-tenta-acertar-rato-e-erra\/"},"wordCount":336,"publisher":{"@id":"https:\/\/www.notibras.com\/site\/#organization"},"image":{"@id":"https:\/\/www.notibras.com\/site\/sem-bandidos-santana-tenta-acertar-rato-e-erra\/#primaryimage"},"thumbnailUrl":"https:\/\/www.notibras.com\/site\/wp-content\/uploads\/2023\/12\/sanrato.webp","articleSection":["Quadradinho em Foco"],"inLanguage":"pt-BR"},{"@type":"WebPage","@id":"https:\/\/www.notibras.com\/site\/sem-bandidos-santana-tenta-acertar-rato-e-erra\/","url":"https:\/\/www.notibras.com\/site\/sem-bandidos-santana-tenta-acertar-rato-e-erra\/","name":"Sem bandidos, Santana tenta acertar rato e erra - Notibras","isPartOf":{"@id":"https:\/\/www.notibras.com\/site\/#website"},"primaryImageOfPage":{"@id":"https:\/\/www.notibras.com\/site\/sem-bandidos-santana-tenta-acertar-rato-e-erra\/#primaryimage"},"image":{"@id":"https:\/\/www.notibras.com\/site\/sem-bandidos-santana-tenta-acertar-rato-e-erra\/#primaryimage"},"thumbnailUrl":"https:\/\/www.notibras.com\/site\/wp-content\/uploads\/2023\/12\/sanrato.webp","datePublished":"2023-12-08T11:10:18+00:00","dateModified":"2023-12-08T11:11:33+00:00","breadcrumb":{"@id":"https:\/\/www.notibras.com\/site\/sem-bandidos-santana-tenta-acertar-rato-e-erra\/#breadcrumb"},"inLanguage":"pt-BR","potentialAction":[{"@type":"ReadAction","target":["https:\/\/www.notibras.com\/site\/sem-bandidos-santana-tenta-acertar-rato-e-erra\/"]}]},{"@type":"ImageObject","inLanguage":"pt-BR","@id":"https:\/\/www.notibras.com\/site\/sem-bandidos-santana-tenta-acertar-rato-e-erra\/#primaryimage","url":"https:\/\/www.notibras.com\/site\/wp-content\/uploads\/2023\/12\/sanrato.webp","contentUrl":"https:\/\/www.notibras.com\/site\/wp-content\/uploads\/2023\/12\/sanrato.webp","width":888,"height":592},{"@type":"BreadcrumbList","@id":"https:\/\/www.notibras.com\/site\/sem-bandidos-santana-tenta-acertar-rato-e-erra\/#breadcrumb","itemListElement":[{"@type":"ListItem","position":1,"name":"In\u00edcio","item":"https:\/\/www.notibras.com\/site\/"},{"@type":"ListItem","position":2,"name":"Sem bandidos, Santana tenta acertar rato e erra"}]},{"@type":"WebSite","@id":"https:\/\/www.notibras.com\/site\/#website","url":"https:\/\/www.notibras.com\/site\/","name":"Notibras","description":"Not\u00edcias de Bras\u00edlia, do Brasil e do Mundo","publisher":{"@id":"https:\/\/www.notibras.com\/site\/#organization"},"potentialAction":[{"@type":"SearchAction","target":{"@type":"EntryPoint","urlTemplate":"https:\/\/www.notibras.com\/site\/?s={search_term_string}"},"query-input":{"@type":"PropertyValueSpecification","valueRequired":true,"valueName":"search_term_string"}}],"inLanguage":"pt-BR"},{"@type":"Organization","@id":"https:\/\/www.notibras.com\/site\/#organization","name":"Grupo Notibras de Comunica\u00e7\u00e3o","url":"https:\/\/www.notibras.com\/site\/","logo":{"@type":"ImageObject","inLanguage":"pt-BR","@id":"https:\/\/www.notibras.com\/site\/#\/schema\/logo\/image\/","url":"https:\/\/www.notibras.com\/site\/wp-content\/uploads\/2023\/01\/notibras23.png","contentUrl":"https:\/\/www.notibras.com\/site\/wp-content\/uploads\/2023\/01\/notibras23.png","width":350,"height":87,"caption":"Grupo Notibras de Comunica\u00e7\u00e3o"},"image":{"@id":"https:\/\/www.notibras.com\/site\/#\/schema\/logo\/image\/"},"sameAs":["https:\/\/www.facebook.com\/notibras\/","https:\/\/x.com\/Notibras","https:\/\/www.instagram.com\/notibras\/"]},{"@type":"Person","@id":"https:\/\/www.notibras.com\/site\/#\/schema\/person\/36ab0979449956132d3e5b517ea76ac8","name":"Reda\u00e7\u00e3o","image":{"@type":"ImageObject","inLanguage":"pt-BR","@id":"https:\/\/secure.gravatar.com\/avatar\/e0a867bdedb85fd243eadf09663511f96fc81e0720a4a42581f334ad4303aa6b?s=96&d=mm&r=g","url":"https:\/\/secure.gravatar.com\/avatar\/e0a867bdedb85fd243eadf09663511f96fc81e0720a4a42581f334ad4303aa6b?s=96&d=mm&r=g","contentUrl":"https:\/\/secure.gravatar.com\/avatar\/e0a867bdedb85fd243eadf09663511f96fc81e0720a4a42581f334ad4303aa6b?s=96&d=mm&r=g","caption":"Reda\u00e7\u00e3o"}}]}},"amp_enabled":true,"_links":{"self":[{"href":"https:\/\/www.notibras.com\/site\/wp-json\/wp\/v2\/posts\/318735","targetHints":{"allow":["GET"]}}],"collection":[{"href":"https:\/\/www.notibras.com\/site\/wp-json\/wp\/v2\/posts"}],"about":[{"href":"https:\/\/www.notibras.com\/site\/wp-json\/wp\/v2\/types\/post"}],"author":[{"embeddable":true,"href":"https:\/\/www.notibras.com\/site\/wp-json\/wp\/v2\/users\/2"}],"replies":[{"embeddable":true,"href":"https:\/\/www.notibras.com\/site\/wp-json\/wp\/v2\/comments?post=318735"}],"version-history":[{"count":3,"href":"https:\/\/www.notibras.com\/site\/wp-json\/wp\/v2\/posts\/318735\/revisions"}],"predecessor-version":[{"id":318739,"href":"https:\/\/www.notibras.com\/site\/wp-json\/wp\/v2\/posts\/318735\/revisions\/318739"}],"wp:featuredmedia":[{"embeddable":true,"href":"https:\/\/www.notibras.com\/site\/wp-json\/wp\/v2\/media\/318736"}],"wp:attachment":[{"href":"https:\/\/www.notibras.com\/site\/wp-json\/wp\/v2\/media?parent=318735"}],"wp:term":[{"taxonomy":"category","embeddable":true,"href":"https:\/\/www.notibras.com\/site\/wp-json\/wp\/v2\/categories?post=318735"},{"taxonomy":"post_tag","embeddable":true,"href":"https:\/\/www.notibras.com\/site\/wp-json\/wp\/v2\/tags?post=318735"}],"curies":[{"name":"wp","href":"https:\/\/api.w.org\/{rel}","templated":true}]}}