{"id":318755,"date":"2023-12-08T00:10:35","date_gmt":"2023-12-08T03:10:35","guid":{"rendered":"https:\/\/www.notibras.com\/site\/?p=318755"},"modified":"2023-12-08T09:13:00","modified_gmt":"2023-12-08T12:13:00","slug":"aprovado-protocolo-que-acaba-com-assedio-a-mulheres","status":"publish","type":"post","link":"https:\/\/www.notibras.com\/site\/aprovado-protocolo-que-acaba-com-assedio-a-mulheres\/","title":{"rendered":"Aprovado protocolo que acaba com ass\u00e9dio a mulheres"},"content":{"rendered":"<p>A C\u00e2mara dos Deputados aprovou projeto de lei que cria protocolo para combater constrangimento e viol\u00eancia contra a mulher em bares, restaurantes, casas noturnas, shows, em locais onde h\u00e1 venda de bebida alco\u00f3lica. A mat\u00e9ria ser\u00e1 enviada \u00e0 san\u00e7\u00e3o presidencial.<\/p>\n<p>Pelo projeto 3\/23, ficam de fora das regras cultos e demais eventos de natureza religiosa. O protocolo, chamado N\u00e3o \u00e9 N\u00e3o, vale ainda para competi\u00e7\u00f5es esportivas.<\/p>\n<p>&#8220;A proposta envolve setor privado e setor p\u00fablico, criando uma cultura de preven\u00e7\u00e3o \u00e0 viol\u00eancia para que toda mulher, de qualquer idade, possa frequentar um lugar sabendo que todas as pessoas lhe devem respeito acima de tudo&#8221;, disse a autora, deputada federal Maria do Ros\u00e1rio (PT-RS).<\/p>\n<p>Os estabelecimentos ter\u00e3o de destacar um funcion\u00e1rio para atender ao protocolo, colocar em locais vis\u00edveis como acionar e telefones da Pol\u00edcia Militar e o Ligue 180.<\/p>\n<p>Em caso de constrangimento &#8211; insist\u00eancia f\u00edsica ou verbal sofrida pela mulher depois de manifestar discord\u00e2ncia -, os locais devem adotar medidas para preservar a dignidade e a integridade f\u00edsica e psicol\u00f3gica da mulher.<\/p>\n<p>Em situa\u00e7\u00f5es de viol\u00eancias \u2013 quando uso da for\u00e7a resulta em les\u00e3o, morte e dano psicol\u00f3gico -, os estabelecimentos devem retirar o agressor do local, impedir reingresso at\u00e9 o fim das atividades, acionar a pol\u00edcia, isolar o local onde a viol\u00eancia foi cometida e criar c\u00f3digo pr\u00f3prio divulgado nos sanit\u00e1rios femininos para as clientes avisarem os funcion\u00e1rios que necessitam de ajuda. As imagens de c\u00e2meras de seguran\u00e7a poder\u00e3o ser acessadas pela pol\u00edcia para investiga\u00e7\u00e3o e devem ficar dispon\u00edveis por pelo menos um m\u00eas.<\/p>\n<p>Se a mulher decidir deixar o local, dever\u00e1 ser acompanhada at\u00e9 o ve\u00edculo. O projeto prev\u00ea ainda campanhas educativas sobre o protocolo e um selo que ser\u00e1 entregue \u00e0s empresas que cumprirem as medidas, sendo identificadas como locais seguros para mulheres. Quem descumprir as normas, sofrer\u00e1 advert\u00eancia e penalidades previstas em lei.<\/p>\n","protected":false},"excerpt":{"rendered":"<p>A C\u00e2mara dos Deputados aprovou projeto de lei que cria protocolo para combater constrangimento e viol\u00eancia contra a mulher em bares, restaurantes, casas noturnas, shows, em locais onde h\u00e1 venda de bebida alco\u00f3lica. A mat\u00e9ria ser\u00e1 enviada \u00e0 san\u00e7\u00e3o presidencial. Pelo projeto 3\/23, ficam de fora das regras cultos e demais eventos de natureza religiosa. [&hellip;]<\/p>\n","protected":false},"author":2,"featured_media":247425,"comment_status":"closed","ping_status":"closed","sticky":false,"template":"","format":"standard","meta":{"_acf_changed":false,"footnotes":""},"categories":[161],"tags":[],"class_list":["post-318755","post","type-post","status-publish","format-standard","has-post-thumbnail","hentry","category-quadradinho-em-foco"],"acf":[],"yoast_head":"<!-- This site is optimized with the Yoast SEO plugin v27.2 - https:\/\/yoast.com\/product\/yoast-seo-wordpress\/ -->\n<title>Aprovado protocolo que acaba com ass\u00e9dio a mulheres - Notibras<\/title>\n<meta name=\"robots\" content=\"index, follow, max-snippet:-1, max-image-preview:large, max-video-preview:-1\" \/>\n<link rel=\"canonical\" href=\"https:\/\/www.notibras.com\/site\/aprovado-protocolo-que-acaba-com-assedio-a-mulheres\/\" \/>\n<meta property=\"og:locale\" content=\"pt_BR\" \/>\n<meta property=\"og:type\" content=\"article\" \/>\n<meta property=\"og:title\" content=\"Aprovado protocolo que acaba com ass\u00e9dio a mulheres - Notibras\" \/>\n<meta property=\"og:description\" content=\"A C\u00e2mara dos Deputados aprovou projeto de lei que cria protocolo para combater constrangimento e viol\u00eancia contra a mulher em bares, restaurantes, casas noturnas, shows, em locais onde h\u00e1 venda de bebida alco\u00f3lica. A mat\u00e9ria ser\u00e1 enviada \u00e0 san\u00e7\u00e3o presidencial. Pelo projeto 3\/23, ficam de fora das regras cultos e demais eventos de natureza religiosa. [&hellip;]\" \/>\n<meta property=\"og:url\" content=\"https:\/\/www.notibras.com\/site\/aprovado-protocolo-que-acaba-com-assedio-a-mulheres\/\" \/>\n<meta property=\"og:site_name\" content=\"Notibras\" \/>\n<meta property=\"article:publisher\" content=\"https:\/\/www.facebook.com\/notibras\/\" \/>\n<meta property=\"article:published_time\" content=\"2023-12-08T03:10:35+00:00\" \/>\n<meta property=\"article:modified_time\" content=\"2023-12-08T12:13:00+00:00\" \/>\n<meta property=\"og:image\" content=\"https:\/\/www.notibras.com\/site\/wp-content\/uploads\/2020\/12\/3-Assedio-moral-e1588284373130.png\" \/>\n\t<meta property=\"og:image:width\" content=\"1600\" \/>\n\t<meta property=\"og:image:height\" content=\"1200\" \/>\n\t<meta property=\"og:image:type\" content=\"image\/png\" \/>\n<meta name=\"author\" content=\"Reda\u00e7\u00e3o\" \/>\n<meta name=\"twitter:card\" content=\"summary_large_image\" \/>\n<meta name=\"twitter:creator\" content=\"@Notibras\" \/>\n<meta name=\"twitter:site\" content=\"@Notibras\" \/>\n<meta name=\"twitter:label1\" content=\"Escrito por\" \/>\n\t<meta name=\"twitter:data1\" content=\"Reda\u00e7\u00e3o\" \/>\n\t<meta name=\"twitter:label2\" content=\"Est. tempo de leitura\" \/>\n\t<meta name=\"twitter:data2\" content=\"2 minutos\" \/>\n<script type=\"application\/ld+json\" class=\"yoast-schema-graph\">{\"@context\":\"https:\/\/schema.org\",\"@graph\":[{\"@type\":\"Article\",\"@id\":\"https:\/\/www.notibras.com\/site\/aprovado-protocolo-que-acaba-com-assedio-a-mulheres\/#article\",\"isPartOf\":{\"@id\":\"https:\/\/www.notibras.com\/site\/aprovado-protocolo-que-acaba-com-assedio-a-mulheres\/\"},\"author\":{\"name\":\"Reda\u00e7\u00e3o\",\"@id\":\"https:\/\/www.notibras.com\/site\/#\/schema\/person\/36ab0979449956132d3e5b517ea76ac8\"},\"headline\":\"Aprovado protocolo que acaba com ass\u00e9dio a mulheres\",\"datePublished\":\"2023-12-08T03:10:35+00:00\",\"dateModified\":\"2023-12-08T12:13:00+00:00\",\"mainEntityOfPage\":{\"@id\":\"https:\/\/www.notibras.com\/site\/aprovado-protocolo-que-acaba-com-assedio-a-mulheres\/\"},\"wordCount\":351,\"publisher\":{\"@id\":\"https:\/\/www.notibras.com\/site\/#organization\"},\"image\":{\"@id\":\"https:\/\/www.notibras.com\/site\/aprovado-protocolo-que-acaba-com-assedio-a-mulheres\/#primaryimage\"},\"thumbnailUrl\":\"https:\/\/www.notibras.com\/site\/wp-content\/uploads\/2020\/12\/3-Assedio-moral-e1588284373130.png\",\"articleSection\":[\"Quadradinho em Foco\"],\"inLanguage\":\"pt-BR\"},{\"@type\":\"WebPage\",\"@id\":\"https:\/\/www.notibras.com\/site\/aprovado-protocolo-que-acaba-com-assedio-a-mulheres\/\",\"url\":\"https:\/\/www.notibras.com\/site\/aprovado-protocolo-que-acaba-com-assedio-a-mulheres\/\",\"name\":\"Aprovado protocolo que acaba com ass\u00e9dio a mulheres - Notibras\",\"isPartOf\":{\"@id\":\"https:\/\/www.notibras.com\/site\/#website\"},\"primaryImageOfPage\":{\"@id\":\"https:\/\/www.notibras.com\/site\/aprovado-protocolo-que-acaba-com-assedio-a-mulheres\/#primaryimage\"},\"image\":{\"@id\":\"https:\/\/www.notibras.com\/site\/aprovado-protocolo-que-acaba-com-assedio-a-mulheres\/#primaryimage\"},\"thumbnailUrl\":\"https:\/\/www.notibras.com\/site\/wp-content\/uploads\/2020\/12\/3-Assedio-moral-e1588284373130.png\",\"datePublished\":\"2023-12-08T03:10:35+00:00\",\"dateModified\":\"2023-12-08T12:13:00+00:00\",\"breadcrumb\":{\"@id\":\"https:\/\/www.notibras.com\/site\/aprovado-protocolo-que-acaba-com-assedio-a-mulheres\/#breadcrumb\"},\"inLanguage\":\"pt-BR\",\"potentialAction\":[{\"@type\":\"ReadAction\",\"target\":[\"https:\/\/www.notibras.com\/site\/aprovado-protocolo-que-acaba-com-assedio-a-mulheres\/\"]}]},{\"@type\":\"ImageObject\",\"inLanguage\":\"pt-BR\",\"@id\":\"https:\/\/www.notibras.com\/site\/aprovado-protocolo-que-acaba-com-assedio-a-mulheres\/#primaryimage\",\"url\":\"https:\/\/www.notibras.com\/site\/wp-content\/uploads\/2020\/12\/3-Assedio-moral-e1588284373130.png\",\"contentUrl\":\"https:\/\/www.notibras.com\/site\/wp-content\/uploads\/2020\/12\/3-Assedio-moral-e1588284373130.png\",\"width\":1600,\"height\":1200},{\"@type\":\"BreadcrumbList\",\"@id\":\"https:\/\/www.notibras.com\/site\/aprovado-protocolo-que-acaba-com-assedio-a-mulheres\/#breadcrumb\",\"itemListElement\":[{\"@type\":\"ListItem\",\"position\":1,\"name\":\"In\u00edcio\",\"item\":\"https:\/\/www.notibras.com\/site\/\"},{\"@type\":\"ListItem\",\"position\":2,\"name\":\"Aprovado protocolo que acaba com ass\u00e9dio a mulheres\"}]},{\"@type\":\"WebSite\",\"@id\":\"https:\/\/www.notibras.com\/site\/#website\",\"url\":\"https:\/\/www.notibras.com\/site\/\",\"name\":\"Notibras\",\"description\":\"Not\u00edcias de Bras\u00edlia, do Brasil e do Mundo\",\"publisher\":{\"@id\":\"https:\/\/www.notibras.com\/site\/#organization\"},\"potentialAction\":[{\"@type\":\"SearchAction\",\"target\":{\"@type\":\"EntryPoint\",\"urlTemplate\":\"https:\/\/www.notibras.com\/site\/?s={search_term_string}\"},\"query-input\":{\"@type\":\"PropertyValueSpecification\",\"valueRequired\":true,\"valueName\":\"search_term_string\"}}],\"inLanguage\":\"pt-BR\"},{\"@type\":\"Organization\",\"@id\":\"https:\/\/www.notibras.com\/site\/#organization\",\"name\":\"Grupo Notibras de Comunica\u00e7\u00e3o\",\"url\":\"https:\/\/www.notibras.com\/site\/\",\"logo\":{\"@type\":\"ImageObject\",\"inLanguage\":\"pt-BR\",\"@id\":\"https:\/\/www.notibras.com\/site\/#\/schema\/logo\/image\/\",\"url\":\"https:\/\/www.notibras.com\/site\/wp-content\/uploads\/2023\/01\/notibras23.png\",\"contentUrl\":\"https:\/\/www.notibras.com\/site\/wp-content\/uploads\/2023\/01\/notibras23.png\",\"width\":350,\"height\":87,\"caption\":\"Grupo Notibras de Comunica\u00e7\u00e3o\"},\"image\":{\"@id\":\"https:\/\/www.notibras.com\/site\/#\/schema\/logo\/image\/\"},\"sameAs\":[\"https:\/\/www.facebook.com\/notibras\/\",\"https:\/\/x.com\/Notibras\",\"https:\/\/www.instagram.com\/notibras\/\"]},{\"@type\":\"Person\",\"@id\":\"https:\/\/www.notibras.com\/site\/#\/schema\/person\/36ab0979449956132d3e5b517ea76ac8\",\"name\":\"Reda\u00e7\u00e3o\",\"image\":{\"@type\":\"ImageObject\",\"inLanguage\":\"pt-BR\",\"@id\":\"https:\/\/secure.gravatar.com\/avatar\/e0a867bdedb85fd243eadf09663511f96fc81e0720a4a42581f334ad4303aa6b?s=96&d=mm&r=g\",\"url\":\"https:\/\/secure.gravatar.com\/avatar\/e0a867bdedb85fd243eadf09663511f96fc81e0720a4a42581f334ad4303aa6b?s=96&d=mm&r=g\",\"contentUrl\":\"https:\/\/secure.gravatar.com\/avatar\/e0a867bdedb85fd243eadf09663511f96fc81e0720a4a42581f334ad4303aa6b?s=96&d=mm&r=g\",\"caption\":\"Reda\u00e7\u00e3o\"}}]}<\/script>\n<!-- \/ Yoast SEO plugin. -->","yoast_head_json":{"title":"Aprovado protocolo que acaba com ass\u00e9dio a mulheres - Notibras","robots":{"index":"index","follow":"follow","max-snippet":"max-snippet:-1","max-image-preview":"max-image-preview:large","max-video-preview":"max-video-preview:-1"},"canonical":"https:\/\/www.notibras.com\/site\/aprovado-protocolo-que-acaba-com-assedio-a-mulheres\/","og_locale":"pt_BR","og_type":"article","og_title":"Aprovado protocolo que acaba com ass\u00e9dio a mulheres - Notibras","og_description":"A C\u00e2mara dos Deputados aprovou projeto de lei que cria protocolo para combater constrangimento e viol\u00eancia contra a mulher em bares, restaurantes, casas noturnas, shows, em locais onde h\u00e1 venda de bebida alco\u00f3lica. A mat\u00e9ria ser\u00e1 enviada \u00e0 san\u00e7\u00e3o presidencial. Pelo projeto 3\/23, ficam de fora das regras cultos e demais eventos de natureza religiosa. [&hellip;]","og_url":"https:\/\/www.notibras.com\/site\/aprovado-protocolo-que-acaba-com-assedio-a-mulheres\/","og_site_name":"Notibras","article_publisher":"https:\/\/www.facebook.com\/notibras\/","article_published_time":"2023-12-08T03:10:35+00:00","article_modified_time":"2023-12-08T12:13:00+00:00","og_image":[{"width":1600,"height":1200,"url":"https:\/\/www.notibras.com\/site\/wp-content\/uploads\/2020\/12\/3-Assedio-moral-e1588284373130.png","type":"image\/png"}],"author":"Reda\u00e7\u00e3o","twitter_card":"summary_large_image","twitter_creator":"@Notibras","twitter_site":"@Notibras","twitter_misc":{"Escrito por":"Reda\u00e7\u00e3o","Est. tempo de leitura":"2 minutos"},"schema":{"@context":"https:\/\/schema.org","@graph":[{"@type":"Article","@id":"https:\/\/www.notibras.com\/site\/aprovado-protocolo-que-acaba-com-assedio-a-mulheres\/#article","isPartOf":{"@id":"https:\/\/www.notibras.com\/site\/aprovado-protocolo-que-acaba-com-assedio-a-mulheres\/"},"author":{"name":"Reda\u00e7\u00e3o","@id":"https:\/\/www.notibras.com\/site\/#\/schema\/person\/36ab0979449956132d3e5b517ea76ac8"},"headline":"Aprovado protocolo que acaba com ass\u00e9dio a mulheres","datePublished":"2023-12-08T03:10:35+00:00","dateModified":"2023-12-08T12:13:00+00:00","mainEntityOfPage":{"@id":"https:\/\/www.notibras.com\/site\/aprovado-protocolo-que-acaba-com-assedio-a-mulheres\/"},"wordCount":351,"publisher":{"@id":"https:\/\/www.notibras.com\/site\/#organization"},"image":{"@id":"https:\/\/www.notibras.com\/site\/aprovado-protocolo-que-acaba-com-assedio-a-mulheres\/#primaryimage"},"thumbnailUrl":"https:\/\/www.notibras.com\/site\/wp-content\/uploads\/2020\/12\/3-Assedio-moral-e1588284373130.png","articleSection":["Quadradinho em Foco"],"inLanguage":"pt-BR"},{"@type":"WebPage","@id":"https:\/\/www.notibras.com\/site\/aprovado-protocolo-que-acaba-com-assedio-a-mulheres\/","url":"https:\/\/www.notibras.com\/site\/aprovado-protocolo-que-acaba-com-assedio-a-mulheres\/","name":"Aprovado protocolo que acaba com ass\u00e9dio a mulheres - Notibras","isPartOf":{"@id":"https:\/\/www.notibras.com\/site\/#website"},"primaryImageOfPage":{"@id":"https:\/\/www.notibras.com\/site\/aprovado-protocolo-que-acaba-com-assedio-a-mulheres\/#primaryimage"},"image":{"@id":"https:\/\/www.notibras.com\/site\/aprovado-protocolo-que-acaba-com-assedio-a-mulheres\/#primaryimage"},"thumbnailUrl":"https:\/\/www.notibras.com\/site\/wp-content\/uploads\/2020\/12\/3-Assedio-moral-e1588284373130.png","datePublished":"2023-12-08T03:10:35+00:00","dateModified":"2023-12-08T12:13:00+00:00","breadcrumb":{"@id":"https:\/\/www.notibras.com\/site\/aprovado-protocolo-que-acaba-com-assedio-a-mulheres\/#breadcrumb"},"inLanguage":"pt-BR","potentialAction":[{"@type":"ReadAction","target":["https:\/\/www.notibras.com\/site\/aprovado-protocolo-que-acaba-com-assedio-a-mulheres\/"]}]},{"@type":"ImageObject","inLanguage":"pt-BR","@id":"https:\/\/www.notibras.com\/site\/aprovado-protocolo-que-acaba-com-assedio-a-mulheres\/#primaryimage","url":"https:\/\/www.notibras.com\/site\/wp-content\/uploads\/2020\/12\/3-Assedio-moral-e1588284373130.png","contentUrl":"https:\/\/www.notibras.com\/site\/wp-content\/uploads\/2020\/12\/3-Assedio-moral-e1588284373130.png","width":1600,"height":1200},{"@type":"BreadcrumbList","@id":"https:\/\/www.notibras.com\/site\/aprovado-protocolo-que-acaba-com-assedio-a-mulheres\/#breadcrumb","itemListElement":[{"@type":"ListItem","position":1,"name":"In\u00edcio","item":"https:\/\/www.notibras.com\/site\/"},{"@type":"ListItem","position":2,"name":"Aprovado protocolo que acaba com ass\u00e9dio a mulheres"}]},{"@type":"WebSite","@id":"https:\/\/www.notibras.com\/site\/#website","url":"https:\/\/www.notibras.com\/site\/","name":"Notibras","description":"Not\u00edcias de Bras\u00edlia, do Brasil e do Mundo","publisher":{"@id":"https:\/\/www.notibras.com\/site\/#organization"},"potentialAction":[{"@type":"SearchAction","target":{"@type":"EntryPoint","urlTemplate":"https:\/\/www.notibras.com\/site\/?s={search_term_string}"},"query-input":{"@type":"PropertyValueSpecification","valueRequired":true,"valueName":"search_term_string"}}],"inLanguage":"pt-BR"},{"@type":"Organization","@id":"https:\/\/www.notibras.com\/site\/#organization","name":"Grupo Notibras de Comunica\u00e7\u00e3o","url":"https:\/\/www.notibras.com\/site\/","logo":{"@type":"ImageObject","inLanguage":"pt-BR","@id":"https:\/\/www.notibras.com\/site\/#\/schema\/logo\/image\/","url":"https:\/\/www.notibras.com\/site\/wp-content\/uploads\/2023\/01\/notibras23.png","contentUrl":"https:\/\/www.notibras.com\/site\/wp-content\/uploads\/2023\/01\/notibras23.png","width":350,"height":87,"caption":"Grupo Notibras de Comunica\u00e7\u00e3o"},"image":{"@id":"https:\/\/www.notibras.com\/site\/#\/schema\/logo\/image\/"},"sameAs":["https:\/\/www.facebook.com\/notibras\/","https:\/\/x.com\/Notibras","https:\/\/www.instagram.com\/notibras\/"]},{"@type":"Person","@id":"https:\/\/www.notibras.com\/site\/#\/schema\/person\/36ab0979449956132d3e5b517ea76ac8","name":"Reda\u00e7\u00e3o","image":{"@type":"ImageObject","inLanguage":"pt-BR","@id":"https:\/\/secure.gravatar.com\/avatar\/e0a867bdedb85fd243eadf09663511f96fc81e0720a4a42581f334ad4303aa6b?s=96&d=mm&r=g","url":"https:\/\/secure.gravatar.com\/avatar\/e0a867bdedb85fd243eadf09663511f96fc81e0720a4a42581f334ad4303aa6b?s=96&d=mm&r=g","contentUrl":"https:\/\/secure.gravatar.com\/avatar\/e0a867bdedb85fd243eadf09663511f96fc81e0720a4a42581f334ad4303aa6b?s=96&d=mm&r=g","caption":"Reda\u00e7\u00e3o"}}]}},"amp_enabled":true,"_links":{"self":[{"href":"https:\/\/www.notibras.com\/site\/wp-json\/wp\/v2\/posts\/318755","targetHints":{"allow":["GET"]}}],"collection":[{"href":"https:\/\/www.notibras.com\/site\/wp-json\/wp\/v2\/posts"}],"about":[{"href":"https:\/\/www.notibras.com\/site\/wp-json\/wp\/v2\/types\/post"}],"author":[{"embeddable":true,"href":"https:\/\/www.notibras.com\/site\/wp-json\/wp\/v2\/users\/2"}],"replies":[{"embeddable":true,"href":"https:\/\/www.notibras.com\/site\/wp-json\/wp\/v2\/comments?post=318755"}],"version-history":[{"count":1,"href":"https:\/\/www.notibras.com\/site\/wp-json\/wp\/v2\/posts\/318755\/revisions"}],"predecessor-version":[{"id":318756,"href":"https:\/\/www.notibras.com\/site\/wp-json\/wp\/v2\/posts\/318755\/revisions\/318756"}],"wp:featuredmedia":[{"embeddable":true,"href":"https:\/\/www.notibras.com\/site\/wp-json\/wp\/v2\/media\/247425"}],"wp:attachment":[{"href":"https:\/\/www.notibras.com\/site\/wp-json\/wp\/v2\/media?parent=318755"}],"wp:term":[{"taxonomy":"category","embeddable":true,"href":"https:\/\/www.notibras.com\/site\/wp-json\/wp\/v2\/categories?post=318755"},{"taxonomy":"post_tag","embeddable":true,"href":"https:\/\/www.notibras.com\/site\/wp-json\/wp\/v2\/tags?post=318755"}],"curies":[{"name":"wp","href":"https:\/\/api.w.org\/{rel}","templated":true}]}}