{"id":318760,"date":"2023-12-08T00:00:10","date_gmt":"2023-12-08T03:00:10","guid":{"rendered":"https:\/\/www.notibras.com\/site\/?p=318760"},"modified":"2023-12-08T09:29:29","modified_gmt":"2023-12-08T12:29:29","slug":"adultos-ainda-tem-muito-medo-associado-a-covid-19","status":"publish","type":"post","link":"https:\/\/www.notibras.com\/site\/adultos-ainda-tem-muito-medo-associado-a-covid-19\/","title":{"rendered":"Adultos ainda t\u00eam muito medo associado \u00e0 covid-19"},"content":{"rendered":"<p>Grande parte dos adultos com esquema vacinal incompleto continua com medos associados \u00e0 covid-19, mostra levantamento feito com 1.840 adultos, de 18 a 59 anos de idade, que tomaram at\u00e9 tr\u00eas doses das vacinas contra a doen\u00e7a. De acordo com a pesquisa \u201cCovid-19 hoje: por que a popula\u00e7\u00e3o n\u00e3o vacinada ainda hesita em se proteger?\u201d, o surgimento de novas variantes \u00e9 o principal medo manifestado pelos entrevistados (48% das respostas). O medo \u00e9 mais acentuado nas mulheres (28%) e nos mais jovens de 18 a 24 anos (28%). O menor percentual est\u00e1 entre os mais velhos, de 45 a 59 anos (19%),<\/p>\n<p>Vinte por cento do total dos entrevistados acreditam que o \u201cpior j\u00e1 passou\u201d, mas consideram que as vacinas podem proteger caso haja nova onda de covid-19. Somente 15% afirmam que a pandemia j\u00e1 terminou e que n\u00e3o t\u00eam medo de se contaminar.<\/p>\n<p>O levantamento de \u00e2mbito nacional, feito em 106 cidades, com recortes no Par\u00e1, na Bahia, em S\u00e3o Paulo, no Rio de Janeiro, em Santa Catarina e no Distrito Federal, foi coordenado pelo Instituto Intelig\u00eancia em Pesquisa e Consultoria Estrat\u00e9gica (Ipec) a pedido da Pfizer. Ele inclui pessoas que n\u00e3o completaram o esquema vacinal contra a covid-19 at\u00e9 o momento, ou seja, n\u00e3o tomaram todas as doses recomendadas para sua faixa et\u00e1ria. Os resultados contemplam dois subgrupos na amostra, envolvendo pessoas com filhos e sem filhos, buscando diferentes percep\u00e7\u00f5es sobre vacina\u00e7\u00e3o de adultos e crian\u00e7as.<\/p>\n<p>Para o vice-presidente da Sociedade Brasileira de Infectologia (SBI) e professor na Faculdade de Medicina da Universidade Estadual Paulista (Unesp), Alexandre Naime Barbosa, a preocupa\u00e7\u00e3o em rela\u00e7\u00e3o \u00e0s variantes do SARS-CoV2 \u00e9 leg\u00edtima. Isso se explica porque o v\u00edrus tem o potencial de sofrer muta\u00e7\u00f5es com alta frequ\u00eancia, o que geralmente acontece quando \u00e9 transmitido de uma pessoa para outra, dando origem a uma variante do v\u00edrus original. Segundo Naime Barbosa, algumas variantes se disseminam mais rapidamente do que outras, o que pode levar ao aumento de casos e agravamentos ligados \u00e0 doen\u00e7a. \u201cEssa \u00e9 uma situa\u00e7\u00e3o preocupante, especialmente em per\u00edodos de maior aglomera\u00e7\u00e3o de pessoas, o que inclui as festividades de fim de ano\u201d, destacou o infectologista.<\/p>\n<p><strong>Import\u00e2ncia<\/strong><br \/>\nA sondagem revela que mesmo quem n\u00e3o est\u00e1 com o esquema vacinal completo acredita que as vacinas contra a covid-19 s\u00e3o importantes para proteger os adultos (86%) e as crian\u00e7as (82%) e tamb\u00e9m s\u00e3o seguras para adultos (78%) e crian\u00e7as (75%). Somente 7% das pessoas n\u00e3o confiam nas vacinas contra a doen\u00e7a, consideram que elas s\u00e3o pouco ou nada importantes e, inclusive, as classificam como inseguras em algum n\u00edvel para os adultos.<\/p>\n<p>Na avalia\u00e7\u00e3o da diretora m\u00e9dica da Pfizer Brasil, Adriana Ribeiro, a imuniza\u00e7\u00e3o continua a ser a principal forma de preven\u00e7\u00e3o contra casos graves de covid-19, contribuindo para reduzir o risco de morte e o n\u00famero de hospitaliza\u00e7\u00f5es.<\/p>\n<p>\u201cN\u00e3o podemos esquecer que mais de 700 mil pessoas morreram no Brasil por causa da doen\u00e7a at\u00e9 o momento e que, desde o in\u00edcio das campanhas de vacina\u00e7\u00e3o, a mortalidade come\u00e7ou a diminuir drasticamente na popula\u00e7\u00e3o em geral\u201d. Adriana destacou que apesar de a Organiza\u00e7\u00e3o Mundial da Sa\u00fade (OMS) ter decretado o fim da emerg\u00eancia de sa\u00fade p\u00fablica para a covid-19, \u00e9 importante que se mantenha a preven\u00e7\u00e3o, tendo em vista que a doen\u00e7a segue causando interna\u00e7\u00f5es e \u00f3bitos, com mais de 13 mil mortes apenas neste ano.<\/p>\n<p>Um eventual retorno da pandemia ou aumento de casos constituiria o principal fator para levar os adultos a completar a carteira vacinal (25% das respostas), seguido do tempo dispon\u00edvel (14%) e da obrigatoriedade (11%). Confian\u00e7a na efic\u00e1cia ou seguran\u00e7a das vacinas aparece em quarto lugar, junto com dificuldade de acesso (7% cada). Por outro lado, 20% garantem que nada os levaria a completar o esquema vacinal. De modo geral, os consultados que rejeitam completar o ciclo vacinal contra covid-19 s\u00e3o menos instru\u00eddos, t\u00eam menor renda familiar e pertencem ao sexo masculino.<\/p>\n<p>Entretanto, 72% dos entrevistados disseram que v\u00e3o se vacinar imediatamente, caso surja nova onda da doen\u00e7a. De acordo com a pesquisa, 45% das pessoas com esquema vacinal incompleto t\u00eam consci\u00eancia de que n\u00e3o est\u00e3o totalmente protegidas. Trinta e dois por cento afirmam n\u00e3o ter conseguido tomar todas as doses e 13% explicaram que, \u201ccomo a pandemia acabou\u201d, deixaram de se preocupar com isso.<\/p>\n<p><strong>Crian\u00e7as<\/strong><br \/>\nCerca de metade da amostra tem filhos com mais de seis meses at\u00e9 17 anos ou \u00e9 respons\u00e1vel por algu\u00e9m nessa faixa et\u00e1ria. Em rela\u00e7\u00e3o \u00e0 vacina\u00e7\u00e3o infantil, revelaram que a maioria dos filhos (59%) tomou pelo menos uma dose da vacina contra covid-19. Entre os principais motivos para n\u00e3o completar o esquema vacinal dos filhos est\u00e3o o medo de poss\u00edveis rea\u00e7\u00f5es que a vacina poderia causar, como febre alta, calafrios, entre outros efeitos (20%), e a falta de motiva\u00e7\u00e3o (10% n\u00e3o veem necessidade de vacin\u00e1-los).<\/p>\n<p>Outros 65% discordam, em algum grau, da ideia de que as crian\u00e7as n\u00e3o desenvolveriam a forma grave da covid-19 e, por isso, n\u00e3o precisariam ser vacinadas. Trinta e nove por cento dos pais e m\u00e3es n\u00e3o chegaram a conversar com o pediatra antes de tomar a decis\u00e3o de vacinar ou n\u00e3o o filho. Esse percentual cai para 32% entre beb\u00eas de 6 meses a 2 anos, passando para 36% na faixa de 3 a 4 anos, 38% no grupo de 5 a 11 anos e alcan\u00e7ando 48% no recorte para jovens de 12 a 17 anos. Somente 2% disseram que o pediatra recomendou n\u00e3o dar a vacina.<\/p>\n<p><strong>Fontes de informa\u00e7\u00e3o<\/strong><br \/>\nA imprensa, incluindo televis\u00e3o, r\u00e1dio, jornal e revistas, \u00e9 considerada a principal fonte de informa\u00e7\u00e3o sobre o tema por 43% dos entrevistados, seguida dos postos de sa\u00fade (30%, em especial das classes D e E); das redes sociais (26%), englobando facebook, youtube, instagram, X (antigo Twitter) e Tik Tok (a maior parte com perfil jovem, de 18 a 24 anos); sites e portais de not\u00edcias, mais concentrado em um perfil de ensino superior (25%).<\/p>\n<p>J\u00e1 67% das pessoas classificaram as informa\u00e7\u00f5es dispon\u00edveis sobre a vacina contra a covid-19 nos diversos meios de comunica\u00e7\u00e3o como muito f\u00e1ceis ou de f\u00e1cil entendimento, mas duas em cada tr\u00eas pessoas com o ciclo vacinal incompleto contra a doen\u00e7a acreditam em pelo menos uma das fake news (not\u00edcias falsas) mais comuns sobre o tema: 70% dos entrevistados relatam essa influ\u00eancia da desinforma\u00e7\u00e3o em alguma propor\u00e7\u00e3o.<\/p>\n<p>De acordo com os entrevistados, as fake news que mais confundem as pessoas s\u00e3o aquelas que dizem que vacinas contra a covid-19 s\u00e3o experimentais (34%), causam casos graves de miocardite, trombose, fibromialgia e Alzheimer (16%), que o surgimento de novas variantes da covid-19 comprova que as vacinas n\u00e3o funcionam (13%), que vacinas contra a covid-19 s\u00e3o mais perigosas do que o pr\u00f3prio v\u00edrus (13%), pessoas que tiveram covid-19 n\u00e3o precisam se vacinar contra a doen\u00e7a (8%), que a vacina de RNA (mol\u00e9cula respons\u00e1vel pela s\u00edntese de prote\u00ednas das c\u00e9lulas do corpo) mensageiro contra a covid-19 modifica o DNA dos seres humanos (4%), e a vacina contra a covid-19 tem chip e intelig\u00eancia artificial para controlar a popula\u00e7\u00e3o (3%).<\/p>\n<p>Em sentido contr\u00e1rio, 28% das pessoas com o esquema vacinal incompleto n\u00e3o acreditam em nenhuma das fake news investigadas na sondagem. A taxa sobe para 37% entre pessoas com maior escolaridade (ensino superior completo), atingindo 46% no recorte para o Distrito Federal.<\/p>\n","protected":false},"excerpt":{"rendered":"<p>Grande parte dos adultos com esquema vacinal incompleto continua com medos associados \u00e0 covid-19, mostra levantamento feito com 1.840 adultos, de 18 a 59 anos de idade, que tomaram at\u00e9 tr\u00eas doses das vacinas contra a doen\u00e7a. De acordo com a pesquisa \u201cCovid-19 hoje: por que a popula\u00e7\u00e3o n\u00e3o vacinada ainda hesita em se proteger?\u201d, [&hellip;]<\/p>\n","protected":false},"author":2,"featured_media":318761,"comment_status":"closed","ping_status":"closed","sticky":false,"template":"","format":"standard","meta":{"_acf_changed":false,"footnotes":""},"categories":[161],"tags":[],"class_list":["post-318760","post","type-post","status-publish","format-standard","has-post-thumbnail","hentry","category-quadradinho-em-foco"],"acf":[],"yoast_head":"<!-- This site is optimized with the Yoast SEO plugin v27.2 - https:\/\/yoast.com\/product\/yoast-seo-wordpress\/ -->\n<title>Adultos ainda t\u00eam muito medo associado \u00e0 covid-19 - Notibras<\/title>\n<meta name=\"robots\" content=\"index, follow, max-snippet:-1, max-image-preview:large, max-video-preview:-1\" \/>\n<link rel=\"canonical\" href=\"https:\/\/www.notibras.com\/site\/adultos-ainda-tem-muito-medo-associado-a-covid-19\/\" \/>\n<meta property=\"og:locale\" content=\"pt_BR\" \/>\n<meta property=\"og:type\" content=\"article\" \/>\n<meta property=\"og:title\" content=\"Adultos ainda t\u00eam muito medo associado \u00e0 covid-19 - Notibras\" \/>\n<meta property=\"og:description\" content=\"Grande parte dos adultos com esquema vacinal incompleto continua com medos associados \u00e0 covid-19, mostra levantamento feito com 1.840 adultos, de 18 a 59 anos de idade, que tomaram at\u00e9 tr\u00eas doses das vacinas contra a doen\u00e7a. De acordo com a pesquisa \u201cCovid-19 hoje: por que a popula\u00e7\u00e3o n\u00e3o vacinada ainda hesita em se proteger?\u201d, [&hellip;]\" \/>\n<meta property=\"og:url\" content=\"https:\/\/www.notibras.com\/site\/adultos-ainda-tem-muito-medo-associado-a-covid-19\/\" \/>\n<meta property=\"og:site_name\" content=\"Notibras\" \/>\n<meta property=\"article:publisher\" content=\"https:\/\/www.facebook.com\/notibras\/\" \/>\n<meta property=\"article:published_time\" content=\"2023-12-08T03:00:10+00:00\" \/>\n<meta property=\"article:modified_time\" content=\"2023-12-08T12:29:29+00:00\" \/>\n<meta property=\"og:image\" content=\"https:\/\/www.notibras.com\/site\/wp-content\/uploads\/2023\/12\/covidmedo.webp\" \/>\n\t<meta property=\"og:image:width\" content=\"1170\" \/>\n\t<meta property=\"og:image:height\" content=\"700\" \/>\n\t<meta property=\"og:image:type\" content=\"image\/webp\" \/>\n<meta name=\"author\" content=\"Reda\u00e7\u00e3o\" \/>\n<meta name=\"twitter:card\" content=\"summary_large_image\" \/>\n<meta name=\"twitter:creator\" content=\"@Notibras\" \/>\n<meta name=\"twitter:site\" content=\"@Notibras\" \/>\n<meta name=\"twitter:label1\" content=\"Escrito por\" \/>\n\t<meta name=\"twitter:data1\" content=\"Reda\u00e7\u00e3o\" \/>\n\t<meta name=\"twitter:label2\" content=\"Est. tempo de leitura\" \/>\n\t<meta name=\"twitter:data2\" content=\"7 minutos\" \/>\n<script type=\"application\/ld+json\" class=\"yoast-schema-graph\">{\"@context\":\"https:\/\/schema.org\",\"@graph\":[{\"@type\":\"Article\",\"@id\":\"https:\/\/www.notibras.com\/site\/adultos-ainda-tem-muito-medo-associado-a-covid-19\/#article\",\"isPartOf\":{\"@id\":\"https:\/\/www.notibras.com\/site\/adultos-ainda-tem-muito-medo-associado-a-covid-19\/\"},\"author\":{\"name\":\"Reda\u00e7\u00e3o\",\"@id\":\"https:\/\/www.notibras.com\/site\/#\/schema\/person\/36ab0979449956132d3e5b517ea76ac8\"},\"headline\":\"Adultos ainda t\u00eam muito medo associado \u00e0 covid-19\",\"datePublished\":\"2023-12-08T03:00:10+00:00\",\"dateModified\":\"2023-12-08T12:29:29+00:00\",\"mainEntityOfPage\":{\"@id\":\"https:\/\/www.notibras.com\/site\/adultos-ainda-tem-muito-medo-associado-a-covid-19\/\"},\"wordCount\":1266,\"publisher\":{\"@id\":\"https:\/\/www.notibras.com\/site\/#organization\"},\"image\":{\"@id\":\"https:\/\/www.notibras.com\/site\/adultos-ainda-tem-muito-medo-associado-a-covid-19\/#primaryimage\"},\"thumbnailUrl\":\"https:\/\/www.notibras.com\/site\/wp-content\/uploads\/2023\/12\/covidmedo.webp\",\"articleSection\":[\"Quadradinho em Foco\"],\"inLanguage\":\"pt-BR\"},{\"@type\":\"WebPage\",\"@id\":\"https:\/\/www.notibras.com\/site\/adultos-ainda-tem-muito-medo-associado-a-covid-19\/\",\"url\":\"https:\/\/www.notibras.com\/site\/adultos-ainda-tem-muito-medo-associado-a-covid-19\/\",\"name\":\"Adultos ainda t\u00eam muito medo associado \u00e0 covid-19 - Notibras\",\"isPartOf\":{\"@id\":\"https:\/\/www.notibras.com\/site\/#website\"},\"primaryImageOfPage\":{\"@id\":\"https:\/\/www.notibras.com\/site\/adultos-ainda-tem-muito-medo-associado-a-covid-19\/#primaryimage\"},\"image\":{\"@id\":\"https:\/\/www.notibras.com\/site\/adultos-ainda-tem-muito-medo-associado-a-covid-19\/#primaryimage\"},\"thumbnailUrl\":\"https:\/\/www.notibras.com\/site\/wp-content\/uploads\/2023\/12\/covidmedo.webp\",\"datePublished\":\"2023-12-08T03:00:10+00:00\",\"dateModified\":\"2023-12-08T12:29:29+00:00\",\"breadcrumb\":{\"@id\":\"https:\/\/www.notibras.com\/site\/adultos-ainda-tem-muito-medo-associado-a-covid-19\/#breadcrumb\"},\"inLanguage\":\"pt-BR\",\"potentialAction\":[{\"@type\":\"ReadAction\",\"target\":[\"https:\/\/www.notibras.com\/site\/adultos-ainda-tem-muito-medo-associado-a-covid-19\/\"]}]},{\"@type\":\"ImageObject\",\"inLanguage\":\"pt-BR\",\"@id\":\"https:\/\/www.notibras.com\/site\/adultos-ainda-tem-muito-medo-associado-a-covid-19\/#primaryimage\",\"url\":\"https:\/\/www.notibras.com\/site\/wp-content\/uploads\/2023\/12\/covidmedo.webp\",\"contentUrl\":\"https:\/\/www.notibras.com\/site\/wp-content\/uploads\/2023\/12\/covidmedo.webp\",\"width\":1170,\"height\":700},{\"@type\":\"BreadcrumbList\",\"@id\":\"https:\/\/www.notibras.com\/site\/adultos-ainda-tem-muito-medo-associado-a-covid-19\/#breadcrumb\",\"itemListElement\":[{\"@type\":\"ListItem\",\"position\":1,\"name\":\"In\u00edcio\",\"item\":\"https:\/\/www.notibras.com\/site\/\"},{\"@type\":\"ListItem\",\"position\":2,\"name\":\"Adultos ainda t\u00eam muito medo associado \u00e0 covid-19\"}]},{\"@type\":\"WebSite\",\"@id\":\"https:\/\/www.notibras.com\/site\/#website\",\"url\":\"https:\/\/www.notibras.com\/site\/\",\"name\":\"Notibras\",\"description\":\"Not\u00edcias de Bras\u00edlia, do Brasil e do Mundo\",\"publisher\":{\"@id\":\"https:\/\/www.notibras.com\/site\/#organization\"},\"potentialAction\":[{\"@type\":\"SearchAction\",\"target\":{\"@type\":\"EntryPoint\",\"urlTemplate\":\"https:\/\/www.notibras.com\/site\/?s={search_term_string}\"},\"query-input\":{\"@type\":\"PropertyValueSpecification\",\"valueRequired\":true,\"valueName\":\"search_term_string\"}}],\"inLanguage\":\"pt-BR\"},{\"@type\":\"Organization\",\"@id\":\"https:\/\/www.notibras.com\/site\/#organization\",\"name\":\"Grupo Notibras de Comunica\u00e7\u00e3o\",\"url\":\"https:\/\/www.notibras.com\/site\/\",\"logo\":{\"@type\":\"ImageObject\",\"inLanguage\":\"pt-BR\",\"@id\":\"https:\/\/www.notibras.com\/site\/#\/schema\/logo\/image\/\",\"url\":\"https:\/\/www.notibras.com\/site\/wp-content\/uploads\/2023\/01\/notibras23.png\",\"contentUrl\":\"https:\/\/www.notibras.com\/site\/wp-content\/uploads\/2023\/01\/notibras23.png\",\"width\":350,\"height\":87,\"caption\":\"Grupo Notibras de Comunica\u00e7\u00e3o\"},\"image\":{\"@id\":\"https:\/\/www.notibras.com\/site\/#\/schema\/logo\/image\/\"},\"sameAs\":[\"https:\/\/www.facebook.com\/notibras\/\",\"https:\/\/x.com\/Notibras\",\"https:\/\/www.instagram.com\/notibras\/\"]},{\"@type\":\"Person\",\"@id\":\"https:\/\/www.notibras.com\/site\/#\/schema\/person\/36ab0979449956132d3e5b517ea76ac8\",\"name\":\"Reda\u00e7\u00e3o\",\"image\":{\"@type\":\"ImageObject\",\"inLanguage\":\"pt-BR\",\"@id\":\"https:\/\/secure.gravatar.com\/avatar\/e0a867bdedb85fd243eadf09663511f96fc81e0720a4a42581f334ad4303aa6b?s=96&d=mm&r=g\",\"url\":\"https:\/\/secure.gravatar.com\/avatar\/e0a867bdedb85fd243eadf09663511f96fc81e0720a4a42581f334ad4303aa6b?s=96&d=mm&r=g\",\"contentUrl\":\"https:\/\/secure.gravatar.com\/avatar\/e0a867bdedb85fd243eadf09663511f96fc81e0720a4a42581f334ad4303aa6b?s=96&d=mm&r=g\",\"caption\":\"Reda\u00e7\u00e3o\"}}]}<\/script>\n<!-- \/ Yoast SEO plugin. -->","yoast_head_json":{"title":"Adultos ainda t\u00eam muito medo associado \u00e0 covid-19 - Notibras","robots":{"index":"index","follow":"follow","max-snippet":"max-snippet:-1","max-image-preview":"max-image-preview:large","max-video-preview":"max-video-preview:-1"},"canonical":"https:\/\/www.notibras.com\/site\/adultos-ainda-tem-muito-medo-associado-a-covid-19\/","og_locale":"pt_BR","og_type":"article","og_title":"Adultos ainda t\u00eam muito medo associado \u00e0 covid-19 - Notibras","og_description":"Grande parte dos adultos com esquema vacinal incompleto continua com medos associados \u00e0 covid-19, mostra levantamento feito com 1.840 adultos, de 18 a 59 anos de idade, que tomaram at\u00e9 tr\u00eas doses das vacinas contra a doen\u00e7a. De acordo com a pesquisa \u201cCovid-19 hoje: por que a popula\u00e7\u00e3o n\u00e3o vacinada ainda hesita em se proteger?\u201d, [&hellip;]","og_url":"https:\/\/www.notibras.com\/site\/adultos-ainda-tem-muito-medo-associado-a-covid-19\/","og_site_name":"Notibras","article_publisher":"https:\/\/www.facebook.com\/notibras\/","article_published_time":"2023-12-08T03:00:10+00:00","article_modified_time":"2023-12-08T12:29:29+00:00","og_image":[{"width":1170,"height":700,"url":"https:\/\/www.notibras.com\/site\/wp-content\/uploads\/2023\/12\/covidmedo.webp","type":"image\/webp"}],"author":"Reda\u00e7\u00e3o","twitter_card":"summary_large_image","twitter_creator":"@Notibras","twitter_site":"@Notibras","twitter_misc":{"Escrito por":"Reda\u00e7\u00e3o","Est. tempo de leitura":"7 minutos"},"schema":{"@context":"https:\/\/schema.org","@graph":[{"@type":"Article","@id":"https:\/\/www.notibras.com\/site\/adultos-ainda-tem-muito-medo-associado-a-covid-19\/#article","isPartOf":{"@id":"https:\/\/www.notibras.com\/site\/adultos-ainda-tem-muito-medo-associado-a-covid-19\/"},"author":{"name":"Reda\u00e7\u00e3o","@id":"https:\/\/www.notibras.com\/site\/#\/schema\/person\/36ab0979449956132d3e5b517ea76ac8"},"headline":"Adultos ainda t\u00eam muito medo associado \u00e0 covid-19","datePublished":"2023-12-08T03:00:10+00:00","dateModified":"2023-12-08T12:29:29+00:00","mainEntityOfPage":{"@id":"https:\/\/www.notibras.com\/site\/adultos-ainda-tem-muito-medo-associado-a-covid-19\/"},"wordCount":1266,"publisher":{"@id":"https:\/\/www.notibras.com\/site\/#organization"},"image":{"@id":"https:\/\/www.notibras.com\/site\/adultos-ainda-tem-muito-medo-associado-a-covid-19\/#primaryimage"},"thumbnailUrl":"https:\/\/www.notibras.com\/site\/wp-content\/uploads\/2023\/12\/covidmedo.webp","articleSection":["Quadradinho em Foco"],"inLanguage":"pt-BR"},{"@type":"WebPage","@id":"https:\/\/www.notibras.com\/site\/adultos-ainda-tem-muito-medo-associado-a-covid-19\/","url":"https:\/\/www.notibras.com\/site\/adultos-ainda-tem-muito-medo-associado-a-covid-19\/","name":"Adultos ainda t\u00eam muito medo associado \u00e0 covid-19 - Notibras","isPartOf":{"@id":"https:\/\/www.notibras.com\/site\/#website"},"primaryImageOfPage":{"@id":"https:\/\/www.notibras.com\/site\/adultos-ainda-tem-muito-medo-associado-a-covid-19\/#primaryimage"},"image":{"@id":"https:\/\/www.notibras.com\/site\/adultos-ainda-tem-muito-medo-associado-a-covid-19\/#primaryimage"},"thumbnailUrl":"https:\/\/www.notibras.com\/site\/wp-content\/uploads\/2023\/12\/covidmedo.webp","datePublished":"2023-12-08T03:00:10+00:00","dateModified":"2023-12-08T12:29:29+00:00","breadcrumb":{"@id":"https:\/\/www.notibras.com\/site\/adultos-ainda-tem-muito-medo-associado-a-covid-19\/#breadcrumb"},"inLanguage":"pt-BR","potentialAction":[{"@type":"ReadAction","target":["https:\/\/www.notibras.com\/site\/adultos-ainda-tem-muito-medo-associado-a-covid-19\/"]}]},{"@type":"ImageObject","inLanguage":"pt-BR","@id":"https:\/\/www.notibras.com\/site\/adultos-ainda-tem-muito-medo-associado-a-covid-19\/#primaryimage","url":"https:\/\/www.notibras.com\/site\/wp-content\/uploads\/2023\/12\/covidmedo.webp","contentUrl":"https:\/\/www.notibras.com\/site\/wp-content\/uploads\/2023\/12\/covidmedo.webp","width":1170,"height":700},{"@type":"BreadcrumbList","@id":"https:\/\/www.notibras.com\/site\/adultos-ainda-tem-muito-medo-associado-a-covid-19\/#breadcrumb","itemListElement":[{"@type":"ListItem","position":1,"name":"In\u00edcio","item":"https:\/\/www.notibras.com\/site\/"},{"@type":"ListItem","position":2,"name":"Adultos ainda t\u00eam muito medo associado \u00e0 covid-19"}]},{"@type":"WebSite","@id":"https:\/\/www.notibras.com\/site\/#website","url":"https:\/\/www.notibras.com\/site\/","name":"Notibras","description":"Not\u00edcias de Bras\u00edlia, do Brasil e do Mundo","publisher":{"@id":"https:\/\/www.notibras.com\/site\/#organization"},"potentialAction":[{"@type":"SearchAction","target":{"@type":"EntryPoint","urlTemplate":"https:\/\/www.notibras.com\/site\/?s={search_term_string}"},"query-input":{"@type":"PropertyValueSpecification","valueRequired":true,"valueName":"search_term_string"}}],"inLanguage":"pt-BR"},{"@type":"Organization","@id":"https:\/\/www.notibras.com\/site\/#organization","name":"Grupo Notibras de Comunica\u00e7\u00e3o","url":"https:\/\/www.notibras.com\/site\/","logo":{"@type":"ImageObject","inLanguage":"pt-BR","@id":"https:\/\/www.notibras.com\/site\/#\/schema\/logo\/image\/","url":"https:\/\/www.notibras.com\/site\/wp-content\/uploads\/2023\/01\/notibras23.png","contentUrl":"https:\/\/www.notibras.com\/site\/wp-content\/uploads\/2023\/01\/notibras23.png","width":350,"height":87,"caption":"Grupo Notibras de Comunica\u00e7\u00e3o"},"image":{"@id":"https:\/\/www.notibras.com\/site\/#\/schema\/logo\/image\/"},"sameAs":["https:\/\/www.facebook.com\/notibras\/","https:\/\/x.com\/Notibras","https:\/\/www.instagram.com\/notibras\/"]},{"@type":"Person","@id":"https:\/\/www.notibras.com\/site\/#\/schema\/person\/36ab0979449956132d3e5b517ea76ac8","name":"Reda\u00e7\u00e3o","image":{"@type":"ImageObject","inLanguage":"pt-BR","@id":"https:\/\/secure.gravatar.com\/avatar\/e0a867bdedb85fd243eadf09663511f96fc81e0720a4a42581f334ad4303aa6b?s=96&d=mm&r=g","url":"https:\/\/secure.gravatar.com\/avatar\/e0a867bdedb85fd243eadf09663511f96fc81e0720a4a42581f334ad4303aa6b?s=96&d=mm&r=g","contentUrl":"https:\/\/secure.gravatar.com\/avatar\/e0a867bdedb85fd243eadf09663511f96fc81e0720a4a42581f334ad4303aa6b?s=96&d=mm&r=g","caption":"Reda\u00e7\u00e3o"}}]}},"amp_enabled":true,"_links":{"self":[{"href":"https:\/\/www.notibras.com\/site\/wp-json\/wp\/v2\/posts\/318760","targetHints":{"allow":["GET"]}}],"collection":[{"href":"https:\/\/www.notibras.com\/site\/wp-json\/wp\/v2\/posts"}],"about":[{"href":"https:\/\/www.notibras.com\/site\/wp-json\/wp\/v2\/types\/post"}],"author":[{"embeddable":true,"href":"https:\/\/www.notibras.com\/site\/wp-json\/wp\/v2\/users\/2"}],"replies":[{"embeddable":true,"href":"https:\/\/www.notibras.com\/site\/wp-json\/wp\/v2\/comments?post=318760"}],"version-history":[{"count":1,"href":"https:\/\/www.notibras.com\/site\/wp-json\/wp\/v2\/posts\/318760\/revisions"}],"predecessor-version":[{"id":318762,"href":"https:\/\/www.notibras.com\/site\/wp-json\/wp\/v2\/posts\/318760\/revisions\/318762"}],"wp:featuredmedia":[{"embeddable":true,"href":"https:\/\/www.notibras.com\/site\/wp-json\/wp\/v2\/media\/318761"}],"wp:attachment":[{"href":"https:\/\/www.notibras.com\/site\/wp-json\/wp\/v2\/media?parent=318760"}],"wp:term":[{"taxonomy":"category","embeddable":true,"href":"https:\/\/www.notibras.com\/site\/wp-json\/wp\/v2\/categories?post=318760"},{"taxonomy":"post_tag","embeddable":true,"href":"https:\/\/www.notibras.com\/site\/wp-json\/wp\/v2\/tags?post=318760"}],"curies":[{"name":"wp","href":"https:\/\/api.w.org\/{rel}","templated":true}]}}