{"id":318812,"date":"2023-12-09T08:13:13","date_gmt":"2023-12-09T11:13:13","guid":{"rendered":"https:\/\/www.notibras.com\/site\/?p=318812"},"modified":"2023-12-09T08:14:46","modified_gmt":"2023-12-09T11:14:46","slug":"filha-bate-pai-e-se-proclama-campea-mundial","status":"publish","type":"post","link":"https:\/\/www.notibras.com\/site\/filha-bate-pai-e-se-proclama-campea-mundial\/","title":{"rendered":"Filha bate pai e se proclama campe\u00e3 mundial"},"content":{"rendered":"<p>A menina e o pai, de f\u00e9rias, estavam na praia, onde resolveram inventar, naquele exato momento, talvez n\u00e3o t\u00e3o exato assim, o famoso t\u00eanis de praia. Marcaram o campo bem perto da \u00e1gua, onde a areia era mais firme, o que permitia que a bola quicasse com maior facilidade. \u00c9 verdade que o campo ficou meio inclinado, mas nada que pudesse atrapalhar a divers\u00e3o daqueles dois.<\/p>\n<p>E come\u00e7ou a partida, muito disputada por sinal. A menina logo abriu quatro pontos de vantagem, mas o pai conseguiu encostar no placar. Mesmo assim, ela fechou o primeiro set quase facilmente, haja vista a grande performance, especialmente pela sutil agilidade dos movimentos.<\/p>\n<p>T\u00e3o logo terminaram a primeira etapa, l\u00e1 estavam disputando o segundo set, que, por incr\u00edvel que pare\u00e7a, foi vencido pelo pai. Provavelmente, a menina ainda estava com a cabe\u00e7a no primeiro, ganho com facilidade. Ela deu mole!<\/p>\n<p>O terceiro e decisivo set come\u00e7ou tenso, pois ningu\u00e9m queria perder. Um erro bobo aqui, uma rebatida desastrosa ali, uma espirrada na raquete acol\u00e1. Seja como for, l\u00e1 estava a menina com a vantagem para, finalmente, fechar o jogo. E foi justamente o que aconteceu!<\/p>\n<p>Euf\u00f3rica, ela jogou a raquete para o alto, deitou na areia e come\u00e7ou a gritar que era a campe\u00e3 mundial de t\u00eanis. Enquanto isso, o pai, meio cabisbaixo, foi recolher as raquetes e a bolinha. Deixou o material num cantinho e puxou a filha para darem um mergulho no mar.<\/p>\n<p>Em seguida, voltaram para a barraca, onde estavam a madrasta e um amigo, o Almeidinha. A menina, ainda euf\u00f3rica pela grande conquista, j\u00e1 chegou dizendo que era a campe\u00e3 mundial de t\u00eanis. O Almeidinha, que de vez em quando se mostrava mal-humorado, a contestou:<\/p>\n<p>&#8211; Que campe\u00e3 mundial de t\u00eanis uma ova!<\/p>\n<p>&#8211; Sou, sim! Ganhei do meu pai agora!<\/p>\n<p>&#8211; E cad\u00ea os outros concorrentes?<\/p>\n<p>&#8211; Esse torneio s\u00f3 pode ser disputado por atletas altamente gabaritados!<\/p>\n<p>&#8211; E quem s\u00e3o?<\/p>\n<p>&#8211; U\u00e9, o meu pai e eu!<\/p>\n","protected":false},"excerpt":{"rendered":"<p>A menina e o pai, de f\u00e9rias, estavam na praia, onde resolveram inventar, naquele exato momento, talvez n\u00e3o t\u00e3o exato assim, o famoso t\u00eanis de praia. Marcaram o campo bem perto da \u00e1gua, onde a areia era mais firme, o que permitia que a bola quicasse com maior facilidade. \u00c9 verdade que o campo ficou [&hellip;]<\/p>\n","protected":false},"author":2,"featured_media":318814,"comment_status":"closed","ping_status":"closed","sticky":false,"template":"","format":"standard","meta":{"_acf_changed":false,"footnotes":""},"categories":[161],"tags":[],"class_list":["post-318812","post","type-post","status-publish","format-standard","has-post-thumbnail","hentry","category-quadradinho-em-foco"],"acf":[],"yoast_head":"<!-- This site is optimized with the Yoast SEO plugin v27.2 - https:\/\/yoast.com\/product\/yoast-seo-wordpress\/ -->\n<title>Filha bate pai e se proclama campe\u00e3 mundial - Notibras<\/title>\n<meta name=\"robots\" content=\"index, follow, max-snippet:-1, max-image-preview:large, max-video-preview:-1\" \/>\n<link rel=\"canonical\" href=\"https:\/\/www.notibras.com\/site\/filha-bate-pai-e-se-proclama-campea-mundial\/\" \/>\n<meta property=\"og:locale\" content=\"pt_BR\" \/>\n<meta property=\"og:type\" content=\"article\" \/>\n<meta property=\"og:title\" content=\"Filha bate pai e se proclama campe\u00e3 mundial - Notibras\" \/>\n<meta property=\"og:description\" content=\"A menina e o pai, de f\u00e9rias, estavam na praia, onde resolveram inventar, naquele exato momento, talvez n\u00e3o t\u00e3o exato assim, o famoso t\u00eanis de praia. Marcaram o campo bem perto da \u00e1gua, onde a areia era mais firme, o que permitia que a bola quicasse com maior facilidade. \u00c9 verdade que o campo ficou [&hellip;]\" \/>\n<meta property=\"og:url\" content=\"https:\/\/www.notibras.com\/site\/filha-bate-pai-e-se-proclama-campea-mundial\/\" \/>\n<meta property=\"og:site_name\" content=\"Notibras\" \/>\n<meta property=\"article:publisher\" content=\"https:\/\/www.facebook.com\/notibras\/\" \/>\n<meta property=\"article:published_time\" content=\"2023-12-09T11:13:13+00:00\" \/>\n<meta property=\"article:modified_time\" content=\"2023-12-09T11:14:46+00:00\" \/>\n<meta property=\"og:image\" content=\"https:\/\/www.notibras.com\/site\/wp-content\/uploads\/2023\/12\/a640f2a3-b445-4a35-b1d7-0000fc51f777.jpeg\" \/>\n\t<meta property=\"og:image:width\" content=\"572\" \/>\n\t<meta property=\"og:image:height\" content=\"572\" \/>\n\t<meta property=\"og:image:type\" content=\"image\/jpeg\" \/>\n<meta name=\"author\" content=\"Reda\u00e7\u00e3o\" \/>\n<meta name=\"twitter:card\" content=\"summary_large_image\" \/>\n<meta name=\"twitter:creator\" content=\"@Notibras\" \/>\n<meta name=\"twitter:site\" content=\"@Notibras\" \/>\n<meta name=\"twitter:label1\" content=\"Escrito por\" \/>\n\t<meta name=\"twitter:data1\" content=\"Reda\u00e7\u00e3o\" \/>\n\t<meta name=\"twitter:label2\" content=\"Est. tempo de leitura\" \/>\n\t<meta name=\"twitter:data2\" content=\"2 minutos\" \/>\n<script type=\"application\/ld+json\" class=\"yoast-schema-graph\">{\"@context\":\"https:\/\/schema.org\",\"@graph\":[{\"@type\":\"Article\",\"@id\":\"https:\/\/www.notibras.com\/site\/filha-bate-pai-e-se-proclama-campea-mundial\/#article\",\"isPartOf\":{\"@id\":\"https:\/\/www.notibras.com\/site\/filha-bate-pai-e-se-proclama-campea-mundial\/\"},\"author\":{\"name\":\"Reda\u00e7\u00e3o\",\"@id\":\"https:\/\/www.notibras.com\/site\/#\/schema\/person\/36ab0979449956132d3e5b517ea76ac8\"},\"headline\":\"Filha bate pai e se proclama campe\u00e3 mundial\",\"datePublished\":\"2023-12-09T11:13:13+00:00\",\"dateModified\":\"2023-12-09T11:14:46+00:00\",\"mainEntityOfPage\":{\"@id\":\"https:\/\/www.notibras.com\/site\/filha-bate-pai-e-se-proclama-campea-mundial\/\"},\"wordCount\":355,\"publisher\":{\"@id\":\"https:\/\/www.notibras.com\/site\/#organization\"},\"image\":{\"@id\":\"https:\/\/www.notibras.com\/site\/filha-bate-pai-e-se-proclama-campea-mundial\/#primaryimage\"},\"thumbnailUrl\":\"https:\/\/www.notibras.com\/site\/wp-content\/uploads\/2023\/12\/a640f2a3-b445-4a35-b1d7-0000fc51f777.jpeg\",\"articleSection\":[\"Quadradinho em Foco\"],\"inLanguage\":\"pt-BR\"},{\"@type\":\"WebPage\",\"@id\":\"https:\/\/www.notibras.com\/site\/filha-bate-pai-e-se-proclama-campea-mundial\/\",\"url\":\"https:\/\/www.notibras.com\/site\/filha-bate-pai-e-se-proclama-campea-mundial\/\",\"name\":\"Filha bate pai e se proclama campe\u00e3 mundial - Notibras\",\"isPartOf\":{\"@id\":\"https:\/\/www.notibras.com\/site\/#website\"},\"primaryImageOfPage\":{\"@id\":\"https:\/\/www.notibras.com\/site\/filha-bate-pai-e-se-proclama-campea-mundial\/#primaryimage\"},\"image\":{\"@id\":\"https:\/\/www.notibras.com\/site\/filha-bate-pai-e-se-proclama-campea-mundial\/#primaryimage\"},\"thumbnailUrl\":\"https:\/\/www.notibras.com\/site\/wp-content\/uploads\/2023\/12\/a640f2a3-b445-4a35-b1d7-0000fc51f777.jpeg\",\"datePublished\":\"2023-12-09T11:13:13+00:00\",\"dateModified\":\"2023-12-09T11:14:46+00:00\",\"breadcrumb\":{\"@id\":\"https:\/\/www.notibras.com\/site\/filha-bate-pai-e-se-proclama-campea-mundial\/#breadcrumb\"},\"inLanguage\":\"pt-BR\",\"potentialAction\":[{\"@type\":\"ReadAction\",\"target\":[\"https:\/\/www.notibras.com\/site\/filha-bate-pai-e-se-proclama-campea-mundial\/\"]}]},{\"@type\":\"ImageObject\",\"inLanguage\":\"pt-BR\",\"@id\":\"https:\/\/www.notibras.com\/site\/filha-bate-pai-e-se-proclama-campea-mundial\/#primaryimage\",\"url\":\"https:\/\/www.notibras.com\/site\/wp-content\/uploads\/2023\/12\/a640f2a3-b445-4a35-b1d7-0000fc51f777.jpeg\",\"contentUrl\":\"https:\/\/www.notibras.com\/site\/wp-content\/uploads\/2023\/12\/a640f2a3-b445-4a35-b1d7-0000fc51f777.jpeg\",\"width\":572,\"height\":572},{\"@type\":\"BreadcrumbList\",\"@id\":\"https:\/\/www.notibras.com\/site\/filha-bate-pai-e-se-proclama-campea-mundial\/#breadcrumb\",\"itemListElement\":[{\"@type\":\"ListItem\",\"position\":1,\"name\":\"In\u00edcio\",\"item\":\"https:\/\/www.notibras.com\/site\/\"},{\"@type\":\"ListItem\",\"position\":2,\"name\":\"Filha bate pai e se proclama campe\u00e3 mundial\"}]},{\"@type\":\"WebSite\",\"@id\":\"https:\/\/www.notibras.com\/site\/#website\",\"url\":\"https:\/\/www.notibras.com\/site\/\",\"name\":\"Notibras\",\"description\":\"Not\u00edcias de Bras\u00edlia, do Brasil e do Mundo\",\"publisher\":{\"@id\":\"https:\/\/www.notibras.com\/site\/#organization\"},\"potentialAction\":[{\"@type\":\"SearchAction\",\"target\":{\"@type\":\"EntryPoint\",\"urlTemplate\":\"https:\/\/www.notibras.com\/site\/?s={search_term_string}\"},\"query-input\":{\"@type\":\"PropertyValueSpecification\",\"valueRequired\":true,\"valueName\":\"search_term_string\"}}],\"inLanguage\":\"pt-BR\"},{\"@type\":\"Organization\",\"@id\":\"https:\/\/www.notibras.com\/site\/#organization\",\"name\":\"Grupo Notibras de Comunica\u00e7\u00e3o\",\"url\":\"https:\/\/www.notibras.com\/site\/\",\"logo\":{\"@type\":\"ImageObject\",\"inLanguage\":\"pt-BR\",\"@id\":\"https:\/\/www.notibras.com\/site\/#\/schema\/logo\/image\/\",\"url\":\"https:\/\/www.notibras.com\/site\/wp-content\/uploads\/2023\/01\/notibras23.png\",\"contentUrl\":\"https:\/\/www.notibras.com\/site\/wp-content\/uploads\/2023\/01\/notibras23.png\",\"width\":350,\"height\":87,\"caption\":\"Grupo Notibras de Comunica\u00e7\u00e3o\"},\"image\":{\"@id\":\"https:\/\/www.notibras.com\/site\/#\/schema\/logo\/image\/\"},\"sameAs\":[\"https:\/\/www.facebook.com\/notibras\/\",\"https:\/\/x.com\/Notibras\",\"https:\/\/www.instagram.com\/notibras\/\"]},{\"@type\":\"Person\",\"@id\":\"https:\/\/www.notibras.com\/site\/#\/schema\/person\/36ab0979449956132d3e5b517ea76ac8\",\"name\":\"Reda\u00e7\u00e3o\",\"image\":{\"@type\":\"ImageObject\",\"inLanguage\":\"pt-BR\",\"@id\":\"https:\/\/secure.gravatar.com\/avatar\/e0a867bdedb85fd243eadf09663511f96fc81e0720a4a42581f334ad4303aa6b?s=96&d=mm&r=g\",\"url\":\"https:\/\/secure.gravatar.com\/avatar\/e0a867bdedb85fd243eadf09663511f96fc81e0720a4a42581f334ad4303aa6b?s=96&d=mm&r=g\",\"contentUrl\":\"https:\/\/secure.gravatar.com\/avatar\/e0a867bdedb85fd243eadf09663511f96fc81e0720a4a42581f334ad4303aa6b?s=96&d=mm&r=g\",\"caption\":\"Reda\u00e7\u00e3o\"}}]}<\/script>\n<!-- \/ Yoast SEO plugin. -->","yoast_head_json":{"title":"Filha bate pai e se proclama campe\u00e3 mundial - Notibras","robots":{"index":"index","follow":"follow","max-snippet":"max-snippet:-1","max-image-preview":"max-image-preview:large","max-video-preview":"max-video-preview:-1"},"canonical":"https:\/\/www.notibras.com\/site\/filha-bate-pai-e-se-proclama-campea-mundial\/","og_locale":"pt_BR","og_type":"article","og_title":"Filha bate pai e se proclama campe\u00e3 mundial - Notibras","og_description":"A menina e o pai, de f\u00e9rias, estavam na praia, onde resolveram inventar, naquele exato momento, talvez n\u00e3o t\u00e3o exato assim, o famoso t\u00eanis de praia. Marcaram o campo bem perto da \u00e1gua, onde a areia era mais firme, o que permitia que a bola quicasse com maior facilidade. \u00c9 verdade que o campo ficou [&hellip;]","og_url":"https:\/\/www.notibras.com\/site\/filha-bate-pai-e-se-proclama-campea-mundial\/","og_site_name":"Notibras","article_publisher":"https:\/\/www.facebook.com\/notibras\/","article_published_time":"2023-12-09T11:13:13+00:00","article_modified_time":"2023-12-09T11:14:46+00:00","og_image":[{"width":572,"height":572,"url":"https:\/\/www.notibras.com\/site\/wp-content\/uploads\/2023\/12\/a640f2a3-b445-4a35-b1d7-0000fc51f777.jpeg","type":"image\/jpeg"}],"author":"Reda\u00e7\u00e3o","twitter_card":"summary_large_image","twitter_creator":"@Notibras","twitter_site":"@Notibras","twitter_misc":{"Escrito por":"Reda\u00e7\u00e3o","Est. tempo de leitura":"2 minutos"},"schema":{"@context":"https:\/\/schema.org","@graph":[{"@type":"Article","@id":"https:\/\/www.notibras.com\/site\/filha-bate-pai-e-se-proclama-campea-mundial\/#article","isPartOf":{"@id":"https:\/\/www.notibras.com\/site\/filha-bate-pai-e-se-proclama-campea-mundial\/"},"author":{"name":"Reda\u00e7\u00e3o","@id":"https:\/\/www.notibras.com\/site\/#\/schema\/person\/36ab0979449956132d3e5b517ea76ac8"},"headline":"Filha bate pai e se proclama campe\u00e3 mundial","datePublished":"2023-12-09T11:13:13+00:00","dateModified":"2023-12-09T11:14:46+00:00","mainEntityOfPage":{"@id":"https:\/\/www.notibras.com\/site\/filha-bate-pai-e-se-proclama-campea-mundial\/"},"wordCount":355,"publisher":{"@id":"https:\/\/www.notibras.com\/site\/#organization"},"image":{"@id":"https:\/\/www.notibras.com\/site\/filha-bate-pai-e-se-proclama-campea-mundial\/#primaryimage"},"thumbnailUrl":"https:\/\/www.notibras.com\/site\/wp-content\/uploads\/2023\/12\/a640f2a3-b445-4a35-b1d7-0000fc51f777.jpeg","articleSection":["Quadradinho em Foco"],"inLanguage":"pt-BR"},{"@type":"WebPage","@id":"https:\/\/www.notibras.com\/site\/filha-bate-pai-e-se-proclama-campea-mundial\/","url":"https:\/\/www.notibras.com\/site\/filha-bate-pai-e-se-proclama-campea-mundial\/","name":"Filha bate pai e se proclama campe\u00e3 mundial - Notibras","isPartOf":{"@id":"https:\/\/www.notibras.com\/site\/#website"},"primaryImageOfPage":{"@id":"https:\/\/www.notibras.com\/site\/filha-bate-pai-e-se-proclama-campea-mundial\/#primaryimage"},"image":{"@id":"https:\/\/www.notibras.com\/site\/filha-bate-pai-e-se-proclama-campea-mundial\/#primaryimage"},"thumbnailUrl":"https:\/\/www.notibras.com\/site\/wp-content\/uploads\/2023\/12\/a640f2a3-b445-4a35-b1d7-0000fc51f777.jpeg","datePublished":"2023-12-09T11:13:13+00:00","dateModified":"2023-12-09T11:14:46+00:00","breadcrumb":{"@id":"https:\/\/www.notibras.com\/site\/filha-bate-pai-e-se-proclama-campea-mundial\/#breadcrumb"},"inLanguage":"pt-BR","potentialAction":[{"@type":"ReadAction","target":["https:\/\/www.notibras.com\/site\/filha-bate-pai-e-se-proclama-campea-mundial\/"]}]},{"@type":"ImageObject","inLanguage":"pt-BR","@id":"https:\/\/www.notibras.com\/site\/filha-bate-pai-e-se-proclama-campea-mundial\/#primaryimage","url":"https:\/\/www.notibras.com\/site\/wp-content\/uploads\/2023\/12\/a640f2a3-b445-4a35-b1d7-0000fc51f777.jpeg","contentUrl":"https:\/\/www.notibras.com\/site\/wp-content\/uploads\/2023\/12\/a640f2a3-b445-4a35-b1d7-0000fc51f777.jpeg","width":572,"height":572},{"@type":"BreadcrumbList","@id":"https:\/\/www.notibras.com\/site\/filha-bate-pai-e-se-proclama-campea-mundial\/#breadcrumb","itemListElement":[{"@type":"ListItem","position":1,"name":"In\u00edcio","item":"https:\/\/www.notibras.com\/site\/"},{"@type":"ListItem","position":2,"name":"Filha bate pai e se proclama campe\u00e3 mundial"}]},{"@type":"WebSite","@id":"https:\/\/www.notibras.com\/site\/#website","url":"https:\/\/www.notibras.com\/site\/","name":"Notibras","description":"Not\u00edcias de Bras\u00edlia, do Brasil e do Mundo","publisher":{"@id":"https:\/\/www.notibras.com\/site\/#organization"},"potentialAction":[{"@type":"SearchAction","target":{"@type":"EntryPoint","urlTemplate":"https:\/\/www.notibras.com\/site\/?s={search_term_string}"},"query-input":{"@type":"PropertyValueSpecification","valueRequired":true,"valueName":"search_term_string"}}],"inLanguage":"pt-BR"},{"@type":"Organization","@id":"https:\/\/www.notibras.com\/site\/#organization","name":"Grupo Notibras de Comunica\u00e7\u00e3o","url":"https:\/\/www.notibras.com\/site\/","logo":{"@type":"ImageObject","inLanguage":"pt-BR","@id":"https:\/\/www.notibras.com\/site\/#\/schema\/logo\/image\/","url":"https:\/\/www.notibras.com\/site\/wp-content\/uploads\/2023\/01\/notibras23.png","contentUrl":"https:\/\/www.notibras.com\/site\/wp-content\/uploads\/2023\/01\/notibras23.png","width":350,"height":87,"caption":"Grupo Notibras de Comunica\u00e7\u00e3o"},"image":{"@id":"https:\/\/www.notibras.com\/site\/#\/schema\/logo\/image\/"},"sameAs":["https:\/\/www.facebook.com\/notibras\/","https:\/\/x.com\/Notibras","https:\/\/www.instagram.com\/notibras\/"]},{"@type":"Person","@id":"https:\/\/www.notibras.com\/site\/#\/schema\/person\/36ab0979449956132d3e5b517ea76ac8","name":"Reda\u00e7\u00e3o","image":{"@type":"ImageObject","inLanguage":"pt-BR","@id":"https:\/\/secure.gravatar.com\/avatar\/e0a867bdedb85fd243eadf09663511f96fc81e0720a4a42581f334ad4303aa6b?s=96&d=mm&r=g","url":"https:\/\/secure.gravatar.com\/avatar\/e0a867bdedb85fd243eadf09663511f96fc81e0720a4a42581f334ad4303aa6b?s=96&d=mm&r=g","contentUrl":"https:\/\/secure.gravatar.com\/avatar\/e0a867bdedb85fd243eadf09663511f96fc81e0720a4a42581f334ad4303aa6b?s=96&d=mm&r=g","caption":"Reda\u00e7\u00e3o"}}]}},"amp_enabled":true,"_links":{"self":[{"href":"https:\/\/www.notibras.com\/site\/wp-json\/wp\/v2\/posts\/318812","targetHints":{"allow":["GET"]}}],"collection":[{"href":"https:\/\/www.notibras.com\/site\/wp-json\/wp\/v2\/posts"}],"about":[{"href":"https:\/\/www.notibras.com\/site\/wp-json\/wp\/v2\/types\/post"}],"author":[{"embeddable":true,"href":"https:\/\/www.notibras.com\/site\/wp-json\/wp\/v2\/users\/2"}],"replies":[{"embeddable":true,"href":"https:\/\/www.notibras.com\/site\/wp-json\/wp\/v2\/comments?post=318812"}],"version-history":[{"count":3,"href":"https:\/\/www.notibras.com\/site\/wp-json\/wp\/v2\/posts\/318812\/revisions"}],"predecessor-version":[{"id":318817,"href":"https:\/\/www.notibras.com\/site\/wp-json\/wp\/v2\/posts\/318812\/revisions\/318817"}],"wp:featuredmedia":[{"embeddable":true,"href":"https:\/\/www.notibras.com\/site\/wp-json\/wp\/v2\/media\/318814"}],"wp:attachment":[{"href":"https:\/\/www.notibras.com\/site\/wp-json\/wp\/v2\/media?parent=318812"}],"wp:term":[{"taxonomy":"category","embeddable":true,"href":"https:\/\/www.notibras.com\/site\/wp-json\/wp\/v2\/categories?post=318812"},{"taxonomy":"post_tag","embeddable":true,"href":"https:\/\/www.notibras.com\/site\/wp-json\/wp\/v2\/tags?post=318812"}],"curies":[{"name":"wp","href":"https:\/\/api.w.org\/{rel}","templated":true}]}}