{"id":318836,"date":"2023-12-09T00:00:03","date_gmt":"2023-12-09T03:00:03","guid":{"rendered":"https:\/\/www.notibras.com\/site\/?p=318836"},"modified":"2023-12-09T09:16:24","modified_gmt":"2023-12-09T12:16:24","slug":"comite-especial-vai-atender-reclamacao-de-consumidores","status":"publish","type":"post","link":"https:\/\/www.notibras.com\/site\/comite-especial-vai-atender-reclamacao-de-consumidores\/","title":{"rendered":"Comit\u00ea especial vai atender reclama\u00e7\u00e3o de consumidores"},"content":{"rendered":"<p>A Secretaria Nacional do Consumidor, do Minist\u00e9rio da Justi\u00e7a e Seguran\u00e7a P\u00fablica, e a Associa\u00e7\u00e3o Brasileira das Empresas A\u00e9reas (Abear) v\u00e3o criar um comit\u00ea t\u00e9cnico para, com a colabora\u00e7\u00e3o das companhias de avia\u00e7\u00e3o, tentar melhorar o atendimento aos usu\u00e1rios do setor.<\/p>\n<p>O setor a\u00e9reo \u00e9 um dos que mais geram reclama\u00e7\u00f5es dos consumidores brasileiros, conforme destacou o secret\u00e1rio nacional, Wadih Damous, em nota.<\/p>\n<p>\u201cDiversas consumidoras e consumidores t\u00eam apresentado reclama\u00e7\u00f5es variadas em nossos sistemas, destacando pontos de insatisfa\u00e7\u00e3o [\u2026] Identificamos uma s\u00e9rie de itens que demandam aten\u00e7\u00e3o e gostar\u00edamos de promover um debate construtivo para explorar poss\u00edveis a\u00e7\u00f5es em resposta a essas reclama\u00e7\u00f5es.\u201d<\/p>\n<p>A cria\u00e7\u00e3o do grupo foi acertada durante uma reuni\u00e3o no minist\u00e9rio. Al\u00e9m de Damous e auxiliares, participaram da conversa a presidenta da Abear, Jurema Monteiro, e representantes da Associa\u00e7\u00e3o Internacional de Transporte A\u00e9reo (Iata); da Associa\u00e7\u00e3o Latino-Americana e do Caribe de Transporte A\u00e9reo (Alta) e das principais companhias de avia\u00e7\u00e3o do pa\u00eds.<\/p>\n<p>Segundo o minist\u00e9rio, o comit\u00ea t\u00e9cnico come\u00e7ar\u00e1 a funcionar no in\u00edcio de 2024. A portaria de constitui\u00e7\u00e3o do grupo deve ser publicada em breve.<\/p>\n<p>De acordo com o diretor do Departamento de Prote\u00e7\u00e3o e Defesa do Consumidor, Vitor Hugo do Amaral, as reclama\u00e7\u00f5es mais frequentes dos consumidores insatisfeitos com o setor a\u00e9reo dizem respeito a falhas nos canais de atendimento das empresas, falta de assist\u00eancia em caso de cancelamentos e\/ou atrasos nos voos, especialmente com passageiros idosos e crian\u00e7as, e dificuldades na obten\u00e7\u00e3o de reembolsos.<\/p>\n<p>Tamb\u00e9m em nota, a presidenta da Abear afirmou que as empresas do setor vem se esfor\u00e7ando para aprimorar a presta\u00e7\u00e3o de servi\u00e7os e responder \u00e0s queixas dos usu\u00e1rios.<\/p>\n<p>\u201cOs n\u00fameros de 2023 da [plataforma] consumidor.gov mostram que, passados os anos de pandemia, estamos em constante melhoria no atendimento ao consumidor\u201d, comentou Jurema Monteiro.<\/p>\n<p>Ela destacou que, em 2022, o \u00edndice de solu\u00e7\u00e3o de queixas registradas na plataforma consumidor.gov.br atingiu 75,3%. Em 2023, at\u00e9 outubro, o mesmo \u00edndice atingiu 81,8%.<\/p>\n<p>\u201cSe analisarmos a quantidade de passageiros que transportamos, temos, proporcionalmente, um n\u00famero pequeno de casos. Mas entendemos que cada usu\u00e1rio deve ser tratado da melhor forma, por isso estamos sempre buscando a evolu\u00e7\u00e3o desses indicadores\u201d, acrescentou a presidenta da Abear.<\/p>\n","protected":false},"excerpt":{"rendered":"<p>A Secretaria Nacional do Consumidor, do Minist\u00e9rio da Justi\u00e7a e Seguran\u00e7a P\u00fablica, e a Associa\u00e7\u00e3o Brasileira das Empresas A\u00e9reas (Abear) v\u00e3o criar um comit\u00ea t\u00e9cnico para, com a colabora\u00e7\u00e3o das companhias de avia\u00e7\u00e3o, tentar melhorar o atendimento aos usu\u00e1rios do setor. O setor a\u00e9reo \u00e9 um dos que mais geram reclama\u00e7\u00f5es dos consumidores brasileiros, conforme [&hellip;]<\/p>\n","protected":false},"author":2,"featured_media":318837,"comment_status":"closed","ping_status":"closed","sticky":false,"template":"","format":"standard","meta":{"_acf_changed":false,"footnotes":""},"categories":[161],"tags":[],"class_list":["post-318836","post","type-post","status-publish","format-standard","has-post-thumbnail","hentry","category-quadradinho-em-foco"],"acf":[],"yoast_head":"<!-- This site is optimized with the Yoast SEO plugin v27.2 - https:\/\/yoast.com\/product\/yoast-seo-wordpress\/ -->\n<title>Comit\u00ea especial vai atender reclama\u00e7\u00e3o de consumidores - Notibras<\/title>\n<meta name=\"robots\" content=\"index, follow, max-snippet:-1, max-image-preview:large, max-video-preview:-1\" \/>\n<link rel=\"canonical\" href=\"https:\/\/www.notibras.com\/site\/comite-especial-vai-atender-reclamacao-de-consumidores\/\" \/>\n<meta property=\"og:locale\" content=\"pt_BR\" \/>\n<meta property=\"og:type\" content=\"article\" \/>\n<meta property=\"og:title\" content=\"Comit\u00ea especial vai atender reclama\u00e7\u00e3o de consumidores - Notibras\" \/>\n<meta property=\"og:description\" content=\"A Secretaria Nacional do Consumidor, do Minist\u00e9rio da Justi\u00e7a e Seguran\u00e7a P\u00fablica, e a Associa\u00e7\u00e3o Brasileira das Empresas A\u00e9reas (Abear) v\u00e3o criar um comit\u00ea t\u00e9cnico para, com a colabora\u00e7\u00e3o das companhias de avia\u00e7\u00e3o, tentar melhorar o atendimento aos usu\u00e1rios do setor. O setor a\u00e9reo \u00e9 um dos que mais geram reclama\u00e7\u00f5es dos consumidores brasileiros, conforme [&hellip;]\" \/>\n<meta property=\"og:url\" content=\"https:\/\/www.notibras.com\/site\/comite-especial-vai-atender-reclamacao-de-consumidores\/\" \/>\n<meta property=\"og:site_name\" content=\"Notibras\" \/>\n<meta property=\"article:publisher\" content=\"https:\/\/www.facebook.com\/notibras\/\" \/>\n<meta property=\"article:published_time\" content=\"2023-12-09T03:00:03+00:00\" \/>\n<meta property=\"article:modified_time\" content=\"2023-12-09T12:16:24+00:00\" \/>\n<meta property=\"og:image\" content=\"https:\/\/www.notibras.com\/site\/wp-content\/uploads\/2023\/12\/voos.con_.webp\" \/>\n\t<meta property=\"og:image:width\" content=\"1170\" \/>\n\t<meta property=\"og:image:height\" content=\"700\" \/>\n\t<meta property=\"og:image:type\" content=\"image\/webp\" \/>\n<meta name=\"author\" content=\"Reda\u00e7\u00e3o\" \/>\n<meta name=\"twitter:card\" content=\"summary_large_image\" \/>\n<meta name=\"twitter:creator\" content=\"@Notibras\" \/>\n<meta name=\"twitter:site\" content=\"@Notibras\" \/>\n<meta name=\"twitter:label1\" content=\"Escrito por\" \/>\n\t<meta name=\"twitter:data1\" content=\"Reda\u00e7\u00e3o\" \/>\n\t<meta name=\"twitter:label2\" content=\"Est. tempo de leitura\" \/>\n\t<meta name=\"twitter:data2\" content=\"2 minutos\" \/>\n<script type=\"application\/ld+json\" class=\"yoast-schema-graph\">{\"@context\":\"https:\/\/schema.org\",\"@graph\":[{\"@type\":\"Article\",\"@id\":\"https:\/\/www.notibras.com\/site\/comite-especial-vai-atender-reclamacao-de-consumidores\/#article\",\"isPartOf\":{\"@id\":\"https:\/\/www.notibras.com\/site\/comite-especial-vai-atender-reclamacao-de-consumidores\/\"},\"author\":{\"name\":\"Reda\u00e7\u00e3o\",\"@id\":\"https:\/\/www.notibras.com\/site\/#\/schema\/person\/36ab0979449956132d3e5b517ea76ac8\"},\"headline\":\"Comit\u00ea especial vai atender reclama\u00e7\u00e3o de consumidores\",\"datePublished\":\"2023-12-09T03:00:03+00:00\",\"dateModified\":\"2023-12-09T12:16:24+00:00\",\"mainEntityOfPage\":{\"@id\":\"https:\/\/www.notibras.com\/site\/comite-especial-vai-atender-reclamacao-de-consumidores\/\"},\"wordCount\":417,\"publisher\":{\"@id\":\"https:\/\/www.notibras.com\/site\/#organization\"},\"image\":{\"@id\":\"https:\/\/www.notibras.com\/site\/comite-especial-vai-atender-reclamacao-de-consumidores\/#primaryimage\"},\"thumbnailUrl\":\"https:\/\/www.notibras.com\/site\/wp-content\/uploads\/2023\/12\/voos.con_.webp\",\"articleSection\":[\"Quadradinho em Foco\"],\"inLanguage\":\"pt-BR\"},{\"@type\":\"WebPage\",\"@id\":\"https:\/\/www.notibras.com\/site\/comite-especial-vai-atender-reclamacao-de-consumidores\/\",\"url\":\"https:\/\/www.notibras.com\/site\/comite-especial-vai-atender-reclamacao-de-consumidores\/\",\"name\":\"Comit\u00ea especial vai atender reclama\u00e7\u00e3o de consumidores - Notibras\",\"isPartOf\":{\"@id\":\"https:\/\/www.notibras.com\/site\/#website\"},\"primaryImageOfPage\":{\"@id\":\"https:\/\/www.notibras.com\/site\/comite-especial-vai-atender-reclamacao-de-consumidores\/#primaryimage\"},\"image\":{\"@id\":\"https:\/\/www.notibras.com\/site\/comite-especial-vai-atender-reclamacao-de-consumidores\/#primaryimage\"},\"thumbnailUrl\":\"https:\/\/www.notibras.com\/site\/wp-content\/uploads\/2023\/12\/voos.con_.webp\",\"datePublished\":\"2023-12-09T03:00:03+00:00\",\"dateModified\":\"2023-12-09T12:16:24+00:00\",\"breadcrumb\":{\"@id\":\"https:\/\/www.notibras.com\/site\/comite-especial-vai-atender-reclamacao-de-consumidores\/#breadcrumb\"},\"inLanguage\":\"pt-BR\",\"potentialAction\":[{\"@type\":\"ReadAction\",\"target\":[\"https:\/\/www.notibras.com\/site\/comite-especial-vai-atender-reclamacao-de-consumidores\/\"]}]},{\"@type\":\"ImageObject\",\"inLanguage\":\"pt-BR\",\"@id\":\"https:\/\/www.notibras.com\/site\/comite-especial-vai-atender-reclamacao-de-consumidores\/#primaryimage\",\"url\":\"https:\/\/www.notibras.com\/site\/wp-content\/uploads\/2023\/12\/voos.con_.webp\",\"contentUrl\":\"https:\/\/www.notibras.com\/site\/wp-content\/uploads\/2023\/12\/voos.con_.webp\",\"width\":1170,\"height\":700},{\"@type\":\"BreadcrumbList\",\"@id\":\"https:\/\/www.notibras.com\/site\/comite-especial-vai-atender-reclamacao-de-consumidores\/#breadcrumb\",\"itemListElement\":[{\"@type\":\"ListItem\",\"position\":1,\"name\":\"In\u00edcio\",\"item\":\"https:\/\/www.notibras.com\/site\/\"},{\"@type\":\"ListItem\",\"position\":2,\"name\":\"Comit\u00ea especial vai atender reclama\u00e7\u00e3o de consumidores\"}]},{\"@type\":\"WebSite\",\"@id\":\"https:\/\/www.notibras.com\/site\/#website\",\"url\":\"https:\/\/www.notibras.com\/site\/\",\"name\":\"Notibras\",\"description\":\"Not\u00edcias de Bras\u00edlia, do Brasil e do Mundo\",\"publisher\":{\"@id\":\"https:\/\/www.notibras.com\/site\/#organization\"},\"potentialAction\":[{\"@type\":\"SearchAction\",\"target\":{\"@type\":\"EntryPoint\",\"urlTemplate\":\"https:\/\/www.notibras.com\/site\/?s={search_term_string}\"},\"query-input\":{\"@type\":\"PropertyValueSpecification\",\"valueRequired\":true,\"valueName\":\"search_term_string\"}}],\"inLanguage\":\"pt-BR\"},{\"@type\":\"Organization\",\"@id\":\"https:\/\/www.notibras.com\/site\/#organization\",\"name\":\"Grupo Notibras de Comunica\u00e7\u00e3o\",\"url\":\"https:\/\/www.notibras.com\/site\/\",\"logo\":{\"@type\":\"ImageObject\",\"inLanguage\":\"pt-BR\",\"@id\":\"https:\/\/www.notibras.com\/site\/#\/schema\/logo\/image\/\",\"url\":\"https:\/\/www.notibras.com\/site\/wp-content\/uploads\/2023\/01\/notibras23.png\",\"contentUrl\":\"https:\/\/www.notibras.com\/site\/wp-content\/uploads\/2023\/01\/notibras23.png\",\"width\":350,\"height\":87,\"caption\":\"Grupo Notibras de Comunica\u00e7\u00e3o\"},\"image\":{\"@id\":\"https:\/\/www.notibras.com\/site\/#\/schema\/logo\/image\/\"},\"sameAs\":[\"https:\/\/www.facebook.com\/notibras\/\",\"https:\/\/x.com\/Notibras\",\"https:\/\/www.instagram.com\/notibras\/\"]},{\"@type\":\"Person\",\"@id\":\"https:\/\/www.notibras.com\/site\/#\/schema\/person\/36ab0979449956132d3e5b517ea76ac8\",\"name\":\"Reda\u00e7\u00e3o\",\"image\":{\"@type\":\"ImageObject\",\"inLanguage\":\"pt-BR\",\"@id\":\"https:\/\/secure.gravatar.com\/avatar\/e0a867bdedb85fd243eadf09663511f96fc81e0720a4a42581f334ad4303aa6b?s=96&d=mm&r=g\",\"url\":\"https:\/\/secure.gravatar.com\/avatar\/e0a867bdedb85fd243eadf09663511f96fc81e0720a4a42581f334ad4303aa6b?s=96&d=mm&r=g\",\"contentUrl\":\"https:\/\/secure.gravatar.com\/avatar\/e0a867bdedb85fd243eadf09663511f96fc81e0720a4a42581f334ad4303aa6b?s=96&d=mm&r=g\",\"caption\":\"Reda\u00e7\u00e3o\"}}]}<\/script>\n<!-- \/ Yoast SEO plugin. -->","yoast_head_json":{"title":"Comit\u00ea especial vai atender reclama\u00e7\u00e3o de consumidores - Notibras","robots":{"index":"index","follow":"follow","max-snippet":"max-snippet:-1","max-image-preview":"max-image-preview:large","max-video-preview":"max-video-preview:-1"},"canonical":"https:\/\/www.notibras.com\/site\/comite-especial-vai-atender-reclamacao-de-consumidores\/","og_locale":"pt_BR","og_type":"article","og_title":"Comit\u00ea especial vai atender reclama\u00e7\u00e3o de consumidores - Notibras","og_description":"A Secretaria Nacional do Consumidor, do Minist\u00e9rio da Justi\u00e7a e Seguran\u00e7a P\u00fablica, e a Associa\u00e7\u00e3o Brasileira das Empresas A\u00e9reas (Abear) v\u00e3o criar um comit\u00ea t\u00e9cnico para, com a colabora\u00e7\u00e3o das companhias de avia\u00e7\u00e3o, tentar melhorar o atendimento aos usu\u00e1rios do setor. O setor a\u00e9reo \u00e9 um dos que mais geram reclama\u00e7\u00f5es dos consumidores brasileiros, conforme [&hellip;]","og_url":"https:\/\/www.notibras.com\/site\/comite-especial-vai-atender-reclamacao-de-consumidores\/","og_site_name":"Notibras","article_publisher":"https:\/\/www.facebook.com\/notibras\/","article_published_time":"2023-12-09T03:00:03+00:00","article_modified_time":"2023-12-09T12:16:24+00:00","og_image":[{"width":1170,"height":700,"url":"https:\/\/www.notibras.com\/site\/wp-content\/uploads\/2023\/12\/voos.con_.webp","type":"image\/webp"}],"author":"Reda\u00e7\u00e3o","twitter_card":"summary_large_image","twitter_creator":"@Notibras","twitter_site":"@Notibras","twitter_misc":{"Escrito por":"Reda\u00e7\u00e3o","Est. tempo de leitura":"2 minutos"},"schema":{"@context":"https:\/\/schema.org","@graph":[{"@type":"Article","@id":"https:\/\/www.notibras.com\/site\/comite-especial-vai-atender-reclamacao-de-consumidores\/#article","isPartOf":{"@id":"https:\/\/www.notibras.com\/site\/comite-especial-vai-atender-reclamacao-de-consumidores\/"},"author":{"name":"Reda\u00e7\u00e3o","@id":"https:\/\/www.notibras.com\/site\/#\/schema\/person\/36ab0979449956132d3e5b517ea76ac8"},"headline":"Comit\u00ea especial vai atender reclama\u00e7\u00e3o de consumidores","datePublished":"2023-12-09T03:00:03+00:00","dateModified":"2023-12-09T12:16:24+00:00","mainEntityOfPage":{"@id":"https:\/\/www.notibras.com\/site\/comite-especial-vai-atender-reclamacao-de-consumidores\/"},"wordCount":417,"publisher":{"@id":"https:\/\/www.notibras.com\/site\/#organization"},"image":{"@id":"https:\/\/www.notibras.com\/site\/comite-especial-vai-atender-reclamacao-de-consumidores\/#primaryimage"},"thumbnailUrl":"https:\/\/www.notibras.com\/site\/wp-content\/uploads\/2023\/12\/voos.con_.webp","articleSection":["Quadradinho em Foco"],"inLanguage":"pt-BR"},{"@type":"WebPage","@id":"https:\/\/www.notibras.com\/site\/comite-especial-vai-atender-reclamacao-de-consumidores\/","url":"https:\/\/www.notibras.com\/site\/comite-especial-vai-atender-reclamacao-de-consumidores\/","name":"Comit\u00ea especial vai atender reclama\u00e7\u00e3o de consumidores - Notibras","isPartOf":{"@id":"https:\/\/www.notibras.com\/site\/#website"},"primaryImageOfPage":{"@id":"https:\/\/www.notibras.com\/site\/comite-especial-vai-atender-reclamacao-de-consumidores\/#primaryimage"},"image":{"@id":"https:\/\/www.notibras.com\/site\/comite-especial-vai-atender-reclamacao-de-consumidores\/#primaryimage"},"thumbnailUrl":"https:\/\/www.notibras.com\/site\/wp-content\/uploads\/2023\/12\/voos.con_.webp","datePublished":"2023-12-09T03:00:03+00:00","dateModified":"2023-12-09T12:16:24+00:00","breadcrumb":{"@id":"https:\/\/www.notibras.com\/site\/comite-especial-vai-atender-reclamacao-de-consumidores\/#breadcrumb"},"inLanguage":"pt-BR","potentialAction":[{"@type":"ReadAction","target":["https:\/\/www.notibras.com\/site\/comite-especial-vai-atender-reclamacao-de-consumidores\/"]}]},{"@type":"ImageObject","inLanguage":"pt-BR","@id":"https:\/\/www.notibras.com\/site\/comite-especial-vai-atender-reclamacao-de-consumidores\/#primaryimage","url":"https:\/\/www.notibras.com\/site\/wp-content\/uploads\/2023\/12\/voos.con_.webp","contentUrl":"https:\/\/www.notibras.com\/site\/wp-content\/uploads\/2023\/12\/voos.con_.webp","width":1170,"height":700},{"@type":"BreadcrumbList","@id":"https:\/\/www.notibras.com\/site\/comite-especial-vai-atender-reclamacao-de-consumidores\/#breadcrumb","itemListElement":[{"@type":"ListItem","position":1,"name":"In\u00edcio","item":"https:\/\/www.notibras.com\/site\/"},{"@type":"ListItem","position":2,"name":"Comit\u00ea especial vai atender reclama\u00e7\u00e3o de consumidores"}]},{"@type":"WebSite","@id":"https:\/\/www.notibras.com\/site\/#website","url":"https:\/\/www.notibras.com\/site\/","name":"Notibras","description":"Not\u00edcias de Bras\u00edlia, do Brasil e do Mundo","publisher":{"@id":"https:\/\/www.notibras.com\/site\/#organization"},"potentialAction":[{"@type":"SearchAction","target":{"@type":"EntryPoint","urlTemplate":"https:\/\/www.notibras.com\/site\/?s={search_term_string}"},"query-input":{"@type":"PropertyValueSpecification","valueRequired":true,"valueName":"search_term_string"}}],"inLanguage":"pt-BR"},{"@type":"Organization","@id":"https:\/\/www.notibras.com\/site\/#organization","name":"Grupo Notibras de Comunica\u00e7\u00e3o","url":"https:\/\/www.notibras.com\/site\/","logo":{"@type":"ImageObject","inLanguage":"pt-BR","@id":"https:\/\/www.notibras.com\/site\/#\/schema\/logo\/image\/","url":"https:\/\/www.notibras.com\/site\/wp-content\/uploads\/2023\/01\/notibras23.png","contentUrl":"https:\/\/www.notibras.com\/site\/wp-content\/uploads\/2023\/01\/notibras23.png","width":350,"height":87,"caption":"Grupo Notibras de Comunica\u00e7\u00e3o"},"image":{"@id":"https:\/\/www.notibras.com\/site\/#\/schema\/logo\/image\/"},"sameAs":["https:\/\/www.facebook.com\/notibras\/","https:\/\/x.com\/Notibras","https:\/\/www.instagram.com\/notibras\/"]},{"@type":"Person","@id":"https:\/\/www.notibras.com\/site\/#\/schema\/person\/36ab0979449956132d3e5b517ea76ac8","name":"Reda\u00e7\u00e3o","image":{"@type":"ImageObject","inLanguage":"pt-BR","@id":"https:\/\/secure.gravatar.com\/avatar\/e0a867bdedb85fd243eadf09663511f96fc81e0720a4a42581f334ad4303aa6b?s=96&d=mm&r=g","url":"https:\/\/secure.gravatar.com\/avatar\/e0a867bdedb85fd243eadf09663511f96fc81e0720a4a42581f334ad4303aa6b?s=96&d=mm&r=g","contentUrl":"https:\/\/secure.gravatar.com\/avatar\/e0a867bdedb85fd243eadf09663511f96fc81e0720a4a42581f334ad4303aa6b?s=96&d=mm&r=g","caption":"Reda\u00e7\u00e3o"}}]}},"amp_enabled":true,"_links":{"self":[{"href":"https:\/\/www.notibras.com\/site\/wp-json\/wp\/v2\/posts\/318836","targetHints":{"allow":["GET"]}}],"collection":[{"href":"https:\/\/www.notibras.com\/site\/wp-json\/wp\/v2\/posts"}],"about":[{"href":"https:\/\/www.notibras.com\/site\/wp-json\/wp\/v2\/types\/post"}],"author":[{"embeddable":true,"href":"https:\/\/www.notibras.com\/site\/wp-json\/wp\/v2\/users\/2"}],"replies":[{"embeddable":true,"href":"https:\/\/www.notibras.com\/site\/wp-json\/wp\/v2\/comments?post=318836"}],"version-history":[{"count":1,"href":"https:\/\/www.notibras.com\/site\/wp-json\/wp\/v2\/posts\/318836\/revisions"}],"predecessor-version":[{"id":318838,"href":"https:\/\/www.notibras.com\/site\/wp-json\/wp\/v2\/posts\/318836\/revisions\/318838"}],"wp:featuredmedia":[{"embeddable":true,"href":"https:\/\/www.notibras.com\/site\/wp-json\/wp\/v2\/media\/318837"}],"wp:attachment":[{"href":"https:\/\/www.notibras.com\/site\/wp-json\/wp\/v2\/media?parent=318836"}],"wp:term":[{"taxonomy":"category","embeddable":true,"href":"https:\/\/www.notibras.com\/site\/wp-json\/wp\/v2\/categories?post=318836"},{"taxonomy":"post_tag","embeddable":true,"href":"https:\/\/www.notibras.com\/site\/wp-json\/wp\/v2\/tags?post=318836"}],"curies":[{"name":"wp","href":"https:\/\/api.w.org\/{rel}","templated":true}]}}