{"id":318842,"date":"2023-12-09T00:00:37","date_gmt":"2023-12-09T03:00:37","guid":{"rendered":"https:\/\/www.notibras.com\/site\/?p=318842"},"modified":"2023-12-09T09:42:18","modified_gmt":"2023-12-09T12:42:18","slug":"sus-pronto-para-oferecer-vacina-contra-dengue","status":"publish","type":"post","link":"https:\/\/www.notibras.com\/site\/sus-pronto-para-oferecer-vacina-contra-dengue\/","title":{"rendered":"SUS pronto para oferecer vacina contra dengue"},"content":{"rendered":"<p>A Comiss\u00e3o Nacional de Incorpora\u00e7\u00f5es de Tecnologias no Sistema \u00danico de Sa\u00fade (Conitec) deve decidir ainda este ano sobre a incorpora\u00e7\u00e3o da vacina contra a dengue ao Sistema \u00danico de Sa\u00fade (SUS). De acordo com o secret\u00e1rio de Ci\u00eancia, Tecnologia e Insumos Estrat\u00e9gicos do Minist\u00e9rio da Sa\u00fade, Leandro Pinheiro Safatle, a comiss\u00e3o deve convocar reuni\u00e3o extraordin\u00e1ria at\u00e9 o final de dezembro para a tomada de decis\u00e3o.<\/p>\n<p>O minist\u00e9rio abriu consulta p\u00fablica sobre o tema. Considerando o cen\u00e1rio epidemiol\u00f3gico, a Conitec j\u00e1 recomendou a incorpora\u00e7\u00e3o do imunizante inicialmente para localidades e p\u00fablicos priorit\u00e1rios a serem definidos pelo Programa Nacional de Imuniza\u00e7\u00f5es (PNI). Essa defini\u00e7\u00e3o deve considerar regi\u00f5es de maior incid\u00eancia e faixas et\u00e1rias de maior risco para agravamento da doen\u00e7a.<\/p>\n<p>\u201cEsse processo tem sido c\u00e9lere no Minist\u00e9rio da Sa\u00fade, e esse \u00e9 um ponto importante a ser enfatizado porque ele faz parte dessa estrat\u00e9gia de buscar tecnologias que, de fato, atendam a um desafio de sa\u00fade como esse\u201d, explicou o secret\u00e1rio.<\/p>\n<p>\u201c\u00c9 um rito regulat\u00f3rio r\u00e1pido. Vai haver uma consulta p\u00fablica agora e vai ser mais r\u00e1pida. De 10 dias. O processo vai estar pronto para tomada de decis\u00e3o rapidamente\u201d, completou.<\/p>\n<p><strong>Pre\u00e7o e doses<\/strong><br \/>\nA recomenda\u00e7\u00e3o de incorpora\u00e7\u00e3o feita pela comiss\u00e3o est\u00e1 condicionada a uma proposta de redu\u00e7\u00e3o de pre\u00e7o pela fabricante. Apesar do desconto inicialmente oferecido, o valor por dose, de R$ 170, ainda \u00e9 classificado como alto pelo governo federal. \u201cNesse pre\u00e7o, o valor \u00e9 duas vezes maior que as vacinas mais caras inclu\u00eddas no programa\u201d, avaliou o minist\u00e9rio em nota.<\/p>\n<p>A demanda para avalia\u00e7\u00e3o da tecnologia foi submetida pela empresa japonesa Takeda Pharma, fabricante da Qdenga. Nos dados avaliados pela comiss\u00e3o, foi verificada efic\u00e1cia geral na redu\u00e7\u00e3o da hospitaliza\u00e7\u00e3o em 84% dos casos de dengue.<\/p>\n<p>\u201cPara propor uma estrat\u00e9gia nacional, o Minist\u00e9rio da Sa\u00fade questionou o quantitativo de doses que poderia ser fornecido ao SUS. De acordo com o laborat\u00f3rio, poder\u00e3o ser entregues 8,5 milh\u00f5es no primeiro ano e um total acumulado de 50 milh\u00f5es em 5 anos, o que imp\u00f5e restri\u00e7\u00f5es no p\u00fablico a ser atendido\u201d, informou o minist\u00e9rio.<\/p>\n","protected":false},"excerpt":{"rendered":"<p>A Comiss\u00e3o Nacional de Incorpora\u00e7\u00f5es de Tecnologias no Sistema \u00danico de Sa\u00fade (Conitec) deve decidir ainda este ano sobre a incorpora\u00e7\u00e3o da vacina contra a dengue ao Sistema \u00danico de Sa\u00fade (SUS). De acordo com o secret\u00e1rio de Ci\u00eancia, Tecnologia e Insumos Estrat\u00e9gicos do Minist\u00e9rio da Sa\u00fade, Leandro Pinheiro Safatle, a comiss\u00e3o deve convocar reuni\u00e3o [&hellip;]<\/p>\n","protected":false},"author":2,"featured_media":318843,"comment_status":"closed","ping_status":"closed","sticky":false,"template":"","format":"standard","meta":{"_acf_changed":false,"footnotes":""},"categories":[161],"tags":[],"class_list":["post-318842","post","type-post","status-publish","format-standard","has-post-thumbnail","hentry","category-quadradinho-em-foco"],"acf":[],"yoast_head":"<!-- This site is optimized with the Yoast SEO plugin v27.2 - https:\/\/yoast.com\/product\/yoast-seo-wordpress\/ -->\n<title>SUS pronto para oferecer vacina contra dengue - Notibras<\/title>\n<meta name=\"robots\" content=\"index, follow, max-snippet:-1, max-image-preview:large, max-video-preview:-1\" \/>\n<link rel=\"canonical\" href=\"https:\/\/www.notibras.com\/site\/sus-pronto-para-oferecer-vacina-contra-dengue\/\" \/>\n<meta property=\"og:locale\" content=\"pt_BR\" \/>\n<meta property=\"og:type\" content=\"article\" \/>\n<meta property=\"og:title\" content=\"SUS pronto para oferecer vacina contra dengue - Notibras\" \/>\n<meta property=\"og:description\" content=\"A Comiss\u00e3o Nacional de Incorpora\u00e7\u00f5es de Tecnologias no Sistema \u00danico de Sa\u00fade (Conitec) deve decidir ainda este ano sobre a incorpora\u00e7\u00e3o da vacina contra a dengue ao Sistema \u00danico de Sa\u00fade (SUS). De acordo com o secret\u00e1rio de Ci\u00eancia, Tecnologia e Insumos Estrat\u00e9gicos do Minist\u00e9rio da Sa\u00fade, Leandro Pinheiro Safatle, a comiss\u00e3o deve convocar reuni\u00e3o [&hellip;]\" \/>\n<meta property=\"og:url\" content=\"https:\/\/www.notibras.com\/site\/sus-pronto-para-oferecer-vacina-contra-dengue\/\" \/>\n<meta property=\"og:site_name\" content=\"Notibras\" \/>\n<meta property=\"article:publisher\" content=\"https:\/\/www.facebook.com\/notibras\/\" \/>\n<meta property=\"article:published_time\" content=\"2023-12-09T03:00:37+00:00\" \/>\n<meta property=\"article:modified_time\" content=\"2023-12-09T12:42:18+00:00\" \/>\n<meta property=\"og:image\" content=\"https:\/\/www.notibras.com\/site\/wp-content\/uploads\/2023\/12\/denguevac.webp\" \/>\n\t<meta property=\"og:image:width\" content=\"1170\" \/>\n\t<meta property=\"og:image:height\" content=\"700\" \/>\n\t<meta property=\"og:image:type\" content=\"image\/webp\" \/>\n<meta name=\"author\" content=\"Reda\u00e7\u00e3o\" \/>\n<meta name=\"twitter:card\" content=\"summary_large_image\" \/>\n<meta name=\"twitter:creator\" content=\"@Notibras\" \/>\n<meta name=\"twitter:site\" content=\"@Notibras\" \/>\n<meta name=\"twitter:label1\" content=\"Escrito por\" \/>\n\t<meta name=\"twitter:data1\" content=\"Reda\u00e7\u00e3o\" \/>\n\t<meta name=\"twitter:label2\" content=\"Est. tempo de leitura\" \/>\n\t<meta name=\"twitter:data2\" content=\"2 minutos\" \/>\n<script type=\"application\/ld+json\" class=\"yoast-schema-graph\">{\"@context\":\"https:\/\/schema.org\",\"@graph\":[{\"@type\":\"Article\",\"@id\":\"https:\/\/www.notibras.com\/site\/sus-pronto-para-oferecer-vacina-contra-dengue\/#article\",\"isPartOf\":{\"@id\":\"https:\/\/www.notibras.com\/site\/sus-pronto-para-oferecer-vacina-contra-dengue\/\"},\"author\":{\"name\":\"Reda\u00e7\u00e3o\",\"@id\":\"https:\/\/www.notibras.com\/site\/#\/schema\/person\/36ab0979449956132d3e5b517ea76ac8\"},\"headline\":\"SUS pronto para oferecer vacina contra dengue\",\"datePublished\":\"2023-12-09T03:00:37+00:00\",\"dateModified\":\"2023-12-09T12:42:18+00:00\",\"mainEntityOfPage\":{\"@id\":\"https:\/\/www.notibras.com\/site\/sus-pronto-para-oferecer-vacina-contra-dengue\/\"},\"wordCount\":402,\"publisher\":{\"@id\":\"https:\/\/www.notibras.com\/site\/#organization\"},\"image\":{\"@id\":\"https:\/\/www.notibras.com\/site\/sus-pronto-para-oferecer-vacina-contra-dengue\/#primaryimage\"},\"thumbnailUrl\":\"https:\/\/www.notibras.com\/site\/wp-content\/uploads\/2023\/12\/denguevac.webp\",\"articleSection\":[\"Quadradinho em Foco\"],\"inLanguage\":\"pt-BR\"},{\"@type\":\"WebPage\",\"@id\":\"https:\/\/www.notibras.com\/site\/sus-pronto-para-oferecer-vacina-contra-dengue\/\",\"url\":\"https:\/\/www.notibras.com\/site\/sus-pronto-para-oferecer-vacina-contra-dengue\/\",\"name\":\"SUS pronto para oferecer vacina contra dengue - Notibras\",\"isPartOf\":{\"@id\":\"https:\/\/www.notibras.com\/site\/#website\"},\"primaryImageOfPage\":{\"@id\":\"https:\/\/www.notibras.com\/site\/sus-pronto-para-oferecer-vacina-contra-dengue\/#primaryimage\"},\"image\":{\"@id\":\"https:\/\/www.notibras.com\/site\/sus-pronto-para-oferecer-vacina-contra-dengue\/#primaryimage\"},\"thumbnailUrl\":\"https:\/\/www.notibras.com\/site\/wp-content\/uploads\/2023\/12\/denguevac.webp\",\"datePublished\":\"2023-12-09T03:00:37+00:00\",\"dateModified\":\"2023-12-09T12:42:18+00:00\",\"breadcrumb\":{\"@id\":\"https:\/\/www.notibras.com\/site\/sus-pronto-para-oferecer-vacina-contra-dengue\/#breadcrumb\"},\"inLanguage\":\"pt-BR\",\"potentialAction\":[{\"@type\":\"ReadAction\",\"target\":[\"https:\/\/www.notibras.com\/site\/sus-pronto-para-oferecer-vacina-contra-dengue\/\"]}]},{\"@type\":\"ImageObject\",\"inLanguage\":\"pt-BR\",\"@id\":\"https:\/\/www.notibras.com\/site\/sus-pronto-para-oferecer-vacina-contra-dengue\/#primaryimage\",\"url\":\"https:\/\/www.notibras.com\/site\/wp-content\/uploads\/2023\/12\/denguevac.webp\",\"contentUrl\":\"https:\/\/www.notibras.com\/site\/wp-content\/uploads\/2023\/12\/denguevac.webp\",\"width\":1170,\"height\":700},{\"@type\":\"BreadcrumbList\",\"@id\":\"https:\/\/www.notibras.com\/site\/sus-pronto-para-oferecer-vacina-contra-dengue\/#breadcrumb\",\"itemListElement\":[{\"@type\":\"ListItem\",\"position\":1,\"name\":\"In\u00edcio\",\"item\":\"https:\/\/www.notibras.com\/site\/\"},{\"@type\":\"ListItem\",\"position\":2,\"name\":\"SUS pronto para oferecer vacina contra dengue\"}]},{\"@type\":\"WebSite\",\"@id\":\"https:\/\/www.notibras.com\/site\/#website\",\"url\":\"https:\/\/www.notibras.com\/site\/\",\"name\":\"Notibras\",\"description\":\"Not\u00edcias de Bras\u00edlia, do Brasil e do Mundo\",\"publisher\":{\"@id\":\"https:\/\/www.notibras.com\/site\/#organization\"},\"potentialAction\":[{\"@type\":\"SearchAction\",\"target\":{\"@type\":\"EntryPoint\",\"urlTemplate\":\"https:\/\/www.notibras.com\/site\/?s={search_term_string}\"},\"query-input\":{\"@type\":\"PropertyValueSpecification\",\"valueRequired\":true,\"valueName\":\"search_term_string\"}}],\"inLanguage\":\"pt-BR\"},{\"@type\":\"Organization\",\"@id\":\"https:\/\/www.notibras.com\/site\/#organization\",\"name\":\"Grupo Notibras de Comunica\u00e7\u00e3o\",\"url\":\"https:\/\/www.notibras.com\/site\/\",\"logo\":{\"@type\":\"ImageObject\",\"inLanguage\":\"pt-BR\",\"@id\":\"https:\/\/www.notibras.com\/site\/#\/schema\/logo\/image\/\",\"url\":\"https:\/\/www.notibras.com\/site\/wp-content\/uploads\/2023\/01\/notibras23.png\",\"contentUrl\":\"https:\/\/www.notibras.com\/site\/wp-content\/uploads\/2023\/01\/notibras23.png\",\"width\":350,\"height\":87,\"caption\":\"Grupo Notibras de Comunica\u00e7\u00e3o\"},\"image\":{\"@id\":\"https:\/\/www.notibras.com\/site\/#\/schema\/logo\/image\/\"},\"sameAs\":[\"https:\/\/www.facebook.com\/notibras\/\",\"https:\/\/x.com\/Notibras\",\"https:\/\/www.instagram.com\/notibras\/\"]},{\"@type\":\"Person\",\"@id\":\"https:\/\/www.notibras.com\/site\/#\/schema\/person\/36ab0979449956132d3e5b517ea76ac8\",\"name\":\"Reda\u00e7\u00e3o\",\"image\":{\"@type\":\"ImageObject\",\"inLanguage\":\"pt-BR\",\"@id\":\"https:\/\/secure.gravatar.com\/avatar\/e0a867bdedb85fd243eadf09663511f96fc81e0720a4a42581f334ad4303aa6b?s=96&d=mm&r=g\",\"url\":\"https:\/\/secure.gravatar.com\/avatar\/e0a867bdedb85fd243eadf09663511f96fc81e0720a4a42581f334ad4303aa6b?s=96&d=mm&r=g\",\"contentUrl\":\"https:\/\/secure.gravatar.com\/avatar\/e0a867bdedb85fd243eadf09663511f96fc81e0720a4a42581f334ad4303aa6b?s=96&d=mm&r=g\",\"caption\":\"Reda\u00e7\u00e3o\"}}]}<\/script>\n<!-- \/ Yoast SEO plugin. -->","yoast_head_json":{"title":"SUS pronto para oferecer vacina contra dengue - Notibras","robots":{"index":"index","follow":"follow","max-snippet":"max-snippet:-1","max-image-preview":"max-image-preview:large","max-video-preview":"max-video-preview:-1"},"canonical":"https:\/\/www.notibras.com\/site\/sus-pronto-para-oferecer-vacina-contra-dengue\/","og_locale":"pt_BR","og_type":"article","og_title":"SUS pronto para oferecer vacina contra dengue - Notibras","og_description":"A Comiss\u00e3o Nacional de Incorpora\u00e7\u00f5es de Tecnologias no Sistema \u00danico de Sa\u00fade (Conitec) deve decidir ainda este ano sobre a incorpora\u00e7\u00e3o da vacina contra a dengue ao Sistema \u00danico de Sa\u00fade (SUS). De acordo com o secret\u00e1rio de Ci\u00eancia, Tecnologia e Insumos Estrat\u00e9gicos do Minist\u00e9rio da Sa\u00fade, Leandro Pinheiro Safatle, a comiss\u00e3o deve convocar reuni\u00e3o [&hellip;]","og_url":"https:\/\/www.notibras.com\/site\/sus-pronto-para-oferecer-vacina-contra-dengue\/","og_site_name":"Notibras","article_publisher":"https:\/\/www.facebook.com\/notibras\/","article_published_time":"2023-12-09T03:00:37+00:00","article_modified_time":"2023-12-09T12:42:18+00:00","og_image":[{"width":1170,"height":700,"url":"https:\/\/www.notibras.com\/site\/wp-content\/uploads\/2023\/12\/denguevac.webp","type":"image\/webp"}],"author":"Reda\u00e7\u00e3o","twitter_card":"summary_large_image","twitter_creator":"@Notibras","twitter_site":"@Notibras","twitter_misc":{"Escrito por":"Reda\u00e7\u00e3o","Est. tempo de leitura":"2 minutos"},"schema":{"@context":"https:\/\/schema.org","@graph":[{"@type":"Article","@id":"https:\/\/www.notibras.com\/site\/sus-pronto-para-oferecer-vacina-contra-dengue\/#article","isPartOf":{"@id":"https:\/\/www.notibras.com\/site\/sus-pronto-para-oferecer-vacina-contra-dengue\/"},"author":{"name":"Reda\u00e7\u00e3o","@id":"https:\/\/www.notibras.com\/site\/#\/schema\/person\/36ab0979449956132d3e5b517ea76ac8"},"headline":"SUS pronto para oferecer vacina contra dengue","datePublished":"2023-12-09T03:00:37+00:00","dateModified":"2023-12-09T12:42:18+00:00","mainEntityOfPage":{"@id":"https:\/\/www.notibras.com\/site\/sus-pronto-para-oferecer-vacina-contra-dengue\/"},"wordCount":402,"publisher":{"@id":"https:\/\/www.notibras.com\/site\/#organization"},"image":{"@id":"https:\/\/www.notibras.com\/site\/sus-pronto-para-oferecer-vacina-contra-dengue\/#primaryimage"},"thumbnailUrl":"https:\/\/www.notibras.com\/site\/wp-content\/uploads\/2023\/12\/denguevac.webp","articleSection":["Quadradinho em Foco"],"inLanguage":"pt-BR"},{"@type":"WebPage","@id":"https:\/\/www.notibras.com\/site\/sus-pronto-para-oferecer-vacina-contra-dengue\/","url":"https:\/\/www.notibras.com\/site\/sus-pronto-para-oferecer-vacina-contra-dengue\/","name":"SUS pronto para oferecer vacina contra dengue - Notibras","isPartOf":{"@id":"https:\/\/www.notibras.com\/site\/#website"},"primaryImageOfPage":{"@id":"https:\/\/www.notibras.com\/site\/sus-pronto-para-oferecer-vacina-contra-dengue\/#primaryimage"},"image":{"@id":"https:\/\/www.notibras.com\/site\/sus-pronto-para-oferecer-vacina-contra-dengue\/#primaryimage"},"thumbnailUrl":"https:\/\/www.notibras.com\/site\/wp-content\/uploads\/2023\/12\/denguevac.webp","datePublished":"2023-12-09T03:00:37+00:00","dateModified":"2023-12-09T12:42:18+00:00","breadcrumb":{"@id":"https:\/\/www.notibras.com\/site\/sus-pronto-para-oferecer-vacina-contra-dengue\/#breadcrumb"},"inLanguage":"pt-BR","potentialAction":[{"@type":"ReadAction","target":["https:\/\/www.notibras.com\/site\/sus-pronto-para-oferecer-vacina-contra-dengue\/"]}]},{"@type":"ImageObject","inLanguage":"pt-BR","@id":"https:\/\/www.notibras.com\/site\/sus-pronto-para-oferecer-vacina-contra-dengue\/#primaryimage","url":"https:\/\/www.notibras.com\/site\/wp-content\/uploads\/2023\/12\/denguevac.webp","contentUrl":"https:\/\/www.notibras.com\/site\/wp-content\/uploads\/2023\/12\/denguevac.webp","width":1170,"height":700},{"@type":"BreadcrumbList","@id":"https:\/\/www.notibras.com\/site\/sus-pronto-para-oferecer-vacina-contra-dengue\/#breadcrumb","itemListElement":[{"@type":"ListItem","position":1,"name":"In\u00edcio","item":"https:\/\/www.notibras.com\/site\/"},{"@type":"ListItem","position":2,"name":"SUS pronto para oferecer vacina contra dengue"}]},{"@type":"WebSite","@id":"https:\/\/www.notibras.com\/site\/#website","url":"https:\/\/www.notibras.com\/site\/","name":"Notibras","description":"Not\u00edcias de Bras\u00edlia, do Brasil e do Mundo","publisher":{"@id":"https:\/\/www.notibras.com\/site\/#organization"},"potentialAction":[{"@type":"SearchAction","target":{"@type":"EntryPoint","urlTemplate":"https:\/\/www.notibras.com\/site\/?s={search_term_string}"},"query-input":{"@type":"PropertyValueSpecification","valueRequired":true,"valueName":"search_term_string"}}],"inLanguage":"pt-BR"},{"@type":"Organization","@id":"https:\/\/www.notibras.com\/site\/#organization","name":"Grupo Notibras de Comunica\u00e7\u00e3o","url":"https:\/\/www.notibras.com\/site\/","logo":{"@type":"ImageObject","inLanguage":"pt-BR","@id":"https:\/\/www.notibras.com\/site\/#\/schema\/logo\/image\/","url":"https:\/\/www.notibras.com\/site\/wp-content\/uploads\/2023\/01\/notibras23.png","contentUrl":"https:\/\/www.notibras.com\/site\/wp-content\/uploads\/2023\/01\/notibras23.png","width":350,"height":87,"caption":"Grupo Notibras de Comunica\u00e7\u00e3o"},"image":{"@id":"https:\/\/www.notibras.com\/site\/#\/schema\/logo\/image\/"},"sameAs":["https:\/\/www.facebook.com\/notibras\/","https:\/\/x.com\/Notibras","https:\/\/www.instagram.com\/notibras\/"]},{"@type":"Person","@id":"https:\/\/www.notibras.com\/site\/#\/schema\/person\/36ab0979449956132d3e5b517ea76ac8","name":"Reda\u00e7\u00e3o","image":{"@type":"ImageObject","inLanguage":"pt-BR","@id":"https:\/\/secure.gravatar.com\/avatar\/e0a867bdedb85fd243eadf09663511f96fc81e0720a4a42581f334ad4303aa6b?s=96&d=mm&r=g","url":"https:\/\/secure.gravatar.com\/avatar\/e0a867bdedb85fd243eadf09663511f96fc81e0720a4a42581f334ad4303aa6b?s=96&d=mm&r=g","contentUrl":"https:\/\/secure.gravatar.com\/avatar\/e0a867bdedb85fd243eadf09663511f96fc81e0720a4a42581f334ad4303aa6b?s=96&d=mm&r=g","caption":"Reda\u00e7\u00e3o"}}]}},"amp_enabled":true,"_links":{"self":[{"href":"https:\/\/www.notibras.com\/site\/wp-json\/wp\/v2\/posts\/318842","targetHints":{"allow":["GET"]}}],"collection":[{"href":"https:\/\/www.notibras.com\/site\/wp-json\/wp\/v2\/posts"}],"about":[{"href":"https:\/\/www.notibras.com\/site\/wp-json\/wp\/v2\/types\/post"}],"author":[{"embeddable":true,"href":"https:\/\/www.notibras.com\/site\/wp-json\/wp\/v2\/users\/2"}],"replies":[{"embeddable":true,"href":"https:\/\/www.notibras.com\/site\/wp-json\/wp\/v2\/comments?post=318842"}],"version-history":[{"count":1,"href":"https:\/\/www.notibras.com\/site\/wp-json\/wp\/v2\/posts\/318842\/revisions"}],"predecessor-version":[{"id":318844,"href":"https:\/\/www.notibras.com\/site\/wp-json\/wp\/v2\/posts\/318842\/revisions\/318844"}],"wp:featuredmedia":[{"embeddable":true,"href":"https:\/\/www.notibras.com\/site\/wp-json\/wp\/v2\/media\/318843"}],"wp:attachment":[{"href":"https:\/\/www.notibras.com\/site\/wp-json\/wp\/v2\/media?parent=318842"}],"wp:term":[{"taxonomy":"category","embeddable":true,"href":"https:\/\/www.notibras.com\/site\/wp-json\/wp\/v2\/categories?post=318842"},{"taxonomy":"post_tag","embeddable":true,"href":"https:\/\/www.notibras.com\/site\/wp-json\/wp\/v2\/tags?post=318842"}],"curies":[{"name":"wp","href":"https:\/\/api.w.org\/{rel}","templated":true}]}}