{"id":318845,"date":"2023-12-09T00:00:25","date_gmt":"2023-12-09T03:00:25","guid":{"rendered":"https:\/\/www.notibras.com\/site\/?p=318845"},"modified":"2023-12-09T09:51:54","modified_gmt":"2023-12-09T12:51:54","slug":"saude-preve-epidemia-de-dengue-em-brasilia","status":"publish","type":"post","link":"https:\/\/www.notibras.com\/site\/saude-preve-epidemia-de-dengue-em-brasilia\/","title":{"rendered":"Sa\u00fade prev\u00ea epidemia de dengue em Bras\u00edlia"},"content":{"rendered":"<p>A Regi\u00e3o Centro-Oeste (onde est\u00e1 encravado nosso &#8216;Quadradinho&#8217;) deve registrar n\u00edvel epid\u00eamico de dengue em 2024, conforme previs\u00e3o divulgada pelo Minist\u00e9rio da Sa\u00fade. \u201cTemos muitas pessoas que, por uma situa\u00e7\u00e3o menor, n\u00e3o tiveram a doen\u00e7a \u2013 principalmente crian\u00e7as e idosos. S\u00e3o os grupos que mais nos preocupam\u201d, avaliou a secret\u00e1ria de Vigil\u00e2ncia em Sa\u00fade, Ethel Maciel (\u00e0 esquerda, na foto).<\/p>\n<p>Outro alerta da pasta vale para a Regi\u00e3o Sudeste, sobretudo para os estados de Minas Gerais e do Esp\u00edrito Santo, onde h\u00e1 potencial epid\u00eamico para a dengue em 2024. No Sul, o Paran\u00e1 foi classificado como estado com potencial muito alto para casos de dengue e, no Nordeste, os casos devem aumentar, mas abaixo do limiar epid\u00eamico. \u201cVamos seguir monitorando\u201d, disse a secret\u00e1ria.<\/p>\n<p><strong>Mosquito<\/strong><br \/>\nDados do Levantamento R\u00e1pido de \u00cdndice de Infesta\u00e7\u00e3o por Aedes aegypti (LIRAa) indicam que 1.506 de um total de 4.976 munic\u00edpios analisados t\u00eam classifica\u00e7\u00e3o de alerta para infesta\u00e7\u00e3o do mosquito \u2013 o equivalente a 30,2%. Al\u00e9m disso, 189 munic\u00edpios ou 3,7% t\u00eam classifica\u00e7\u00e3o ainda mais alta, de risco. O restante (3.281 ou 65,9%) obteve classifica\u00e7\u00e3o satisfat\u00f3ria.<\/p>\n<p>Os n\u00fameros mostram tamb\u00e9m que, em 2023, 74,8% dos criadouros do mosquito da dengue est\u00e3o nos domic\u00edlios, como em vasos e pratos de plantas, garrafas retorn\u00e1veis, pingadeiras, recipientes de degelo em geladeiras, bebedouros em geral, pequenas fontes ornamentais e materiais em dep\u00f3sitos de constru\u00e7\u00e3o (sanit\u00e1rios estocados e canos, por exemplo).<\/p>\n<p>Ainda de acordo com o levantamento, dep\u00f3sitos de armazenamento de \u00e1gua elevados (caixas d\u2019\u00e1gua, tambores, dep\u00f3sitos de alvenaria) e no n\u00edvel do solo (tonel, tambor, barril, cisternas, po\u00e7o, cacimba, cisterna) aparecem como segundo maior foco de procria\u00e7\u00e3o dos mosquitos, com 22%, enquanto dep\u00f3sitos de pneus e lixo respondem por 3,2%.<\/p>\n<p>A pesquisa \u00e9 realizada pela amostragem de im\u00f3veis e criadouros com \u00e1gua positivos para larvas de Aedes aegypti no \u00e2mbito municipal. Os estados consolidam os dados dos munic\u00edpios e encaminham ao minist\u00e9rio.<\/p>\n","protected":false},"excerpt":{"rendered":"<p>A Regi\u00e3o Centro-Oeste (onde est\u00e1 encravado nosso &#8216;Quadradinho&#8217;) deve registrar n\u00edvel epid\u00eamico de dengue em 2024, conforme previs\u00e3o divulgada pelo Minist\u00e9rio da Sa\u00fade. \u201cTemos muitas pessoas que, por uma situa\u00e7\u00e3o menor, n\u00e3o tiveram a doen\u00e7a \u2013 principalmente crian\u00e7as e idosos. S\u00e3o os grupos que mais nos preocupam\u201d, avaliou a secret\u00e1ria de Vigil\u00e2ncia em Sa\u00fade, Ethel [&hellip;]<\/p>\n","protected":false},"author":2,"featured_media":318846,"comment_status":"closed","ping_status":"closed","sticky":false,"template":"","format":"standard","meta":{"_acf_changed":false,"footnotes":""},"categories":[161],"tags":[],"class_list":["post-318845","post","type-post","status-publish","format-standard","has-post-thumbnail","hentry","category-quadradinho-em-foco"],"acf":[],"yoast_head":"<!-- This site is optimized with the Yoast SEO plugin v27.2 - https:\/\/yoast.com\/product\/yoast-seo-wordpress\/ -->\n<title>Sa\u00fade prev\u00ea epidemia de dengue em Bras\u00edlia - Notibras<\/title>\n<meta name=\"robots\" content=\"index, follow, max-snippet:-1, max-image-preview:large, max-video-preview:-1\" \/>\n<link rel=\"canonical\" href=\"https:\/\/www.notibras.com\/site\/saude-preve-epidemia-de-dengue-em-brasilia\/\" \/>\n<meta property=\"og:locale\" content=\"pt_BR\" \/>\n<meta property=\"og:type\" content=\"article\" \/>\n<meta property=\"og:title\" content=\"Sa\u00fade prev\u00ea epidemia de dengue em Bras\u00edlia - Notibras\" \/>\n<meta property=\"og:description\" content=\"A Regi\u00e3o Centro-Oeste (onde est\u00e1 encravado nosso &#8216;Quadradinho&#8217;) deve registrar n\u00edvel epid\u00eamico de dengue em 2024, conforme previs\u00e3o divulgada pelo Minist\u00e9rio da Sa\u00fade. \u201cTemos muitas pessoas que, por uma situa\u00e7\u00e3o menor, n\u00e3o tiveram a doen\u00e7a \u2013 principalmente crian\u00e7as e idosos. S\u00e3o os grupos que mais nos preocupam\u201d, avaliou a secret\u00e1ria de Vigil\u00e2ncia em Sa\u00fade, Ethel [&hellip;]\" \/>\n<meta property=\"og:url\" content=\"https:\/\/www.notibras.com\/site\/saude-preve-epidemia-de-dengue-em-brasilia\/\" \/>\n<meta property=\"og:site_name\" content=\"Notibras\" \/>\n<meta property=\"article:publisher\" content=\"https:\/\/www.facebook.com\/notibras\/\" \/>\n<meta property=\"article:published_time\" content=\"2023-12-09T03:00:25+00:00\" \/>\n<meta property=\"article:modified_time\" content=\"2023-12-09T12:51:54+00:00\" \/>\n<meta property=\"og:image\" content=\"https:\/\/www.notibras.com\/site\/wp-content\/uploads\/2023\/12\/dengue2024.webp\" \/>\n\t<meta property=\"og:image:width\" content=\"1170\" \/>\n\t<meta property=\"og:image:height\" content=\"700\" \/>\n\t<meta property=\"og:image:type\" content=\"image\/webp\" \/>\n<meta name=\"author\" content=\"Reda\u00e7\u00e3o\" \/>\n<meta name=\"twitter:card\" content=\"summary_large_image\" \/>\n<meta name=\"twitter:creator\" content=\"@Notibras\" \/>\n<meta name=\"twitter:site\" content=\"@Notibras\" \/>\n<meta name=\"twitter:label1\" content=\"Escrito por\" \/>\n\t<meta name=\"twitter:data1\" content=\"Reda\u00e7\u00e3o\" \/>\n\t<meta name=\"twitter:label2\" content=\"Est. tempo de leitura\" \/>\n\t<meta name=\"twitter:data2\" content=\"2 minutos\" \/>\n<script type=\"application\/ld+json\" class=\"yoast-schema-graph\">{\"@context\":\"https:\/\/schema.org\",\"@graph\":[{\"@type\":\"Article\",\"@id\":\"https:\/\/www.notibras.com\/site\/saude-preve-epidemia-de-dengue-em-brasilia\/#article\",\"isPartOf\":{\"@id\":\"https:\/\/www.notibras.com\/site\/saude-preve-epidemia-de-dengue-em-brasilia\/\"},\"author\":{\"name\":\"Reda\u00e7\u00e3o\",\"@id\":\"https:\/\/www.notibras.com\/site\/#\/schema\/person\/36ab0979449956132d3e5b517ea76ac8\"},\"headline\":\"Sa\u00fade prev\u00ea epidemia de dengue em Bras\u00edlia\",\"datePublished\":\"2023-12-09T03:00:25+00:00\",\"dateModified\":\"2023-12-09T12:51:54+00:00\",\"mainEntityOfPage\":{\"@id\":\"https:\/\/www.notibras.com\/site\/saude-preve-epidemia-de-dengue-em-brasilia\/\"},\"wordCount\":353,\"publisher\":{\"@id\":\"https:\/\/www.notibras.com\/site\/#organization\"},\"image\":{\"@id\":\"https:\/\/www.notibras.com\/site\/saude-preve-epidemia-de-dengue-em-brasilia\/#primaryimage\"},\"thumbnailUrl\":\"https:\/\/www.notibras.com\/site\/wp-content\/uploads\/2023\/12\/dengue2024.webp\",\"articleSection\":[\"Quadradinho em Foco\"],\"inLanguage\":\"pt-BR\"},{\"@type\":\"WebPage\",\"@id\":\"https:\/\/www.notibras.com\/site\/saude-preve-epidemia-de-dengue-em-brasilia\/\",\"url\":\"https:\/\/www.notibras.com\/site\/saude-preve-epidemia-de-dengue-em-brasilia\/\",\"name\":\"Sa\u00fade prev\u00ea epidemia de dengue em Bras\u00edlia - Notibras\",\"isPartOf\":{\"@id\":\"https:\/\/www.notibras.com\/site\/#website\"},\"primaryImageOfPage\":{\"@id\":\"https:\/\/www.notibras.com\/site\/saude-preve-epidemia-de-dengue-em-brasilia\/#primaryimage\"},\"image\":{\"@id\":\"https:\/\/www.notibras.com\/site\/saude-preve-epidemia-de-dengue-em-brasilia\/#primaryimage\"},\"thumbnailUrl\":\"https:\/\/www.notibras.com\/site\/wp-content\/uploads\/2023\/12\/dengue2024.webp\",\"datePublished\":\"2023-12-09T03:00:25+00:00\",\"dateModified\":\"2023-12-09T12:51:54+00:00\",\"breadcrumb\":{\"@id\":\"https:\/\/www.notibras.com\/site\/saude-preve-epidemia-de-dengue-em-brasilia\/#breadcrumb\"},\"inLanguage\":\"pt-BR\",\"potentialAction\":[{\"@type\":\"ReadAction\",\"target\":[\"https:\/\/www.notibras.com\/site\/saude-preve-epidemia-de-dengue-em-brasilia\/\"]}]},{\"@type\":\"ImageObject\",\"inLanguage\":\"pt-BR\",\"@id\":\"https:\/\/www.notibras.com\/site\/saude-preve-epidemia-de-dengue-em-brasilia\/#primaryimage\",\"url\":\"https:\/\/www.notibras.com\/site\/wp-content\/uploads\/2023\/12\/dengue2024.webp\",\"contentUrl\":\"https:\/\/www.notibras.com\/site\/wp-content\/uploads\/2023\/12\/dengue2024.webp\",\"width\":1170,\"height\":700},{\"@type\":\"BreadcrumbList\",\"@id\":\"https:\/\/www.notibras.com\/site\/saude-preve-epidemia-de-dengue-em-brasilia\/#breadcrumb\",\"itemListElement\":[{\"@type\":\"ListItem\",\"position\":1,\"name\":\"In\u00edcio\",\"item\":\"https:\/\/www.notibras.com\/site\/\"},{\"@type\":\"ListItem\",\"position\":2,\"name\":\"Sa\u00fade prev\u00ea epidemia de dengue em Bras\u00edlia\"}]},{\"@type\":\"WebSite\",\"@id\":\"https:\/\/www.notibras.com\/site\/#website\",\"url\":\"https:\/\/www.notibras.com\/site\/\",\"name\":\"Notibras\",\"description\":\"Not\u00edcias de Bras\u00edlia, do Brasil e do Mundo\",\"publisher\":{\"@id\":\"https:\/\/www.notibras.com\/site\/#organization\"},\"potentialAction\":[{\"@type\":\"SearchAction\",\"target\":{\"@type\":\"EntryPoint\",\"urlTemplate\":\"https:\/\/www.notibras.com\/site\/?s={search_term_string}\"},\"query-input\":{\"@type\":\"PropertyValueSpecification\",\"valueRequired\":true,\"valueName\":\"search_term_string\"}}],\"inLanguage\":\"pt-BR\"},{\"@type\":\"Organization\",\"@id\":\"https:\/\/www.notibras.com\/site\/#organization\",\"name\":\"Grupo Notibras de Comunica\u00e7\u00e3o\",\"url\":\"https:\/\/www.notibras.com\/site\/\",\"logo\":{\"@type\":\"ImageObject\",\"inLanguage\":\"pt-BR\",\"@id\":\"https:\/\/www.notibras.com\/site\/#\/schema\/logo\/image\/\",\"url\":\"https:\/\/www.notibras.com\/site\/wp-content\/uploads\/2023\/01\/notibras23.png\",\"contentUrl\":\"https:\/\/www.notibras.com\/site\/wp-content\/uploads\/2023\/01\/notibras23.png\",\"width\":350,\"height\":87,\"caption\":\"Grupo Notibras de Comunica\u00e7\u00e3o\"},\"image\":{\"@id\":\"https:\/\/www.notibras.com\/site\/#\/schema\/logo\/image\/\"},\"sameAs\":[\"https:\/\/www.facebook.com\/notibras\/\",\"https:\/\/x.com\/Notibras\",\"https:\/\/www.instagram.com\/notibras\/\"]},{\"@type\":\"Person\",\"@id\":\"https:\/\/www.notibras.com\/site\/#\/schema\/person\/36ab0979449956132d3e5b517ea76ac8\",\"name\":\"Reda\u00e7\u00e3o\",\"image\":{\"@type\":\"ImageObject\",\"inLanguage\":\"pt-BR\",\"@id\":\"https:\/\/secure.gravatar.com\/avatar\/e0a867bdedb85fd243eadf09663511f96fc81e0720a4a42581f334ad4303aa6b?s=96&d=mm&r=g\",\"url\":\"https:\/\/secure.gravatar.com\/avatar\/e0a867bdedb85fd243eadf09663511f96fc81e0720a4a42581f334ad4303aa6b?s=96&d=mm&r=g\",\"contentUrl\":\"https:\/\/secure.gravatar.com\/avatar\/e0a867bdedb85fd243eadf09663511f96fc81e0720a4a42581f334ad4303aa6b?s=96&d=mm&r=g\",\"caption\":\"Reda\u00e7\u00e3o\"}}]}<\/script>\n<!-- \/ Yoast SEO plugin. -->","yoast_head_json":{"title":"Sa\u00fade prev\u00ea epidemia de dengue em Bras\u00edlia - Notibras","robots":{"index":"index","follow":"follow","max-snippet":"max-snippet:-1","max-image-preview":"max-image-preview:large","max-video-preview":"max-video-preview:-1"},"canonical":"https:\/\/www.notibras.com\/site\/saude-preve-epidemia-de-dengue-em-brasilia\/","og_locale":"pt_BR","og_type":"article","og_title":"Sa\u00fade prev\u00ea epidemia de dengue em Bras\u00edlia - Notibras","og_description":"A Regi\u00e3o Centro-Oeste (onde est\u00e1 encravado nosso &#8216;Quadradinho&#8217;) deve registrar n\u00edvel epid\u00eamico de dengue em 2024, conforme previs\u00e3o divulgada pelo Minist\u00e9rio da Sa\u00fade. \u201cTemos muitas pessoas que, por uma situa\u00e7\u00e3o menor, n\u00e3o tiveram a doen\u00e7a \u2013 principalmente crian\u00e7as e idosos. S\u00e3o os grupos que mais nos preocupam\u201d, avaliou a secret\u00e1ria de Vigil\u00e2ncia em Sa\u00fade, Ethel [&hellip;]","og_url":"https:\/\/www.notibras.com\/site\/saude-preve-epidemia-de-dengue-em-brasilia\/","og_site_name":"Notibras","article_publisher":"https:\/\/www.facebook.com\/notibras\/","article_published_time":"2023-12-09T03:00:25+00:00","article_modified_time":"2023-12-09T12:51:54+00:00","og_image":[{"width":1170,"height":700,"url":"https:\/\/www.notibras.com\/site\/wp-content\/uploads\/2023\/12\/dengue2024.webp","type":"image\/webp"}],"author":"Reda\u00e7\u00e3o","twitter_card":"summary_large_image","twitter_creator":"@Notibras","twitter_site":"@Notibras","twitter_misc":{"Escrito por":"Reda\u00e7\u00e3o","Est. tempo de leitura":"2 minutos"},"schema":{"@context":"https:\/\/schema.org","@graph":[{"@type":"Article","@id":"https:\/\/www.notibras.com\/site\/saude-preve-epidemia-de-dengue-em-brasilia\/#article","isPartOf":{"@id":"https:\/\/www.notibras.com\/site\/saude-preve-epidemia-de-dengue-em-brasilia\/"},"author":{"name":"Reda\u00e7\u00e3o","@id":"https:\/\/www.notibras.com\/site\/#\/schema\/person\/36ab0979449956132d3e5b517ea76ac8"},"headline":"Sa\u00fade prev\u00ea epidemia de dengue em Bras\u00edlia","datePublished":"2023-12-09T03:00:25+00:00","dateModified":"2023-12-09T12:51:54+00:00","mainEntityOfPage":{"@id":"https:\/\/www.notibras.com\/site\/saude-preve-epidemia-de-dengue-em-brasilia\/"},"wordCount":353,"publisher":{"@id":"https:\/\/www.notibras.com\/site\/#organization"},"image":{"@id":"https:\/\/www.notibras.com\/site\/saude-preve-epidemia-de-dengue-em-brasilia\/#primaryimage"},"thumbnailUrl":"https:\/\/www.notibras.com\/site\/wp-content\/uploads\/2023\/12\/dengue2024.webp","articleSection":["Quadradinho em Foco"],"inLanguage":"pt-BR"},{"@type":"WebPage","@id":"https:\/\/www.notibras.com\/site\/saude-preve-epidemia-de-dengue-em-brasilia\/","url":"https:\/\/www.notibras.com\/site\/saude-preve-epidemia-de-dengue-em-brasilia\/","name":"Sa\u00fade prev\u00ea epidemia de dengue em Bras\u00edlia - Notibras","isPartOf":{"@id":"https:\/\/www.notibras.com\/site\/#website"},"primaryImageOfPage":{"@id":"https:\/\/www.notibras.com\/site\/saude-preve-epidemia-de-dengue-em-brasilia\/#primaryimage"},"image":{"@id":"https:\/\/www.notibras.com\/site\/saude-preve-epidemia-de-dengue-em-brasilia\/#primaryimage"},"thumbnailUrl":"https:\/\/www.notibras.com\/site\/wp-content\/uploads\/2023\/12\/dengue2024.webp","datePublished":"2023-12-09T03:00:25+00:00","dateModified":"2023-12-09T12:51:54+00:00","breadcrumb":{"@id":"https:\/\/www.notibras.com\/site\/saude-preve-epidemia-de-dengue-em-brasilia\/#breadcrumb"},"inLanguage":"pt-BR","potentialAction":[{"@type":"ReadAction","target":["https:\/\/www.notibras.com\/site\/saude-preve-epidemia-de-dengue-em-brasilia\/"]}]},{"@type":"ImageObject","inLanguage":"pt-BR","@id":"https:\/\/www.notibras.com\/site\/saude-preve-epidemia-de-dengue-em-brasilia\/#primaryimage","url":"https:\/\/www.notibras.com\/site\/wp-content\/uploads\/2023\/12\/dengue2024.webp","contentUrl":"https:\/\/www.notibras.com\/site\/wp-content\/uploads\/2023\/12\/dengue2024.webp","width":1170,"height":700},{"@type":"BreadcrumbList","@id":"https:\/\/www.notibras.com\/site\/saude-preve-epidemia-de-dengue-em-brasilia\/#breadcrumb","itemListElement":[{"@type":"ListItem","position":1,"name":"In\u00edcio","item":"https:\/\/www.notibras.com\/site\/"},{"@type":"ListItem","position":2,"name":"Sa\u00fade prev\u00ea epidemia de dengue em Bras\u00edlia"}]},{"@type":"WebSite","@id":"https:\/\/www.notibras.com\/site\/#website","url":"https:\/\/www.notibras.com\/site\/","name":"Notibras","description":"Not\u00edcias de Bras\u00edlia, do Brasil e do Mundo","publisher":{"@id":"https:\/\/www.notibras.com\/site\/#organization"},"potentialAction":[{"@type":"SearchAction","target":{"@type":"EntryPoint","urlTemplate":"https:\/\/www.notibras.com\/site\/?s={search_term_string}"},"query-input":{"@type":"PropertyValueSpecification","valueRequired":true,"valueName":"search_term_string"}}],"inLanguage":"pt-BR"},{"@type":"Organization","@id":"https:\/\/www.notibras.com\/site\/#organization","name":"Grupo Notibras de Comunica\u00e7\u00e3o","url":"https:\/\/www.notibras.com\/site\/","logo":{"@type":"ImageObject","inLanguage":"pt-BR","@id":"https:\/\/www.notibras.com\/site\/#\/schema\/logo\/image\/","url":"https:\/\/www.notibras.com\/site\/wp-content\/uploads\/2023\/01\/notibras23.png","contentUrl":"https:\/\/www.notibras.com\/site\/wp-content\/uploads\/2023\/01\/notibras23.png","width":350,"height":87,"caption":"Grupo Notibras de Comunica\u00e7\u00e3o"},"image":{"@id":"https:\/\/www.notibras.com\/site\/#\/schema\/logo\/image\/"},"sameAs":["https:\/\/www.facebook.com\/notibras\/","https:\/\/x.com\/Notibras","https:\/\/www.instagram.com\/notibras\/"]},{"@type":"Person","@id":"https:\/\/www.notibras.com\/site\/#\/schema\/person\/36ab0979449956132d3e5b517ea76ac8","name":"Reda\u00e7\u00e3o","image":{"@type":"ImageObject","inLanguage":"pt-BR","@id":"https:\/\/secure.gravatar.com\/avatar\/e0a867bdedb85fd243eadf09663511f96fc81e0720a4a42581f334ad4303aa6b?s=96&d=mm&r=g","url":"https:\/\/secure.gravatar.com\/avatar\/e0a867bdedb85fd243eadf09663511f96fc81e0720a4a42581f334ad4303aa6b?s=96&d=mm&r=g","contentUrl":"https:\/\/secure.gravatar.com\/avatar\/e0a867bdedb85fd243eadf09663511f96fc81e0720a4a42581f334ad4303aa6b?s=96&d=mm&r=g","caption":"Reda\u00e7\u00e3o"}}]}},"amp_enabled":true,"_links":{"self":[{"href":"https:\/\/www.notibras.com\/site\/wp-json\/wp\/v2\/posts\/318845","targetHints":{"allow":["GET"]}}],"collection":[{"href":"https:\/\/www.notibras.com\/site\/wp-json\/wp\/v2\/posts"}],"about":[{"href":"https:\/\/www.notibras.com\/site\/wp-json\/wp\/v2\/types\/post"}],"author":[{"embeddable":true,"href":"https:\/\/www.notibras.com\/site\/wp-json\/wp\/v2\/users\/2"}],"replies":[{"embeddable":true,"href":"https:\/\/www.notibras.com\/site\/wp-json\/wp\/v2\/comments?post=318845"}],"version-history":[{"count":1,"href":"https:\/\/www.notibras.com\/site\/wp-json\/wp\/v2\/posts\/318845\/revisions"}],"predecessor-version":[{"id":318847,"href":"https:\/\/www.notibras.com\/site\/wp-json\/wp\/v2\/posts\/318845\/revisions\/318847"}],"wp:featuredmedia":[{"embeddable":true,"href":"https:\/\/www.notibras.com\/site\/wp-json\/wp\/v2\/media\/318846"}],"wp:attachment":[{"href":"https:\/\/www.notibras.com\/site\/wp-json\/wp\/v2\/media?parent=318845"}],"wp:term":[{"taxonomy":"category","embeddable":true,"href":"https:\/\/www.notibras.com\/site\/wp-json\/wp\/v2\/categories?post=318845"},{"taxonomy":"post_tag","embeddable":true,"href":"https:\/\/www.notibras.com\/site\/wp-json\/wp\/v2\/tags?post=318845"}],"curies":[{"name":"wp","href":"https:\/\/api.w.org\/{rel}","templated":true}]}}