{"id":318849,"date":"2023-12-09T15:47:55","date_gmt":"2023-12-09T18:47:55","guid":{"rendered":"https:\/\/www.notibras.com\/site\/?p=318849"},"modified":"2023-12-09T15:49:15","modified_gmt":"2023-12-09T18:49:15","slug":"delegado-gay-e-corajoso-para-mandar-prender-os-machoes","status":"publish","type":"post","link":"https:\/\/www.notibras.com\/site\/delegado-gay-e-corajoso-para-mandar-prender-os-machoes\/","title":{"rendered":"Delegado, gay, e corajoso para mandar prender os &#8216;mach\u00f5es&#8217;"},"content":{"rendered":"<p>\u201cA pol\u00edcia deve ser a primeira linha da defesa de direitos humanos\u201d. A frase \u00e9 de um homem que abra\u00e7ou a carreira policial por concurso h\u00e1 5 anos e que ouviu alertas sobre poss\u00edveis preconceitos no novo trabalho. Mesmo assim, resolveu seguir o sonho.<\/p>\n<p>Advogado e mestre em direitos humanos, o delegado Anderson Cavichioli, de 49 anos, que atua na Delegacia Especializada de Assist\u00eancia \u00e0 Mulher (Deam), em Ceil\u00e2ndia, a maior regi\u00e3o administrativa do Distrito Federal, \u00e9 o primeiro assumidamente homossexual na capital federal nessa atividade. \u201cEu respeito todas as pessoas. Ent\u00e3o, eu tamb\u00e9m exijo respeito\u201d, disse o delegado na entrevista que pode ser vista a seguir.<\/p>\n<p>O fato \u00e9 que Anderson Cavichioli resolveu n\u00e3o apenas trabalhar por uma institui\u00e7\u00e3o mais saud\u00e1vel e menos violenta, mas tamb\u00e9m estimular que outros policiais pudessem ter ci\u00eancia de que era preciso uni\u00e3o. Depois que passou no concurso da Pol\u00edcia Civil do DF, resolveu tocar em frente uma iniciativa institucionalizada na corpora\u00e7\u00e3o, a Rede Nacional de Operadores de Seguran\u00e7a P\u00fablica LGBT, um grupo que come\u00e7ou com cinco pessoas e hoje congrega pelo menos 150 agentes de seguran\u00e7a p\u00fablica, incluindo policiais de entidades estaduais e federais.<\/p>\n<p>Ele j\u00e1 presenciou coment\u00e1rios maldosos e rodinhas de risos. Para ele, por\u00e9m, a homofobia nem sempre se apresenta escancarada, mas tamb\u00e9m de forma camuflada por outros caminhos, como menos chances de crescer na atividade e menos oportunidades.<\/p>\n<p>O policial participa, at\u00e9 este domingo (10), do 1\u00ba Encontro Nacional dos Conselhos LGBTQIA+, para o qual foi convidado de forma especial. \u201cDevem pensar: o que um policial est\u00e1 fazendo aqui? Eu estou aqui porque nosso trabalho j\u00e1 \u00e9 reconhecido\u201d, garante. Durante o evento, ele conversou com a <em>Ag\u00eancia Brasil<\/em>. Veja trechos da entrevista:<\/p>\n<p><strong>Desde quando o senhor revelou sua orienta\u00e7\u00e3o sexual?<\/strong><\/p>\n<p>Desde que eu entrei para a pol\u00edcia, eu disse abertamente que era um homem gay. Algumas pessoas se espantaram. \u00c9 ainda um ambiente que tem muitas pr\u00e1ticas homotransf\u00f3bicas, mas vem mudando e para melhor<\/p>\n<p><strong>O senhor criou a Rede Nacional de Operadores de Seguran\u00e7a P\u00fablica LGBT?<\/strong><\/p>\n<p>A rede j\u00e1 existia desde 2010, mas n\u00e3o estava institucionalizada. Em 2018, houve um ataque a um policial militar que teve a sua imagem clandestinamente capturada. Ele teve a imagem beijando outro rapaz e foi amea\u00e7ado de morte por outros policiais. Aquilo \u00e9 um evidente absurdo. Por isso, a gente entendeu que era necess\u00e1rio que n\u00f3s tiv\u00e9ssemos uma organiza\u00e7\u00e3o efetiva. Come\u00e7amos com cinco pessoas. Hoje n\u00f3s temos 150.<\/p>\n<p><strong>A que o senhor atribui essa amplia\u00e7\u00e3o?<\/strong><\/p>\n<p>Quando um policial descobre a rede, muitos falam: \u201ceu achei que s\u00f3 eu era LGBTQIA+ na pol\u00edcia\u201d. A pessoa LGBT pode ter um comportamento at\u00e9 de isolamento porque n\u00e3o fala muito sobre si. Isso \u00e9 muito ruim. O lugar em que trabalhamos \u00e9 onde passamos muitas horas do dia.<\/p>\n<p><strong>E isso rende resultados pr\u00e1ticos?<\/strong><\/p>\n<p>Hoje n\u00f3s temos um protocolo de atendimento \u00e0 popula\u00e7\u00e3o LGBTQIA+ pelas for\u00e7as policiais. Eu sou tamb\u00e9m conteudista da Secretaria Nacional de Seguran\u00e7a P\u00fablica. Eu fiz o primeiro curso no Brasil para atendimento policial de pessoas LGBT. N\u00f3s temos manuais e capacita\u00e7\u00e3o dos policiais. Eu percebo que ainda h\u00e1 falta de informa\u00e7\u00e3o. Eu trabalho bastante tamb\u00e9m nessa \u00e1rea de forma\u00e7\u00e3o. Agora vou fazer um trabalho no sistema prisional aqui do DF em car\u00e1ter de educa\u00e7\u00e3o para os profissionais. A ideia \u00e9 educar as for\u00e7as de seguran\u00e7a p\u00fablica para que sejam capacitadas a lidar com a popula\u00e7\u00e3o LGBT.<\/p>\n<p><strong>As pol\u00edcias s\u00e3o ligadas \u00e0 viol\u00eancia institucionalizada historicamente. Como vencer as resist\u00eancias?<\/strong><\/p>\n<p>Isso ocorreu historicamente no Brasil para perseguir pessoas de grupos vulnerabilizados. Ocorreu durante a ditadura (1964 &#8211; 1985). Pessoas que n\u00e3o podiam nem sair de casa. Transexuais e travestis que eram perseguidas. A comunidade n\u00e3o aguentava mais sofrer aquele tipo de repress\u00e3o.<\/p>\n<p><strong>Qual o perfil de policiais na rede?<\/strong><\/p>\n<p>N\u00f3s temos o maior n\u00famero de homens gays. Mas temos tamb\u00e9m pessoas trans, mulheres e homens. Grande parte das pessoas que integram a rede s\u00e3o da Regi\u00e3o Nordeste.<\/p>\n<p><strong>Sobre a sua hist\u00f3ria, o senhor cursou o mestrado em Direitos Humanos na Universidade de Bras\u00edlia (UnB). O que o senhor pesquisou?<\/strong><\/p>\n<p>Eu estudei a viol\u00eancia contra pessoas transexuais e travestis.<\/p>\n<p><strong>Depois de 1 ano de pol\u00edcia, o senhor foi ser o titular da Delegacia das Mulheres, na Ceil\u00e2ndia. O que representou isso para o senhor?<\/strong><\/p>\n<p>Mod\u00e9stia \u00e0 parte, sou uma pessoa bastante competente na minha profiss\u00e3o. Lido com situa\u00e7\u00f5es extremamente delicadas, com a viol\u00eancia contra a mulher, que \u00e9 um problema grav\u00edssimo que n\u00f3s temos no DF e no Brasil. Existe uma complexidade nas quest\u00f5es da Lei Maria da Penha. Uma coisa \u00e9 voc\u00ea atender uma v\u00edtima de roubo em que as pessoas n\u00e3o se conhecem. \u00c9 diferente atender uma situa\u00e7\u00e3o de viol\u00eancia dom\u00e9stica, em que h\u00e1 v\u00ednculos afetivos entre as pessoas, filhos em comum. A gente precisa ter cuidado com as falas e com a abordagem<\/p>\n<p><strong>De que forma a sua forma\u00e7\u00e3o em direitos humanos mudou o seu trabalho e como busca multiplicar o seu conhecimento com os seus colegas?<\/strong><\/p>\n<p>Acho que quando voc\u00ea vai atuando no seu dia a dia, as pessoas v\u00e3o vendo a maneira como voc\u00ea trabalha e a sua maneira de ver o mundo. Os colegas, \u00e0s vezes, ficam espantados. \u00c9 preciso garantir a dignidade de todos. A gente tem uma maneira t\u00e9cnica de atuar e sempre preservando os direitos, inclusive da pessoa presa.<\/p>\n<p><strong>O senhor sofreu resist\u00eancia dentro do ambiente de trabalho por ser gay ou pela sua forma olhar o mundo?<\/strong><\/p>\n<p>A gente sabe de coment\u00e1rios, de pessoas que n\u00e3o veem o trabalho dessa forma. Eu j\u00e1 tive situa\u00e7\u00f5es em que eu ouvi outros policiais dizendo que a Pol\u00edcia Civil n\u00e3o era lugar de gay. Inclusive eu j\u00e1 denunciei porque hoje em dia isso \u00e9 crime. Essas pr\u00e1ticas homotransf\u00f3bicas s\u00e3o muito vergonhosas. Essa viol\u00eancia surge em outras formas, como um boicote, uma piada. Acontece de uma maneira camuflada. Eu tenho uma experi\u00eancia grande em identificar, e eu n\u00e3o abro espa\u00e7o para esse tipo de viol\u00eancia. Eu respeito todas as pessoas. Ent\u00e3o, eu tamb\u00e9m exijo respeito. A gente estimula a den\u00fancia. \u00c0s vezes, a pessoa est\u00e1 passando por uma situa\u00e7\u00e3o bem complicada no seu ambiente de trabalho. Existem persegui\u00e7\u00f5es e restri\u00e7\u00f5es a pessoas que n\u00e3o conseguem ascender na carreira porque s\u00e3o LGBTQIA+. \u00c9 assim que a homotransfobia opera, de forma camuflada.<\/p>\n<p><strong>Quais s\u00e3o, na avalia\u00e7\u00e3o do senhor, as suas maiores conquistas?<\/strong><\/p>\n<p>A principal \u00e9 mostrar que a vis\u00e3o dos direitos humanos e atividade policial n\u00e3o s\u00e3o pautas antag\u00f4nicas, s\u00e3o pautas que devem interagir numa sociedade civilizada. A pol\u00edcia \u00e9 a primeira linha de defesa de direitos humanos. A pol\u00edcia que age de acordo com a lei e de acordo com a humanidade. Inclusive eu fui chamado pelo governo do Amap\u00e1 para atuar em um projeto de seguran\u00e7a humanizada. Eu criei sete protocolos para o Estado de pessoas LGBTQIA+ a pessoas negras, e at\u00e9 um protocolo sobre pessoas ind\u00edgenas. Foi o primeiro do Brasil feito com vista a ind\u00edgenas. A gente n\u00e3o pode colocar a pol\u00edcia num local de violadora sistem\u00e1tica de direitos. A pol\u00edcia deve ser promotora de direitos humanos.<\/p>\n<p><strong>O que o senhor deseja para sua atividade?<\/strong><\/p>\n<p>Eu desejo ter uma pol\u00edcia cidad\u00e3 democr\u00e1tica, que respeite direitos humanos, que enxergue o seu p\u00fablico n\u00e3o como inimigo, mas como cidad\u00e3o e cidad\u00e3, que s\u00e3o detentores de direitos fundamentais. Eu espero que as pol\u00edcias atuem tamb\u00e9m de acordo com protocolos. E a gente tem uma dificuldade enorme no Brasil de criar protocolos de atendimento.<\/p>\n<p><strong>O que significa participar, como policial, no Encontro Nacional de Conselhos LGBTQIA+ em Bras\u00edlia?<\/strong><\/p>\n<p>Devem pensar, o que um policial est\u00e1 fazendo aqui? (sorri). Nossa entidade fez alguns trabalhos muito importantes na \u00e1rea de seguran\u00e7a p\u00fablica para a comunidade LGBTQIA+. N\u00f3s tamb\u00e9m temos assento no Conselho Nacional de Direitos Humanos, na Comiss\u00e3o de Seguran\u00e7a P\u00fablica. \u00c9 um trabalho realmente que vem sendo reconhecido por v\u00e1rias entidades, por v\u00e1rios grupos de defesa de direitos humanos.<\/p>\n","protected":false},"excerpt":{"rendered":"<p>\u201cA pol\u00edcia deve ser a primeira linha da defesa de direitos humanos\u201d. A frase \u00e9 de um homem que abra\u00e7ou a carreira policial por concurso h\u00e1 5 anos e que ouviu alertas sobre poss\u00edveis preconceitos no novo trabalho. Mesmo assim, resolveu seguir o sonho. Advogado e mestre em direitos humanos, o delegado Anderson Cavichioli, de [&hellip;]<\/p>\n","protected":false},"author":2,"featured_media":318850,"comment_status":"closed","ping_status":"closed","sticky":false,"template":"","format":"standard","meta":{"_acf_changed":false,"footnotes":""},"categories":[161],"tags":[95],"class_list":["post-318849","post","type-post","status-publish","format-standard","has-post-thumbnail","hentry","category-quadradinho-em-foco","tag-capa"],"acf":[],"yoast_head":"<!-- This site is optimized with the Yoast SEO plugin v27.2 - https:\/\/yoast.com\/product\/yoast-seo-wordpress\/ -->\n<title>Delegado, gay, e corajoso para mandar prender os &#039;mach\u00f5es&#039; - Notibras<\/title>\n<meta name=\"robots\" content=\"index, follow, max-snippet:-1, max-image-preview:large, max-video-preview:-1\" \/>\n<link rel=\"canonical\" href=\"https:\/\/www.notibras.com\/site\/delegado-gay-e-corajoso-para-mandar-prender-os-machoes\/\" \/>\n<meta property=\"og:locale\" content=\"pt_BR\" \/>\n<meta property=\"og:type\" content=\"article\" \/>\n<meta property=\"og:title\" content=\"Delegado, gay, e corajoso para mandar prender os &#039;mach\u00f5es&#039; - Notibras\" \/>\n<meta property=\"og:description\" content=\"\u201cA pol\u00edcia deve ser a primeira linha da defesa de direitos humanos\u201d. A frase \u00e9 de um homem que abra\u00e7ou a carreira policial por concurso h\u00e1 5 anos e que ouviu alertas sobre poss\u00edveis preconceitos no novo trabalho. Mesmo assim, resolveu seguir o sonho. Advogado e mestre em direitos humanos, o delegado Anderson Cavichioli, de [&hellip;]\" \/>\n<meta property=\"og:url\" content=\"https:\/\/www.notibras.com\/site\/delegado-gay-e-corajoso-para-mandar-prender-os-machoes\/\" \/>\n<meta property=\"og:site_name\" content=\"Notibras\" \/>\n<meta property=\"article:publisher\" content=\"https:\/\/www.facebook.com\/notibras\/\" \/>\n<meta property=\"article:published_time\" content=\"2023-12-09T18:47:55+00:00\" \/>\n<meta property=\"article:modified_time\" content=\"2023-12-09T18:49:15+00:00\" \/>\n<meta property=\"og:image\" content=\"https:\/\/www.notibras.com\/site\/wp-content\/uploads\/2023\/12\/delgay.webp\" \/>\n\t<meta property=\"og:image:width\" content=\"1170\" \/>\n\t<meta property=\"og:image:height\" content=\"700\" \/>\n\t<meta property=\"og:image:type\" content=\"image\/webp\" \/>\n<meta name=\"author\" content=\"Reda\u00e7\u00e3o\" \/>\n<meta name=\"twitter:card\" content=\"summary_large_image\" \/>\n<meta name=\"twitter:creator\" content=\"@Notibras\" \/>\n<meta name=\"twitter:site\" content=\"@Notibras\" \/>\n<meta name=\"twitter:label1\" content=\"Escrito por\" \/>\n\t<meta name=\"twitter:data1\" content=\"Reda\u00e7\u00e3o\" \/>\n\t<meta name=\"twitter:label2\" content=\"Est. tempo de leitura\" \/>\n\t<meta name=\"twitter:data2\" content=\"8 minutos\" \/>\n<script type=\"application\/ld+json\" class=\"yoast-schema-graph\">{\"@context\":\"https:\/\/schema.org\",\"@graph\":[{\"@type\":\"Article\",\"@id\":\"https:\/\/www.notibras.com\/site\/delegado-gay-e-corajoso-para-mandar-prender-os-machoes\/#article\",\"isPartOf\":{\"@id\":\"https:\/\/www.notibras.com\/site\/delegado-gay-e-corajoso-para-mandar-prender-os-machoes\/\"},\"author\":{\"name\":\"Reda\u00e7\u00e3o\",\"@id\":\"https:\/\/www.notibras.com\/site\/#\/schema\/person\/36ab0979449956132d3e5b517ea76ac8\"},\"headline\":\"Delegado, gay, e corajoso para mandar prender os &#8216;mach\u00f5es&#8217;\",\"datePublished\":\"2023-12-09T18:47:55+00:00\",\"dateModified\":\"2023-12-09T18:49:15+00:00\",\"mainEntityOfPage\":{\"@id\":\"https:\/\/www.notibras.com\/site\/delegado-gay-e-corajoso-para-mandar-prender-os-machoes\/\"},\"wordCount\":1430,\"publisher\":{\"@id\":\"https:\/\/www.notibras.com\/site\/#organization\"},\"image\":{\"@id\":\"https:\/\/www.notibras.com\/site\/delegado-gay-e-corajoso-para-mandar-prender-os-machoes\/#primaryimage\"},\"thumbnailUrl\":\"https:\/\/www.notibras.com\/site\/wp-content\/uploads\/2023\/12\/delgay.webp\",\"keywords\":[\"capa\"],\"articleSection\":[\"Quadradinho em Foco\"],\"inLanguage\":\"pt-BR\"},{\"@type\":\"WebPage\",\"@id\":\"https:\/\/www.notibras.com\/site\/delegado-gay-e-corajoso-para-mandar-prender-os-machoes\/\",\"url\":\"https:\/\/www.notibras.com\/site\/delegado-gay-e-corajoso-para-mandar-prender-os-machoes\/\",\"name\":\"Delegado, gay, e corajoso para mandar prender os 'mach\u00f5es' - Notibras\",\"isPartOf\":{\"@id\":\"https:\/\/www.notibras.com\/site\/#website\"},\"primaryImageOfPage\":{\"@id\":\"https:\/\/www.notibras.com\/site\/delegado-gay-e-corajoso-para-mandar-prender-os-machoes\/#primaryimage\"},\"image\":{\"@id\":\"https:\/\/www.notibras.com\/site\/delegado-gay-e-corajoso-para-mandar-prender-os-machoes\/#primaryimage\"},\"thumbnailUrl\":\"https:\/\/www.notibras.com\/site\/wp-content\/uploads\/2023\/12\/delgay.webp\",\"datePublished\":\"2023-12-09T18:47:55+00:00\",\"dateModified\":\"2023-12-09T18:49:15+00:00\",\"breadcrumb\":{\"@id\":\"https:\/\/www.notibras.com\/site\/delegado-gay-e-corajoso-para-mandar-prender-os-machoes\/#breadcrumb\"},\"inLanguage\":\"pt-BR\",\"potentialAction\":[{\"@type\":\"ReadAction\",\"target\":[\"https:\/\/www.notibras.com\/site\/delegado-gay-e-corajoso-para-mandar-prender-os-machoes\/\"]}]},{\"@type\":\"ImageObject\",\"inLanguage\":\"pt-BR\",\"@id\":\"https:\/\/www.notibras.com\/site\/delegado-gay-e-corajoso-para-mandar-prender-os-machoes\/#primaryimage\",\"url\":\"https:\/\/www.notibras.com\/site\/wp-content\/uploads\/2023\/12\/delgay.webp\",\"contentUrl\":\"https:\/\/www.notibras.com\/site\/wp-content\/uploads\/2023\/12\/delgay.webp\",\"width\":1170,\"height\":700},{\"@type\":\"BreadcrumbList\",\"@id\":\"https:\/\/www.notibras.com\/site\/delegado-gay-e-corajoso-para-mandar-prender-os-machoes\/#breadcrumb\",\"itemListElement\":[{\"@type\":\"ListItem\",\"position\":1,\"name\":\"In\u00edcio\",\"item\":\"https:\/\/www.notibras.com\/site\/\"},{\"@type\":\"ListItem\",\"position\":2,\"name\":\"Delegado, gay, e corajoso para mandar prender os &#8216;mach\u00f5es&#8217;\"}]},{\"@type\":\"WebSite\",\"@id\":\"https:\/\/www.notibras.com\/site\/#website\",\"url\":\"https:\/\/www.notibras.com\/site\/\",\"name\":\"Notibras\",\"description\":\"Not\u00edcias de Bras\u00edlia, do Brasil e do Mundo\",\"publisher\":{\"@id\":\"https:\/\/www.notibras.com\/site\/#organization\"},\"potentialAction\":[{\"@type\":\"SearchAction\",\"target\":{\"@type\":\"EntryPoint\",\"urlTemplate\":\"https:\/\/www.notibras.com\/site\/?s={search_term_string}\"},\"query-input\":{\"@type\":\"PropertyValueSpecification\",\"valueRequired\":true,\"valueName\":\"search_term_string\"}}],\"inLanguage\":\"pt-BR\"},{\"@type\":\"Organization\",\"@id\":\"https:\/\/www.notibras.com\/site\/#organization\",\"name\":\"Grupo Notibras de Comunica\u00e7\u00e3o\",\"url\":\"https:\/\/www.notibras.com\/site\/\",\"logo\":{\"@type\":\"ImageObject\",\"inLanguage\":\"pt-BR\",\"@id\":\"https:\/\/www.notibras.com\/site\/#\/schema\/logo\/image\/\",\"url\":\"https:\/\/www.notibras.com\/site\/wp-content\/uploads\/2023\/01\/notibras23.png\",\"contentUrl\":\"https:\/\/www.notibras.com\/site\/wp-content\/uploads\/2023\/01\/notibras23.png\",\"width\":350,\"height\":87,\"caption\":\"Grupo Notibras de Comunica\u00e7\u00e3o\"},\"image\":{\"@id\":\"https:\/\/www.notibras.com\/site\/#\/schema\/logo\/image\/\"},\"sameAs\":[\"https:\/\/www.facebook.com\/notibras\/\",\"https:\/\/x.com\/Notibras\",\"https:\/\/www.instagram.com\/notibras\/\"]},{\"@type\":\"Person\",\"@id\":\"https:\/\/www.notibras.com\/site\/#\/schema\/person\/36ab0979449956132d3e5b517ea76ac8\",\"name\":\"Reda\u00e7\u00e3o\",\"image\":{\"@type\":\"ImageObject\",\"inLanguage\":\"pt-BR\",\"@id\":\"https:\/\/secure.gravatar.com\/avatar\/e0a867bdedb85fd243eadf09663511f96fc81e0720a4a42581f334ad4303aa6b?s=96&d=mm&r=g\",\"url\":\"https:\/\/secure.gravatar.com\/avatar\/e0a867bdedb85fd243eadf09663511f96fc81e0720a4a42581f334ad4303aa6b?s=96&d=mm&r=g\",\"contentUrl\":\"https:\/\/secure.gravatar.com\/avatar\/e0a867bdedb85fd243eadf09663511f96fc81e0720a4a42581f334ad4303aa6b?s=96&d=mm&r=g\",\"caption\":\"Reda\u00e7\u00e3o\"}}]}<\/script>\n<!-- \/ Yoast SEO plugin. -->","yoast_head_json":{"title":"Delegado, gay, e corajoso para mandar prender os 'mach\u00f5es' - Notibras","robots":{"index":"index","follow":"follow","max-snippet":"max-snippet:-1","max-image-preview":"max-image-preview:large","max-video-preview":"max-video-preview:-1"},"canonical":"https:\/\/www.notibras.com\/site\/delegado-gay-e-corajoso-para-mandar-prender-os-machoes\/","og_locale":"pt_BR","og_type":"article","og_title":"Delegado, gay, e corajoso para mandar prender os 'mach\u00f5es' - Notibras","og_description":"\u201cA pol\u00edcia deve ser a primeira linha da defesa de direitos humanos\u201d. A frase \u00e9 de um homem que abra\u00e7ou a carreira policial por concurso h\u00e1 5 anos e que ouviu alertas sobre poss\u00edveis preconceitos no novo trabalho. Mesmo assim, resolveu seguir o sonho. Advogado e mestre em direitos humanos, o delegado Anderson Cavichioli, de [&hellip;]","og_url":"https:\/\/www.notibras.com\/site\/delegado-gay-e-corajoso-para-mandar-prender-os-machoes\/","og_site_name":"Notibras","article_publisher":"https:\/\/www.facebook.com\/notibras\/","article_published_time":"2023-12-09T18:47:55+00:00","article_modified_time":"2023-12-09T18:49:15+00:00","og_image":[{"width":1170,"height":700,"url":"https:\/\/www.notibras.com\/site\/wp-content\/uploads\/2023\/12\/delgay.webp","type":"image\/webp"}],"author":"Reda\u00e7\u00e3o","twitter_card":"summary_large_image","twitter_creator":"@Notibras","twitter_site":"@Notibras","twitter_misc":{"Escrito por":"Reda\u00e7\u00e3o","Est. tempo de leitura":"8 minutos"},"schema":{"@context":"https:\/\/schema.org","@graph":[{"@type":"Article","@id":"https:\/\/www.notibras.com\/site\/delegado-gay-e-corajoso-para-mandar-prender-os-machoes\/#article","isPartOf":{"@id":"https:\/\/www.notibras.com\/site\/delegado-gay-e-corajoso-para-mandar-prender-os-machoes\/"},"author":{"name":"Reda\u00e7\u00e3o","@id":"https:\/\/www.notibras.com\/site\/#\/schema\/person\/36ab0979449956132d3e5b517ea76ac8"},"headline":"Delegado, gay, e corajoso para mandar prender os &#8216;mach\u00f5es&#8217;","datePublished":"2023-12-09T18:47:55+00:00","dateModified":"2023-12-09T18:49:15+00:00","mainEntityOfPage":{"@id":"https:\/\/www.notibras.com\/site\/delegado-gay-e-corajoso-para-mandar-prender-os-machoes\/"},"wordCount":1430,"publisher":{"@id":"https:\/\/www.notibras.com\/site\/#organization"},"image":{"@id":"https:\/\/www.notibras.com\/site\/delegado-gay-e-corajoso-para-mandar-prender-os-machoes\/#primaryimage"},"thumbnailUrl":"https:\/\/www.notibras.com\/site\/wp-content\/uploads\/2023\/12\/delgay.webp","keywords":["capa"],"articleSection":["Quadradinho em Foco"],"inLanguage":"pt-BR"},{"@type":"WebPage","@id":"https:\/\/www.notibras.com\/site\/delegado-gay-e-corajoso-para-mandar-prender-os-machoes\/","url":"https:\/\/www.notibras.com\/site\/delegado-gay-e-corajoso-para-mandar-prender-os-machoes\/","name":"Delegado, gay, e corajoso para mandar prender os 'mach\u00f5es' - Notibras","isPartOf":{"@id":"https:\/\/www.notibras.com\/site\/#website"},"primaryImageOfPage":{"@id":"https:\/\/www.notibras.com\/site\/delegado-gay-e-corajoso-para-mandar-prender-os-machoes\/#primaryimage"},"image":{"@id":"https:\/\/www.notibras.com\/site\/delegado-gay-e-corajoso-para-mandar-prender-os-machoes\/#primaryimage"},"thumbnailUrl":"https:\/\/www.notibras.com\/site\/wp-content\/uploads\/2023\/12\/delgay.webp","datePublished":"2023-12-09T18:47:55+00:00","dateModified":"2023-12-09T18:49:15+00:00","breadcrumb":{"@id":"https:\/\/www.notibras.com\/site\/delegado-gay-e-corajoso-para-mandar-prender-os-machoes\/#breadcrumb"},"inLanguage":"pt-BR","potentialAction":[{"@type":"ReadAction","target":["https:\/\/www.notibras.com\/site\/delegado-gay-e-corajoso-para-mandar-prender-os-machoes\/"]}]},{"@type":"ImageObject","inLanguage":"pt-BR","@id":"https:\/\/www.notibras.com\/site\/delegado-gay-e-corajoso-para-mandar-prender-os-machoes\/#primaryimage","url":"https:\/\/www.notibras.com\/site\/wp-content\/uploads\/2023\/12\/delgay.webp","contentUrl":"https:\/\/www.notibras.com\/site\/wp-content\/uploads\/2023\/12\/delgay.webp","width":1170,"height":700},{"@type":"BreadcrumbList","@id":"https:\/\/www.notibras.com\/site\/delegado-gay-e-corajoso-para-mandar-prender-os-machoes\/#breadcrumb","itemListElement":[{"@type":"ListItem","position":1,"name":"In\u00edcio","item":"https:\/\/www.notibras.com\/site\/"},{"@type":"ListItem","position":2,"name":"Delegado, gay, e corajoso para mandar prender os &#8216;mach\u00f5es&#8217;"}]},{"@type":"WebSite","@id":"https:\/\/www.notibras.com\/site\/#website","url":"https:\/\/www.notibras.com\/site\/","name":"Notibras","description":"Not\u00edcias de Bras\u00edlia, do Brasil e do Mundo","publisher":{"@id":"https:\/\/www.notibras.com\/site\/#organization"},"potentialAction":[{"@type":"SearchAction","target":{"@type":"EntryPoint","urlTemplate":"https:\/\/www.notibras.com\/site\/?s={search_term_string}"},"query-input":{"@type":"PropertyValueSpecification","valueRequired":true,"valueName":"search_term_string"}}],"inLanguage":"pt-BR"},{"@type":"Organization","@id":"https:\/\/www.notibras.com\/site\/#organization","name":"Grupo Notibras de Comunica\u00e7\u00e3o","url":"https:\/\/www.notibras.com\/site\/","logo":{"@type":"ImageObject","inLanguage":"pt-BR","@id":"https:\/\/www.notibras.com\/site\/#\/schema\/logo\/image\/","url":"https:\/\/www.notibras.com\/site\/wp-content\/uploads\/2023\/01\/notibras23.png","contentUrl":"https:\/\/www.notibras.com\/site\/wp-content\/uploads\/2023\/01\/notibras23.png","width":350,"height":87,"caption":"Grupo Notibras de Comunica\u00e7\u00e3o"},"image":{"@id":"https:\/\/www.notibras.com\/site\/#\/schema\/logo\/image\/"},"sameAs":["https:\/\/www.facebook.com\/notibras\/","https:\/\/x.com\/Notibras","https:\/\/www.instagram.com\/notibras\/"]},{"@type":"Person","@id":"https:\/\/www.notibras.com\/site\/#\/schema\/person\/36ab0979449956132d3e5b517ea76ac8","name":"Reda\u00e7\u00e3o","image":{"@type":"ImageObject","inLanguage":"pt-BR","@id":"https:\/\/secure.gravatar.com\/avatar\/e0a867bdedb85fd243eadf09663511f96fc81e0720a4a42581f334ad4303aa6b?s=96&d=mm&r=g","url":"https:\/\/secure.gravatar.com\/avatar\/e0a867bdedb85fd243eadf09663511f96fc81e0720a4a42581f334ad4303aa6b?s=96&d=mm&r=g","contentUrl":"https:\/\/secure.gravatar.com\/avatar\/e0a867bdedb85fd243eadf09663511f96fc81e0720a4a42581f334ad4303aa6b?s=96&d=mm&r=g","caption":"Reda\u00e7\u00e3o"}}]}},"amp_enabled":true,"_links":{"self":[{"href":"https:\/\/www.notibras.com\/site\/wp-json\/wp\/v2\/posts\/318849","targetHints":{"allow":["GET"]}}],"collection":[{"href":"https:\/\/www.notibras.com\/site\/wp-json\/wp\/v2\/posts"}],"about":[{"href":"https:\/\/www.notibras.com\/site\/wp-json\/wp\/v2\/types\/post"}],"author":[{"embeddable":true,"href":"https:\/\/www.notibras.com\/site\/wp-json\/wp\/v2\/users\/2"}],"replies":[{"embeddable":true,"href":"https:\/\/www.notibras.com\/site\/wp-json\/wp\/v2\/comments?post=318849"}],"version-history":[{"count":3,"href":"https:\/\/www.notibras.com\/site\/wp-json\/wp\/v2\/posts\/318849\/revisions"}],"predecessor-version":[{"id":318853,"href":"https:\/\/www.notibras.com\/site\/wp-json\/wp\/v2\/posts\/318849\/revisions\/318853"}],"wp:featuredmedia":[{"embeddable":true,"href":"https:\/\/www.notibras.com\/site\/wp-json\/wp\/v2\/media\/318850"}],"wp:attachment":[{"href":"https:\/\/www.notibras.com\/site\/wp-json\/wp\/v2\/media?parent=318849"}],"wp:term":[{"taxonomy":"category","embeddable":true,"href":"https:\/\/www.notibras.com\/site\/wp-json\/wp\/v2\/categories?post=318849"},{"taxonomy":"post_tag","embeddable":true,"href":"https:\/\/www.notibras.com\/site\/wp-json\/wp\/v2\/tags?post=318849"}],"curies":[{"name":"wp","href":"https:\/\/api.w.org\/{rel}","templated":true}]}}