{"id":318880,"date":"2023-12-10T09:42:54","date_gmt":"2023-12-10T12:42:54","guid":{"rendered":"https:\/\/www.notibras.com\/site\/?p=318880"},"modified":"2023-12-10T11:15:42","modified_gmt":"2023-12-10T14:15:42","slug":"cheiro-de-melancia-faz-fujonas-darem-as-caras","status":"publish","type":"post","link":"https:\/\/www.notibras.com\/site\/cheiro-de-melancia-faz-fujonas-darem-as-caras\/","title":{"rendered":"Cheiro de melancia faz fujonas darem as caras"},"content":{"rendered":"<p>L\u00e1 estava a Dona Irene desesperada, pois havia perdido a filha de vista por um minuto. Um m\u00edsero minutinho! Cad\u00ea aquela garota?<\/p>\n<p>&#8211; Malulinha, cad\u00ea voc\u00ea? Malulinha!!!<\/p>\n<p>Nada! Nadica de nada da menina, que, bem antes de andar, j\u00e1 engatinhava pela casa \u00e0 procura de aventuras. Mas cad\u00ea essa guria? Vamos tentar ajudar aquela m\u00e3e desesperada, que havia se distra\u00eddo com a Bebel e a Clarinha por um instante. Ah, essas duas outras s\u00e3o as irm\u00e3s caninas da Malulinha. Irm\u00e3s de sangue, pois, n\u00e3o raro, as tr\u00eas se engalfinham por conta de uma bolinha.<\/p>\n<p>Nascida e criada no Menino Deus, o mais tradicional bairro de Porto Alegre, a Malulinha possui alguns amiguinhos por ali. Pois \u00e9, ela se diverte muito com o Serginho, que \u00e9 apenas dois dias mais velho. Dois dias! Acredita nisso? Tamb\u00e9m apronta muitas com a Nena, que vive reclamando dos pre\u00e7os de tudo. Outros coleguinhas s\u00e3o a Joj\u00f4, a Florisbela, o Bicudo e o Ravi.<\/p>\n<p>Mas voltemos \u00e0 resid\u00eancia da Malulinha, onde sua mam\u00e3e j\u00e1 estava arrancando os cabelos de t\u00e3o desesperada. Olhou debaixo das camas. Nada. Olhou dentro dos arm\u00e1rios. Nada. Olhou at\u00e9 dentro da m\u00e1quina de lavar. Nada. Onde teria se metido aquela espoleta?<\/p>\n<p>Dona Irene, de t\u00e3o aflita, nem percebeu que a Bebel e a Clarinha tamb\u00e9m haviam desaparecido, tamanha a preocupa\u00e7\u00e3o com a ca\u00e7ulinha da trupe. Na verdade, ela at\u00e9 percebeu, mas demorou um tempinho. \u00c9 que ela se lembrou de pedir ajuda \u00e0s suas filhas caninas para encontrar a Malulinha. Mas cad\u00ea aquelas duas? Ali\u00e1s, cad\u00ea aquelas tr\u00eas?<\/p>\n<p>A campainha tocou. A mulher foi atender. Era o Dudu, seu marido, que trazia duas melancias, uma em cada m\u00e3o, o que o impediu de abrir a porta.<\/p>\n<p>&#8211; Olha o que eu trouxe!<\/p>\n<p>&#8211; Nem precisava falar.<\/p>\n<p>&#8211; U\u00e9, o que houve?<\/p>\n<p>&#8211; A Malulinha desapareceu!<\/p>\n<p>&#8211; Como assim?<\/p>\n<p>&#8211; N\u00e3o sei como.<\/p>\n<p>&#8211; Cad\u00ea a Bebel e a Clarinha?<\/p>\n<p>&#8211; Sumiram tamb\u00e9m. N\u00e3o fa\u00e7o a menor ideia de onde aquelas tr\u00eas podem estar. J\u00e1 revirei toda a casa e nada.<\/p>\n<p>&#8211; Ser\u00e1 que elas n\u00e3o foram dar uma volta na pracinha?<\/p>\n<p>&#8211; N\u00e3o, pois as coleiras est\u00e3o a\u00ed penduradas na porta.<\/p>\n<p>&#8211; Hum&#8230; Tenho uma ideia!<\/p>\n<p>&#8211; Que ideia, Dudu?<\/p>\n<p>O homem foi at\u00e9 a cozinha, lavou uma das melancias e a partiu. Colocou v\u00e1rios pedacinhos em uma grande bacia e, em seguida, voltou a conversar com a esposa.<\/p>\n<p>&#8211; Amor, que tal comermos uma melancia inteirinha s\u00f3 n\u00f3s dois?<\/p>\n<p>N\u00e3o deu outra! De dentro de uma enorme caixa de papel\u00e3o, que estava bem ali no canto da sala, eis que surgem as tr\u00eas irm\u00e3s. Elas estavam brincando de pique-esconde com a m\u00e3e, que n\u00e3o sabia que estava naquela brincadeira. Bobas que n\u00e3o s\u00e3o, trataram logo de sair do esconderijo, pois adoram melancia.<\/p>\n","protected":false},"excerpt":{"rendered":"<p>L\u00e1 estava a Dona Irene desesperada, pois havia perdido a filha de vista por um minuto. Um m\u00edsero minutinho! Cad\u00ea aquela garota? &#8211; Malulinha, cad\u00ea voc\u00ea? Malulinha!!! Nada! Nadica de nada da menina, que, bem antes de andar, j\u00e1 engatinhava pela casa \u00e0 procura de aventuras. Mas cad\u00ea essa guria? Vamos tentar ajudar aquela m\u00e3e [&hellip;]<\/p>\n","protected":false},"author":2,"featured_media":318881,"comment_status":"closed","ping_status":"closed","sticky":false,"template":"","format":"standard","meta":{"_acf_changed":false,"footnotes":""},"categories":[161],"tags":[],"class_list":["post-318880","post","type-post","status-publish","format-standard","has-post-thumbnail","hentry","category-quadradinho-em-foco"],"acf":[],"yoast_head":"<!-- This site is optimized with the Yoast SEO plugin v27.2 - https:\/\/yoast.com\/product\/yoast-seo-wordpress\/ -->\n<title>Cheiro de melancia faz fujonas darem as caras - Notibras<\/title>\n<meta name=\"robots\" content=\"index, follow, max-snippet:-1, max-image-preview:large, max-video-preview:-1\" \/>\n<link rel=\"canonical\" href=\"https:\/\/www.notibras.com\/site\/cheiro-de-melancia-faz-fujonas-darem-as-caras\/\" \/>\n<meta property=\"og:locale\" content=\"pt_BR\" \/>\n<meta property=\"og:type\" content=\"article\" \/>\n<meta property=\"og:title\" content=\"Cheiro de melancia faz fujonas darem as caras - Notibras\" \/>\n<meta property=\"og:description\" content=\"L\u00e1 estava a Dona Irene desesperada, pois havia perdido a filha de vista por um minuto. Um m\u00edsero minutinho! Cad\u00ea aquela garota? &#8211; Malulinha, cad\u00ea voc\u00ea? Malulinha!!! Nada! Nadica de nada da menina, que, bem antes de andar, j\u00e1 engatinhava pela casa \u00e0 procura de aventuras. Mas cad\u00ea essa guria? Vamos tentar ajudar aquela m\u00e3e [&hellip;]\" \/>\n<meta property=\"og:url\" content=\"https:\/\/www.notibras.com\/site\/cheiro-de-melancia-faz-fujonas-darem-as-caras\/\" \/>\n<meta property=\"og:site_name\" content=\"Notibras\" \/>\n<meta property=\"article:publisher\" content=\"https:\/\/www.facebook.com\/notibras\/\" \/>\n<meta property=\"article:published_time\" content=\"2023-12-10T12:42:54+00:00\" \/>\n<meta property=\"article:modified_time\" content=\"2023-12-10T14:15:42+00:00\" \/>\n<meta property=\"og:image\" content=\"https:\/\/www.notibras.com\/site\/wp-content\/uploads\/2023\/12\/malumelancia.jpg\" \/>\n\t<meta property=\"og:image:width\" content=\"1280\" \/>\n\t<meta property=\"og:image:height\" content=\"960\" \/>\n\t<meta property=\"og:image:type\" content=\"image\/jpeg\" \/>\n<meta name=\"author\" content=\"Reda\u00e7\u00e3o\" \/>\n<meta name=\"twitter:card\" content=\"summary_large_image\" \/>\n<meta name=\"twitter:creator\" content=\"@Notibras\" \/>\n<meta name=\"twitter:site\" content=\"@Notibras\" \/>\n<meta name=\"twitter:label1\" content=\"Escrito por\" \/>\n\t<meta name=\"twitter:data1\" content=\"Reda\u00e7\u00e3o\" \/>\n\t<meta name=\"twitter:label2\" content=\"Est. tempo de leitura\" \/>\n\t<meta name=\"twitter:data2\" content=\"3 minutos\" \/>\n<script type=\"application\/ld+json\" class=\"yoast-schema-graph\">{\"@context\":\"https:\/\/schema.org\",\"@graph\":[{\"@type\":\"Article\",\"@id\":\"https:\/\/www.notibras.com\/site\/cheiro-de-melancia-faz-fujonas-darem-as-caras\/#article\",\"isPartOf\":{\"@id\":\"https:\/\/www.notibras.com\/site\/cheiro-de-melancia-faz-fujonas-darem-as-caras\/\"},\"author\":{\"name\":\"Reda\u00e7\u00e3o\",\"@id\":\"https:\/\/www.notibras.com\/site\/#\/schema\/person\/36ab0979449956132d3e5b517ea76ac8\"},\"headline\":\"Cheiro de melancia faz fujonas darem as caras\",\"datePublished\":\"2023-12-10T12:42:54+00:00\",\"dateModified\":\"2023-12-10T14:15:42+00:00\",\"mainEntityOfPage\":{\"@id\":\"https:\/\/www.notibras.com\/site\/cheiro-de-melancia-faz-fujonas-darem-as-caras\/\"},\"wordCount\":506,\"publisher\":{\"@id\":\"https:\/\/www.notibras.com\/site\/#organization\"},\"image\":{\"@id\":\"https:\/\/www.notibras.com\/site\/cheiro-de-melancia-faz-fujonas-darem-as-caras\/#primaryimage\"},\"thumbnailUrl\":\"https:\/\/www.notibras.com\/site\/wp-content\/uploads\/2023\/12\/malumelancia.jpg\",\"articleSection\":[\"Quadradinho em Foco\"],\"inLanguage\":\"pt-BR\"},{\"@type\":\"WebPage\",\"@id\":\"https:\/\/www.notibras.com\/site\/cheiro-de-melancia-faz-fujonas-darem-as-caras\/\",\"url\":\"https:\/\/www.notibras.com\/site\/cheiro-de-melancia-faz-fujonas-darem-as-caras\/\",\"name\":\"Cheiro de melancia faz fujonas darem as caras - Notibras\",\"isPartOf\":{\"@id\":\"https:\/\/www.notibras.com\/site\/#website\"},\"primaryImageOfPage\":{\"@id\":\"https:\/\/www.notibras.com\/site\/cheiro-de-melancia-faz-fujonas-darem-as-caras\/#primaryimage\"},\"image\":{\"@id\":\"https:\/\/www.notibras.com\/site\/cheiro-de-melancia-faz-fujonas-darem-as-caras\/#primaryimage\"},\"thumbnailUrl\":\"https:\/\/www.notibras.com\/site\/wp-content\/uploads\/2023\/12\/malumelancia.jpg\",\"datePublished\":\"2023-12-10T12:42:54+00:00\",\"dateModified\":\"2023-12-10T14:15:42+00:00\",\"breadcrumb\":{\"@id\":\"https:\/\/www.notibras.com\/site\/cheiro-de-melancia-faz-fujonas-darem-as-caras\/#breadcrumb\"},\"inLanguage\":\"pt-BR\",\"potentialAction\":[{\"@type\":\"ReadAction\",\"target\":[\"https:\/\/www.notibras.com\/site\/cheiro-de-melancia-faz-fujonas-darem-as-caras\/\"]}]},{\"@type\":\"ImageObject\",\"inLanguage\":\"pt-BR\",\"@id\":\"https:\/\/www.notibras.com\/site\/cheiro-de-melancia-faz-fujonas-darem-as-caras\/#primaryimage\",\"url\":\"https:\/\/www.notibras.com\/site\/wp-content\/uploads\/2023\/12\/malumelancia.jpg\",\"contentUrl\":\"https:\/\/www.notibras.com\/site\/wp-content\/uploads\/2023\/12\/malumelancia.jpg\",\"width\":1280,\"height\":960},{\"@type\":\"BreadcrumbList\",\"@id\":\"https:\/\/www.notibras.com\/site\/cheiro-de-melancia-faz-fujonas-darem-as-caras\/#breadcrumb\",\"itemListElement\":[{\"@type\":\"ListItem\",\"position\":1,\"name\":\"In\u00edcio\",\"item\":\"https:\/\/www.notibras.com\/site\/\"},{\"@type\":\"ListItem\",\"position\":2,\"name\":\"Cheiro de melancia faz fujonas darem as caras\"}]},{\"@type\":\"WebSite\",\"@id\":\"https:\/\/www.notibras.com\/site\/#website\",\"url\":\"https:\/\/www.notibras.com\/site\/\",\"name\":\"Notibras\",\"description\":\"Not\u00edcias de Bras\u00edlia, do Brasil e do Mundo\",\"publisher\":{\"@id\":\"https:\/\/www.notibras.com\/site\/#organization\"},\"potentialAction\":[{\"@type\":\"SearchAction\",\"target\":{\"@type\":\"EntryPoint\",\"urlTemplate\":\"https:\/\/www.notibras.com\/site\/?s={search_term_string}\"},\"query-input\":{\"@type\":\"PropertyValueSpecification\",\"valueRequired\":true,\"valueName\":\"search_term_string\"}}],\"inLanguage\":\"pt-BR\"},{\"@type\":\"Organization\",\"@id\":\"https:\/\/www.notibras.com\/site\/#organization\",\"name\":\"Grupo Notibras de Comunica\u00e7\u00e3o\",\"url\":\"https:\/\/www.notibras.com\/site\/\",\"logo\":{\"@type\":\"ImageObject\",\"inLanguage\":\"pt-BR\",\"@id\":\"https:\/\/www.notibras.com\/site\/#\/schema\/logo\/image\/\",\"url\":\"https:\/\/www.notibras.com\/site\/wp-content\/uploads\/2023\/01\/notibras23.png\",\"contentUrl\":\"https:\/\/www.notibras.com\/site\/wp-content\/uploads\/2023\/01\/notibras23.png\",\"width\":350,\"height\":87,\"caption\":\"Grupo Notibras de Comunica\u00e7\u00e3o\"},\"image\":{\"@id\":\"https:\/\/www.notibras.com\/site\/#\/schema\/logo\/image\/\"},\"sameAs\":[\"https:\/\/www.facebook.com\/notibras\/\",\"https:\/\/x.com\/Notibras\",\"https:\/\/www.instagram.com\/notibras\/\"]},{\"@type\":\"Person\",\"@id\":\"https:\/\/www.notibras.com\/site\/#\/schema\/person\/36ab0979449956132d3e5b517ea76ac8\",\"name\":\"Reda\u00e7\u00e3o\",\"image\":{\"@type\":\"ImageObject\",\"inLanguage\":\"pt-BR\",\"@id\":\"https:\/\/secure.gravatar.com\/avatar\/e0a867bdedb85fd243eadf09663511f96fc81e0720a4a42581f334ad4303aa6b?s=96&d=mm&r=g\",\"url\":\"https:\/\/secure.gravatar.com\/avatar\/e0a867bdedb85fd243eadf09663511f96fc81e0720a4a42581f334ad4303aa6b?s=96&d=mm&r=g\",\"contentUrl\":\"https:\/\/secure.gravatar.com\/avatar\/e0a867bdedb85fd243eadf09663511f96fc81e0720a4a42581f334ad4303aa6b?s=96&d=mm&r=g\",\"caption\":\"Reda\u00e7\u00e3o\"}}]}<\/script>\n<!-- \/ Yoast SEO plugin. -->","yoast_head_json":{"title":"Cheiro de melancia faz fujonas darem as caras - Notibras","robots":{"index":"index","follow":"follow","max-snippet":"max-snippet:-1","max-image-preview":"max-image-preview:large","max-video-preview":"max-video-preview:-1"},"canonical":"https:\/\/www.notibras.com\/site\/cheiro-de-melancia-faz-fujonas-darem-as-caras\/","og_locale":"pt_BR","og_type":"article","og_title":"Cheiro de melancia faz fujonas darem as caras - Notibras","og_description":"L\u00e1 estava a Dona Irene desesperada, pois havia perdido a filha de vista por um minuto. Um m\u00edsero minutinho! Cad\u00ea aquela garota? &#8211; Malulinha, cad\u00ea voc\u00ea? Malulinha!!! Nada! Nadica de nada da menina, que, bem antes de andar, j\u00e1 engatinhava pela casa \u00e0 procura de aventuras. Mas cad\u00ea essa guria? Vamos tentar ajudar aquela m\u00e3e [&hellip;]","og_url":"https:\/\/www.notibras.com\/site\/cheiro-de-melancia-faz-fujonas-darem-as-caras\/","og_site_name":"Notibras","article_publisher":"https:\/\/www.facebook.com\/notibras\/","article_published_time":"2023-12-10T12:42:54+00:00","article_modified_time":"2023-12-10T14:15:42+00:00","og_image":[{"width":1280,"height":960,"url":"https:\/\/www.notibras.com\/site\/wp-content\/uploads\/2023\/12\/malumelancia.jpg","type":"image\/jpeg"}],"author":"Reda\u00e7\u00e3o","twitter_card":"summary_large_image","twitter_creator":"@Notibras","twitter_site":"@Notibras","twitter_misc":{"Escrito por":"Reda\u00e7\u00e3o","Est. tempo de leitura":"3 minutos"},"schema":{"@context":"https:\/\/schema.org","@graph":[{"@type":"Article","@id":"https:\/\/www.notibras.com\/site\/cheiro-de-melancia-faz-fujonas-darem-as-caras\/#article","isPartOf":{"@id":"https:\/\/www.notibras.com\/site\/cheiro-de-melancia-faz-fujonas-darem-as-caras\/"},"author":{"name":"Reda\u00e7\u00e3o","@id":"https:\/\/www.notibras.com\/site\/#\/schema\/person\/36ab0979449956132d3e5b517ea76ac8"},"headline":"Cheiro de melancia faz fujonas darem as caras","datePublished":"2023-12-10T12:42:54+00:00","dateModified":"2023-12-10T14:15:42+00:00","mainEntityOfPage":{"@id":"https:\/\/www.notibras.com\/site\/cheiro-de-melancia-faz-fujonas-darem-as-caras\/"},"wordCount":506,"publisher":{"@id":"https:\/\/www.notibras.com\/site\/#organization"},"image":{"@id":"https:\/\/www.notibras.com\/site\/cheiro-de-melancia-faz-fujonas-darem-as-caras\/#primaryimage"},"thumbnailUrl":"https:\/\/www.notibras.com\/site\/wp-content\/uploads\/2023\/12\/malumelancia.jpg","articleSection":["Quadradinho em Foco"],"inLanguage":"pt-BR"},{"@type":"WebPage","@id":"https:\/\/www.notibras.com\/site\/cheiro-de-melancia-faz-fujonas-darem-as-caras\/","url":"https:\/\/www.notibras.com\/site\/cheiro-de-melancia-faz-fujonas-darem-as-caras\/","name":"Cheiro de melancia faz fujonas darem as caras - Notibras","isPartOf":{"@id":"https:\/\/www.notibras.com\/site\/#website"},"primaryImageOfPage":{"@id":"https:\/\/www.notibras.com\/site\/cheiro-de-melancia-faz-fujonas-darem-as-caras\/#primaryimage"},"image":{"@id":"https:\/\/www.notibras.com\/site\/cheiro-de-melancia-faz-fujonas-darem-as-caras\/#primaryimage"},"thumbnailUrl":"https:\/\/www.notibras.com\/site\/wp-content\/uploads\/2023\/12\/malumelancia.jpg","datePublished":"2023-12-10T12:42:54+00:00","dateModified":"2023-12-10T14:15:42+00:00","breadcrumb":{"@id":"https:\/\/www.notibras.com\/site\/cheiro-de-melancia-faz-fujonas-darem-as-caras\/#breadcrumb"},"inLanguage":"pt-BR","potentialAction":[{"@type":"ReadAction","target":["https:\/\/www.notibras.com\/site\/cheiro-de-melancia-faz-fujonas-darem-as-caras\/"]}]},{"@type":"ImageObject","inLanguage":"pt-BR","@id":"https:\/\/www.notibras.com\/site\/cheiro-de-melancia-faz-fujonas-darem-as-caras\/#primaryimage","url":"https:\/\/www.notibras.com\/site\/wp-content\/uploads\/2023\/12\/malumelancia.jpg","contentUrl":"https:\/\/www.notibras.com\/site\/wp-content\/uploads\/2023\/12\/malumelancia.jpg","width":1280,"height":960},{"@type":"BreadcrumbList","@id":"https:\/\/www.notibras.com\/site\/cheiro-de-melancia-faz-fujonas-darem-as-caras\/#breadcrumb","itemListElement":[{"@type":"ListItem","position":1,"name":"In\u00edcio","item":"https:\/\/www.notibras.com\/site\/"},{"@type":"ListItem","position":2,"name":"Cheiro de melancia faz fujonas darem as caras"}]},{"@type":"WebSite","@id":"https:\/\/www.notibras.com\/site\/#website","url":"https:\/\/www.notibras.com\/site\/","name":"Notibras","description":"Not\u00edcias de Bras\u00edlia, do Brasil e do Mundo","publisher":{"@id":"https:\/\/www.notibras.com\/site\/#organization"},"potentialAction":[{"@type":"SearchAction","target":{"@type":"EntryPoint","urlTemplate":"https:\/\/www.notibras.com\/site\/?s={search_term_string}"},"query-input":{"@type":"PropertyValueSpecification","valueRequired":true,"valueName":"search_term_string"}}],"inLanguage":"pt-BR"},{"@type":"Organization","@id":"https:\/\/www.notibras.com\/site\/#organization","name":"Grupo Notibras de Comunica\u00e7\u00e3o","url":"https:\/\/www.notibras.com\/site\/","logo":{"@type":"ImageObject","inLanguage":"pt-BR","@id":"https:\/\/www.notibras.com\/site\/#\/schema\/logo\/image\/","url":"https:\/\/www.notibras.com\/site\/wp-content\/uploads\/2023\/01\/notibras23.png","contentUrl":"https:\/\/www.notibras.com\/site\/wp-content\/uploads\/2023\/01\/notibras23.png","width":350,"height":87,"caption":"Grupo Notibras de Comunica\u00e7\u00e3o"},"image":{"@id":"https:\/\/www.notibras.com\/site\/#\/schema\/logo\/image\/"},"sameAs":["https:\/\/www.facebook.com\/notibras\/","https:\/\/x.com\/Notibras","https:\/\/www.instagram.com\/notibras\/"]},{"@type":"Person","@id":"https:\/\/www.notibras.com\/site\/#\/schema\/person\/36ab0979449956132d3e5b517ea76ac8","name":"Reda\u00e7\u00e3o","image":{"@type":"ImageObject","inLanguage":"pt-BR","@id":"https:\/\/secure.gravatar.com\/avatar\/e0a867bdedb85fd243eadf09663511f96fc81e0720a4a42581f334ad4303aa6b?s=96&d=mm&r=g","url":"https:\/\/secure.gravatar.com\/avatar\/e0a867bdedb85fd243eadf09663511f96fc81e0720a4a42581f334ad4303aa6b?s=96&d=mm&r=g","contentUrl":"https:\/\/secure.gravatar.com\/avatar\/e0a867bdedb85fd243eadf09663511f96fc81e0720a4a42581f334ad4303aa6b?s=96&d=mm&r=g","caption":"Reda\u00e7\u00e3o"}}]}},"amp_enabled":true,"_links":{"self":[{"href":"https:\/\/www.notibras.com\/site\/wp-json\/wp\/v2\/posts\/318880","targetHints":{"allow":["GET"]}}],"collection":[{"href":"https:\/\/www.notibras.com\/site\/wp-json\/wp\/v2\/posts"}],"about":[{"href":"https:\/\/www.notibras.com\/site\/wp-json\/wp\/v2\/types\/post"}],"author":[{"embeddable":true,"href":"https:\/\/www.notibras.com\/site\/wp-json\/wp\/v2\/users\/2"}],"replies":[{"embeddable":true,"href":"https:\/\/www.notibras.com\/site\/wp-json\/wp\/v2\/comments?post=318880"}],"version-history":[{"count":2,"href":"https:\/\/www.notibras.com\/site\/wp-json\/wp\/v2\/posts\/318880\/revisions"}],"predecessor-version":[{"id":318903,"href":"https:\/\/www.notibras.com\/site\/wp-json\/wp\/v2\/posts\/318880\/revisions\/318903"}],"wp:featuredmedia":[{"embeddable":true,"href":"https:\/\/www.notibras.com\/site\/wp-json\/wp\/v2\/media\/318881"}],"wp:attachment":[{"href":"https:\/\/www.notibras.com\/site\/wp-json\/wp\/v2\/media?parent=318880"}],"wp:term":[{"taxonomy":"category","embeddable":true,"href":"https:\/\/www.notibras.com\/site\/wp-json\/wp\/v2\/categories?post=318880"},{"taxonomy":"post_tag","embeddable":true,"href":"https:\/\/www.notibras.com\/site\/wp-json\/wp\/v2\/tags?post=318880"}],"curies":[{"name":"wp","href":"https:\/\/api.w.org\/{rel}","templated":true}]}}