{"id":318889,"date":"2023-12-10T00:03:17","date_gmt":"2023-12-10T03:03:17","guid":{"rendered":"https:\/\/www.notibras.com\/site\/?p=318889"},"modified":"2023-12-10T10:05:24","modified_gmt":"2023-12-10T13:05:24","slug":"meninas-sao-mais-afetadas-por-mudancas-climaticas","status":"publish","type":"post","link":"https:\/\/www.notibras.com\/site\/meninas-sao-mais-afetadas-por-mudancas-climaticas\/","title":{"rendered":"Meninas s\u00e3o mais afetadas por mudan\u00e7as clim\u00e1ticas"},"content":{"rendered":"<p>Crescimento dos casamentos infantis, abandono da escola e aumento do trabalho dom\u00e9stico est\u00e3o entre alguns dos efeitos da crise clim\u00e1tica que atingem mais meninas, ampliando a desigualdade entre os g\u00eaneros. Um estudo da Organiza\u00e7\u00e3o N\u00e3o Governamental (ONG) Plan International em oito pa\u00edses, entre os quais o Brasil, revelou os efeitos das transforma\u00e7\u00f5es do clima na vida de garotas menores de 18 anos de idade.<\/p>\n<p>A pesquisa focou no acesso \u00e0 educa\u00e7\u00e3o a partir de entrevistas com 78 meninas do Brasil, Benim, Camboja, El Salvador, Filipinas, Rep\u00fablica Dominicana, Togo e Vietn\u00e3. Segundo o levantamento, devido \u00e0s desigualdades e discrimina\u00e7\u00f5es de g\u00eanero que j\u00e1 existem nesses pa\u00edses, elas acabam sendo mais afetadas pelas mudan\u00e7as clim\u00e1ticas.<\/p>\n<p>\u201cAs meninas t\u00eam uma redu\u00e7\u00e3o significativa da frequ\u00eancia escolar no contexto das mudan\u00e7as clim\u00e1ticas porque, muitas vezes, elas s\u00e3o sobrecarregadas dentro de casa. As meninas s\u00e3o muito mais convocadas pelas suas fam\u00edlias para cumprir essa responsabilidade do que os meninos\u201d, destacou J\u00falia Ferraz, especialista em mudan\u00e7as clim\u00e1ticas e emerg\u00eancias da Plan International.<\/p>\n<p>No Vietn\u00e3, por exemplo, a adolescente Uyen afirma que os pais preferem tirar as meninas da escola e manter os meninos, porque entendem que elas s\u00e3o respons\u00e1veis por ajudar nas tarefas dom\u00e9sticas. Dados do Fundo Malala apontam que as mudan\u00e7as clim\u00e1ticas podem retirar das escolas, a cada ano, pelo menos 12,5 milh\u00f5es de garotas em 30 pa\u00edses vulner\u00e1veis ao clima.<\/p>\n<p><strong>Casamentos infantis<\/strong><br \/>\nOutra consequ\u00eancia da crise clim\u00e1tica \u00e9 o aumento dos casamentos infantis ligado \u00e0 eleva\u00e7\u00e3o da pobreza. A pesquisa identificou esse crescimento nas regi\u00f5es afetadas pela crise clim\u00e1tica, principalmente onde h\u00e1 inunda\u00e7\u00f5es.<\/p>\n<p>\u201cO casamento infantil acaba sendo uma estrat\u00e9gia negativa de sobreviv\u00eancia dessas fam\u00edlias que, ao fazer esse casamento, ela transfere a responsabilidade sobre a garota para os cuidados de outro n\u00facleo familiar que vai prover e dar comida\u201d, explicou.<\/p>\n<p>A Plan International recomendou a reformula\u00e7\u00e3o das pol\u00edticas para mudan\u00e7as clim\u00e1ticas, com o objetivo de prever a dimens\u00e3o da desigualdade entre os g\u00eaneros, trabalhando tamb\u00e9m com o combate a esse tipo de discrimina\u00e7\u00e3o.<\/p>\n<p>\u201c\u00c9 fundamental se trabalhar com as comunidades, principalmente por meio da educa\u00e7\u00e3o, enfatizando que esses padr\u00f5es precisam ser desconstru\u00eddos para melhorar a situa\u00e7\u00e3o das meninas, para que elas n\u00e3o enfrentem os impactos da crise clim\u00e1tica de forma t\u00e3o desproporcional\u201d, afirmou J\u00falia Ferraz.<\/p>\n<p><strong>Financiamento clim\u00e1tico infantil<\/strong><br \/>\nEm outra pesquisa realizada pela mesma ONG, verificou-se que de 591 projetos financiados por fundos ligados ao clima, e executados ao longo de 17 anos, apenas 5% deles foram destinados prioritariamente a atividades voltadas \u00e0s crian\u00e7as. Isso representou apenas 2,4% dos recursos mobilizados para a crise clim\u00e1tica. Al\u00e9m disso, apenas um dos projetos foi direcionado \u00e0 educa\u00e7\u00e3o de crian\u00e7as.<\/p>\n<p>\u201cDe todos os financiamentos clim\u00e1ticos feitos pelos principais fundos clim\u00e1ticos, apenas um \u00e9 endere\u00e7ado \u00e0 quest\u00e3o da educa\u00e7\u00e3o. Isso \u00e9 muito grave. Se a gente n\u00e3o trabalhar no eixo da educa\u00e7\u00e3o com a mudan\u00e7a de paradigma de padr\u00f5es, fica super dif\u00edcil construir qualquer coisa\u201d, concluiu Ferraz.<\/p>\n<p><strong>Crise amplia desigualdades<\/strong><br \/>\nAl\u00e9m de ampliar a desigualdade de g\u00eanero, a crise clim\u00e1tica aumenta todas as demais desigualdades, segundo o coordenador do Grupo de Economia do Meio Ambiente e Desenvolvimento Sustent\u00e1vel da Universidade Federal do Rio de Janeiro (UFRJ), Carlos Eduardo Young.<\/p>\n<p>O professor destacou que os pa\u00edses mais ricos sofrer\u00e3o menos porque tem mais recursos para investir na adapta\u00e7\u00e3o para as mudan\u00e7as clim\u00e1ticas. \u201cIsso \u00e9 f\u00e1cil de voc\u00ea perceber quando voc\u00ea tem um furac\u00e3o passando no Caribe, em que morrem milhares de pessoas nos pa\u00edses caribenhos ou centro-americanos. Esse furac\u00e3o chega na costa americana e o n\u00famero de \u00f3bitos cai menos de uma dezena\u201d, exemplificou.<\/p>\n<p>Al\u00e9m disso, Young acrescentou que o aquecimento da Terra vai ser mais intenso nos locais mais quentes. \u201cVoc\u00ea vai ter, por exemplo, a possibilidade de expans\u00e3o de \u00e1reas agr\u00edcolas onde hoje n\u00e3o pode ter agricultura, como no norte dos Estados Unidos, no Canad\u00e1 e na Sib\u00e9ria. Em compensa\u00e7\u00e3o, na \u00c1frica subsaariana, voc\u00ea vai ter um colapso da agricultura, vai ficar desertificado. A tend\u00eancia, ent\u00e3o, \u00e9 aumentar a desigualdade entre os pa\u00edses\u201d, afirmou.<\/p>\n<p>As desigualdades tamb\u00e9m devem aumentar dentro do mesmo pa\u00eds. O professor da UFRJ lembrou que, no Brasil, os pobres costumam viver nos locais de maior risco, como morros e beira dos rios, mais afetados por fortes chuvas e inunda\u00e7\u00f5es.<\/p>\n<p>\u201cA probabilidade de um evento extremo se transformar num desastre, numa \u00e1rea pobre, sem infraestrutura, com baixa capacidade de renda, sem cobertura florestal, \u00e9 muito maior do que numa \u00e1rea rica, que tem capacidade de investimento, que tem uma estrutura adequada para lidar com essa quest\u00e3o\u201d, destacou Young.<\/p>\n<p>Os eventos clim\u00e1ticos extremos tamb\u00e9m devem impactar de forma severa a agricultura familiar de subsist\u00eancia do que a agricultura irrigada e capitalizada. \u201cT\u00eam estudos mostrando que a agricultura no Brasil que mais sofre com eventos clim\u00e1ticos extremos \u00e9 a agricultura de feij\u00e3o e de milho do semi\u00e1rido brasileiro\u201d, finalizou o professor da UFRJ.<\/p>\n<p><strong>Crise Clim\u00e1tica<\/strong><br \/>\nOs gases do efeito estufa lan\u00e7ados na atmosfera v\u00eam aumentando a temperatura do planeta desde a Revolu\u00e7\u00e3o Industrial (s\u00e9culos 18 e 19), principalmente por meio da queima de combust\u00edveis f\u00f3sseis, o que impulsiona a atual crise clim\u00e1tica, marcada por eventos extremos, como o calor excessivo, as secas prolongadas e as chuvas intensas.<\/p>\n<p>No Acordo de Paris, em 2015, 195 pa\u00edses se comprometeram a combater o aquecimento global \u201cem bem menos de 2\u00ba C acima dos n\u00edveis pr\u00e9-industriais\u201d, buscando limit\u00e1-lo a 1,5\u00baC acima dos n\u00edveis antes da Revolu\u00e7\u00e3o Industrial.<\/p>\n","protected":false},"excerpt":{"rendered":"<p>Crescimento dos casamentos infantis, abandono da escola e aumento do trabalho dom\u00e9stico est\u00e3o entre alguns dos efeitos da crise clim\u00e1tica que atingem mais meninas, ampliando a desigualdade entre os g\u00eaneros. Um estudo da Organiza\u00e7\u00e3o N\u00e3o Governamental (ONG) Plan International em oito pa\u00edses, entre os quais o Brasil, revelou os efeitos das transforma\u00e7\u00f5es do clima na [&hellip;]<\/p>\n","protected":false},"author":2,"featured_media":318890,"comment_status":"closed","ping_status":"closed","sticky":false,"template":"","format":"standard","meta":{"_acf_changed":false,"footnotes":""},"categories":[161],"tags":[],"class_list":["post-318889","post","type-post","status-publish","format-standard","has-post-thumbnail","hentry","category-quadradinho-em-foco"],"acf":[],"yoast_head":"<!-- This site is optimized with the Yoast SEO plugin v27.2 - https:\/\/yoast.com\/product\/yoast-seo-wordpress\/ -->\n<title>Meninas s\u00e3o mais afetadas por mudan\u00e7as clim\u00e1ticas - Notibras<\/title>\n<meta name=\"robots\" content=\"index, follow, max-snippet:-1, max-image-preview:large, max-video-preview:-1\" \/>\n<link rel=\"canonical\" href=\"https:\/\/www.notibras.com\/site\/meninas-sao-mais-afetadas-por-mudancas-climaticas\/\" \/>\n<meta property=\"og:locale\" content=\"pt_BR\" \/>\n<meta property=\"og:type\" content=\"article\" \/>\n<meta property=\"og:title\" content=\"Meninas s\u00e3o mais afetadas por mudan\u00e7as clim\u00e1ticas - Notibras\" \/>\n<meta property=\"og:description\" content=\"Crescimento dos casamentos infantis, abandono da escola e aumento do trabalho dom\u00e9stico est\u00e3o entre alguns dos efeitos da crise clim\u00e1tica que atingem mais meninas, ampliando a desigualdade entre os g\u00eaneros. Um estudo da Organiza\u00e7\u00e3o N\u00e3o Governamental (ONG) Plan International em oito pa\u00edses, entre os quais o Brasil, revelou os efeitos das transforma\u00e7\u00f5es do clima na [&hellip;]\" \/>\n<meta property=\"og:url\" content=\"https:\/\/www.notibras.com\/site\/meninas-sao-mais-afetadas-por-mudancas-climaticas\/\" \/>\n<meta property=\"og:site_name\" content=\"Notibras\" \/>\n<meta property=\"article:publisher\" content=\"https:\/\/www.facebook.com\/notibras\/\" \/>\n<meta property=\"article:published_time\" content=\"2023-12-10T03:03:17+00:00\" \/>\n<meta property=\"article:modified_time\" content=\"2023-12-10T13:05:24+00:00\" \/>\n<meta property=\"og:image\" content=\"https:\/\/www.notibras.com\/site\/wp-content\/uploads\/2023\/12\/clima.criancas.webp\" \/>\n\t<meta property=\"og:image:width\" content=\"1170\" \/>\n\t<meta property=\"og:image:height\" content=\"700\" \/>\n\t<meta property=\"og:image:type\" content=\"image\/webp\" \/>\n<meta name=\"author\" content=\"Reda\u00e7\u00e3o\" \/>\n<meta name=\"twitter:card\" content=\"summary_large_image\" \/>\n<meta name=\"twitter:creator\" content=\"@Notibras\" \/>\n<meta name=\"twitter:site\" content=\"@Notibras\" \/>\n<meta name=\"twitter:label1\" content=\"Escrito por\" \/>\n\t<meta name=\"twitter:data1\" content=\"Reda\u00e7\u00e3o\" \/>\n\t<meta name=\"twitter:label2\" content=\"Est. tempo de leitura\" \/>\n\t<meta name=\"twitter:data2\" content=\"5 minutos\" \/>\n<script type=\"application\/ld+json\" class=\"yoast-schema-graph\">{\"@context\":\"https:\/\/schema.org\",\"@graph\":[{\"@type\":\"Article\",\"@id\":\"https:\/\/www.notibras.com\/site\/meninas-sao-mais-afetadas-por-mudancas-climaticas\/#article\",\"isPartOf\":{\"@id\":\"https:\/\/www.notibras.com\/site\/meninas-sao-mais-afetadas-por-mudancas-climaticas\/\"},\"author\":{\"name\":\"Reda\u00e7\u00e3o\",\"@id\":\"https:\/\/www.notibras.com\/site\/#\/schema\/person\/36ab0979449956132d3e5b517ea76ac8\"},\"headline\":\"Meninas s\u00e3o mais afetadas por mudan\u00e7as clim\u00e1ticas\",\"datePublished\":\"2023-12-10T03:03:17+00:00\",\"dateModified\":\"2023-12-10T13:05:24+00:00\",\"mainEntityOfPage\":{\"@id\":\"https:\/\/www.notibras.com\/site\/meninas-sao-mais-afetadas-por-mudancas-climaticas\/\"},\"wordCount\":997,\"publisher\":{\"@id\":\"https:\/\/www.notibras.com\/site\/#organization\"},\"image\":{\"@id\":\"https:\/\/www.notibras.com\/site\/meninas-sao-mais-afetadas-por-mudancas-climaticas\/#primaryimage\"},\"thumbnailUrl\":\"https:\/\/www.notibras.com\/site\/wp-content\/uploads\/2023\/12\/clima.criancas.webp\",\"articleSection\":[\"Quadradinho em Foco\"],\"inLanguage\":\"pt-BR\"},{\"@type\":\"WebPage\",\"@id\":\"https:\/\/www.notibras.com\/site\/meninas-sao-mais-afetadas-por-mudancas-climaticas\/\",\"url\":\"https:\/\/www.notibras.com\/site\/meninas-sao-mais-afetadas-por-mudancas-climaticas\/\",\"name\":\"Meninas s\u00e3o mais afetadas por mudan\u00e7as clim\u00e1ticas - Notibras\",\"isPartOf\":{\"@id\":\"https:\/\/www.notibras.com\/site\/#website\"},\"primaryImageOfPage\":{\"@id\":\"https:\/\/www.notibras.com\/site\/meninas-sao-mais-afetadas-por-mudancas-climaticas\/#primaryimage\"},\"image\":{\"@id\":\"https:\/\/www.notibras.com\/site\/meninas-sao-mais-afetadas-por-mudancas-climaticas\/#primaryimage\"},\"thumbnailUrl\":\"https:\/\/www.notibras.com\/site\/wp-content\/uploads\/2023\/12\/clima.criancas.webp\",\"datePublished\":\"2023-12-10T03:03:17+00:00\",\"dateModified\":\"2023-12-10T13:05:24+00:00\",\"breadcrumb\":{\"@id\":\"https:\/\/www.notibras.com\/site\/meninas-sao-mais-afetadas-por-mudancas-climaticas\/#breadcrumb\"},\"inLanguage\":\"pt-BR\",\"potentialAction\":[{\"@type\":\"ReadAction\",\"target\":[\"https:\/\/www.notibras.com\/site\/meninas-sao-mais-afetadas-por-mudancas-climaticas\/\"]}]},{\"@type\":\"ImageObject\",\"inLanguage\":\"pt-BR\",\"@id\":\"https:\/\/www.notibras.com\/site\/meninas-sao-mais-afetadas-por-mudancas-climaticas\/#primaryimage\",\"url\":\"https:\/\/www.notibras.com\/site\/wp-content\/uploads\/2023\/12\/clima.criancas.webp\",\"contentUrl\":\"https:\/\/www.notibras.com\/site\/wp-content\/uploads\/2023\/12\/clima.criancas.webp\",\"width\":1170,\"height\":700},{\"@type\":\"BreadcrumbList\",\"@id\":\"https:\/\/www.notibras.com\/site\/meninas-sao-mais-afetadas-por-mudancas-climaticas\/#breadcrumb\",\"itemListElement\":[{\"@type\":\"ListItem\",\"position\":1,\"name\":\"In\u00edcio\",\"item\":\"https:\/\/www.notibras.com\/site\/\"},{\"@type\":\"ListItem\",\"position\":2,\"name\":\"Meninas s\u00e3o mais afetadas por mudan\u00e7as clim\u00e1ticas\"}]},{\"@type\":\"WebSite\",\"@id\":\"https:\/\/www.notibras.com\/site\/#website\",\"url\":\"https:\/\/www.notibras.com\/site\/\",\"name\":\"Notibras\",\"description\":\"Not\u00edcias de Bras\u00edlia, do Brasil e do Mundo\",\"publisher\":{\"@id\":\"https:\/\/www.notibras.com\/site\/#organization\"},\"potentialAction\":[{\"@type\":\"SearchAction\",\"target\":{\"@type\":\"EntryPoint\",\"urlTemplate\":\"https:\/\/www.notibras.com\/site\/?s={search_term_string}\"},\"query-input\":{\"@type\":\"PropertyValueSpecification\",\"valueRequired\":true,\"valueName\":\"search_term_string\"}}],\"inLanguage\":\"pt-BR\"},{\"@type\":\"Organization\",\"@id\":\"https:\/\/www.notibras.com\/site\/#organization\",\"name\":\"Grupo Notibras de Comunica\u00e7\u00e3o\",\"url\":\"https:\/\/www.notibras.com\/site\/\",\"logo\":{\"@type\":\"ImageObject\",\"inLanguage\":\"pt-BR\",\"@id\":\"https:\/\/www.notibras.com\/site\/#\/schema\/logo\/image\/\",\"url\":\"https:\/\/www.notibras.com\/site\/wp-content\/uploads\/2023\/01\/notibras23.png\",\"contentUrl\":\"https:\/\/www.notibras.com\/site\/wp-content\/uploads\/2023\/01\/notibras23.png\",\"width\":350,\"height\":87,\"caption\":\"Grupo Notibras de Comunica\u00e7\u00e3o\"},\"image\":{\"@id\":\"https:\/\/www.notibras.com\/site\/#\/schema\/logo\/image\/\"},\"sameAs\":[\"https:\/\/www.facebook.com\/notibras\/\",\"https:\/\/x.com\/Notibras\",\"https:\/\/www.instagram.com\/notibras\/\"]},{\"@type\":\"Person\",\"@id\":\"https:\/\/www.notibras.com\/site\/#\/schema\/person\/36ab0979449956132d3e5b517ea76ac8\",\"name\":\"Reda\u00e7\u00e3o\",\"image\":{\"@type\":\"ImageObject\",\"inLanguage\":\"pt-BR\",\"@id\":\"https:\/\/secure.gravatar.com\/avatar\/e0a867bdedb85fd243eadf09663511f96fc81e0720a4a42581f334ad4303aa6b?s=96&d=mm&r=g\",\"url\":\"https:\/\/secure.gravatar.com\/avatar\/e0a867bdedb85fd243eadf09663511f96fc81e0720a4a42581f334ad4303aa6b?s=96&d=mm&r=g\",\"contentUrl\":\"https:\/\/secure.gravatar.com\/avatar\/e0a867bdedb85fd243eadf09663511f96fc81e0720a4a42581f334ad4303aa6b?s=96&d=mm&r=g\",\"caption\":\"Reda\u00e7\u00e3o\"}}]}<\/script>\n<!-- \/ Yoast SEO plugin. -->","yoast_head_json":{"title":"Meninas s\u00e3o mais afetadas por mudan\u00e7as clim\u00e1ticas - Notibras","robots":{"index":"index","follow":"follow","max-snippet":"max-snippet:-1","max-image-preview":"max-image-preview:large","max-video-preview":"max-video-preview:-1"},"canonical":"https:\/\/www.notibras.com\/site\/meninas-sao-mais-afetadas-por-mudancas-climaticas\/","og_locale":"pt_BR","og_type":"article","og_title":"Meninas s\u00e3o mais afetadas por mudan\u00e7as clim\u00e1ticas - Notibras","og_description":"Crescimento dos casamentos infantis, abandono da escola e aumento do trabalho dom\u00e9stico est\u00e3o entre alguns dos efeitos da crise clim\u00e1tica que atingem mais meninas, ampliando a desigualdade entre os g\u00eaneros. Um estudo da Organiza\u00e7\u00e3o N\u00e3o Governamental (ONG) Plan International em oito pa\u00edses, entre os quais o Brasil, revelou os efeitos das transforma\u00e7\u00f5es do clima na [&hellip;]","og_url":"https:\/\/www.notibras.com\/site\/meninas-sao-mais-afetadas-por-mudancas-climaticas\/","og_site_name":"Notibras","article_publisher":"https:\/\/www.facebook.com\/notibras\/","article_published_time":"2023-12-10T03:03:17+00:00","article_modified_time":"2023-12-10T13:05:24+00:00","og_image":[{"width":1170,"height":700,"url":"https:\/\/www.notibras.com\/site\/wp-content\/uploads\/2023\/12\/clima.criancas.webp","type":"image\/webp"}],"author":"Reda\u00e7\u00e3o","twitter_card":"summary_large_image","twitter_creator":"@Notibras","twitter_site":"@Notibras","twitter_misc":{"Escrito por":"Reda\u00e7\u00e3o","Est. tempo de leitura":"5 minutos"},"schema":{"@context":"https:\/\/schema.org","@graph":[{"@type":"Article","@id":"https:\/\/www.notibras.com\/site\/meninas-sao-mais-afetadas-por-mudancas-climaticas\/#article","isPartOf":{"@id":"https:\/\/www.notibras.com\/site\/meninas-sao-mais-afetadas-por-mudancas-climaticas\/"},"author":{"name":"Reda\u00e7\u00e3o","@id":"https:\/\/www.notibras.com\/site\/#\/schema\/person\/36ab0979449956132d3e5b517ea76ac8"},"headline":"Meninas s\u00e3o mais afetadas por mudan\u00e7as clim\u00e1ticas","datePublished":"2023-12-10T03:03:17+00:00","dateModified":"2023-12-10T13:05:24+00:00","mainEntityOfPage":{"@id":"https:\/\/www.notibras.com\/site\/meninas-sao-mais-afetadas-por-mudancas-climaticas\/"},"wordCount":997,"publisher":{"@id":"https:\/\/www.notibras.com\/site\/#organization"},"image":{"@id":"https:\/\/www.notibras.com\/site\/meninas-sao-mais-afetadas-por-mudancas-climaticas\/#primaryimage"},"thumbnailUrl":"https:\/\/www.notibras.com\/site\/wp-content\/uploads\/2023\/12\/clima.criancas.webp","articleSection":["Quadradinho em Foco"],"inLanguage":"pt-BR"},{"@type":"WebPage","@id":"https:\/\/www.notibras.com\/site\/meninas-sao-mais-afetadas-por-mudancas-climaticas\/","url":"https:\/\/www.notibras.com\/site\/meninas-sao-mais-afetadas-por-mudancas-climaticas\/","name":"Meninas s\u00e3o mais afetadas por mudan\u00e7as clim\u00e1ticas - Notibras","isPartOf":{"@id":"https:\/\/www.notibras.com\/site\/#website"},"primaryImageOfPage":{"@id":"https:\/\/www.notibras.com\/site\/meninas-sao-mais-afetadas-por-mudancas-climaticas\/#primaryimage"},"image":{"@id":"https:\/\/www.notibras.com\/site\/meninas-sao-mais-afetadas-por-mudancas-climaticas\/#primaryimage"},"thumbnailUrl":"https:\/\/www.notibras.com\/site\/wp-content\/uploads\/2023\/12\/clima.criancas.webp","datePublished":"2023-12-10T03:03:17+00:00","dateModified":"2023-12-10T13:05:24+00:00","breadcrumb":{"@id":"https:\/\/www.notibras.com\/site\/meninas-sao-mais-afetadas-por-mudancas-climaticas\/#breadcrumb"},"inLanguage":"pt-BR","potentialAction":[{"@type":"ReadAction","target":["https:\/\/www.notibras.com\/site\/meninas-sao-mais-afetadas-por-mudancas-climaticas\/"]}]},{"@type":"ImageObject","inLanguage":"pt-BR","@id":"https:\/\/www.notibras.com\/site\/meninas-sao-mais-afetadas-por-mudancas-climaticas\/#primaryimage","url":"https:\/\/www.notibras.com\/site\/wp-content\/uploads\/2023\/12\/clima.criancas.webp","contentUrl":"https:\/\/www.notibras.com\/site\/wp-content\/uploads\/2023\/12\/clima.criancas.webp","width":1170,"height":700},{"@type":"BreadcrumbList","@id":"https:\/\/www.notibras.com\/site\/meninas-sao-mais-afetadas-por-mudancas-climaticas\/#breadcrumb","itemListElement":[{"@type":"ListItem","position":1,"name":"In\u00edcio","item":"https:\/\/www.notibras.com\/site\/"},{"@type":"ListItem","position":2,"name":"Meninas s\u00e3o mais afetadas por mudan\u00e7as clim\u00e1ticas"}]},{"@type":"WebSite","@id":"https:\/\/www.notibras.com\/site\/#website","url":"https:\/\/www.notibras.com\/site\/","name":"Notibras","description":"Not\u00edcias de Bras\u00edlia, do Brasil e do Mundo","publisher":{"@id":"https:\/\/www.notibras.com\/site\/#organization"},"potentialAction":[{"@type":"SearchAction","target":{"@type":"EntryPoint","urlTemplate":"https:\/\/www.notibras.com\/site\/?s={search_term_string}"},"query-input":{"@type":"PropertyValueSpecification","valueRequired":true,"valueName":"search_term_string"}}],"inLanguage":"pt-BR"},{"@type":"Organization","@id":"https:\/\/www.notibras.com\/site\/#organization","name":"Grupo Notibras de Comunica\u00e7\u00e3o","url":"https:\/\/www.notibras.com\/site\/","logo":{"@type":"ImageObject","inLanguage":"pt-BR","@id":"https:\/\/www.notibras.com\/site\/#\/schema\/logo\/image\/","url":"https:\/\/www.notibras.com\/site\/wp-content\/uploads\/2023\/01\/notibras23.png","contentUrl":"https:\/\/www.notibras.com\/site\/wp-content\/uploads\/2023\/01\/notibras23.png","width":350,"height":87,"caption":"Grupo Notibras de Comunica\u00e7\u00e3o"},"image":{"@id":"https:\/\/www.notibras.com\/site\/#\/schema\/logo\/image\/"},"sameAs":["https:\/\/www.facebook.com\/notibras\/","https:\/\/x.com\/Notibras","https:\/\/www.instagram.com\/notibras\/"]},{"@type":"Person","@id":"https:\/\/www.notibras.com\/site\/#\/schema\/person\/36ab0979449956132d3e5b517ea76ac8","name":"Reda\u00e7\u00e3o","image":{"@type":"ImageObject","inLanguage":"pt-BR","@id":"https:\/\/secure.gravatar.com\/avatar\/e0a867bdedb85fd243eadf09663511f96fc81e0720a4a42581f334ad4303aa6b?s=96&d=mm&r=g","url":"https:\/\/secure.gravatar.com\/avatar\/e0a867bdedb85fd243eadf09663511f96fc81e0720a4a42581f334ad4303aa6b?s=96&d=mm&r=g","contentUrl":"https:\/\/secure.gravatar.com\/avatar\/e0a867bdedb85fd243eadf09663511f96fc81e0720a4a42581f334ad4303aa6b?s=96&d=mm&r=g","caption":"Reda\u00e7\u00e3o"}}]}},"amp_enabled":true,"_links":{"self":[{"href":"https:\/\/www.notibras.com\/site\/wp-json\/wp\/v2\/posts\/318889","targetHints":{"allow":["GET"]}}],"collection":[{"href":"https:\/\/www.notibras.com\/site\/wp-json\/wp\/v2\/posts"}],"about":[{"href":"https:\/\/www.notibras.com\/site\/wp-json\/wp\/v2\/types\/post"}],"author":[{"embeddable":true,"href":"https:\/\/www.notibras.com\/site\/wp-json\/wp\/v2\/users\/2"}],"replies":[{"embeddable":true,"href":"https:\/\/www.notibras.com\/site\/wp-json\/wp\/v2\/comments?post=318889"}],"version-history":[{"count":1,"href":"https:\/\/www.notibras.com\/site\/wp-json\/wp\/v2\/posts\/318889\/revisions"}],"predecessor-version":[{"id":318891,"href":"https:\/\/www.notibras.com\/site\/wp-json\/wp\/v2\/posts\/318889\/revisions\/318891"}],"wp:featuredmedia":[{"embeddable":true,"href":"https:\/\/www.notibras.com\/site\/wp-json\/wp\/v2\/media\/318890"}],"wp:attachment":[{"href":"https:\/\/www.notibras.com\/site\/wp-json\/wp\/v2\/media?parent=318889"}],"wp:term":[{"taxonomy":"category","embeddable":true,"href":"https:\/\/www.notibras.com\/site\/wp-json\/wp\/v2\/categories?post=318889"},{"taxonomy":"post_tag","embeddable":true,"href":"https:\/\/www.notibras.com\/site\/wp-json\/wp\/v2\/tags?post=318889"}],"curies":[{"name":"wp","href":"https:\/\/api.w.org\/{rel}","templated":true}]}}