{"id":318922,"date":"2023-12-10T13:51:46","date_gmt":"2023-12-10T16:51:46","guid":{"rendered":"https:\/\/www.notibras.com\/site\/?p=318922"},"modified":"2023-12-10T19:53:50","modified_gmt":"2023-12-10T22:53:50","slug":"ativista-lgbt-defende-educacao-para-tolerancia","status":"publish","type":"post","link":"https:\/\/www.notibras.com\/site\/ativista-lgbt-defende-educacao-para-tolerancia\/","title":{"rendered":"Ativista LGBT defende educa\u00e7\u00e3o para toler\u00e2ncia"},"content":{"rendered":"<p>Foi com a pr\u00f3pria experi\u00eancia que a ativista pernambucana Gi Carvalho teve uma aula de toler\u00e2ncia. Com a filha, que \u00e9 l\u00e9sbica, ela entendeu ser necess\u00e1rio apoiar mais e n\u00e3o julgar. Mas o aprendizado n\u00e3o ficou somente dentro de casa. Queria mais: garantir os direitos de filhas e filhos no Brasil inteiro.<\/p>\n<p>Hoje, ela \u00e9 presidente nacional da Associa\u00e7\u00e3o M\u00e3es da Resist\u00eancia, que congrega cerca de 600 familiares de pessoas LBGTQUIAPN+. Nesta semana, em eventos em Bras\u00edlia, Gi pediu o aprimoramento de pol\u00edticas p\u00fablicas e mais educa\u00e7\u00e3o para a toler\u00e2ncia.<\/p>\n<p>Ela participa do HIVida, evento organizado pela Unaids para conscientiza\u00e7\u00e3o sobre a dissemina\u00e7\u00e3o do v\u00edrus e da doen\u00e7a, e tamb\u00e9m do 1\u00ba Encontro Nacional dos Conselhos LGBTQIA+.<\/p>\n<p>\u201cEu acho que a grande prioridade \u00e9 tentar estabelecer um di\u00e1logo entre os movimentos para unificar a luta, para a gente n\u00e3o ter outras perdas, como as amea\u00e7as ao direito do casamento civil (de casais homoafetivos)\u201d.<\/p>\n<p><strong>Lutas<\/strong><br \/>\nEm rela\u00e7\u00e3o a essa pauta, ela explica que essa foi uma luta permanente do movimento de m\u00e3es, que trabalhou por muito tempo fazendo o sentido contr\u00e1rio. Tentando fazer com que os direitos ao casamento fosse garantido em v\u00e1rios estados do Brasil. \u201cN\u00f3s trabalhamos com 17 coordena\u00e7\u00f5es estaduais. L\u00e1 em Pernambuco, n\u00f3s conseguimos casar mais de 120 casais homoafetivos em um ano\u201d.<\/p>\n<p>Dentre as preocupa\u00e7\u00f5es da entidade, est\u00e1 a de conscientizar os mais jovens sobre o HIV e Aids. Inclusive, a M\u00e3es da Resist\u00eancia foi criada em 1\u00ba de dezembro de 2021 com presen\u00e7a em 16 estados e no Distrito Federal.<\/p>\n<p>\u201cDentro desse movimento, a gente tenta fazer com que as m\u00e3es tenham informa\u00e7\u00f5es para lidar com a condi\u00e7\u00e3o sexual e orienta\u00e7\u00e3o de g\u00eanero dos seus filhos\u201d.<\/p>\n<p>Ela defende que mais familiares possam participar dos eventos e di\u00e1logos em prol do acolhimento e \u201cletramento\u201d de fam\u00edlias.<\/p>\n<p>\u201cA gente entende que a maioria dos LGBT j\u00e1 t\u00eam uma esp\u00e9cie de viol\u00eancia familiar. E esse \u00e9 o lugar onde a gente quer atuar para que isso n\u00e3o se repita\u201d.<\/p>\n<p><strong>Dentro de casa<\/strong><br \/>\nA ativista exemplifica a necessidade de mudan\u00e7a de conduta a partir da pr\u00f3pria hist\u00f3ria de vida. M\u00e3e de uma jovem l\u00e9sbica, ela entende que n\u00e3o teve o comportamento acolhedor com a filha. \u201cEu fui o primeiro espa\u00e7o onde minha filha sofreu a lesbofobia. Eu passei por um choque\u201d.<\/p>\n<p>No entanto, ela conta que mudou o olhar depois que a filha foi agredida fora de casa. \u201cEu entendi que n\u00e3o dava mais para ser a m\u00e3e que fica na frente da TV e parada. Eu quero um mundo acolhedor, que respeita e acolhe. E eu consegui fazer isso\u201d.<\/p>\n<p>A partir do trauma, Gi garante que a miss\u00e3o da entidade \u00e9 fazer o letramento sobre o tema para o maior n\u00famero de pessoas: \u201ca gente tem uma leva de m\u00e3es que n\u00e3o tem instru\u00e7\u00e3o. Por isso, precisamos garantir visibilidade para o tema\u201d.<\/p>\n<p>A associa\u00e7\u00e3o apoiou, por exemplo, no Cear\u00e1, em dois anos, quase 300 ratifica\u00e7\u00f5es de nome e g\u00eanero. O estado nordestino, inclusive, \u00e9 o que tem o maior n\u00famero de m\u00e3es participantes da entidade. Destacam-se tamb\u00e9m, em quantidade, aquelas inscritas no Rio de Janeiro, em S\u00e3o Paulo e em Alagoas.<\/p>\n","protected":false},"excerpt":{"rendered":"<p>Foi com a pr\u00f3pria experi\u00eancia que a ativista pernambucana Gi Carvalho teve uma aula de toler\u00e2ncia. Com a filha, que \u00e9 l\u00e9sbica, ela entendeu ser necess\u00e1rio apoiar mais e n\u00e3o julgar. Mas o aprendizado n\u00e3o ficou somente dentro de casa. Queria mais: garantir os direitos de filhas e filhos no Brasil inteiro. Hoje, ela \u00e9 [&hellip;]<\/p>\n","protected":false},"author":2,"featured_media":318923,"comment_status":"closed","ping_status":"closed","sticky":false,"template":"","format":"standard","meta":{"_acf_changed":false,"footnotes":""},"categories":[161],"tags":[95],"class_list":["post-318922","post","type-post","status-publish","format-standard","has-post-thumbnail","hentry","category-quadradinho-em-foco","tag-capa"],"acf":[],"yoast_head":"<!-- This site is optimized with the Yoast SEO plugin v27.2 - https:\/\/yoast.com\/product\/yoast-seo-wordpress\/ -->\n<title>Ativista LGBT defende educa\u00e7\u00e3o para toler\u00e2ncia - Notibras<\/title>\n<meta name=\"robots\" content=\"index, follow, max-snippet:-1, max-image-preview:large, max-video-preview:-1\" \/>\n<link rel=\"canonical\" href=\"https:\/\/www.notibras.com\/site\/ativista-lgbt-defende-educacao-para-tolerancia\/\" \/>\n<meta property=\"og:locale\" content=\"pt_BR\" \/>\n<meta property=\"og:type\" content=\"article\" \/>\n<meta property=\"og:title\" content=\"Ativista LGBT defende educa\u00e7\u00e3o para toler\u00e2ncia - Notibras\" \/>\n<meta property=\"og:description\" content=\"Foi com a pr\u00f3pria experi\u00eancia que a ativista pernambucana Gi Carvalho teve uma aula de toler\u00e2ncia. Com a filha, que \u00e9 l\u00e9sbica, ela entendeu ser necess\u00e1rio apoiar mais e n\u00e3o julgar. Mas o aprendizado n\u00e3o ficou somente dentro de casa. Queria mais: garantir os direitos de filhas e filhos no Brasil inteiro. Hoje, ela \u00e9 [&hellip;]\" \/>\n<meta property=\"og:url\" content=\"https:\/\/www.notibras.com\/site\/ativista-lgbt-defende-educacao-para-tolerancia\/\" \/>\n<meta property=\"og:site_name\" content=\"Notibras\" \/>\n<meta property=\"article:publisher\" content=\"https:\/\/www.facebook.com\/notibras\/\" \/>\n<meta property=\"article:published_time\" content=\"2023-12-10T16:51:46+00:00\" \/>\n<meta property=\"article:modified_time\" content=\"2023-12-10T22:53:50+00:00\" \/>\n<meta property=\"og:image\" content=\"https:\/\/www.notibras.com\/site\/wp-content\/uploads\/2023\/12\/maes_da_resistencia.webp\" \/>\n\t<meta property=\"og:image:width\" content=\"1170\" \/>\n\t<meta property=\"og:image:height\" content=\"700\" \/>\n\t<meta property=\"og:image:type\" content=\"image\/webp\" \/>\n<meta name=\"author\" content=\"Reda\u00e7\u00e3o\" \/>\n<meta name=\"twitter:card\" content=\"summary_large_image\" \/>\n<meta name=\"twitter:creator\" content=\"@Notibras\" \/>\n<meta name=\"twitter:site\" content=\"@Notibras\" \/>\n<meta name=\"twitter:label1\" content=\"Escrito por\" \/>\n\t<meta name=\"twitter:data1\" content=\"Reda\u00e7\u00e3o\" \/>\n\t<meta name=\"twitter:label2\" content=\"Est. tempo de leitura\" \/>\n\t<meta name=\"twitter:data2\" content=\"3 minutos\" \/>\n<script type=\"application\/ld+json\" class=\"yoast-schema-graph\">{\"@context\":\"https:\/\/schema.org\",\"@graph\":[{\"@type\":\"Article\",\"@id\":\"https:\/\/www.notibras.com\/site\/ativista-lgbt-defende-educacao-para-tolerancia\/#article\",\"isPartOf\":{\"@id\":\"https:\/\/www.notibras.com\/site\/ativista-lgbt-defende-educacao-para-tolerancia\/\"},\"author\":{\"name\":\"Reda\u00e7\u00e3o\",\"@id\":\"https:\/\/www.notibras.com\/site\/#\/schema\/person\/36ab0979449956132d3e5b517ea76ac8\"},\"headline\":\"Ativista LGBT defende educa\u00e7\u00e3o para toler\u00e2ncia\",\"datePublished\":\"2023-12-10T16:51:46+00:00\",\"dateModified\":\"2023-12-10T22:53:50+00:00\",\"mainEntityOfPage\":{\"@id\":\"https:\/\/www.notibras.com\/site\/ativista-lgbt-defende-educacao-para-tolerancia\/\"},\"wordCount\":582,\"publisher\":{\"@id\":\"https:\/\/www.notibras.com\/site\/#organization\"},\"image\":{\"@id\":\"https:\/\/www.notibras.com\/site\/ativista-lgbt-defende-educacao-para-tolerancia\/#primaryimage\"},\"thumbnailUrl\":\"https:\/\/www.notibras.com\/site\/wp-content\/uploads\/2023\/12\/maes_da_resistencia.webp\",\"keywords\":[\"capa\"],\"articleSection\":[\"Quadradinho em Foco\"],\"inLanguage\":\"pt-BR\"},{\"@type\":\"WebPage\",\"@id\":\"https:\/\/www.notibras.com\/site\/ativista-lgbt-defende-educacao-para-tolerancia\/\",\"url\":\"https:\/\/www.notibras.com\/site\/ativista-lgbt-defende-educacao-para-tolerancia\/\",\"name\":\"Ativista LGBT defende educa\u00e7\u00e3o para toler\u00e2ncia - Notibras\",\"isPartOf\":{\"@id\":\"https:\/\/www.notibras.com\/site\/#website\"},\"primaryImageOfPage\":{\"@id\":\"https:\/\/www.notibras.com\/site\/ativista-lgbt-defende-educacao-para-tolerancia\/#primaryimage\"},\"image\":{\"@id\":\"https:\/\/www.notibras.com\/site\/ativista-lgbt-defende-educacao-para-tolerancia\/#primaryimage\"},\"thumbnailUrl\":\"https:\/\/www.notibras.com\/site\/wp-content\/uploads\/2023\/12\/maes_da_resistencia.webp\",\"datePublished\":\"2023-12-10T16:51:46+00:00\",\"dateModified\":\"2023-12-10T22:53:50+00:00\",\"breadcrumb\":{\"@id\":\"https:\/\/www.notibras.com\/site\/ativista-lgbt-defende-educacao-para-tolerancia\/#breadcrumb\"},\"inLanguage\":\"pt-BR\",\"potentialAction\":[{\"@type\":\"ReadAction\",\"target\":[\"https:\/\/www.notibras.com\/site\/ativista-lgbt-defende-educacao-para-tolerancia\/\"]}]},{\"@type\":\"ImageObject\",\"inLanguage\":\"pt-BR\",\"@id\":\"https:\/\/www.notibras.com\/site\/ativista-lgbt-defende-educacao-para-tolerancia\/#primaryimage\",\"url\":\"https:\/\/www.notibras.com\/site\/wp-content\/uploads\/2023\/12\/maes_da_resistencia.webp\",\"contentUrl\":\"https:\/\/www.notibras.com\/site\/wp-content\/uploads\/2023\/12\/maes_da_resistencia.webp\",\"width\":1170,\"height\":700},{\"@type\":\"BreadcrumbList\",\"@id\":\"https:\/\/www.notibras.com\/site\/ativista-lgbt-defende-educacao-para-tolerancia\/#breadcrumb\",\"itemListElement\":[{\"@type\":\"ListItem\",\"position\":1,\"name\":\"In\u00edcio\",\"item\":\"https:\/\/www.notibras.com\/site\/\"},{\"@type\":\"ListItem\",\"position\":2,\"name\":\"Ativista LGBT defende educa\u00e7\u00e3o para toler\u00e2ncia\"}]},{\"@type\":\"WebSite\",\"@id\":\"https:\/\/www.notibras.com\/site\/#website\",\"url\":\"https:\/\/www.notibras.com\/site\/\",\"name\":\"Notibras\",\"description\":\"Not\u00edcias de Bras\u00edlia, do Brasil e do Mundo\",\"publisher\":{\"@id\":\"https:\/\/www.notibras.com\/site\/#organization\"},\"potentialAction\":[{\"@type\":\"SearchAction\",\"target\":{\"@type\":\"EntryPoint\",\"urlTemplate\":\"https:\/\/www.notibras.com\/site\/?s={search_term_string}\"},\"query-input\":{\"@type\":\"PropertyValueSpecification\",\"valueRequired\":true,\"valueName\":\"search_term_string\"}}],\"inLanguage\":\"pt-BR\"},{\"@type\":\"Organization\",\"@id\":\"https:\/\/www.notibras.com\/site\/#organization\",\"name\":\"Grupo Notibras de Comunica\u00e7\u00e3o\",\"url\":\"https:\/\/www.notibras.com\/site\/\",\"logo\":{\"@type\":\"ImageObject\",\"inLanguage\":\"pt-BR\",\"@id\":\"https:\/\/www.notibras.com\/site\/#\/schema\/logo\/image\/\",\"url\":\"https:\/\/www.notibras.com\/site\/wp-content\/uploads\/2023\/01\/notibras23.png\",\"contentUrl\":\"https:\/\/www.notibras.com\/site\/wp-content\/uploads\/2023\/01\/notibras23.png\",\"width\":350,\"height\":87,\"caption\":\"Grupo Notibras de Comunica\u00e7\u00e3o\"},\"image\":{\"@id\":\"https:\/\/www.notibras.com\/site\/#\/schema\/logo\/image\/\"},\"sameAs\":[\"https:\/\/www.facebook.com\/notibras\/\",\"https:\/\/x.com\/Notibras\",\"https:\/\/www.instagram.com\/notibras\/\"]},{\"@type\":\"Person\",\"@id\":\"https:\/\/www.notibras.com\/site\/#\/schema\/person\/36ab0979449956132d3e5b517ea76ac8\",\"name\":\"Reda\u00e7\u00e3o\",\"image\":{\"@type\":\"ImageObject\",\"inLanguage\":\"pt-BR\",\"@id\":\"https:\/\/secure.gravatar.com\/avatar\/e0a867bdedb85fd243eadf09663511f96fc81e0720a4a42581f334ad4303aa6b?s=96&d=mm&r=g\",\"url\":\"https:\/\/secure.gravatar.com\/avatar\/e0a867bdedb85fd243eadf09663511f96fc81e0720a4a42581f334ad4303aa6b?s=96&d=mm&r=g\",\"contentUrl\":\"https:\/\/secure.gravatar.com\/avatar\/e0a867bdedb85fd243eadf09663511f96fc81e0720a4a42581f334ad4303aa6b?s=96&d=mm&r=g\",\"caption\":\"Reda\u00e7\u00e3o\"}}]}<\/script>\n<!-- \/ Yoast SEO plugin. -->","yoast_head_json":{"title":"Ativista LGBT defende educa\u00e7\u00e3o para toler\u00e2ncia - Notibras","robots":{"index":"index","follow":"follow","max-snippet":"max-snippet:-1","max-image-preview":"max-image-preview:large","max-video-preview":"max-video-preview:-1"},"canonical":"https:\/\/www.notibras.com\/site\/ativista-lgbt-defende-educacao-para-tolerancia\/","og_locale":"pt_BR","og_type":"article","og_title":"Ativista LGBT defende educa\u00e7\u00e3o para toler\u00e2ncia - Notibras","og_description":"Foi com a pr\u00f3pria experi\u00eancia que a ativista pernambucana Gi Carvalho teve uma aula de toler\u00e2ncia. Com a filha, que \u00e9 l\u00e9sbica, ela entendeu ser necess\u00e1rio apoiar mais e n\u00e3o julgar. Mas o aprendizado n\u00e3o ficou somente dentro de casa. Queria mais: garantir os direitos de filhas e filhos no Brasil inteiro. Hoje, ela \u00e9 [&hellip;]","og_url":"https:\/\/www.notibras.com\/site\/ativista-lgbt-defende-educacao-para-tolerancia\/","og_site_name":"Notibras","article_publisher":"https:\/\/www.facebook.com\/notibras\/","article_published_time":"2023-12-10T16:51:46+00:00","article_modified_time":"2023-12-10T22:53:50+00:00","og_image":[{"width":1170,"height":700,"url":"https:\/\/www.notibras.com\/site\/wp-content\/uploads\/2023\/12\/maes_da_resistencia.webp","type":"image\/webp"}],"author":"Reda\u00e7\u00e3o","twitter_card":"summary_large_image","twitter_creator":"@Notibras","twitter_site":"@Notibras","twitter_misc":{"Escrito por":"Reda\u00e7\u00e3o","Est. tempo de leitura":"3 minutos"},"schema":{"@context":"https:\/\/schema.org","@graph":[{"@type":"Article","@id":"https:\/\/www.notibras.com\/site\/ativista-lgbt-defende-educacao-para-tolerancia\/#article","isPartOf":{"@id":"https:\/\/www.notibras.com\/site\/ativista-lgbt-defende-educacao-para-tolerancia\/"},"author":{"name":"Reda\u00e7\u00e3o","@id":"https:\/\/www.notibras.com\/site\/#\/schema\/person\/36ab0979449956132d3e5b517ea76ac8"},"headline":"Ativista LGBT defende educa\u00e7\u00e3o para toler\u00e2ncia","datePublished":"2023-12-10T16:51:46+00:00","dateModified":"2023-12-10T22:53:50+00:00","mainEntityOfPage":{"@id":"https:\/\/www.notibras.com\/site\/ativista-lgbt-defende-educacao-para-tolerancia\/"},"wordCount":582,"publisher":{"@id":"https:\/\/www.notibras.com\/site\/#organization"},"image":{"@id":"https:\/\/www.notibras.com\/site\/ativista-lgbt-defende-educacao-para-tolerancia\/#primaryimage"},"thumbnailUrl":"https:\/\/www.notibras.com\/site\/wp-content\/uploads\/2023\/12\/maes_da_resistencia.webp","keywords":["capa"],"articleSection":["Quadradinho em Foco"],"inLanguage":"pt-BR"},{"@type":"WebPage","@id":"https:\/\/www.notibras.com\/site\/ativista-lgbt-defende-educacao-para-tolerancia\/","url":"https:\/\/www.notibras.com\/site\/ativista-lgbt-defende-educacao-para-tolerancia\/","name":"Ativista LGBT defende educa\u00e7\u00e3o para toler\u00e2ncia - Notibras","isPartOf":{"@id":"https:\/\/www.notibras.com\/site\/#website"},"primaryImageOfPage":{"@id":"https:\/\/www.notibras.com\/site\/ativista-lgbt-defende-educacao-para-tolerancia\/#primaryimage"},"image":{"@id":"https:\/\/www.notibras.com\/site\/ativista-lgbt-defende-educacao-para-tolerancia\/#primaryimage"},"thumbnailUrl":"https:\/\/www.notibras.com\/site\/wp-content\/uploads\/2023\/12\/maes_da_resistencia.webp","datePublished":"2023-12-10T16:51:46+00:00","dateModified":"2023-12-10T22:53:50+00:00","breadcrumb":{"@id":"https:\/\/www.notibras.com\/site\/ativista-lgbt-defende-educacao-para-tolerancia\/#breadcrumb"},"inLanguage":"pt-BR","potentialAction":[{"@type":"ReadAction","target":["https:\/\/www.notibras.com\/site\/ativista-lgbt-defende-educacao-para-tolerancia\/"]}]},{"@type":"ImageObject","inLanguage":"pt-BR","@id":"https:\/\/www.notibras.com\/site\/ativista-lgbt-defende-educacao-para-tolerancia\/#primaryimage","url":"https:\/\/www.notibras.com\/site\/wp-content\/uploads\/2023\/12\/maes_da_resistencia.webp","contentUrl":"https:\/\/www.notibras.com\/site\/wp-content\/uploads\/2023\/12\/maes_da_resistencia.webp","width":1170,"height":700},{"@type":"BreadcrumbList","@id":"https:\/\/www.notibras.com\/site\/ativista-lgbt-defende-educacao-para-tolerancia\/#breadcrumb","itemListElement":[{"@type":"ListItem","position":1,"name":"In\u00edcio","item":"https:\/\/www.notibras.com\/site\/"},{"@type":"ListItem","position":2,"name":"Ativista LGBT defende educa\u00e7\u00e3o para toler\u00e2ncia"}]},{"@type":"WebSite","@id":"https:\/\/www.notibras.com\/site\/#website","url":"https:\/\/www.notibras.com\/site\/","name":"Notibras","description":"Not\u00edcias de Bras\u00edlia, do Brasil e do Mundo","publisher":{"@id":"https:\/\/www.notibras.com\/site\/#organization"},"potentialAction":[{"@type":"SearchAction","target":{"@type":"EntryPoint","urlTemplate":"https:\/\/www.notibras.com\/site\/?s={search_term_string}"},"query-input":{"@type":"PropertyValueSpecification","valueRequired":true,"valueName":"search_term_string"}}],"inLanguage":"pt-BR"},{"@type":"Organization","@id":"https:\/\/www.notibras.com\/site\/#organization","name":"Grupo Notibras de Comunica\u00e7\u00e3o","url":"https:\/\/www.notibras.com\/site\/","logo":{"@type":"ImageObject","inLanguage":"pt-BR","@id":"https:\/\/www.notibras.com\/site\/#\/schema\/logo\/image\/","url":"https:\/\/www.notibras.com\/site\/wp-content\/uploads\/2023\/01\/notibras23.png","contentUrl":"https:\/\/www.notibras.com\/site\/wp-content\/uploads\/2023\/01\/notibras23.png","width":350,"height":87,"caption":"Grupo Notibras de Comunica\u00e7\u00e3o"},"image":{"@id":"https:\/\/www.notibras.com\/site\/#\/schema\/logo\/image\/"},"sameAs":["https:\/\/www.facebook.com\/notibras\/","https:\/\/x.com\/Notibras","https:\/\/www.instagram.com\/notibras\/"]},{"@type":"Person","@id":"https:\/\/www.notibras.com\/site\/#\/schema\/person\/36ab0979449956132d3e5b517ea76ac8","name":"Reda\u00e7\u00e3o","image":{"@type":"ImageObject","inLanguage":"pt-BR","@id":"https:\/\/secure.gravatar.com\/avatar\/e0a867bdedb85fd243eadf09663511f96fc81e0720a4a42581f334ad4303aa6b?s=96&d=mm&r=g","url":"https:\/\/secure.gravatar.com\/avatar\/e0a867bdedb85fd243eadf09663511f96fc81e0720a4a42581f334ad4303aa6b?s=96&d=mm&r=g","contentUrl":"https:\/\/secure.gravatar.com\/avatar\/e0a867bdedb85fd243eadf09663511f96fc81e0720a4a42581f334ad4303aa6b?s=96&d=mm&r=g","caption":"Reda\u00e7\u00e3o"}}]}},"amp_enabled":true,"_links":{"self":[{"href":"https:\/\/www.notibras.com\/site\/wp-json\/wp\/v2\/posts\/318922","targetHints":{"allow":["GET"]}}],"collection":[{"href":"https:\/\/www.notibras.com\/site\/wp-json\/wp\/v2\/posts"}],"about":[{"href":"https:\/\/www.notibras.com\/site\/wp-json\/wp\/v2\/types\/post"}],"author":[{"embeddable":true,"href":"https:\/\/www.notibras.com\/site\/wp-json\/wp\/v2\/users\/2"}],"replies":[{"embeddable":true,"href":"https:\/\/www.notibras.com\/site\/wp-json\/wp\/v2\/comments?post=318922"}],"version-history":[{"count":1,"href":"https:\/\/www.notibras.com\/site\/wp-json\/wp\/v2\/posts\/318922\/revisions"}],"predecessor-version":[{"id":318924,"href":"https:\/\/www.notibras.com\/site\/wp-json\/wp\/v2\/posts\/318922\/revisions\/318924"}],"wp:featuredmedia":[{"embeddable":true,"href":"https:\/\/www.notibras.com\/site\/wp-json\/wp\/v2\/media\/318923"}],"wp:attachment":[{"href":"https:\/\/www.notibras.com\/site\/wp-json\/wp\/v2\/media?parent=318922"}],"wp:term":[{"taxonomy":"category","embeddable":true,"href":"https:\/\/www.notibras.com\/site\/wp-json\/wp\/v2\/categories?post=318922"},{"taxonomy":"post_tag","embeddable":true,"href":"https:\/\/www.notibras.com\/site\/wp-json\/wp\/v2\/tags?post=318922"}],"curies":[{"name":"wp","href":"https:\/\/api.w.org\/{rel}","templated":true}]}}