{"id":318959,"date":"2023-12-11T08:14:45","date_gmt":"2023-12-11T11:14:45","guid":{"rendered":"https:\/\/www.notibras.com\/site\/?p=318959"},"modified":"2023-12-11T08:14:45","modified_gmt":"2023-12-11T11:14:45","slug":"a-historia-da-vizinha-o-rato-e-o-umbigo","status":"publish","type":"post","link":"https:\/\/www.notibras.com\/site\/a-historia-da-vizinha-o-rato-e-o-umbigo\/","title":{"rendered":"A hist\u00f3ria da vizinha, o rato e o umbigo"},"content":{"rendered":"<p>&#8211; Caiu?<\/p>\n<p>&#8211; Caiu.<\/p>\n<p>&#8211; Quando?<\/p>\n<p>&#8211; Ontem.<\/p>\n<p>&#8211; Cad\u00ea?<\/p>\n<p>&#8211; Guardei num saquinho.<\/p>\n<p>&#8211; Vai fazer o qu\u00ea?<\/p>\n<p>&#8211; Ainda n\u00e3o decidi.<\/p>\n<p>&#8211; Cuidado!<\/p>\n<p>&#8211; Cuidado com o qu\u00ea?<\/p>\n<p>&#8211; Pro rato n\u00e3o comer.<\/p>\n<p>&#8211; Que rato? Comer o qu\u00ea?<\/p>\n<p>&#8211; O umbigo.<\/p>\n<p>&#8211; Por qu\u00ea?<\/p>\n<p>&#8211; Se o rato comer, vira ladr\u00e3o.<\/p>\n<p>&#8211; Quem?<\/p>\n<p>&#8211; Quem o qu\u00ea?<\/p>\n<p>&#8211; Quem vira ladr\u00e3o? O rato ou a crian\u00e7a?<\/p>\n<p>&#8211; A crian\u00e7a.<\/p>\n<p>&#8211; Besteira!<\/p>\n<p>A vizinha bebericou um pouco do ch\u00e1 de camomila, enquanto a rec\u00e9m-parida a encarava. Era \u00f3bvio o seu inc\u00f4modo com aquela hist\u00f3ria de rato devorador de umbigos. Onde j\u00e1 se viu tamanho disparate? Tolice de gente que n\u00e3o tem o que fazer. Que v\u00e1 levar mau agouro para bem longe!<\/p>\n<p>Terminado o ch\u00e1, a vizinha disse que precisava ir, pois ainda passaria na mercearia do seu Oliva. Coisa pouca, um quilo de arroz e algumas cebolas. As duas se despediram com promessas de novos encontros. Breves, por assim dizer.<\/p>\n<p>Mal fechou a porta, a mulher soltou um palavr\u00e3o. Na verdade, foram dois ou tr\u00eas, mas que n\u00e3o vale a pena mencion\u00e1-los. Coisas de puerp\u00e9rio. Entretanto, calejada que era, bem sabia que cautela e canja de galinha n\u00e3o fazem mal a ningu\u00e9m.<\/p>\n<p>A mulher foi direto para o quarto. Catou o saquinho com o umbigo e tratou logo de trancafi\u00e1-lo no cofre. Com o filho no colo, lan\u00e7ou um olhar de on\u00e7a brava para a frestra debaixo da porta.<\/p>\n<p>&#8211; Agora quero ver algum rato pegar o umbigo do meu menino!<\/p>\n","protected":false},"excerpt":{"rendered":"<p>&#8211; Caiu? &#8211; Caiu. &#8211; Quando? &#8211; Ontem. &#8211; Cad\u00ea? &#8211; Guardei num saquinho. &#8211; Vai fazer o qu\u00ea? &#8211; Ainda n\u00e3o decidi. &#8211; Cuidado! &#8211; Cuidado com o qu\u00ea? &#8211; Pro rato n\u00e3o comer. &#8211; Que rato? Comer o qu\u00ea? &#8211; O umbigo. &#8211; Por qu\u00ea? &#8211; Se o rato comer, vira ladr\u00e3o. &#8211; [&hellip;]<\/p>\n","protected":false},"author":2,"featured_media":318960,"comment_status":"closed","ping_status":"closed","sticky":false,"template":"","format":"standard","meta":{"_acf_changed":false,"footnotes":""},"categories":[161],"tags":[],"class_list":["post-318959","post","type-post","status-publish","format-standard","has-post-thumbnail","hentry","category-quadradinho-em-foco"],"acf":[],"yoast_head":"<!-- This site is optimized with the Yoast SEO plugin v27.2 - https:\/\/yoast.com\/product\/yoast-seo-wordpress\/ -->\n<title>A hist\u00f3ria da vizinha, o rato e o umbigo - Notibras<\/title>\n<meta name=\"robots\" content=\"index, follow, max-snippet:-1, max-image-preview:large, max-video-preview:-1\" \/>\n<link rel=\"canonical\" href=\"https:\/\/www.notibras.com\/site\/a-historia-da-vizinha-o-rato-e-o-umbigo\/\" \/>\n<meta property=\"og:locale\" content=\"pt_BR\" \/>\n<meta property=\"og:type\" content=\"article\" \/>\n<meta property=\"og:title\" content=\"A hist\u00f3ria da vizinha, o rato e o umbigo - Notibras\" \/>\n<meta property=\"og:description\" content=\"&#8211; Caiu? &#8211; Caiu. &#8211; Quando? &#8211; Ontem. &#8211; Cad\u00ea? &#8211; Guardei num saquinho. &#8211; Vai fazer o qu\u00ea? &#8211; Ainda n\u00e3o decidi. &#8211; Cuidado! &#8211; Cuidado com o qu\u00ea? &#8211; Pro rato n\u00e3o comer. &#8211; Que rato? Comer o qu\u00ea? &#8211; O umbigo. &#8211; Por qu\u00ea? &#8211; Se o rato comer, vira ladr\u00e3o. &#8211; [&hellip;]\" \/>\n<meta property=\"og:url\" content=\"https:\/\/www.notibras.com\/site\/a-historia-da-vizinha-o-rato-e-o-umbigo\/\" \/>\n<meta property=\"og:site_name\" content=\"Notibras\" \/>\n<meta property=\"article:publisher\" content=\"https:\/\/www.facebook.com\/notibras\/\" \/>\n<meta property=\"article:published_time\" content=\"2023-12-11T11:14:45+00:00\" \/>\n<meta property=\"og:image\" content=\"https:\/\/www.notibras.com\/site\/wp-content\/uploads\/2023\/12\/dudoidao.jpg\" \/>\n\t<meta property=\"og:image:width\" content=\"960\" \/>\n\t<meta property=\"og:image:height\" content=\"1280\" \/>\n\t<meta property=\"og:image:type\" content=\"image\/jpeg\" \/>\n<meta name=\"author\" content=\"Reda\u00e7\u00e3o\" \/>\n<meta name=\"twitter:card\" content=\"summary_large_image\" \/>\n<meta name=\"twitter:creator\" content=\"@Notibras\" \/>\n<meta name=\"twitter:site\" content=\"@Notibras\" \/>\n<meta name=\"twitter:label1\" content=\"Escrito por\" \/>\n\t<meta name=\"twitter:data1\" content=\"Reda\u00e7\u00e3o\" \/>\n\t<meta name=\"twitter:label2\" content=\"Est. tempo de leitura\" \/>\n\t<meta name=\"twitter:data2\" content=\"2 minutos\" \/>\n<script type=\"application\/ld+json\" class=\"yoast-schema-graph\">{\"@context\":\"https:\/\/schema.org\",\"@graph\":[{\"@type\":\"Article\",\"@id\":\"https:\/\/www.notibras.com\/site\/a-historia-da-vizinha-o-rato-e-o-umbigo\/#article\",\"isPartOf\":{\"@id\":\"https:\/\/www.notibras.com\/site\/a-historia-da-vizinha-o-rato-e-o-umbigo\/\"},\"author\":{\"name\":\"Reda\u00e7\u00e3o\",\"@id\":\"https:\/\/www.notibras.com\/site\/#\/schema\/person\/36ab0979449956132d3e5b517ea76ac8\"},\"headline\":\"A hist\u00f3ria da vizinha, o rato e o umbigo\",\"datePublished\":\"2023-12-11T11:14:45+00:00\",\"mainEntityOfPage\":{\"@id\":\"https:\/\/www.notibras.com\/site\/a-historia-da-vizinha-o-rato-e-o-umbigo\/\"},\"wordCount\":284,\"publisher\":{\"@id\":\"https:\/\/www.notibras.com\/site\/#organization\"},\"image\":{\"@id\":\"https:\/\/www.notibras.com\/site\/a-historia-da-vizinha-o-rato-e-o-umbigo\/#primaryimage\"},\"thumbnailUrl\":\"https:\/\/www.notibras.com\/site\/wp-content\/uploads\/2023\/12\/dudoidao.jpg\",\"articleSection\":[\"Quadradinho em Foco\"],\"inLanguage\":\"pt-BR\"},{\"@type\":\"WebPage\",\"@id\":\"https:\/\/www.notibras.com\/site\/a-historia-da-vizinha-o-rato-e-o-umbigo\/\",\"url\":\"https:\/\/www.notibras.com\/site\/a-historia-da-vizinha-o-rato-e-o-umbigo\/\",\"name\":\"A hist\u00f3ria da vizinha, o rato e o umbigo - Notibras\",\"isPartOf\":{\"@id\":\"https:\/\/www.notibras.com\/site\/#website\"},\"primaryImageOfPage\":{\"@id\":\"https:\/\/www.notibras.com\/site\/a-historia-da-vizinha-o-rato-e-o-umbigo\/#primaryimage\"},\"image\":{\"@id\":\"https:\/\/www.notibras.com\/site\/a-historia-da-vizinha-o-rato-e-o-umbigo\/#primaryimage\"},\"thumbnailUrl\":\"https:\/\/www.notibras.com\/site\/wp-content\/uploads\/2023\/12\/dudoidao.jpg\",\"datePublished\":\"2023-12-11T11:14:45+00:00\",\"breadcrumb\":{\"@id\":\"https:\/\/www.notibras.com\/site\/a-historia-da-vizinha-o-rato-e-o-umbigo\/#breadcrumb\"},\"inLanguage\":\"pt-BR\",\"potentialAction\":[{\"@type\":\"ReadAction\",\"target\":[\"https:\/\/www.notibras.com\/site\/a-historia-da-vizinha-o-rato-e-o-umbigo\/\"]}]},{\"@type\":\"ImageObject\",\"inLanguage\":\"pt-BR\",\"@id\":\"https:\/\/www.notibras.com\/site\/a-historia-da-vizinha-o-rato-e-o-umbigo\/#primaryimage\",\"url\":\"https:\/\/www.notibras.com\/site\/wp-content\/uploads\/2023\/12\/dudoidao.jpg\",\"contentUrl\":\"https:\/\/www.notibras.com\/site\/wp-content\/uploads\/2023\/12\/dudoidao.jpg\",\"width\":960,\"height\":1280},{\"@type\":\"BreadcrumbList\",\"@id\":\"https:\/\/www.notibras.com\/site\/a-historia-da-vizinha-o-rato-e-o-umbigo\/#breadcrumb\",\"itemListElement\":[{\"@type\":\"ListItem\",\"position\":1,\"name\":\"In\u00edcio\",\"item\":\"https:\/\/www.notibras.com\/site\/\"},{\"@type\":\"ListItem\",\"position\":2,\"name\":\"A hist\u00f3ria da vizinha, o rato e o umbigo\"}]},{\"@type\":\"WebSite\",\"@id\":\"https:\/\/www.notibras.com\/site\/#website\",\"url\":\"https:\/\/www.notibras.com\/site\/\",\"name\":\"Notibras\",\"description\":\"Not\u00edcias de Bras\u00edlia, do Brasil e do Mundo\",\"publisher\":{\"@id\":\"https:\/\/www.notibras.com\/site\/#organization\"},\"potentialAction\":[{\"@type\":\"SearchAction\",\"target\":{\"@type\":\"EntryPoint\",\"urlTemplate\":\"https:\/\/www.notibras.com\/site\/?s={search_term_string}\"},\"query-input\":{\"@type\":\"PropertyValueSpecification\",\"valueRequired\":true,\"valueName\":\"search_term_string\"}}],\"inLanguage\":\"pt-BR\"},{\"@type\":\"Organization\",\"@id\":\"https:\/\/www.notibras.com\/site\/#organization\",\"name\":\"Grupo Notibras de Comunica\u00e7\u00e3o\",\"url\":\"https:\/\/www.notibras.com\/site\/\",\"logo\":{\"@type\":\"ImageObject\",\"inLanguage\":\"pt-BR\",\"@id\":\"https:\/\/www.notibras.com\/site\/#\/schema\/logo\/image\/\",\"url\":\"https:\/\/www.notibras.com\/site\/wp-content\/uploads\/2023\/01\/notibras23.png\",\"contentUrl\":\"https:\/\/www.notibras.com\/site\/wp-content\/uploads\/2023\/01\/notibras23.png\",\"width\":350,\"height\":87,\"caption\":\"Grupo Notibras de Comunica\u00e7\u00e3o\"},\"image\":{\"@id\":\"https:\/\/www.notibras.com\/site\/#\/schema\/logo\/image\/\"},\"sameAs\":[\"https:\/\/www.facebook.com\/notibras\/\",\"https:\/\/x.com\/Notibras\",\"https:\/\/www.instagram.com\/notibras\/\"]},{\"@type\":\"Person\",\"@id\":\"https:\/\/www.notibras.com\/site\/#\/schema\/person\/36ab0979449956132d3e5b517ea76ac8\",\"name\":\"Reda\u00e7\u00e3o\",\"image\":{\"@type\":\"ImageObject\",\"inLanguage\":\"pt-BR\",\"@id\":\"https:\/\/secure.gravatar.com\/avatar\/e0a867bdedb85fd243eadf09663511f96fc81e0720a4a42581f334ad4303aa6b?s=96&d=mm&r=g\",\"url\":\"https:\/\/secure.gravatar.com\/avatar\/e0a867bdedb85fd243eadf09663511f96fc81e0720a4a42581f334ad4303aa6b?s=96&d=mm&r=g\",\"contentUrl\":\"https:\/\/secure.gravatar.com\/avatar\/e0a867bdedb85fd243eadf09663511f96fc81e0720a4a42581f334ad4303aa6b?s=96&d=mm&r=g\",\"caption\":\"Reda\u00e7\u00e3o\"}}]}<\/script>\n<!-- \/ Yoast SEO plugin. -->","yoast_head_json":{"title":"A hist\u00f3ria da vizinha, o rato e o umbigo - Notibras","robots":{"index":"index","follow":"follow","max-snippet":"max-snippet:-1","max-image-preview":"max-image-preview:large","max-video-preview":"max-video-preview:-1"},"canonical":"https:\/\/www.notibras.com\/site\/a-historia-da-vizinha-o-rato-e-o-umbigo\/","og_locale":"pt_BR","og_type":"article","og_title":"A hist\u00f3ria da vizinha, o rato e o umbigo - Notibras","og_description":"&#8211; Caiu? &#8211; Caiu. &#8211; Quando? &#8211; Ontem. &#8211; Cad\u00ea? &#8211; Guardei num saquinho. &#8211; Vai fazer o qu\u00ea? &#8211; Ainda n\u00e3o decidi. &#8211; Cuidado! &#8211; Cuidado com o qu\u00ea? &#8211; Pro rato n\u00e3o comer. &#8211; Que rato? Comer o qu\u00ea? &#8211; O umbigo. &#8211; Por qu\u00ea? &#8211; Se o rato comer, vira ladr\u00e3o. &#8211; [&hellip;]","og_url":"https:\/\/www.notibras.com\/site\/a-historia-da-vizinha-o-rato-e-o-umbigo\/","og_site_name":"Notibras","article_publisher":"https:\/\/www.facebook.com\/notibras\/","article_published_time":"2023-12-11T11:14:45+00:00","og_image":[{"width":960,"height":1280,"url":"https:\/\/www.notibras.com\/site\/wp-content\/uploads\/2023\/12\/dudoidao.jpg","type":"image\/jpeg"}],"author":"Reda\u00e7\u00e3o","twitter_card":"summary_large_image","twitter_creator":"@Notibras","twitter_site":"@Notibras","twitter_misc":{"Escrito por":"Reda\u00e7\u00e3o","Est. tempo de leitura":"2 minutos"},"schema":{"@context":"https:\/\/schema.org","@graph":[{"@type":"Article","@id":"https:\/\/www.notibras.com\/site\/a-historia-da-vizinha-o-rato-e-o-umbigo\/#article","isPartOf":{"@id":"https:\/\/www.notibras.com\/site\/a-historia-da-vizinha-o-rato-e-o-umbigo\/"},"author":{"name":"Reda\u00e7\u00e3o","@id":"https:\/\/www.notibras.com\/site\/#\/schema\/person\/36ab0979449956132d3e5b517ea76ac8"},"headline":"A hist\u00f3ria da vizinha, o rato e o umbigo","datePublished":"2023-12-11T11:14:45+00:00","mainEntityOfPage":{"@id":"https:\/\/www.notibras.com\/site\/a-historia-da-vizinha-o-rato-e-o-umbigo\/"},"wordCount":284,"publisher":{"@id":"https:\/\/www.notibras.com\/site\/#organization"},"image":{"@id":"https:\/\/www.notibras.com\/site\/a-historia-da-vizinha-o-rato-e-o-umbigo\/#primaryimage"},"thumbnailUrl":"https:\/\/www.notibras.com\/site\/wp-content\/uploads\/2023\/12\/dudoidao.jpg","articleSection":["Quadradinho em Foco"],"inLanguage":"pt-BR"},{"@type":"WebPage","@id":"https:\/\/www.notibras.com\/site\/a-historia-da-vizinha-o-rato-e-o-umbigo\/","url":"https:\/\/www.notibras.com\/site\/a-historia-da-vizinha-o-rato-e-o-umbigo\/","name":"A hist\u00f3ria da vizinha, o rato e o umbigo - Notibras","isPartOf":{"@id":"https:\/\/www.notibras.com\/site\/#website"},"primaryImageOfPage":{"@id":"https:\/\/www.notibras.com\/site\/a-historia-da-vizinha-o-rato-e-o-umbigo\/#primaryimage"},"image":{"@id":"https:\/\/www.notibras.com\/site\/a-historia-da-vizinha-o-rato-e-o-umbigo\/#primaryimage"},"thumbnailUrl":"https:\/\/www.notibras.com\/site\/wp-content\/uploads\/2023\/12\/dudoidao.jpg","datePublished":"2023-12-11T11:14:45+00:00","breadcrumb":{"@id":"https:\/\/www.notibras.com\/site\/a-historia-da-vizinha-o-rato-e-o-umbigo\/#breadcrumb"},"inLanguage":"pt-BR","potentialAction":[{"@type":"ReadAction","target":["https:\/\/www.notibras.com\/site\/a-historia-da-vizinha-o-rato-e-o-umbigo\/"]}]},{"@type":"ImageObject","inLanguage":"pt-BR","@id":"https:\/\/www.notibras.com\/site\/a-historia-da-vizinha-o-rato-e-o-umbigo\/#primaryimage","url":"https:\/\/www.notibras.com\/site\/wp-content\/uploads\/2023\/12\/dudoidao.jpg","contentUrl":"https:\/\/www.notibras.com\/site\/wp-content\/uploads\/2023\/12\/dudoidao.jpg","width":960,"height":1280},{"@type":"BreadcrumbList","@id":"https:\/\/www.notibras.com\/site\/a-historia-da-vizinha-o-rato-e-o-umbigo\/#breadcrumb","itemListElement":[{"@type":"ListItem","position":1,"name":"In\u00edcio","item":"https:\/\/www.notibras.com\/site\/"},{"@type":"ListItem","position":2,"name":"A hist\u00f3ria da vizinha, o rato e o umbigo"}]},{"@type":"WebSite","@id":"https:\/\/www.notibras.com\/site\/#website","url":"https:\/\/www.notibras.com\/site\/","name":"Notibras","description":"Not\u00edcias de Bras\u00edlia, do Brasil e do Mundo","publisher":{"@id":"https:\/\/www.notibras.com\/site\/#organization"},"potentialAction":[{"@type":"SearchAction","target":{"@type":"EntryPoint","urlTemplate":"https:\/\/www.notibras.com\/site\/?s={search_term_string}"},"query-input":{"@type":"PropertyValueSpecification","valueRequired":true,"valueName":"search_term_string"}}],"inLanguage":"pt-BR"},{"@type":"Organization","@id":"https:\/\/www.notibras.com\/site\/#organization","name":"Grupo Notibras de Comunica\u00e7\u00e3o","url":"https:\/\/www.notibras.com\/site\/","logo":{"@type":"ImageObject","inLanguage":"pt-BR","@id":"https:\/\/www.notibras.com\/site\/#\/schema\/logo\/image\/","url":"https:\/\/www.notibras.com\/site\/wp-content\/uploads\/2023\/01\/notibras23.png","contentUrl":"https:\/\/www.notibras.com\/site\/wp-content\/uploads\/2023\/01\/notibras23.png","width":350,"height":87,"caption":"Grupo Notibras de Comunica\u00e7\u00e3o"},"image":{"@id":"https:\/\/www.notibras.com\/site\/#\/schema\/logo\/image\/"},"sameAs":["https:\/\/www.facebook.com\/notibras\/","https:\/\/x.com\/Notibras","https:\/\/www.instagram.com\/notibras\/"]},{"@type":"Person","@id":"https:\/\/www.notibras.com\/site\/#\/schema\/person\/36ab0979449956132d3e5b517ea76ac8","name":"Reda\u00e7\u00e3o","image":{"@type":"ImageObject","inLanguage":"pt-BR","@id":"https:\/\/secure.gravatar.com\/avatar\/e0a867bdedb85fd243eadf09663511f96fc81e0720a4a42581f334ad4303aa6b?s=96&d=mm&r=g","url":"https:\/\/secure.gravatar.com\/avatar\/e0a867bdedb85fd243eadf09663511f96fc81e0720a4a42581f334ad4303aa6b?s=96&d=mm&r=g","contentUrl":"https:\/\/secure.gravatar.com\/avatar\/e0a867bdedb85fd243eadf09663511f96fc81e0720a4a42581f334ad4303aa6b?s=96&d=mm&r=g","caption":"Reda\u00e7\u00e3o"}}]}},"amp_enabled":true,"_links":{"self":[{"href":"https:\/\/www.notibras.com\/site\/wp-json\/wp\/v2\/posts\/318959","targetHints":{"allow":["GET"]}}],"collection":[{"href":"https:\/\/www.notibras.com\/site\/wp-json\/wp\/v2\/posts"}],"about":[{"href":"https:\/\/www.notibras.com\/site\/wp-json\/wp\/v2\/types\/post"}],"author":[{"embeddable":true,"href":"https:\/\/www.notibras.com\/site\/wp-json\/wp\/v2\/users\/2"}],"replies":[{"embeddable":true,"href":"https:\/\/www.notibras.com\/site\/wp-json\/wp\/v2\/comments?post=318959"}],"version-history":[{"count":1,"href":"https:\/\/www.notibras.com\/site\/wp-json\/wp\/v2\/posts\/318959\/revisions"}],"predecessor-version":[{"id":318961,"href":"https:\/\/www.notibras.com\/site\/wp-json\/wp\/v2\/posts\/318959\/revisions\/318961"}],"wp:featuredmedia":[{"embeddable":true,"href":"https:\/\/www.notibras.com\/site\/wp-json\/wp\/v2\/media\/318960"}],"wp:attachment":[{"href":"https:\/\/www.notibras.com\/site\/wp-json\/wp\/v2\/media?parent=318959"}],"wp:term":[{"taxonomy":"category","embeddable":true,"href":"https:\/\/www.notibras.com\/site\/wp-json\/wp\/v2\/categories?post=318959"},{"taxonomy":"post_tag","embeddable":true,"href":"https:\/\/www.notibras.com\/site\/wp-json\/wp\/v2\/tags?post=318959"}],"curies":[{"name":"wp","href":"https:\/\/api.w.org\/{rel}","templated":true}]}}