{"id":318962,"date":"2023-12-11T06:24:35","date_gmt":"2023-12-11T09:24:35","guid":{"rendered":"https:\/\/www.notibras.com\/site\/?p=318962"},"modified":"2023-12-11T08:26:28","modified_gmt":"2023-12-11T11:26:28","slug":"mais-um-grupo-de-repatriados-de-gaza-chega-ao-brasil","status":"publish","type":"post","link":"https:\/\/www.notibras.com\/site\/mais-um-grupo-de-repatriados-de-gaza-chega-ao-brasil\/","title":{"rendered":"Mais um grupo de repatriados de Gaza chega ao Brasil"},"content":{"rendered":"<p>Mais um grupo de brasileiros repatriados da Faixa de Gaza chegou ao Brasil na madrugada desta segunda-feira (11). A aeronave KC-30, da For\u00e7a A\u00e9rea Brasileira (FAB), decolou do Cairo, capital do Egito, \u00e0s 19h03 (hora local) de domingo (10) e pousou \u00e0s 3h47 na Base A\u00e9rea de Bras\u00edlia, onde o grupo foi recebido por autoridades brasileiras. Foram cerca de 15 horas de voo.<\/p>\n<p>O grupo \u00e9 formado por 48 pessoas, sendo 11 com dupla cidadania (Brasil-Palestina) e 37 palestinos, parentes de cidad\u00e3os brasileiros. S\u00e3o 27 crian\u00e7as e adolescentes, 17 mulheres, incluindo duas idosas, e quatro homens adultos. Uma jovem de 22 anos que j\u00e1 estava no Egito se juntou aos resgatados de Gaza e embarcou neste mesmo voo. Ela \u00e9 filha de uma das integrantes do grupo de repatriados em Gaza.<\/p>\n<p>No \u00faltimo s\u00e1bado (9), eles receberam autoriza\u00e7\u00e3o para cruzar a fronteira de Rafah, no sul de Gaza, em dire\u00e7\u00e3o ao Egito, de onde seguiram de \u00f4nibus at\u00e9 o Cairo. Na capital eg\u00edpcia, foram recebidos por diplomatas brasileiros na capital do pa\u00eds e embarcaram para o Brasil.<\/p>\n<p>Segundo o Itamaraty, da lista de 102 pessoas enviada pelo Brasil \u00e0s autoridades israelenses, 24 n\u00e3o tiveram autoriza\u00e7\u00e3o para cruzar a fronteira, incluindo sete plaestino-brasileiros. A maioria dos barrados \u00e9 de homens. O governo brasileiro n\u00e3o soube informar o motivo de eles terem sido impedidos, por Israel, de atravessar a fronteira. No momento, segundo o Pal\u00e1cio do Planalto, n\u00e3o h\u00e1 previs\u00e3o de novo voo de repatria\u00e7\u00e3o.<\/p>\n<p>&#8220;Em um primeiro momento, eles ficar\u00e3o de dois a tr\u00eas dias em Bras\u00edlia. A primeira etapa \u00e9 do apoio psicol\u00f3gico, de imuniza\u00e7\u00e3o, de estabelecer contato com familiares e parentes e a quest\u00e3o da documenta\u00e7\u00e3o. Alguns v\u00e3o para as casas de familiares e amigos. Os que estiverem sem refer\u00eancia ser\u00e3o abrigados no Sistema de Assist\u00eancia Social em institui\u00e7\u00f5es em que tenham todo o apoio de acolhimento e alimenta\u00e7\u00e3o. Um suporte para reconstitu\u00edrem a trajet\u00f3ria, j\u00e1 que v\u00eam de situa\u00e7\u00e3o bastante complexa&#8221;, afirmou o secret\u00e1rio nacional de Assist\u00eancia Social do Minist\u00e9rio do Desenvolvimento e Assist\u00eancia Social, Fam\u00edlia e Combate \u00e0 Fome (MDS), Andr\u00e9 Quint\u00e3o.<\/p>\n<p>Uma das repatriadas que desembarcou em Bras\u00edlia \u00e9 Yasmeen Rabee, irm\u00e3 de Hasan Rabee, que veio antes com a esposa e os filhos em outro voo que trouxe brasileiros de Gaza.<\/p>\n<p>&#8220;Bombardearam nossa casa, ficamos sem comida e sem um lugar fixo para morar&#8221;, disse Yasmenn, que veio agora com a m\u00e3e. Perguntada sobre a situa\u00e7\u00e3o em Gaza, a principal zona de ataques, ela se emocionou. &#8220;A situa\u00e7\u00e3o \u00e9 terr\u00edvel, voc\u00ea dorme sem saber se vai acordar. Perdi muitos amigos, minha tia e os filhos dela&#8221;, relatou.<\/p>\n<p>No dia 13 de novembro, ap\u00f3s dias de tens\u00e3o e negocia\u00e7\u00e3o, os primeiros 32 brasileiros resgatados de Gaza desembarcaram no pa\u00eds, ocasi\u00e3o em que foram recebidos pelo presidente Luiz In\u00e1cio Lula da Silva em Bras\u00edlia.<\/p>\n<p><strong>Voltando em paz<\/strong><br \/>\nDesde o in\u00edcio da guerra entre Israel e o Hamas, em outubro, o governo brasileiro j\u00e1 retirou 1.524 brasileiros e palestino-brasileiros da Faixa de Gaza e de cidades israelenses, incluindo 53 animais dom\u00e9sticos. No total, a FAB j\u00e1 realizou 11 voos de repatria\u00e7\u00e3o por meio da Opera\u00e7\u00e3o Voltando em Paz.<\/p>\n","protected":false},"excerpt":{"rendered":"<p>Mais um grupo de brasileiros repatriados da Faixa de Gaza chegou ao Brasil na madrugada desta segunda-feira (11). A aeronave KC-30, da For\u00e7a A\u00e9rea Brasileira (FAB), decolou do Cairo, capital do Egito, \u00e0s 19h03 (hora local) de domingo (10) e pousou \u00e0s 3h47 na Base A\u00e9rea de Bras\u00edlia, onde o grupo foi recebido por autoridades [&hellip;]<\/p>\n","protected":false},"author":2,"featured_media":318963,"comment_status":"closed","ping_status":"closed","sticky":false,"template":"","format":"standard","meta":{"_acf_changed":false,"footnotes":""},"categories":[161],"tags":[],"class_list":["post-318962","post","type-post","status-publish","format-standard","has-post-thumbnail","hentry","category-quadradinho-em-foco"],"acf":[],"yoast_head":"<!-- This site is optimized with the Yoast SEO plugin v27.2 - https:\/\/yoast.com\/product\/yoast-seo-wordpress\/ -->\n<title>Mais um grupo de repatriados de Gaza chega ao Brasil - Notibras<\/title>\n<meta name=\"robots\" content=\"index, follow, max-snippet:-1, max-image-preview:large, max-video-preview:-1\" \/>\n<link rel=\"canonical\" href=\"https:\/\/www.notibras.com\/site\/mais-um-grupo-de-repatriados-de-gaza-chega-ao-brasil\/\" \/>\n<meta property=\"og:locale\" content=\"pt_BR\" \/>\n<meta property=\"og:type\" content=\"article\" \/>\n<meta property=\"og:title\" content=\"Mais um grupo de repatriados de Gaza chega ao Brasil - Notibras\" \/>\n<meta property=\"og:description\" content=\"Mais um grupo de brasileiros repatriados da Faixa de Gaza chegou ao Brasil na madrugada desta segunda-feira (11). A aeronave KC-30, da For\u00e7a A\u00e9rea Brasileira (FAB), decolou do Cairo, capital do Egito, \u00e0s 19h03 (hora local) de domingo (10) e pousou \u00e0s 3h47 na Base A\u00e9rea de Bras\u00edlia, onde o grupo foi recebido por autoridades [&hellip;]\" \/>\n<meta property=\"og:url\" content=\"https:\/\/www.notibras.com\/site\/mais-um-grupo-de-repatriados-de-gaza-chega-ao-brasil\/\" \/>\n<meta property=\"og:site_name\" content=\"Notibras\" \/>\n<meta property=\"article:publisher\" content=\"https:\/\/www.facebook.com\/notibras\/\" \/>\n<meta property=\"article:published_time\" content=\"2023-12-11T09:24:35+00:00\" \/>\n<meta property=\"article:modified_time\" content=\"2023-12-11T11:26:28+00:00\" \/>\n<meta property=\"og:image\" content=\"https:\/\/www.notibras.com\/site\/wp-content\/uploads\/2023\/12\/repga.webp\" \/>\n\t<meta property=\"og:image:width\" content=\"1170\" \/>\n\t<meta property=\"og:image:height\" content=\"700\" \/>\n\t<meta property=\"og:image:type\" content=\"image\/webp\" \/>\n<meta name=\"author\" content=\"Reda\u00e7\u00e3o\" \/>\n<meta name=\"twitter:card\" content=\"summary_large_image\" \/>\n<meta name=\"twitter:creator\" content=\"@Notibras\" \/>\n<meta name=\"twitter:site\" content=\"@Notibras\" \/>\n<meta name=\"twitter:label1\" content=\"Escrito por\" \/>\n\t<meta name=\"twitter:data1\" content=\"Reda\u00e7\u00e3o\" \/>\n\t<meta name=\"twitter:label2\" content=\"Est. tempo de leitura\" \/>\n\t<meta name=\"twitter:data2\" content=\"3 minutos\" \/>\n<script type=\"application\/ld+json\" class=\"yoast-schema-graph\">{\"@context\":\"https:\/\/schema.org\",\"@graph\":[{\"@type\":\"Article\",\"@id\":\"https:\/\/www.notibras.com\/site\/mais-um-grupo-de-repatriados-de-gaza-chega-ao-brasil\/#article\",\"isPartOf\":{\"@id\":\"https:\/\/www.notibras.com\/site\/mais-um-grupo-de-repatriados-de-gaza-chega-ao-brasil\/\"},\"author\":{\"name\":\"Reda\u00e7\u00e3o\",\"@id\":\"https:\/\/www.notibras.com\/site\/#\/schema\/person\/36ab0979449956132d3e5b517ea76ac8\"},\"headline\":\"Mais um grupo de repatriados de Gaza chega ao Brasil\",\"datePublished\":\"2023-12-11T09:24:35+00:00\",\"dateModified\":\"2023-12-11T11:26:28+00:00\",\"mainEntityOfPage\":{\"@id\":\"https:\/\/www.notibras.com\/site\/mais-um-grupo-de-repatriados-de-gaza-chega-ao-brasil\/\"},\"wordCount\":564,\"publisher\":{\"@id\":\"https:\/\/www.notibras.com\/site\/#organization\"},\"image\":{\"@id\":\"https:\/\/www.notibras.com\/site\/mais-um-grupo-de-repatriados-de-gaza-chega-ao-brasil\/#primaryimage\"},\"thumbnailUrl\":\"https:\/\/www.notibras.com\/site\/wp-content\/uploads\/2023\/12\/repga.webp\",\"articleSection\":[\"Quadradinho em Foco\"],\"inLanguage\":\"pt-BR\"},{\"@type\":\"WebPage\",\"@id\":\"https:\/\/www.notibras.com\/site\/mais-um-grupo-de-repatriados-de-gaza-chega-ao-brasil\/\",\"url\":\"https:\/\/www.notibras.com\/site\/mais-um-grupo-de-repatriados-de-gaza-chega-ao-brasil\/\",\"name\":\"Mais um grupo de repatriados de Gaza chega ao Brasil - Notibras\",\"isPartOf\":{\"@id\":\"https:\/\/www.notibras.com\/site\/#website\"},\"primaryImageOfPage\":{\"@id\":\"https:\/\/www.notibras.com\/site\/mais-um-grupo-de-repatriados-de-gaza-chega-ao-brasil\/#primaryimage\"},\"image\":{\"@id\":\"https:\/\/www.notibras.com\/site\/mais-um-grupo-de-repatriados-de-gaza-chega-ao-brasil\/#primaryimage\"},\"thumbnailUrl\":\"https:\/\/www.notibras.com\/site\/wp-content\/uploads\/2023\/12\/repga.webp\",\"datePublished\":\"2023-12-11T09:24:35+00:00\",\"dateModified\":\"2023-12-11T11:26:28+00:00\",\"breadcrumb\":{\"@id\":\"https:\/\/www.notibras.com\/site\/mais-um-grupo-de-repatriados-de-gaza-chega-ao-brasil\/#breadcrumb\"},\"inLanguage\":\"pt-BR\",\"potentialAction\":[{\"@type\":\"ReadAction\",\"target\":[\"https:\/\/www.notibras.com\/site\/mais-um-grupo-de-repatriados-de-gaza-chega-ao-brasil\/\"]}]},{\"@type\":\"ImageObject\",\"inLanguage\":\"pt-BR\",\"@id\":\"https:\/\/www.notibras.com\/site\/mais-um-grupo-de-repatriados-de-gaza-chega-ao-brasil\/#primaryimage\",\"url\":\"https:\/\/www.notibras.com\/site\/wp-content\/uploads\/2023\/12\/repga.webp\",\"contentUrl\":\"https:\/\/www.notibras.com\/site\/wp-content\/uploads\/2023\/12\/repga.webp\",\"width\":1170,\"height\":700},{\"@type\":\"BreadcrumbList\",\"@id\":\"https:\/\/www.notibras.com\/site\/mais-um-grupo-de-repatriados-de-gaza-chega-ao-brasil\/#breadcrumb\",\"itemListElement\":[{\"@type\":\"ListItem\",\"position\":1,\"name\":\"In\u00edcio\",\"item\":\"https:\/\/www.notibras.com\/site\/\"},{\"@type\":\"ListItem\",\"position\":2,\"name\":\"Mais um grupo de repatriados de Gaza chega ao Brasil\"}]},{\"@type\":\"WebSite\",\"@id\":\"https:\/\/www.notibras.com\/site\/#website\",\"url\":\"https:\/\/www.notibras.com\/site\/\",\"name\":\"Notibras\",\"description\":\"Not\u00edcias de Bras\u00edlia, do Brasil e do Mundo\",\"publisher\":{\"@id\":\"https:\/\/www.notibras.com\/site\/#organization\"},\"potentialAction\":[{\"@type\":\"SearchAction\",\"target\":{\"@type\":\"EntryPoint\",\"urlTemplate\":\"https:\/\/www.notibras.com\/site\/?s={search_term_string}\"},\"query-input\":{\"@type\":\"PropertyValueSpecification\",\"valueRequired\":true,\"valueName\":\"search_term_string\"}}],\"inLanguage\":\"pt-BR\"},{\"@type\":\"Organization\",\"@id\":\"https:\/\/www.notibras.com\/site\/#organization\",\"name\":\"Grupo Notibras de Comunica\u00e7\u00e3o\",\"url\":\"https:\/\/www.notibras.com\/site\/\",\"logo\":{\"@type\":\"ImageObject\",\"inLanguage\":\"pt-BR\",\"@id\":\"https:\/\/www.notibras.com\/site\/#\/schema\/logo\/image\/\",\"url\":\"https:\/\/www.notibras.com\/site\/wp-content\/uploads\/2023\/01\/notibras23.png\",\"contentUrl\":\"https:\/\/www.notibras.com\/site\/wp-content\/uploads\/2023\/01\/notibras23.png\",\"width\":350,\"height\":87,\"caption\":\"Grupo Notibras de Comunica\u00e7\u00e3o\"},\"image\":{\"@id\":\"https:\/\/www.notibras.com\/site\/#\/schema\/logo\/image\/\"},\"sameAs\":[\"https:\/\/www.facebook.com\/notibras\/\",\"https:\/\/x.com\/Notibras\",\"https:\/\/www.instagram.com\/notibras\/\"]},{\"@type\":\"Person\",\"@id\":\"https:\/\/www.notibras.com\/site\/#\/schema\/person\/36ab0979449956132d3e5b517ea76ac8\",\"name\":\"Reda\u00e7\u00e3o\",\"image\":{\"@type\":\"ImageObject\",\"inLanguage\":\"pt-BR\",\"@id\":\"https:\/\/secure.gravatar.com\/avatar\/e0a867bdedb85fd243eadf09663511f96fc81e0720a4a42581f334ad4303aa6b?s=96&d=mm&r=g\",\"url\":\"https:\/\/secure.gravatar.com\/avatar\/e0a867bdedb85fd243eadf09663511f96fc81e0720a4a42581f334ad4303aa6b?s=96&d=mm&r=g\",\"contentUrl\":\"https:\/\/secure.gravatar.com\/avatar\/e0a867bdedb85fd243eadf09663511f96fc81e0720a4a42581f334ad4303aa6b?s=96&d=mm&r=g\",\"caption\":\"Reda\u00e7\u00e3o\"}}]}<\/script>\n<!-- \/ Yoast SEO plugin. -->","yoast_head_json":{"title":"Mais um grupo de repatriados de Gaza chega ao Brasil - Notibras","robots":{"index":"index","follow":"follow","max-snippet":"max-snippet:-1","max-image-preview":"max-image-preview:large","max-video-preview":"max-video-preview:-1"},"canonical":"https:\/\/www.notibras.com\/site\/mais-um-grupo-de-repatriados-de-gaza-chega-ao-brasil\/","og_locale":"pt_BR","og_type":"article","og_title":"Mais um grupo de repatriados de Gaza chega ao Brasil - Notibras","og_description":"Mais um grupo de brasileiros repatriados da Faixa de Gaza chegou ao Brasil na madrugada desta segunda-feira (11). A aeronave KC-30, da For\u00e7a A\u00e9rea Brasileira (FAB), decolou do Cairo, capital do Egito, \u00e0s 19h03 (hora local) de domingo (10) e pousou \u00e0s 3h47 na Base A\u00e9rea de Bras\u00edlia, onde o grupo foi recebido por autoridades [&hellip;]","og_url":"https:\/\/www.notibras.com\/site\/mais-um-grupo-de-repatriados-de-gaza-chega-ao-brasil\/","og_site_name":"Notibras","article_publisher":"https:\/\/www.facebook.com\/notibras\/","article_published_time":"2023-12-11T09:24:35+00:00","article_modified_time":"2023-12-11T11:26:28+00:00","og_image":[{"width":1170,"height":700,"url":"https:\/\/www.notibras.com\/site\/wp-content\/uploads\/2023\/12\/repga.webp","type":"image\/webp"}],"author":"Reda\u00e7\u00e3o","twitter_card":"summary_large_image","twitter_creator":"@Notibras","twitter_site":"@Notibras","twitter_misc":{"Escrito por":"Reda\u00e7\u00e3o","Est. tempo de leitura":"3 minutos"},"schema":{"@context":"https:\/\/schema.org","@graph":[{"@type":"Article","@id":"https:\/\/www.notibras.com\/site\/mais-um-grupo-de-repatriados-de-gaza-chega-ao-brasil\/#article","isPartOf":{"@id":"https:\/\/www.notibras.com\/site\/mais-um-grupo-de-repatriados-de-gaza-chega-ao-brasil\/"},"author":{"name":"Reda\u00e7\u00e3o","@id":"https:\/\/www.notibras.com\/site\/#\/schema\/person\/36ab0979449956132d3e5b517ea76ac8"},"headline":"Mais um grupo de repatriados de Gaza chega ao Brasil","datePublished":"2023-12-11T09:24:35+00:00","dateModified":"2023-12-11T11:26:28+00:00","mainEntityOfPage":{"@id":"https:\/\/www.notibras.com\/site\/mais-um-grupo-de-repatriados-de-gaza-chega-ao-brasil\/"},"wordCount":564,"publisher":{"@id":"https:\/\/www.notibras.com\/site\/#organization"},"image":{"@id":"https:\/\/www.notibras.com\/site\/mais-um-grupo-de-repatriados-de-gaza-chega-ao-brasil\/#primaryimage"},"thumbnailUrl":"https:\/\/www.notibras.com\/site\/wp-content\/uploads\/2023\/12\/repga.webp","articleSection":["Quadradinho em Foco"],"inLanguage":"pt-BR"},{"@type":"WebPage","@id":"https:\/\/www.notibras.com\/site\/mais-um-grupo-de-repatriados-de-gaza-chega-ao-brasil\/","url":"https:\/\/www.notibras.com\/site\/mais-um-grupo-de-repatriados-de-gaza-chega-ao-brasil\/","name":"Mais um grupo de repatriados de Gaza chega ao Brasil - Notibras","isPartOf":{"@id":"https:\/\/www.notibras.com\/site\/#website"},"primaryImageOfPage":{"@id":"https:\/\/www.notibras.com\/site\/mais-um-grupo-de-repatriados-de-gaza-chega-ao-brasil\/#primaryimage"},"image":{"@id":"https:\/\/www.notibras.com\/site\/mais-um-grupo-de-repatriados-de-gaza-chega-ao-brasil\/#primaryimage"},"thumbnailUrl":"https:\/\/www.notibras.com\/site\/wp-content\/uploads\/2023\/12\/repga.webp","datePublished":"2023-12-11T09:24:35+00:00","dateModified":"2023-12-11T11:26:28+00:00","breadcrumb":{"@id":"https:\/\/www.notibras.com\/site\/mais-um-grupo-de-repatriados-de-gaza-chega-ao-brasil\/#breadcrumb"},"inLanguage":"pt-BR","potentialAction":[{"@type":"ReadAction","target":["https:\/\/www.notibras.com\/site\/mais-um-grupo-de-repatriados-de-gaza-chega-ao-brasil\/"]}]},{"@type":"ImageObject","inLanguage":"pt-BR","@id":"https:\/\/www.notibras.com\/site\/mais-um-grupo-de-repatriados-de-gaza-chega-ao-brasil\/#primaryimage","url":"https:\/\/www.notibras.com\/site\/wp-content\/uploads\/2023\/12\/repga.webp","contentUrl":"https:\/\/www.notibras.com\/site\/wp-content\/uploads\/2023\/12\/repga.webp","width":1170,"height":700},{"@type":"BreadcrumbList","@id":"https:\/\/www.notibras.com\/site\/mais-um-grupo-de-repatriados-de-gaza-chega-ao-brasil\/#breadcrumb","itemListElement":[{"@type":"ListItem","position":1,"name":"In\u00edcio","item":"https:\/\/www.notibras.com\/site\/"},{"@type":"ListItem","position":2,"name":"Mais um grupo de repatriados de Gaza chega ao Brasil"}]},{"@type":"WebSite","@id":"https:\/\/www.notibras.com\/site\/#website","url":"https:\/\/www.notibras.com\/site\/","name":"Notibras","description":"Not\u00edcias de Bras\u00edlia, do Brasil e do Mundo","publisher":{"@id":"https:\/\/www.notibras.com\/site\/#organization"},"potentialAction":[{"@type":"SearchAction","target":{"@type":"EntryPoint","urlTemplate":"https:\/\/www.notibras.com\/site\/?s={search_term_string}"},"query-input":{"@type":"PropertyValueSpecification","valueRequired":true,"valueName":"search_term_string"}}],"inLanguage":"pt-BR"},{"@type":"Organization","@id":"https:\/\/www.notibras.com\/site\/#organization","name":"Grupo Notibras de Comunica\u00e7\u00e3o","url":"https:\/\/www.notibras.com\/site\/","logo":{"@type":"ImageObject","inLanguage":"pt-BR","@id":"https:\/\/www.notibras.com\/site\/#\/schema\/logo\/image\/","url":"https:\/\/www.notibras.com\/site\/wp-content\/uploads\/2023\/01\/notibras23.png","contentUrl":"https:\/\/www.notibras.com\/site\/wp-content\/uploads\/2023\/01\/notibras23.png","width":350,"height":87,"caption":"Grupo Notibras de Comunica\u00e7\u00e3o"},"image":{"@id":"https:\/\/www.notibras.com\/site\/#\/schema\/logo\/image\/"},"sameAs":["https:\/\/www.facebook.com\/notibras\/","https:\/\/x.com\/Notibras","https:\/\/www.instagram.com\/notibras\/"]},{"@type":"Person","@id":"https:\/\/www.notibras.com\/site\/#\/schema\/person\/36ab0979449956132d3e5b517ea76ac8","name":"Reda\u00e7\u00e3o","image":{"@type":"ImageObject","inLanguage":"pt-BR","@id":"https:\/\/secure.gravatar.com\/avatar\/e0a867bdedb85fd243eadf09663511f96fc81e0720a4a42581f334ad4303aa6b?s=96&d=mm&r=g","url":"https:\/\/secure.gravatar.com\/avatar\/e0a867bdedb85fd243eadf09663511f96fc81e0720a4a42581f334ad4303aa6b?s=96&d=mm&r=g","contentUrl":"https:\/\/secure.gravatar.com\/avatar\/e0a867bdedb85fd243eadf09663511f96fc81e0720a4a42581f334ad4303aa6b?s=96&d=mm&r=g","caption":"Reda\u00e7\u00e3o"}}]}},"amp_enabled":true,"_links":{"self":[{"href":"https:\/\/www.notibras.com\/site\/wp-json\/wp\/v2\/posts\/318962","targetHints":{"allow":["GET"]}}],"collection":[{"href":"https:\/\/www.notibras.com\/site\/wp-json\/wp\/v2\/posts"}],"about":[{"href":"https:\/\/www.notibras.com\/site\/wp-json\/wp\/v2\/types\/post"}],"author":[{"embeddable":true,"href":"https:\/\/www.notibras.com\/site\/wp-json\/wp\/v2\/users\/2"}],"replies":[{"embeddable":true,"href":"https:\/\/www.notibras.com\/site\/wp-json\/wp\/v2\/comments?post=318962"}],"version-history":[{"count":1,"href":"https:\/\/www.notibras.com\/site\/wp-json\/wp\/v2\/posts\/318962\/revisions"}],"predecessor-version":[{"id":318964,"href":"https:\/\/www.notibras.com\/site\/wp-json\/wp\/v2\/posts\/318962\/revisions\/318964"}],"wp:featuredmedia":[{"embeddable":true,"href":"https:\/\/www.notibras.com\/site\/wp-json\/wp\/v2\/media\/318963"}],"wp:attachment":[{"href":"https:\/\/www.notibras.com\/site\/wp-json\/wp\/v2\/media?parent=318962"}],"wp:term":[{"taxonomy":"category","embeddable":true,"href":"https:\/\/www.notibras.com\/site\/wp-json\/wp\/v2\/categories?post=318962"},{"taxonomy":"post_tag","embeddable":true,"href":"https:\/\/www.notibras.com\/site\/wp-json\/wp\/v2\/tags?post=318962"}],"curies":[{"name":"wp","href":"https:\/\/api.w.org\/{rel}","templated":true}]}}