{"id":318965,"date":"2023-12-11T00:35:18","date_gmt":"2023-12-11T03:35:18","guid":{"rendered":"https:\/\/www.notibras.com\/site\/?p=318965"},"modified":"2023-12-11T08:37:25","modified_gmt":"2023-12-11T11:37:25","slug":"conferencia-discute-politica-para-a-saude-mental","status":"publish","type":"post","link":"https:\/\/www.notibras.com\/site\/conferencia-discute-politica-para-a-saude-mental\/","title":{"rendered":"Confer\u00eancia discute pol\u00edtica para a sa\u00fade mental"},"content":{"rendered":"<p>A 5\u00aa Confer\u00eancia Nacional de Sa\u00fade Mental come\u00e7a nesta segunda-feira (11) em Bras\u00edlia, ap\u00f3s uma s\u00e9rie de intercorr\u00eancias, segundo o Conselho Nacional de Sa\u00fade (CNS). O encontro sequer contava com or\u00e7amento da Uni\u00e3o at\u00e9 o ano passado. Para a entidade, o esfor\u00e7o e a decis\u00e3o pol\u00edtica do conselho foram essenciais para retomar a confer\u00eancia.<\/p>\n<p>Sob o tema A pol\u00edtica de Sa\u00fade Mental como Direito: pela defesa do cuidado em liberdade, rumo a avan\u00e7os e garantia dos servi\u00e7os de aten\u00e7\u00e3o psicossocial no SUS, a confer\u00eancia segue at\u00e9 a pr\u00f3xima quinta-feira (14), com o objetivo de propor diretrizes para a formula\u00e7\u00e3o da Pol\u00edtica Nacional de Sa\u00fade Mental e fortalecer programas e a\u00e7\u00f5es de sa\u00fade mental.<\/p>\n<p>Comunidades terap\u00eauticas, interna\u00e7\u00e3o compuls\u00f3ria e cuidado em liberdade est\u00e3o entre os temas a serem apreciados por participantes do encontro, entre eles, usu\u00e1rios da Rede de Aten\u00e7\u00e3o Psicossocial (Raps). Durante os 4 dias, representantes de diferentes segmentos sociais v\u00e3o debater e apontar rumos para uma pol\u00edtica p\u00fablica mais abrangente para a sa\u00fade mental.<\/p>\n<p>Organizada pelo CNS e promovida pelo Departamento de Sa\u00fade Mental, \u00c1lcool e outras Drogas do Minist\u00e9rio da Sa\u00fade, a confer\u00eancia deve reunir cerca de 2 mil pessoas.<\/p>\n<p>Al\u00e9m dos delegados eleitos nas etapas municipais e estaduais, a confer\u00eancia nacional deve contar com cerca de 160 delegados eleitos nas confer\u00eancias livres, realizadas at\u00e9 o final de setembro, incluindo a 1\u00aa Confer\u00eancia Livre Nacional de Sa\u00fade Mental da Popula\u00e7\u00e3o Negra e a Confer\u00eancia Livre Nacional do F\u00f3rum Nacional das Centrais Sindicais em Sa\u00fade do Trabalhador e da Trabalhadora.<\/p>\n<p><strong>Hist\u00f3ria<\/strong><br \/>\nPara o CNS, a hist\u00f3ria de luta e constru\u00e7\u00e3o das pol\u00edticas p\u00fablicas em sa\u00fade mental no Brasil n\u00e3o pode ser contada sem a participa\u00e7\u00e3o das confer\u00eancias. Ao longo de 36 anos, foram quatro edi\u00e7\u00f5es nacionais. A primeira, em 1987, classificada pelo conselho como \u201cum marco hist\u00f3rico na psiquiatria brasileira\u201d, por ressaltar que a pol\u00edtica nacional de sa\u00fade mental deveria estar integrada \u00e0 Pol\u00edtica Nacional de Desenvolvimento Social.<\/p>\n<p>Ainda de acordo com o CNS, em 1993, o segundo encontro nacional pautou o entendimento da rela\u00e7\u00e3o sa\u00fade\/doen\u00e7a como processo fundamental no direito ao tratamento e \u00e0 organiza\u00e7\u00e3o de uma rede de aten\u00e7\u00e3o integral \u00e0 sa\u00fade. A terceira confer\u00eancia, em 2001, aconteceu menos de 1 ano ap\u00f3s a aprova\u00e7\u00e3o da Lei de Sa\u00fade Mental (Lei 10.216\/2001) e representou \u201co fortalecimento do consenso em torno da proposta da Reforma Psiqui\u00e1trica\u201d.<\/p>\n<p>Em 2010, realizada pela primeira vez de forma intersetorial, a quarta confer\u00eancia contou com 46 mil participantes das etapas preparat\u00f3rias e nacional em um cen\u00e1rio avaliado pelo conselho como diferente do encontrado 9 anos antes. \u201cPor um lado, os participantes reconheceram os avan\u00e7os concretos na expans\u00e3o e diversifica\u00e7\u00e3o da rede de servi\u00e7os de base comunit\u00e1ria. Por outro, identificaram as lacunas, a complexidade e o car\u00e1ter multidimensional, interprofissional e intersetorial da implementa\u00e7\u00e3o da Lei 10.216 ap\u00f3s quase uma d\u00e9cada de vig\u00eancia\u201d.<\/p>\n","protected":false},"excerpt":{"rendered":"<p>A 5\u00aa Confer\u00eancia Nacional de Sa\u00fade Mental come\u00e7a nesta segunda-feira (11) em Bras\u00edlia, ap\u00f3s uma s\u00e9rie de intercorr\u00eancias, segundo o Conselho Nacional de Sa\u00fade (CNS). O encontro sequer contava com or\u00e7amento da Uni\u00e3o at\u00e9 o ano passado. Para a entidade, o esfor\u00e7o e a decis\u00e3o pol\u00edtica do conselho foram essenciais para retomar a confer\u00eancia. Sob [&hellip;]<\/p>\n","protected":false},"author":2,"featured_media":318966,"comment_status":"closed","ping_status":"closed","sticky":false,"template":"","format":"standard","meta":{"_acf_changed":false,"footnotes":""},"categories":[161],"tags":[],"class_list":["post-318965","post","type-post","status-publish","format-standard","has-post-thumbnail","hentry","category-quadradinho-em-foco"],"acf":[],"yoast_head":"<!-- This site is optimized with the Yoast SEO plugin v27.2 - https:\/\/yoast.com\/product\/yoast-seo-wordpress\/ -->\n<title>Confer\u00eancia discute pol\u00edtica para a sa\u00fade mental - Notibras<\/title>\n<meta name=\"robots\" content=\"index, follow, max-snippet:-1, max-image-preview:large, max-video-preview:-1\" \/>\n<link rel=\"canonical\" href=\"https:\/\/www.notibras.com\/site\/conferencia-discute-politica-para-a-saude-mental\/\" \/>\n<meta property=\"og:locale\" content=\"pt_BR\" \/>\n<meta property=\"og:type\" content=\"article\" \/>\n<meta property=\"og:title\" content=\"Confer\u00eancia discute pol\u00edtica para a sa\u00fade mental - Notibras\" \/>\n<meta property=\"og:description\" content=\"A 5\u00aa Confer\u00eancia Nacional de Sa\u00fade Mental come\u00e7a nesta segunda-feira (11) em Bras\u00edlia, ap\u00f3s uma s\u00e9rie de intercorr\u00eancias, segundo o Conselho Nacional de Sa\u00fade (CNS). O encontro sequer contava com or\u00e7amento da Uni\u00e3o at\u00e9 o ano passado. Para a entidade, o esfor\u00e7o e a decis\u00e3o pol\u00edtica do conselho foram essenciais para retomar a confer\u00eancia. Sob [&hellip;]\" \/>\n<meta property=\"og:url\" content=\"https:\/\/www.notibras.com\/site\/conferencia-discute-politica-para-a-saude-mental\/\" \/>\n<meta property=\"og:site_name\" content=\"Notibras\" \/>\n<meta property=\"article:publisher\" content=\"https:\/\/www.facebook.com\/notibras\/\" \/>\n<meta property=\"article:published_time\" content=\"2023-12-11T03:35:18+00:00\" \/>\n<meta property=\"article:modified_time\" content=\"2023-12-11T11:37:25+00:00\" \/>\n<meta property=\"og:image\" content=\"https:\/\/www.notibras.com\/site\/wp-content\/uploads\/2023\/12\/doenmen.webp\" \/>\n\t<meta property=\"og:image:width\" content=\"1170\" \/>\n\t<meta property=\"og:image:height\" content=\"700\" \/>\n\t<meta property=\"og:image:type\" content=\"image\/webp\" \/>\n<meta name=\"author\" content=\"Reda\u00e7\u00e3o\" \/>\n<meta name=\"twitter:card\" content=\"summary_large_image\" \/>\n<meta name=\"twitter:creator\" content=\"@Notibras\" \/>\n<meta name=\"twitter:site\" content=\"@Notibras\" \/>\n<meta name=\"twitter:label1\" content=\"Escrito por\" \/>\n\t<meta name=\"twitter:data1\" content=\"Reda\u00e7\u00e3o\" \/>\n\t<meta name=\"twitter:label2\" content=\"Est. tempo de leitura\" \/>\n\t<meta name=\"twitter:data2\" content=\"3 minutos\" \/>\n<script type=\"application\/ld+json\" class=\"yoast-schema-graph\">{\"@context\":\"https:\/\/schema.org\",\"@graph\":[{\"@type\":\"Article\",\"@id\":\"https:\/\/www.notibras.com\/site\/conferencia-discute-politica-para-a-saude-mental\/#article\",\"isPartOf\":{\"@id\":\"https:\/\/www.notibras.com\/site\/conferencia-discute-politica-para-a-saude-mental\/\"},\"author\":{\"name\":\"Reda\u00e7\u00e3o\",\"@id\":\"https:\/\/www.notibras.com\/site\/#\/schema\/person\/36ab0979449956132d3e5b517ea76ac8\"},\"headline\":\"Confer\u00eancia discute pol\u00edtica para a sa\u00fade mental\",\"datePublished\":\"2023-12-11T03:35:18+00:00\",\"dateModified\":\"2023-12-11T11:37:25+00:00\",\"mainEntityOfPage\":{\"@id\":\"https:\/\/www.notibras.com\/site\/conferencia-discute-politica-para-a-saude-mental\/\"},\"wordCount\":546,\"publisher\":{\"@id\":\"https:\/\/www.notibras.com\/site\/#organization\"},\"image\":{\"@id\":\"https:\/\/www.notibras.com\/site\/conferencia-discute-politica-para-a-saude-mental\/#primaryimage\"},\"thumbnailUrl\":\"https:\/\/www.notibras.com\/site\/wp-content\/uploads\/2023\/12\/doenmen.webp\",\"articleSection\":[\"Quadradinho em Foco\"],\"inLanguage\":\"pt-BR\"},{\"@type\":\"WebPage\",\"@id\":\"https:\/\/www.notibras.com\/site\/conferencia-discute-politica-para-a-saude-mental\/\",\"url\":\"https:\/\/www.notibras.com\/site\/conferencia-discute-politica-para-a-saude-mental\/\",\"name\":\"Confer\u00eancia discute pol\u00edtica para a sa\u00fade mental - Notibras\",\"isPartOf\":{\"@id\":\"https:\/\/www.notibras.com\/site\/#website\"},\"primaryImageOfPage\":{\"@id\":\"https:\/\/www.notibras.com\/site\/conferencia-discute-politica-para-a-saude-mental\/#primaryimage\"},\"image\":{\"@id\":\"https:\/\/www.notibras.com\/site\/conferencia-discute-politica-para-a-saude-mental\/#primaryimage\"},\"thumbnailUrl\":\"https:\/\/www.notibras.com\/site\/wp-content\/uploads\/2023\/12\/doenmen.webp\",\"datePublished\":\"2023-12-11T03:35:18+00:00\",\"dateModified\":\"2023-12-11T11:37:25+00:00\",\"breadcrumb\":{\"@id\":\"https:\/\/www.notibras.com\/site\/conferencia-discute-politica-para-a-saude-mental\/#breadcrumb\"},\"inLanguage\":\"pt-BR\",\"potentialAction\":[{\"@type\":\"ReadAction\",\"target\":[\"https:\/\/www.notibras.com\/site\/conferencia-discute-politica-para-a-saude-mental\/\"]}]},{\"@type\":\"ImageObject\",\"inLanguage\":\"pt-BR\",\"@id\":\"https:\/\/www.notibras.com\/site\/conferencia-discute-politica-para-a-saude-mental\/#primaryimage\",\"url\":\"https:\/\/www.notibras.com\/site\/wp-content\/uploads\/2023\/12\/doenmen.webp\",\"contentUrl\":\"https:\/\/www.notibras.com\/site\/wp-content\/uploads\/2023\/12\/doenmen.webp\",\"width\":1170,\"height\":700},{\"@type\":\"BreadcrumbList\",\"@id\":\"https:\/\/www.notibras.com\/site\/conferencia-discute-politica-para-a-saude-mental\/#breadcrumb\",\"itemListElement\":[{\"@type\":\"ListItem\",\"position\":1,\"name\":\"In\u00edcio\",\"item\":\"https:\/\/www.notibras.com\/site\/\"},{\"@type\":\"ListItem\",\"position\":2,\"name\":\"Confer\u00eancia discute pol\u00edtica para a sa\u00fade mental\"}]},{\"@type\":\"WebSite\",\"@id\":\"https:\/\/www.notibras.com\/site\/#website\",\"url\":\"https:\/\/www.notibras.com\/site\/\",\"name\":\"Notibras\",\"description\":\"Not\u00edcias de Bras\u00edlia, do Brasil e do Mundo\",\"publisher\":{\"@id\":\"https:\/\/www.notibras.com\/site\/#organization\"},\"potentialAction\":[{\"@type\":\"SearchAction\",\"target\":{\"@type\":\"EntryPoint\",\"urlTemplate\":\"https:\/\/www.notibras.com\/site\/?s={search_term_string}\"},\"query-input\":{\"@type\":\"PropertyValueSpecification\",\"valueRequired\":true,\"valueName\":\"search_term_string\"}}],\"inLanguage\":\"pt-BR\"},{\"@type\":\"Organization\",\"@id\":\"https:\/\/www.notibras.com\/site\/#organization\",\"name\":\"Grupo Notibras de Comunica\u00e7\u00e3o\",\"url\":\"https:\/\/www.notibras.com\/site\/\",\"logo\":{\"@type\":\"ImageObject\",\"inLanguage\":\"pt-BR\",\"@id\":\"https:\/\/www.notibras.com\/site\/#\/schema\/logo\/image\/\",\"url\":\"https:\/\/www.notibras.com\/site\/wp-content\/uploads\/2023\/01\/notibras23.png\",\"contentUrl\":\"https:\/\/www.notibras.com\/site\/wp-content\/uploads\/2023\/01\/notibras23.png\",\"width\":350,\"height\":87,\"caption\":\"Grupo Notibras de Comunica\u00e7\u00e3o\"},\"image\":{\"@id\":\"https:\/\/www.notibras.com\/site\/#\/schema\/logo\/image\/\"},\"sameAs\":[\"https:\/\/www.facebook.com\/notibras\/\",\"https:\/\/x.com\/Notibras\",\"https:\/\/www.instagram.com\/notibras\/\"]},{\"@type\":\"Person\",\"@id\":\"https:\/\/www.notibras.com\/site\/#\/schema\/person\/36ab0979449956132d3e5b517ea76ac8\",\"name\":\"Reda\u00e7\u00e3o\",\"image\":{\"@type\":\"ImageObject\",\"inLanguage\":\"pt-BR\",\"@id\":\"https:\/\/secure.gravatar.com\/avatar\/e0a867bdedb85fd243eadf09663511f96fc81e0720a4a42581f334ad4303aa6b?s=96&d=mm&r=g\",\"url\":\"https:\/\/secure.gravatar.com\/avatar\/e0a867bdedb85fd243eadf09663511f96fc81e0720a4a42581f334ad4303aa6b?s=96&d=mm&r=g\",\"contentUrl\":\"https:\/\/secure.gravatar.com\/avatar\/e0a867bdedb85fd243eadf09663511f96fc81e0720a4a42581f334ad4303aa6b?s=96&d=mm&r=g\",\"caption\":\"Reda\u00e7\u00e3o\"}}]}<\/script>\n<!-- \/ Yoast SEO plugin. -->","yoast_head_json":{"title":"Confer\u00eancia discute pol\u00edtica para a sa\u00fade mental - Notibras","robots":{"index":"index","follow":"follow","max-snippet":"max-snippet:-1","max-image-preview":"max-image-preview:large","max-video-preview":"max-video-preview:-1"},"canonical":"https:\/\/www.notibras.com\/site\/conferencia-discute-politica-para-a-saude-mental\/","og_locale":"pt_BR","og_type":"article","og_title":"Confer\u00eancia discute pol\u00edtica para a sa\u00fade mental - Notibras","og_description":"A 5\u00aa Confer\u00eancia Nacional de Sa\u00fade Mental come\u00e7a nesta segunda-feira (11) em Bras\u00edlia, ap\u00f3s uma s\u00e9rie de intercorr\u00eancias, segundo o Conselho Nacional de Sa\u00fade (CNS). O encontro sequer contava com or\u00e7amento da Uni\u00e3o at\u00e9 o ano passado. Para a entidade, o esfor\u00e7o e a decis\u00e3o pol\u00edtica do conselho foram essenciais para retomar a confer\u00eancia. Sob [&hellip;]","og_url":"https:\/\/www.notibras.com\/site\/conferencia-discute-politica-para-a-saude-mental\/","og_site_name":"Notibras","article_publisher":"https:\/\/www.facebook.com\/notibras\/","article_published_time":"2023-12-11T03:35:18+00:00","article_modified_time":"2023-12-11T11:37:25+00:00","og_image":[{"width":1170,"height":700,"url":"https:\/\/www.notibras.com\/site\/wp-content\/uploads\/2023\/12\/doenmen.webp","type":"image\/webp"}],"author":"Reda\u00e7\u00e3o","twitter_card":"summary_large_image","twitter_creator":"@Notibras","twitter_site":"@Notibras","twitter_misc":{"Escrito por":"Reda\u00e7\u00e3o","Est. tempo de leitura":"3 minutos"},"schema":{"@context":"https:\/\/schema.org","@graph":[{"@type":"Article","@id":"https:\/\/www.notibras.com\/site\/conferencia-discute-politica-para-a-saude-mental\/#article","isPartOf":{"@id":"https:\/\/www.notibras.com\/site\/conferencia-discute-politica-para-a-saude-mental\/"},"author":{"name":"Reda\u00e7\u00e3o","@id":"https:\/\/www.notibras.com\/site\/#\/schema\/person\/36ab0979449956132d3e5b517ea76ac8"},"headline":"Confer\u00eancia discute pol\u00edtica para a sa\u00fade mental","datePublished":"2023-12-11T03:35:18+00:00","dateModified":"2023-12-11T11:37:25+00:00","mainEntityOfPage":{"@id":"https:\/\/www.notibras.com\/site\/conferencia-discute-politica-para-a-saude-mental\/"},"wordCount":546,"publisher":{"@id":"https:\/\/www.notibras.com\/site\/#organization"},"image":{"@id":"https:\/\/www.notibras.com\/site\/conferencia-discute-politica-para-a-saude-mental\/#primaryimage"},"thumbnailUrl":"https:\/\/www.notibras.com\/site\/wp-content\/uploads\/2023\/12\/doenmen.webp","articleSection":["Quadradinho em Foco"],"inLanguage":"pt-BR"},{"@type":"WebPage","@id":"https:\/\/www.notibras.com\/site\/conferencia-discute-politica-para-a-saude-mental\/","url":"https:\/\/www.notibras.com\/site\/conferencia-discute-politica-para-a-saude-mental\/","name":"Confer\u00eancia discute pol\u00edtica para a sa\u00fade mental - Notibras","isPartOf":{"@id":"https:\/\/www.notibras.com\/site\/#website"},"primaryImageOfPage":{"@id":"https:\/\/www.notibras.com\/site\/conferencia-discute-politica-para-a-saude-mental\/#primaryimage"},"image":{"@id":"https:\/\/www.notibras.com\/site\/conferencia-discute-politica-para-a-saude-mental\/#primaryimage"},"thumbnailUrl":"https:\/\/www.notibras.com\/site\/wp-content\/uploads\/2023\/12\/doenmen.webp","datePublished":"2023-12-11T03:35:18+00:00","dateModified":"2023-12-11T11:37:25+00:00","breadcrumb":{"@id":"https:\/\/www.notibras.com\/site\/conferencia-discute-politica-para-a-saude-mental\/#breadcrumb"},"inLanguage":"pt-BR","potentialAction":[{"@type":"ReadAction","target":["https:\/\/www.notibras.com\/site\/conferencia-discute-politica-para-a-saude-mental\/"]}]},{"@type":"ImageObject","inLanguage":"pt-BR","@id":"https:\/\/www.notibras.com\/site\/conferencia-discute-politica-para-a-saude-mental\/#primaryimage","url":"https:\/\/www.notibras.com\/site\/wp-content\/uploads\/2023\/12\/doenmen.webp","contentUrl":"https:\/\/www.notibras.com\/site\/wp-content\/uploads\/2023\/12\/doenmen.webp","width":1170,"height":700},{"@type":"BreadcrumbList","@id":"https:\/\/www.notibras.com\/site\/conferencia-discute-politica-para-a-saude-mental\/#breadcrumb","itemListElement":[{"@type":"ListItem","position":1,"name":"In\u00edcio","item":"https:\/\/www.notibras.com\/site\/"},{"@type":"ListItem","position":2,"name":"Confer\u00eancia discute pol\u00edtica para a sa\u00fade mental"}]},{"@type":"WebSite","@id":"https:\/\/www.notibras.com\/site\/#website","url":"https:\/\/www.notibras.com\/site\/","name":"Notibras","description":"Not\u00edcias de Bras\u00edlia, do Brasil e do Mundo","publisher":{"@id":"https:\/\/www.notibras.com\/site\/#organization"},"potentialAction":[{"@type":"SearchAction","target":{"@type":"EntryPoint","urlTemplate":"https:\/\/www.notibras.com\/site\/?s={search_term_string}"},"query-input":{"@type":"PropertyValueSpecification","valueRequired":true,"valueName":"search_term_string"}}],"inLanguage":"pt-BR"},{"@type":"Organization","@id":"https:\/\/www.notibras.com\/site\/#organization","name":"Grupo Notibras de Comunica\u00e7\u00e3o","url":"https:\/\/www.notibras.com\/site\/","logo":{"@type":"ImageObject","inLanguage":"pt-BR","@id":"https:\/\/www.notibras.com\/site\/#\/schema\/logo\/image\/","url":"https:\/\/www.notibras.com\/site\/wp-content\/uploads\/2023\/01\/notibras23.png","contentUrl":"https:\/\/www.notibras.com\/site\/wp-content\/uploads\/2023\/01\/notibras23.png","width":350,"height":87,"caption":"Grupo Notibras de Comunica\u00e7\u00e3o"},"image":{"@id":"https:\/\/www.notibras.com\/site\/#\/schema\/logo\/image\/"},"sameAs":["https:\/\/www.facebook.com\/notibras\/","https:\/\/x.com\/Notibras","https:\/\/www.instagram.com\/notibras\/"]},{"@type":"Person","@id":"https:\/\/www.notibras.com\/site\/#\/schema\/person\/36ab0979449956132d3e5b517ea76ac8","name":"Reda\u00e7\u00e3o","image":{"@type":"ImageObject","inLanguage":"pt-BR","@id":"https:\/\/secure.gravatar.com\/avatar\/e0a867bdedb85fd243eadf09663511f96fc81e0720a4a42581f334ad4303aa6b?s=96&d=mm&r=g","url":"https:\/\/secure.gravatar.com\/avatar\/e0a867bdedb85fd243eadf09663511f96fc81e0720a4a42581f334ad4303aa6b?s=96&d=mm&r=g","contentUrl":"https:\/\/secure.gravatar.com\/avatar\/e0a867bdedb85fd243eadf09663511f96fc81e0720a4a42581f334ad4303aa6b?s=96&d=mm&r=g","caption":"Reda\u00e7\u00e3o"}}]}},"amp_enabled":true,"_links":{"self":[{"href":"https:\/\/www.notibras.com\/site\/wp-json\/wp\/v2\/posts\/318965","targetHints":{"allow":["GET"]}}],"collection":[{"href":"https:\/\/www.notibras.com\/site\/wp-json\/wp\/v2\/posts"}],"about":[{"href":"https:\/\/www.notibras.com\/site\/wp-json\/wp\/v2\/types\/post"}],"author":[{"embeddable":true,"href":"https:\/\/www.notibras.com\/site\/wp-json\/wp\/v2\/users\/2"}],"replies":[{"embeddable":true,"href":"https:\/\/www.notibras.com\/site\/wp-json\/wp\/v2\/comments?post=318965"}],"version-history":[{"count":1,"href":"https:\/\/www.notibras.com\/site\/wp-json\/wp\/v2\/posts\/318965\/revisions"}],"predecessor-version":[{"id":318967,"href":"https:\/\/www.notibras.com\/site\/wp-json\/wp\/v2\/posts\/318965\/revisions\/318967"}],"wp:featuredmedia":[{"embeddable":true,"href":"https:\/\/www.notibras.com\/site\/wp-json\/wp\/v2\/media\/318966"}],"wp:attachment":[{"href":"https:\/\/www.notibras.com\/site\/wp-json\/wp\/v2\/media?parent=318965"}],"wp:term":[{"taxonomy":"category","embeddable":true,"href":"https:\/\/www.notibras.com\/site\/wp-json\/wp\/v2\/categories?post=318965"},{"taxonomy":"post_tag","embeddable":true,"href":"https:\/\/www.notibras.com\/site\/wp-json\/wp\/v2\/tags?post=318965"}],"curies":[{"name":"wp","href":"https:\/\/api.w.org\/{rel}","templated":true}]}}