{"id":318986,"date":"2023-12-11T07:51:38","date_gmt":"2023-12-11T10:51:38","guid":{"rendered":"https:\/\/www.notibras.com\/site\/?p=318986"},"modified":"2023-12-11T09:58:24","modified_gmt":"2023-12-11T12:58:24","slug":"brasilia-vira-palco-do-salao-nacional-de-turismo","status":"publish","type":"post","link":"https:\/\/www.notibras.com\/site\/brasilia-vira-palco-do-salao-nacional-de-turismo\/","title":{"rendered":"Bras\u00edlia vira palco do Sal\u00e3o Nacional de Turismo"},"content":{"rendered":"<p>O Sal\u00e3o Nacional do Turismo est\u00e1 prestes a retornar. A celebra\u00e7\u00e3o do turismo brasileiro est\u00e1 agendada para os dias 15, 16 e 17 de dezembro, no Arena BRB Man\u00e9 Garrincha. A expectativa \u00e9 de que cerca de 10 mil visitantes por dia desfrutem de uma diversidade de experi\u00eancias tur\u00edsticas, consolidando o setor como uma pe\u00e7a fundamental da economia nacional.<\/p>\n<p>O evento promete n\u00e3o apenas apresenta\u00e7\u00f5es culturais e gastronomia regional, mas tamb\u00e9m um n\u00facleo de conhecimento, dedicado a palestras informativas sobre o setor, atraindo o p\u00fablico para aprender e se aprofundar na ind\u00fastria tur\u00edstica.<\/p>\n<p>Entre as atra\u00e7\u00f5es preparadas pela Secretaria de Turismo do DF (Setur-DF), haver\u00e1 exposi\u00e7\u00e3o das obras de Oscar Niemeyer, com fotos e o design de Bras\u00edlia, destacando o t\u00edtulo da capital como Cidade do Design, concedido pela Organiza\u00e7\u00e3o das Na\u00e7\u00f5es Unidas para a Educa\u00e7\u00e3o, Ci\u00eancia e Cultura (Unesco). Bras\u00edlia estar\u00e1 representada nos 5 eixos do Sal\u00e3o: cultural, rural, natural, tend\u00eancias e sol e praia.<\/p>\n<p>\u201cEstamos fechando o ano de forma positiva para o turismo de Bras\u00edlia, recebendo o Sal\u00e3o Nacional do Turismo de bra\u00e7os abertos. Esse evento \u00e9 uma oportunidade de apresenta\u00e7\u00e3o da nossa capital, de mostrarmos tudo que temos a oferecer, e vai trazer uma movimenta\u00e7\u00e3o expressiva para o final do ano para todo o trade, fazendo diferen\u00e7a na economia, um trabalho que conta com o apoio do governador Ibaneis Rocha\u201d, afirma o secret\u00e1rio de Turismo do DF, Cristiano Ara\u00fajo.<\/p>\n<p>O estande da Setur-DF estar\u00e1 preparado para receber os visitantes com distribui\u00e7\u00e3o de material informativo sobre a cidade e suas Regi\u00f5es Administrativas, com profissionais capacitados para orientar sobre os atrativos da capital. Haver\u00e1 tamb\u00e9m a experi\u00eancia com os \u00f3culos 3D, possibilitando que o visitante fa\u00e7a um tour pela cidade por meio da realidade virtual.<\/p>\n<p>O Sal\u00e3o Nacional do Turismo ocupar\u00e1 um espa\u00e7o impressionante de 25 mil metros quadrados, oferecendo aos visitantes a oportunidade \u00fanica de explorar algumas das melhores atra\u00e7\u00f5es tur\u00edsticas do Brasil. A gastronomia tamb\u00e9m ser\u00e1 destaque. O evento contar\u00e1 com uma pra\u00e7a de alimenta\u00e7\u00e3o com variadas op\u00e7\u00f5es, reunindo grandes nomes da gastronomia do cerrado e dos estados do pa\u00eds.<\/p>\n<p>A expectativa para os segmentos tur\u00edsticos de Bras\u00edlia \u00e9 positiva. O presidente do Sindicato de Hot\u00e9is, Restaurantes, Bares e Similares de Bras\u00edlia (Sindhobar), Jael Silva, ressaltou a import\u00e2ncia do evento. \u201cO Sal\u00e3o do Turismo \u00e9 um evento que vai recolocar Bras\u00edlia como a capital de todos os brasileiros e no centro do turismo nacional. Para n\u00f3s, \u00e9 de total import\u00e2ncia este evento, porque n\u00f3s, dos segmentos de hot\u00e9is, restaurantes, bares etc., vamos mostrar a pujan\u00e7a da nossa gastronomia e refor\u00e7ar aquilo que estamos tentando fazer ao longo dos \u00faltimos tempos, que \u00e9 mostrar que n\u00f3s somos o terceiro polo gastron\u00f4mico do Brasil\u201d.<\/p>\n<p>Entre as atra\u00e7\u00f5es, a Setur-DF ir\u00e1 disponibilizar um tour pelas ruas da cidade, passando pela Pra\u00e7a dos Tr\u00eas Poderes, Catedral, Esplanada dos Minist\u00e9rios, Memorial JK, entre outros, com guias de turismo acompanhando todos os passeios, tirando as d\u00favidas e apresentando a cidade aos participantes em um \u00f4nibus exclusivo. A entrada ser\u00e1 gratuita, proporcionando a todos a oportunidade de explorar e celebrar o vasto patrim\u00f4nio tur\u00edstico brasileiro.<\/p>\n<p>A retomada do Sal\u00e3o \u00e9 um projeto desenvolvido pelo Minist\u00e9rio do Turismo, e conta com o apoio do Governo do Distrito Federal. \u201cSer\u00e1 uma \u00f3tima oportunidade para mostrar todo o potencial tur\u00edstico do nosso pa\u00eds, tanto para os turistas internos, quanto para os que v\u00eam de fora conhecer nossas belezas naturais, culturais, gastron\u00f4micas, hist\u00f3ricas\u201d, afirma Celso Sabino, ministro do Turismo.<\/p>\n","protected":false},"excerpt":{"rendered":"<p>O Sal\u00e3o Nacional do Turismo est\u00e1 prestes a retornar. A celebra\u00e7\u00e3o do turismo brasileiro est\u00e1 agendada para os dias 15, 16 e 17 de dezembro, no Arena BRB Man\u00e9 Garrincha. A expectativa \u00e9 de que cerca de 10 mil visitantes por dia desfrutem de uma diversidade de experi\u00eancias tur\u00edsticas, consolidando o setor como uma pe\u00e7a [&hellip;]<\/p>\n","protected":false},"author":2,"featured_media":318987,"comment_status":"closed","ping_status":"closed","sticky":false,"template":"","format":"standard","meta":{"_acf_changed":false,"footnotes":""},"categories":[161],"tags":[],"class_list":["post-318986","post","type-post","status-publish","format-standard","has-post-thumbnail","hentry","category-quadradinho-em-foco"],"acf":[],"yoast_head":"<!-- This site is optimized with the Yoast SEO plugin v27.2 - https:\/\/yoast.com\/product\/yoast-seo-wordpress\/ -->\n<title>Bras\u00edlia vira palco do Sal\u00e3o Nacional de Turismo - Notibras<\/title>\n<meta name=\"robots\" content=\"index, follow, max-snippet:-1, max-image-preview:large, max-video-preview:-1\" \/>\n<link rel=\"canonical\" href=\"https:\/\/www.notibras.com\/site\/brasilia-vira-palco-do-salao-nacional-de-turismo\/\" \/>\n<meta property=\"og:locale\" content=\"pt_BR\" \/>\n<meta property=\"og:type\" content=\"article\" \/>\n<meta property=\"og:title\" content=\"Bras\u00edlia vira palco do Sal\u00e3o Nacional de Turismo - Notibras\" \/>\n<meta property=\"og:description\" content=\"O Sal\u00e3o Nacional do Turismo est\u00e1 prestes a retornar. A celebra\u00e7\u00e3o do turismo brasileiro est\u00e1 agendada para os dias 15, 16 e 17 de dezembro, no Arena BRB Man\u00e9 Garrincha. A expectativa \u00e9 de que cerca de 10 mil visitantes por dia desfrutem de uma diversidade de experi\u00eancias tur\u00edsticas, consolidando o setor como uma pe\u00e7a [&hellip;]\" \/>\n<meta property=\"og:url\" content=\"https:\/\/www.notibras.com\/site\/brasilia-vira-palco-do-salao-nacional-de-turismo\/\" \/>\n<meta property=\"og:site_name\" content=\"Notibras\" \/>\n<meta property=\"article:publisher\" content=\"https:\/\/www.facebook.com\/notibras\/\" \/>\n<meta property=\"article:published_time\" content=\"2023-12-11T10:51:38+00:00\" \/>\n<meta property=\"article:modified_time\" content=\"2023-12-11T12:58:24+00:00\" \/>\n<meta property=\"og:image\" content=\"https:\/\/www.notibras.com\/site\/wp-content\/uploads\/2023\/12\/brtur.jpg\" \/>\n\t<meta property=\"og:image:width\" content=\"768\" \/>\n\t<meta property=\"og:image:height\" content=\"512\" \/>\n\t<meta property=\"og:image:type\" content=\"image\/jpeg\" \/>\n<meta name=\"author\" content=\"Reda\u00e7\u00e3o\" \/>\n<meta name=\"twitter:card\" content=\"summary_large_image\" \/>\n<meta name=\"twitter:creator\" content=\"@Notibras\" \/>\n<meta name=\"twitter:site\" content=\"@Notibras\" \/>\n<meta name=\"twitter:label1\" content=\"Escrito por\" \/>\n\t<meta name=\"twitter:data1\" content=\"Reda\u00e7\u00e3o\" \/>\n\t<meta name=\"twitter:label2\" content=\"Est. tempo de leitura\" \/>\n\t<meta name=\"twitter:data2\" content=\"4 minutos\" \/>\n<script type=\"application\/ld+json\" class=\"yoast-schema-graph\">{\"@context\":\"https:\/\/schema.org\",\"@graph\":[{\"@type\":\"Article\",\"@id\":\"https:\/\/www.notibras.com\/site\/brasilia-vira-palco-do-salao-nacional-de-turismo\/#article\",\"isPartOf\":{\"@id\":\"https:\/\/www.notibras.com\/site\/brasilia-vira-palco-do-salao-nacional-de-turismo\/\"},\"author\":{\"name\":\"Reda\u00e7\u00e3o\",\"@id\":\"https:\/\/www.notibras.com\/site\/#\/schema\/person\/36ab0979449956132d3e5b517ea76ac8\"},\"headline\":\"Bras\u00edlia vira palco do Sal\u00e3o Nacional de Turismo\",\"datePublished\":\"2023-12-11T10:51:38+00:00\",\"dateModified\":\"2023-12-11T12:58:24+00:00\",\"mainEntityOfPage\":{\"@id\":\"https:\/\/www.notibras.com\/site\/brasilia-vira-palco-do-salao-nacional-de-turismo\/\"},\"wordCount\":643,\"publisher\":{\"@id\":\"https:\/\/www.notibras.com\/site\/#organization\"},\"image\":{\"@id\":\"https:\/\/www.notibras.com\/site\/brasilia-vira-palco-do-salao-nacional-de-turismo\/#primaryimage\"},\"thumbnailUrl\":\"https:\/\/www.notibras.com\/site\/wp-content\/uploads\/2023\/12\/brtur.jpg\",\"articleSection\":[\"Quadradinho em Foco\"],\"inLanguage\":\"pt-BR\"},{\"@type\":\"WebPage\",\"@id\":\"https:\/\/www.notibras.com\/site\/brasilia-vira-palco-do-salao-nacional-de-turismo\/\",\"url\":\"https:\/\/www.notibras.com\/site\/brasilia-vira-palco-do-salao-nacional-de-turismo\/\",\"name\":\"Bras\u00edlia vira palco do Sal\u00e3o Nacional de Turismo - Notibras\",\"isPartOf\":{\"@id\":\"https:\/\/www.notibras.com\/site\/#website\"},\"primaryImageOfPage\":{\"@id\":\"https:\/\/www.notibras.com\/site\/brasilia-vira-palco-do-salao-nacional-de-turismo\/#primaryimage\"},\"image\":{\"@id\":\"https:\/\/www.notibras.com\/site\/brasilia-vira-palco-do-salao-nacional-de-turismo\/#primaryimage\"},\"thumbnailUrl\":\"https:\/\/www.notibras.com\/site\/wp-content\/uploads\/2023\/12\/brtur.jpg\",\"datePublished\":\"2023-12-11T10:51:38+00:00\",\"dateModified\":\"2023-12-11T12:58:24+00:00\",\"breadcrumb\":{\"@id\":\"https:\/\/www.notibras.com\/site\/brasilia-vira-palco-do-salao-nacional-de-turismo\/#breadcrumb\"},\"inLanguage\":\"pt-BR\",\"potentialAction\":[{\"@type\":\"ReadAction\",\"target\":[\"https:\/\/www.notibras.com\/site\/brasilia-vira-palco-do-salao-nacional-de-turismo\/\"]}]},{\"@type\":\"ImageObject\",\"inLanguage\":\"pt-BR\",\"@id\":\"https:\/\/www.notibras.com\/site\/brasilia-vira-palco-do-salao-nacional-de-turismo\/#primaryimage\",\"url\":\"https:\/\/www.notibras.com\/site\/wp-content\/uploads\/2023\/12\/brtur.jpg\",\"contentUrl\":\"https:\/\/www.notibras.com\/site\/wp-content\/uploads\/2023\/12\/brtur.jpg\",\"width\":768,\"height\":512},{\"@type\":\"BreadcrumbList\",\"@id\":\"https:\/\/www.notibras.com\/site\/brasilia-vira-palco-do-salao-nacional-de-turismo\/#breadcrumb\",\"itemListElement\":[{\"@type\":\"ListItem\",\"position\":1,\"name\":\"In\u00edcio\",\"item\":\"https:\/\/www.notibras.com\/site\/\"},{\"@type\":\"ListItem\",\"position\":2,\"name\":\"Bras\u00edlia vira palco do Sal\u00e3o Nacional de Turismo\"}]},{\"@type\":\"WebSite\",\"@id\":\"https:\/\/www.notibras.com\/site\/#website\",\"url\":\"https:\/\/www.notibras.com\/site\/\",\"name\":\"Notibras\",\"description\":\"Not\u00edcias de Bras\u00edlia, do Brasil e do Mundo\",\"publisher\":{\"@id\":\"https:\/\/www.notibras.com\/site\/#organization\"},\"potentialAction\":[{\"@type\":\"SearchAction\",\"target\":{\"@type\":\"EntryPoint\",\"urlTemplate\":\"https:\/\/www.notibras.com\/site\/?s={search_term_string}\"},\"query-input\":{\"@type\":\"PropertyValueSpecification\",\"valueRequired\":true,\"valueName\":\"search_term_string\"}}],\"inLanguage\":\"pt-BR\"},{\"@type\":\"Organization\",\"@id\":\"https:\/\/www.notibras.com\/site\/#organization\",\"name\":\"Grupo Notibras de Comunica\u00e7\u00e3o\",\"url\":\"https:\/\/www.notibras.com\/site\/\",\"logo\":{\"@type\":\"ImageObject\",\"inLanguage\":\"pt-BR\",\"@id\":\"https:\/\/www.notibras.com\/site\/#\/schema\/logo\/image\/\",\"url\":\"https:\/\/www.notibras.com\/site\/wp-content\/uploads\/2023\/01\/notibras23.png\",\"contentUrl\":\"https:\/\/www.notibras.com\/site\/wp-content\/uploads\/2023\/01\/notibras23.png\",\"width\":350,\"height\":87,\"caption\":\"Grupo Notibras de Comunica\u00e7\u00e3o\"},\"image\":{\"@id\":\"https:\/\/www.notibras.com\/site\/#\/schema\/logo\/image\/\"},\"sameAs\":[\"https:\/\/www.facebook.com\/notibras\/\",\"https:\/\/x.com\/Notibras\",\"https:\/\/www.instagram.com\/notibras\/\"]},{\"@type\":\"Person\",\"@id\":\"https:\/\/www.notibras.com\/site\/#\/schema\/person\/36ab0979449956132d3e5b517ea76ac8\",\"name\":\"Reda\u00e7\u00e3o\",\"image\":{\"@type\":\"ImageObject\",\"inLanguage\":\"pt-BR\",\"@id\":\"https:\/\/secure.gravatar.com\/avatar\/e0a867bdedb85fd243eadf09663511f96fc81e0720a4a42581f334ad4303aa6b?s=96&d=mm&r=g\",\"url\":\"https:\/\/secure.gravatar.com\/avatar\/e0a867bdedb85fd243eadf09663511f96fc81e0720a4a42581f334ad4303aa6b?s=96&d=mm&r=g\",\"contentUrl\":\"https:\/\/secure.gravatar.com\/avatar\/e0a867bdedb85fd243eadf09663511f96fc81e0720a4a42581f334ad4303aa6b?s=96&d=mm&r=g\",\"caption\":\"Reda\u00e7\u00e3o\"}}]}<\/script>\n<!-- \/ Yoast SEO plugin. -->","yoast_head_json":{"title":"Bras\u00edlia vira palco do Sal\u00e3o Nacional de Turismo - Notibras","robots":{"index":"index","follow":"follow","max-snippet":"max-snippet:-1","max-image-preview":"max-image-preview:large","max-video-preview":"max-video-preview:-1"},"canonical":"https:\/\/www.notibras.com\/site\/brasilia-vira-palco-do-salao-nacional-de-turismo\/","og_locale":"pt_BR","og_type":"article","og_title":"Bras\u00edlia vira palco do Sal\u00e3o Nacional de Turismo - Notibras","og_description":"O Sal\u00e3o Nacional do Turismo est\u00e1 prestes a retornar. A celebra\u00e7\u00e3o do turismo brasileiro est\u00e1 agendada para os dias 15, 16 e 17 de dezembro, no Arena BRB Man\u00e9 Garrincha. A expectativa \u00e9 de que cerca de 10 mil visitantes por dia desfrutem de uma diversidade de experi\u00eancias tur\u00edsticas, consolidando o setor como uma pe\u00e7a [&hellip;]","og_url":"https:\/\/www.notibras.com\/site\/brasilia-vira-palco-do-salao-nacional-de-turismo\/","og_site_name":"Notibras","article_publisher":"https:\/\/www.facebook.com\/notibras\/","article_published_time":"2023-12-11T10:51:38+00:00","article_modified_time":"2023-12-11T12:58:24+00:00","og_image":[{"width":768,"height":512,"url":"https:\/\/www.notibras.com\/site\/wp-content\/uploads\/2023\/12\/brtur.jpg","type":"image\/jpeg"}],"author":"Reda\u00e7\u00e3o","twitter_card":"summary_large_image","twitter_creator":"@Notibras","twitter_site":"@Notibras","twitter_misc":{"Escrito por":"Reda\u00e7\u00e3o","Est. tempo de leitura":"4 minutos"},"schema":{"@context":"https:\/\/schema.org","@graph":[{"@type":"Article","@id":"https:\/\/www.notibras.com\/site\/brasilia-vira-palco-do-salao-nacional-de-turismo\/#article","isPartOf":{"@id":"https:\/\/www.notibras.com\/site\/brasilia-vira-palco-do-salao-nacional-de-turismo\/"},"author":{"name":"Reda\u00e7\u00e3o","@id":"https:\/\/www.notibras.com\/site\/#\/schema\/person\/36ab0979449956132d3e5b517ea76ac8"},"headline":"Bras\u00edlia vira palco do Sal\u00e3o Nacional de Turismo","datePublished":"2023-12-11T10:51:38+00:00","dateModified":"2023-12-11T12:58:24+00:00","mainEntityOfPage":{"@id":"https:\/\/www.notibras.com\/site\/brasilia-vira-palco-do-salao-nacional-de-turismo\/"},"wordCount":643,"publisher":{"@id":"https:\/\/www.notibras.com\/site\/#organization"},"image":{"@id":"https:\/\/www.notibras.com\/site\/brasilia-vira-palco-do-salao-nacional-de-turismo\/#primaryimage"},"thumbnailUrl":"https:\/\/www.notibras.com\/site\/wp-content\/uploads\/2023\/12\/brtur.jpg","articleSection":["Quadradinho em Foco"],"inLanguage":"pt-BR"},{"@type":"WebPage","@id":"https:\/\/www.notibras.com\/site\/brasilia-vira-palco-do-salao-nacional-de-turismo\/","url":"https:\/\/www.notibras.com\/site\/brasilia-vira-palco-do-salao-nacional-de-turismo\/","name":"Bras\u00edlia vira palco do Sal\u00e3o Nacional de Turismo - Notibras","isPartOf":{"@id":"https:\/\/www.notibras.com\/site\/#website"},"primaryImageOfPage":{"@id":"https:\/\/www.notibras.com\/site\/brasilia-vira-palco-do-salao-nacional-de-turismo\/#primaryimage"},"image":{"@id":"https:\/\/www.notibras.com\/site\/brasilia-vira-palco-do-salao-nacional-de-turismo\/#primaryimage"},"thumbnailUrl":"https:\/\/www.notibras.com\/site\/wp-content\/uploads\/2023\/12\/brtur.jpg","datePublished":"2023-12-11T10:51:38+00:00","dateModified":"2023-12-11T12:58:24+00:00","breadcrumb":{"@id":"https:\/\/www.notibras.com\/site\/brasilia-vira-palco-do-salao-nacional-de-turismo\/#breadcrumb"},"inLanguage":"pt-BR","potentialAction":[{"@type":"ReadAction","target":["https:\/\/www.notibras.com\/site\/brasilia-vira-palco-do-salao-nacional-de-turismo\/"]}]},{"@type":"ImageObject","inLanguage":"pt-BR","@id":"https:\/\/www.notibras.com\/site\/brasilia-vira-palco-do-salao-nacional-de-turismo\/#primaryimage","url":"https:\/\/www.notibras.com\/site\/wp-content\/uploads\/2023\/12\/brtur.jpg","contentUrl":"https:\/\/www.notibras.com\/site\/wp-content\/uploads\/2023\/12\/brtur.jpg","width":768,"height":512},{"@type":"BreadcrumbList","@id":"https:\/\/www.notibras.com\/site\/brasilia-vira-palco-do-salao-nacional-de-turismo\/#breadcrumb","itemListElement":[{"@type":"ListItem","position":1,"name":"In\u00edcio","item":"https:\/\/www.notibras.com\/site\/"},{"@type":"ListItem","position":2,"name":"Bras\u00edlia vira palco do Sal\u00e3o Nacional de Turismo"}]},{"@type":"WebSite","@id":"https:\/\/www.notibras.com\/site\/#website","url":"https:\/\/www.notibras.com\/site\/","name":"Notibras","description":"Not\u00edcias de Bras\u00edlia, do Brasil e do Mundo","publisher":{"@id":"https:\/\/www.notibras.com\/site\/#organization"},"potentialAction":[{"@type":"SearchAction","target":{"@type":"EntryPoint","urlTemplate":"https:\/\/www.notibras.com\/site\/?s={search_term_string}"},"query-input":{"@type":"PropertyValueSpecification","valueRequired":true,"valueName":"search_term_string"}}],"inLanguage":"pt-BR"},{"@type":"Organization","@id":"https:\/\/www.notibras.com\/site\/#organization","name":"Grupo Notibras de Comunica\u00e7\u00e3o","url":"https:\/\/www.notibras.com\/site\/","logo":{"@type":"ImageObject","inLanguage":"pt-BR","@id":"https:\/\/www.notibras.com\/site\/#\/schema\/logo\/image\/","url":"https:\/\/www.notibras.com\/site\/wp-content\/uploads\/2023\/01\/notibras23.png","contentUrl":"https:\/\/www.notibras.com\/site\/wp-content\/uploads\/2023\/01\/notibras23.png","width":350,"height":87,"caption":"Grupo Notibras de Comunica\u00e7\u00e3o"},"image":{"@id":"https:\/\/www.notibras.com\/site\/#\/schema\/logo\/image\/"},"sameAs":["https:\/\/www.facebook.com\/notibras\/","https:\/\/x.com\/Notibras","https:\/\/www.instagram.com\/notibras\/"]},{"@type":"Person","@id":"https:\/\/www.notibras.com\/site\/#\/schema\/person\/36ab0979449956132d3e5b517ea76ac8","name":"Reda\u00e7\u00e3o","image":{"@type":"ImageObject","inLanguage":"pt-BR","@id":"https:\/\/secure.gravatar.com\/avatar\/e0a867bdedb85fd243eadf09663511f96fc81e0720a4a42581f334ad4303aa6b?s=96&d=mm&r=g","url":"https:\/\/secure.gravatar.com\/avatar\/e0a867bdedb85fd243eadf09663511f96fc81e0720a4a42581f334ad4303aa6b?s=96&d=mm&r=g","contentUrl":"https:\/\/secure.gravatar.com\/avatar\/e0a867bdedb85fd243eadf09663511f96fc81e0720a4a42581f334ad4303aa6b?s=96&d=mm&r=g","caption":"Reda\u00e7\u00e3o"}}]}},"amp_enabled":true,"_links":{"self":[{"href":"https:\/\/www.notibras.com\/site\/wp-json\/wp\/v2\/posts\/318986","targetHints":{"allow":["GET"]}}],"collection":[{"href":"https:\/\/www.notibras.com\/site\/wp-json\/wp\/v2\/posts"}],"about":[{"href":"https:\/\/www.notibras.com\/site\/wp-json\/wp\/v2\/types\/post"}],"author":[{"embeddable":true,"href":"https:\/\/www.notibras.com\/site\/wp-json\/wp\/v2\/users\/2"}],"replies":[{"embeddable":true,"href":"https:\/\/www.notibras.com\/site\/wp-json\/wp\/v2\/comments?post=318986"}],"version-history":[{"count":2,"href":"https:\/\/www.notibras.com\/site\/wp-json\/wp\/v2\/posts\/318986\/revisions"}],"predecessor-version":[{"id":318990,"href":"https:\/\/www.notibras.com\/site\/wp-json\/wp\/v2\/posts\/318986\/revisions\/318990"}],"wp:featuredmedia":[{"embeddable":true,"href":"https:\/\/www.notibras.com\/site\/wp-json\/wp\/v2\/media\/318987"}],"wp:attachment":[{"href":"https:\/\/www.notibras.com\/site\/wp-json\/wp\/v2\/media?parent=318986"}],"wp:term":[{"taxonomy":"category","embeddable":true,"href":"https:\/\/www.notibras.com\/site\/wp-json\/wp\/v2\/categories?post=318986"},{"taxonomy":"post_tag","embeddable":true,"href":"https:\/\/www.notibras.com\/site\/wp-json\/wp\/v2\/tags?post=318986"}],"curies":[{"name":"wp","href":"https:\/\/api.w.org\/{rel}","templated":true}]}}