{"id":318991,"date":"2023-12-11T00:59:29","date_gmt":"2023-12-11T03:59:29","guid":{"rendered":"https:\/\/www.notibras.com\/site\/?p=318991"},"modified":"2023-12-11T10:02:18","modified_gmt":"2023-12-11T13:02:18","slug":"estudo-revela-variedade-da-fauna-de-13-areas-protegidas","status":"publish","type":"post","link":"https:\/\/www.notibras.com\/site\/estudo-revela-variedade-da-fauna-de-13-areas-protegidas\/","title":{"rendered":"Estudo revela variedade da fauna de 13 \u00e1reas protegidas"},"content":{"rendered":"<p>O Distrito Federal se encontra entre as unidades da Federa\u00e7\u00e3o com o maior percentual de territ\u00f3rio protegido: mais de 90% da \u00e1rea est\u00e3o sob o regulamento de alguma unidade de conserva\u00e7\u00e3o, segundo o Atlas 2020, do Instituto de Pesquisa e Estat\u00edstica do Distrito Federal (IPEDF). Dada a import\u00e2ncia dessa preserva\u00e7\u00e3o, o Instituto Bras\u00edlia Ambiental, por meio da Ger\u00eancia de Fauna Silvestre, desenvolveu uma pesquisa sobre a fauna em 13 unidades de conserva\u00e7\u00e3o (UCs) geridas pela autarquia, das 86 existentes no Distrito Federal.<\/p>\n<p>O levantamento identificou um total de 586 esp\u00e9cies da fauna, sendo 333 aves, 83 mam\u00edferos, 59 r\u00e9pteis, 56 anf\u00edbios e 55 peixes. O maior n\u00famero foi registrado no ref\u00fagio de vida silvestre Mata Seca, na Fercal, com o registro de um total de 401 esp\u00e9cies.<\/p>\n<p>Um aspecto notado no estudo foi a presen\u00e7a de esp\u00e9cies emblem\u00e1ticas e amea\u00e7adas de extin\u00e7\u00e3o, a exemplo do galito (Alectrurus tricolor), do lobo-guar\u00e1 (Chrysocyon brachyurus) e da perereca-de-pijama (Boana buriti), ressaltando a import\u00e2ncia das UCs para o cuidado com a vida selvagem no Distrito Federal.<\/p>\n<p>\u201cO Bras\u00edlia Ambiental reitera, com esse levantamento, o compromisso com a sustentabilidade, e convida a popula\u00e7\u00e3o a conhecer e preservar esses importantes ref\u00fagios naturais, contribuindo para a manuten\u00e7\u00e3o da biodiversidade que faz do Distrito Federal um lugar \u00edmpar no bioma Cerrado\u201d, comenta o presidente do Bras\u00edlia Ambiental, R\u00f4ney Nemer.<\/p>\n<p>O estudo reuniu as informa\u00e7\u00f5es dos dados prim\u00e1rios realizados para a elabora\u00e7\u00e3o dos Planos de Manejo (documento que estabelece o zoneamento e normas de uso) dessas \u00e1reas sob prote\u00e7\u00e3o. Os pesquisadores foram a campo para a coleta de elementos sobre as esp\u00e9cies no local, utilizando-se, principalmente, armadilhas fotogr\u00e1ficas ou avistamentos.<\/p>\n<p>O gerente de Fauna Silvestre do instituto, Rodrigo Santos, enfatizou a relev\u00e2ncia do trabalho desenvolvido, uma vez que os dados obtidos proporcionam uma vis\u00e3o abrangente sobre a biodiversidade local, essencial para a implanta\u00e7\u00e3o de a\u00e7\u00f5es de defesa e manejo adequado desses espa\u00e7os. \u201cOs resultados desta pesquisa s\u00e3o fundamentais para direcionar nossos esfor\u00e7os na guarda das esp\u00e9cies presentes, assim como para aprimorar as pr\u00e1ticas de gest\u00e3o dessas \u00e1reas\u201d, explicou Santos.<\/p>\n<p>A autarquia ambiental far\u00e1, tamb\u00e9m, o agrupamento dos registros de esp\u00e9cies dos estudos no \u00e2mbito do licenciamento ambiental. A an\u00e1lise conjunta dessas informa\u00e7\u00f5es ser\u00e1 importante para embasar decis\u00f5es futuras e fortalecer as iniciativas de preserva\u00e7\u00e3o da fauna no DF.<\/p>\n<p>As unidades de conserva\u00e7\u00e3o verificadas foram os parques ecol\u00f3gicos do Toror\u00f3, Sucupira, Olhos d\u2019\u00c1gua, Burle Marx, Bosque dos Tribunais, Bernardo Say\u00e3o, Asa Sul e Areal, al\u00e9m do ref\u00fagio de vida silvestre Mata Seca, a \u00c1rea de Relevante Interesse Ecol\u00f3gico (Arie) JK e Mato Grande e os parques distritais S\u00e3o Sebasti\u00e3o e Toror\u00f3.<\/p>\n","protected":false},"excerpt":{"rendered":"<p>O Distrito Federal se encontra entre as unidades da Federa\u00e7\u00e3o com o maior percentual de territ\u00f3rio protegido: mais de 90% da \u00e1rea est\u00e3o sob o regulamento de alguma unidade de conserva\u00e7\u00e3o, segundo o Atlas 2020, do Instituto de Pesquisa e Estat\u00edstica do Distrito Federal (IPEDF). Dada a import\u00e2ncia dessa preserva\u00e7\u00e3o, o Instituto Bras\u00edlia Ambiental, por [&hellip;]<\/p>\n","protected":false},"author":2,"featured_media":318992,"comment_status":"closed","ping_status":"closed","sticky":false,"template":"","format":"standard","meta":{"_acf_changed":false,"footnotes":""},"categories":[161],"tags":[],"class_list":["post-318991","post","type-post","status-publish","format-standard","has-post-thumbnail","hentry","category-quadradinho-em-foco"],"acf":[],"yoast_head":"<!-- This site is optimized with the Yoast SEO plugin v27.2 - https:\/\/yoast.com\/product\/yoast-seo-wordpress\/ -->\n<title>Estudo revela variedade da fauna de 13 \u00e1reas protegidas - Notibras<\/title>\n<meta name=\"robots\" content=\"index, follow, max-snippet:-1, max-image-preview:large, max-video-preview:-1\" \/>\n<link rel=\"canonical\" href=\"https:\/\/www.notibras.com\/site\/estudo-revela-variedade-da-fauna-de-13-areas-protegidas\/\" \/>\n<meta property=\"og:locale\" content=\"pt_BR\" \/>\n<meta property=\"og:type\" content=\"article\" \/>\n<meta property=\"og:title\" content=\"Estudo revela variedade da fauna de 13 \u00e1reas protegidas - Notibras\" \/>\n<meta property=\"og:description\" content=\"O Distrito Federal se encontra entre as unidades da Federa\u00e7\u00e3o com o maior percentual de territ\u00f3rio protegido: mais de 90% da \u00e1rea est\u00e3o sob o regulamento de alguma unidade de conserva\u00e7\u00e3o, segundo o Atlas 2020, do Instituto de Pesquisa e Estat\u00edstica do Distrito Federal (IPEDF). Dada a import\u00e2ncia dessa preserva\u00e7\u00e3o, o Instituto Bras\u00edlia Ambiental, por [&hellip;]\" \/>\n<meta property=\"og:url\" content=\"https:\/\/www.notibras.com\/site\/estudo-revela-variedade-da-fauna-de-13-areas-protegidas\/\" \/>\n<meta property=\"og:site_name\" content=\"Notibras\" \/>\n<meta property=\"article:publisher\" content=\"https:\/\/www.facebook.com\/notibras\/\" \/>\n<meta property=\"article:published_time\" content=\"2023-12-11T03:59:29+00:00\" \/>\n<meta property=\"article:modified_time\" content=\"2023-12-11T13:02:18+00:00\" \/>\n<meta property=\"og:image\" content=\"https:\/\/www.notibras.com\/site\/wp-content\/uploads\/2023\/12\/micopro.png\" \/>\n\t<meta property=\"og:image:width\" content=\"800\" \/>\n\t<meta property=\"og:image:height\" content=\"533\" \/>\n\t<meta property=\"og:image:type\" content=\"image\/png\" \/>\n<meta name=\"author\" content=\"Reda\u00e7\u00e3o\" \/>\n<meta name=\"twitter:card\" content=\"summary_large_image\" \/>\n<meta name=\"twitter:creator\" content=\"@Notibras\" \/>\n<meta name=\"twitter:site\" content=\"@Notibras\" \/>\n<meta name=\"twitter:label1\" content=\"Escrito por\" \/>\n\t<meta name=\"twitter:data1\" content=\"Reda\u00e7\u00e3o\" \/>\n\t<meta name=\"twitter:label2\" content=\"Est. tempo de leitura\" \/>\n\t<meta name=\"twitter:data2\" content=\"3 minutos\" \/>\n<script type=\"application\/ld+json\" class=\"yoast-schema-graph\">{\"@context\":\"https:\/\/schema.org\",\"@graph\":[{\"@type\":\"Article\",\"@id\":\"https:\/\/www.notibras.com\/site\/estudo-revela-variedade-da-fauna-de-13-areas-protegidas\/#article\",\"isPartOf\":{\"@id\":\"https:\/\/www.notibras.com\/site\/estudo-revela-variedade-da-fauna-de-13-areas-protegidas\/\"},\"author\":{\"name\":\"Reda\u00e7\u00e3o\",\"@id\":\"https:\/\/www.notibras.com\/site\/#\/schema\/person\/36ab0979449956132d3e5b517ea76ac8\"},\"headline\":\"Estudo revela variedade da fauna de 13 \u00e1reas protegidas\",\"datePublished\":\"2023-12-11T03:59:29+00:00\",\"dateModified\":\"2023-12-11T13:02:18+00:00\",\"mainEntityOfPage\":{\"@id\":\"https:\/\/www.notibras.com\/site\/estudo-revela-variedade-da-fauna-de-13-areas-protegidas\/\"},\"wordCount\":488,\"publisher\":{\"@id\":\"https:\/\/www.notibras.com\/site\/#organization\"},\"image\":{\"@id\":\"https:\/\/www.notibras.com\/site\/estudo-revela-variedade-da-fauna-de-13-areas-protegidas\/#primaryimage\"},\"thumbnailUrl\":\"https:\/\/www.notibras.com\/site\/wp-content\/uploads\/2023\/12\/micopro.png\",\"articleSection\":[\"Quadradinho em Foco\"],\"inLanguage\":\"pt-BR\"},{\"@type\":\"WebPage\",\"@id\":\"https:\/\/www.notibras.com\/site\/estudo-revela-variedade-da-fauna-de-13-areas-protegidas\/\",\"url\":\"https:\/\/www.notibras.com\/site\/estudo-revela-variedade-da-fauna-de-13-areas-protegidas\/\",\"name\":\"Estudo revela variedade da fauna de 13 \u00e1reas protegidas - Notibras\",\"isPartOf\":{\"@id\":\"https:\/\/www.notibras.com\/site\/#website\"},\"primaryImageOfPage\":{\"@id\":\"https:\/\/www.notibras.com\/site\/estudo-revela-variedade-da-fauna-de-13-areas-protegidas\/#primaryimage\"},\"image\":{\"@id\":\"https:\/\/www.notibras.com\/site\/estudo-revela-variedade-da-fauna-de-13-areas-protegidas\/#primaryimage\"},\"thumbnailUrl\":\"https:\/\/www.notibras.com\/site\/wp-content\/uploads\/2023\/12\/micopro.png\",\"datePublished\":\"2023-12-11T03:59:29+00:00\",\"dateModified\":\"2023-12-11T13:02:18+00:00\",\"breadcrumb\":{\"@id\":\"https:\/\/www.notibras.com\/site\/estudo-revela-variedade-da-fauna-de-13-areas-protegidas\/#breadcrumb\"},\"inLanguage\":\"pt-BR\",\"potentialAction\":[{\"@type\":\"ReadAction\",\"target\":[\"https:\/\/www.notibras.com\/site\/estudo-revela-variedade-da-fauna-de-13-areas-protegidas\/\"]}]},{\"@type\":\"ImageObject\",\"inLanguage\":\"pt-BR\",\"@id\":\"https:\/\/www.notibras.com\/site\/estudo-revela-variedade-da-fauna-de-13-areas-protegidas\/#primaryimage\",\"url\":\"https:\/\/www.notibras.com\/site\/wp-content\/uploads\/2023\/12\/micopro.png\",\"contentUrl\":\"https:\/\/www.notibras.com\/site\/wp-content\/uploads\/2023\/12\/micopro.png\",\"width\":800,\"height\":533},{\"@type\":\"BreadcrumbList\",\"@id\":\"https:\/\/www.notibras.com\/site\/estudo-revela-variedade-da-fauna-de-13-areas-protegidas\/#breadcrumb\",\"itemListElement\":[{\"@type\":\"ListItem\",\"position\":1,\"name\":\"In\u00edcio\",\"item\":\"https:\/\/www.notibras.com\/site\/\"},{\"@type\":\"ListItem\",\"position\":2,\"name\":\"Estudo revela variedade da fauna de 13 \u00e1reas protegidas\"}]},{\"@type\":\"WebSite\",\"@id\":\"https:\/\/www.notibras.com\/site\/#website\",\"url\":\"https:\/\/www.notibras.com\/site\/\",\"name\":\"Notibras\",\"description\":\"Not\u00edcias de Bras\u00edlia, do Brasil e do Mundo\",\"publisher\":{\"@id\":\"https:\/\/www.notibras.com\/site\/#organization\"},\"potentialAction\":[{\"@type\":\"SearchAction\",\"target\":{\"@type\":\"EntryPoint\",\"urlTemplate\":\"https:\/\/www.notibras.com\/site\/?s={search_term_string}\"},\"query-input\":{\"@type\":\"PropertyValueSpecification\",\"valueRequired\":true,\"valueName\":\"search_term_string\"}}],\"inLanguage\":\"pt-BR\"},{\"@type\":\"Organization\",\"@id\":\"https:\/\/www.notibras.com\/site\/#organization\",\"name\":\"Grupo Notibras de Comunica\u00e7\u00e3o\",\"url\":\"https:\/\/www.notibras.com\/site\/\",\"logo\":{\"@type\":\"ImageObject\",\"inLanguage\":\"pt-BR\",\"@id\":\"https:\/\/www.notibras.com\/site\/#\/schema\/logo\/image\/\",\"url\":\"https:\/\/www.notibras.com\/site\/wp-content\/uploads\/2023\/01\/notibras23.png\",\"contentUrl\":\"https:\/\/www.notibras.com\/site\/wp-content\/uploads\/2023\/01\/notibras23.png\",\"width\":350,\"height\":87,\"caption\":\"Grupo Notibras de Comunica\u00e7\u00e3o\"},\"image\":{\"@id\":\"https:\/\/www.notibras.com\/site\/#\/schema\/logo\/image\/\"},\"sameAs\":[\"https:\/\/www.facebook.com\/notibras\/\",\"https:\/\/x.com\/Notibras\",\"https:\/\/www.instagram.com\/notibras\/\"]},{\"@type\":\"Person\",\"@id\":\"https:\/\/www.notibras.com\/site\/#\/schema\/person\/36ab0979449956132d3e5b517ea76ac8\",\"name\":\"Reda\u00e7\u00e3o\",\"image\":{\"@type\":\"ImageObject\",\"inLanguage\":\"pt-BR\",\"@id\":\"https:\/\/secure.gravatar.com\/avatar\/e0a867bdedb85fd243eadf09663511f96fc81e0720a4a42581f334ad4303aa6b?s=96&d=mm&r=g\",\"url\":\"https:\/\/secure.gravatar.com\/avatar\/e0a867bdedb85fd243eadf09663511f96fc81e0720a4a42581f334ad4303aa6b?s=96&d=mm&r=g\",\"contentUrl\":\"https:\/\/secure.gravatar.com\/avatar\/e0a867bdedb85fd243eadf09663511f96fc81e0720a4a42581f334ad4303aa6b?s=96&d=mm&r=g\",\"caption\":\"Reda\u00e7\u00e3o\"}}]}<\/script>\n<!-- \/ Yoast SEO plugin. -->","yoast_head_json":{"title":"Estudo revela variedade da fauna de 13 \u00e1reas protegidas - Notibras","robots":{"index":"index","follow":"follow","max-snippet":"max-snippet:-1","max-image-preview":"max-image-preview:large","max-video-preview":"max-video-preview:-1"},"canonical":"https:\/\/www.notibras.com\/site\/estudo-revela-variedade-da-fauna-de-13-areas-protegidas\/","og_locale":"pt_BR","og_type":"article","og_title":"Estudo revela variedade da fauna de 13 \u00e1reas protegidas - Notibras","og_description":"O Distrito Federal se encontra entre as unidades da Federa\u00e7\u00e3o com o maior percentual de territ\u00f3rio protegido: mais de 90% da \u00e1rea est\u00e3o sob o regulamento de alguma unidade de conserva\u00e7\u00e3o, segundo o Atlas 2020, do Instituto de Pesquisa e Estat\u00edstica do Distrito Federal (IPEDF). Dada a import\u00e2ncia dessa preserva\u00e7\u00e3o, o Instituto Bras\u00edlia Ambiental, por [&hellip;]","og_url":"https:\/\/www.notibras.com\/site\/estudo-revela-variedade-da-fauna-de-13-areas-protegidas\/","og_site_name":"Notibras","article_publisher":"https:\/\/www.facebook.com\/notibras\/","article_published_time":"2023-12-11T03:59:29+00:00","article_modified_time":"2023-12-11T13:02:18+00:00","og_image":[{"width":800,"height":533,"url":"https:\/\/www.notibras.com\/site\/wp-content\/uploads\/2023\/12\/micopro.png","type":"image\/png"}],"author":"Reda\u00e7\u00e3o","twitter_card":"summary_large_image","twitter_creator":"@Notibras","twitter_site":"@Notibras","twitter_misc":{"Escrito por":"Reda\u00e7\u00e3o","Est. tempo de leitura":"3 minutos"},"schema":{"@context":"https:\/\/schema.org","@graph":[{"@type":"Article","@id":"https:\/\/www.notibras.com\/site\/estudo-revela-variedade-da-fauna-de-13-areas-protegidas\/#article","isPartOf":{"@id":"https:\/\/www.notibras.com\/site\/estudo-revela-variedade-da-fauna-de-13-areas-protegidas\/"},"author":{"name":"Reda\u00e7\u00e3o","@id":"https:\/\/www.notibras.com\/site\/#\/schema\/person\/36ab0979449956132d3e5b517ea76ac8"},"headline":"Estudo revela variedade da fauna de 13 \u00e1reas protegidas","datePublished":"2023-12-11T03:59:29+00:00","dateModified":"2023-12-11T13:02:18+00:00","mainEntityOfPage":{"@id":"https:\/\/www.notibras.com\/site\/estudo-revela-variedade-da-fauna-de-13-areas-protegidas\/"},"wordCount":488,"publisher":{"@id":"https:\/\/www.notibras.com\/site\/#organization"},"image":{"@id":"https:\/\/www.notibras.com\/site\/estudo-revela-variedade-da-fauna-de-13-areas-protegidas\/#primaryimage"},"thumbnailUrl":"https:\/\/www.notibras.com\/site\/wp-content\/uploads\/2023\/12\/micopro.png","articleSection":["Quadradinho em Foco"],"inLanguage":"pt-BR"},{"@type":"WebPage","@id":"https:\/\/www.notibras.com\/site\/estudo-revela-variedade-da-fauna-de-13-areas-protegidas\/","url":"https:\/\/www.notibras.com\/site\/estudo-revela-variedade-da-fauna-de-13-areas-protegidas\/","name":"Estudo revela variedade da fauna de 13 \u00e1reas protegidas - Notibras","isPartOf":{"@id":"https:\/\/www.notibras.com\/site\/#website"},"primaryImageOfPage":{"@id":"https:\/\/www.notibras.com\/site\/estudo-revela-variedade-da-fauna-de-13-areas-protegidas\/#primaryimage"},"image":{"@id":"https:\/\/www.notibras.com\/site\/estudo-revela-variedade-da-fauna-de-13-areas-protegidas\/#primaryimage"},"thumbnailUrl":"https:\/\/www.notibras.com\/site\/wp-content\/uploads\/2023\/12\/micopro.png","datePublished":"2023-12-11T03:59:29+00:00","dateModified":"2023-12-11T13:02:18+00:00","breadcrumb":{"@id":"https:\/\/www.notibras.com\/site\/estudo-revela-variedade-da-fauna-de-13-areas-protegidas\/#breadcrumb"},"inLanguage":"pt-BR","potentialAction":[{"@type":"ReadAction","target":["https:\/\/www.notibras.com\/site\/estudo-revela-variedade-da-fauna-de-13-areas-protegidas\/"]}]},{"@type":"ImageObject","inLanguage":"pt-BR","@id":"https:\/\/www.notibras.com\/site\/estudo-revela-variedade-da-fauna-de-13-areas-protegidas\/#primaryimage","url":"https:\/\/www.notibras.com\/site\/wp-content\/uploads\/2023\/12\/micopro.png","contentUrl":"https:\/\/www.notibras.com\/site\/wp-content\/uploads\/2023\/12\/micopro.png","width":800,"height":533},{"@type":"BreadcrumbList","@id":"https:\/\/www.notibras.com\/site\/estudo-revela-variedade-da-fauna-de-13-areas-protegidas\/#breadcrumb","itemListElement":[{"@type":"ListItem","position":1,"name":"In\u00edcio","item":"https:\/\/www.notibras.com\/site\/"},{"@type":"ListItem","position":2,"name":"Estudo revela variedade da fauna de 13 \u00e1reas protegidas"}]},{"@type":"WebSite","@id":"https:\/\/www.notibras.com\/site\/#website","url":"https:\/\/www.notibras.com\/site\/","name":"Notibras","description":"Not\u00edcias de Bras\u00edlia, do Brasil e do Mundo","publisher":{"@id":"https:\/\/www.notibras.com\/site\/#organization"},"potentialAction":[{"@type":"SearchAction","target":{"@type":"EntryPoint","urlTemplate":"https:\/\/www.notibras.com\/site\/?s={search_term_string}"},"query-input":{"@type":"PropertyValueSpecification","valueRequired":true,"valueName":"search_term_string"}}],"inLanguage":"pt-BR"},{"@type":"Organization","@id":"https:\/\/www.notibras.com\/site\/#organization","name":"Grupo Notibras de Comunica\u00e7\u00e3o","url":"https:\/\/www.notibras.com\/site\/","logo":{"@type":"ImageObject","inLanguage":"pt-BR","@id":"https:\/\/www.notibras.com\/site\/#\/schema\/logo\/image\/","url":"https:\/\/www.notibras.com\/site\/wp-content\/uploads\/2023\/01\/notibras23.png","contentUrl":"https:\/\/www.notibras.com\/site\/wp-content\/uploads\/2023\/01\/notibras23.png","width":350,"height":87,"caption":"Grupo Notibras de Comunica\u00e7\u00e3o"},"image":{"@id":"https:\/\/www.notibras.com\/site\/#\/schema\/logo\/image\/"},"sameAs":["https:\/\/www.facebook.com\/notibras\/","https:\/\/x.com\/Notibras","https:\/\/www.instagram.com\/notibras\/"]},{"@type":"Person","@id":"https:\/\/www.notibras.com\/site\/#\/schema\/person\/36ab0979449956132d3e5b517ea76ac8","name":"Reda\u00e7\u00e3o","image":{"@type":"ImageObject","inLanguage":"pt-BR","@id":"https:\/\/secure.gravatar.com\/avatar\/e0a867bdedb85fd243eadf09663511f96fc81e0720a4a42581f334ad4303aa6b?s=96&d=mm&r=g","url":"https:\/\/secure.gravatar.com\/avatar\/e0a867bdedb85fd243eadf09663511f96fc81e0720a4a42581f334ad4303aa6b?s=96&d=mm&r=g","contentUrl":"https:\/\/secure.gravatar.com\/avatar\/e0a867bdedb85fd243eadf09663511f96fc81e0720a4a42581f334ad4303aa6b?s=96&d=mm&r=g","caption":"Reda\u00e7\u00e3o"}}]}},"amp_enabled":true,"_links":{"self":[{"href":"https:\/\/www.notibras.com\/site\/wp-json\/wp\/v2\/posts\/318991","targetHints":{"allow":["GET"]}}],"collection":[{"href":"https:\/\/www.notibras.com\/site\/wp-json\/wp\/v2\/posts"}],"about":[{"href":"https:\/\/www.notibras.com\/site\/wp-json\/wp\/v2\/types\/post"}],"author":[{"embeddable":true,"href":"https:\/\/www.notibras.com\/site\/wp-json\/wp\/v2\/users\/2"}],"replies":[{"embeddable":true,"href":"https:\/\/www.notibras.com\/site\/wp-json\/wp\/v2\/comments?post=318991"}],"version-history":[{"count":1,"href":"https:\/\/www.notibras.com\/site\/wp-json\/wp\/v2\/posts\/318991\/revisions"}],"predecessor-version":[{"id":318993,"href":"https:\/\/www.notibras.com\/site\/wp-json\/wp\/v2\/posts\/318991\/revisions\/318993"}],"wp:featuredmedia":[{"embeddable":true,"href":"https:\/\/www.notibras.com\/site\/wp-json\/wp\/v2\/media\/318992"}],"wp:attachment":[{"href":"https:\/\/www.notibras.com\/site\/wp-json\/wp\/v2\/media?parent=318991"}],"wp:term":[{"taxonomy":"category","embeddable":true,"href":"https:\/\/www.notibras.com\/site\/wp-json\/wp\/v2\/categories?post=318991"},{"taxonomy":"post_tag","embeddable":true,"href":"https:\/\/www.notibras.com\/site\/wp-json\/wp\/v2\/tags?post=318991"}],"curies":[{"name":"wp","href":"https:\/\/api.w.org\/{rel}","templated":true}]}}