{"id":318999,"date":"2023-12-11T16:55:01","date_gmt":"2023-12-11T19:55:01","guid":{"rendered":"https:\/\/www.notibras.com\/site\/?p=318999"},"modified":"2023-12-11T16:55:01","modified_gmt":"2023-12-11T19:55:01","slug":"ferias-nao-e-sinonimo-de-aviao-tem-estrada-e-natureza-por-ai","status":"publish","type":"post","link":"https:\/\/www.notibras.com\/site\/ferias-nao-e-sinonimo-de-aviao-tem-estrada-e-natureza-por-ai\/","title":{"rendered":"F\u00e9rias n\u00e3o \u00e9 sin\u00f4nimo de avi\u00e3o; tem estrada e natureza por a\u00ed"},"content":{"rendered":"<p>Fim de ano \u00e9 sempre a mesma coisa. Malas prontas e aeroporto. Ou estrada. Ah, estrada, sin\u00f4nimo de div\u00e3, me dizem Ia e sua prima\u00a0 Hayai, em un\u00edssono, fazendo coro com o canto de rouxin\u00f3is que formam uma orquestra imagin\u00e1ria em minha varanda. &#8220;Sim, estrada&#8221;, sugeriu meu pai, o <em>Velho Montanha<\/em>, com sua voz de carcar\u00e1, ao tempo em que desviava o olhar para minhas amigas. Sorte que ele n\u00e3o fez as vezes de Jo\u00e3o do Valle e n\u00e3o interpretou a m\u00fasica que fala de uma ave que sai comendo de tudo o que \u00e9 vivo que se lhe aparece pela frente.<\/p>\n<p>Acertamos a viagem. E programamos partir rumo ao desconhecido, estrada adentro, com o sol a aquecer a promessa de aventuras. A cada curva, o verde exuberante da flora brasileira se desvendava, uma sinfonia de tons e texturas que s\u00f3 a natureza tropical podia oferecer.<\/p>\n<p>Entre paradas estrat\u00e9gicas, o canto das aves se tornava trilha sonora, enquanto borboletas dan\u00e7avam no ar. \u00c0 medida que avan\u00e7\u00e1vamos, a diversidade da fauna nacional revelava-se: tucanos esvoa\u00e7ando, saguis curiosos \u00e0 beira da estrada e uma imensid\u00e3o de insetos que faziam da selva as suas ruas.<\/p>\n<p>Acampar sob um c\u00e9u estrelado, longe das luzes urbanas, tornou-se o ritual noturno. O som da floresta transformava-se em uma melodia serena, serenata da natureza para os viajantes cansados. Ao acordar, o aroma da mata nos envolvia, despertando os sentidos para mais um dia de descobertas.<\/p>\n<p>Cada parada em parques nacionais e reservas ecol\u00f3gicas era uma li\u00e7\u00e3o viva de biologia. Guias locais partilhavam o conhecimento sobre a diversidade de plantas e animais, conectando-nos com a riqueza natural do Brasil. Mergulhos em rios cristalinos revelavam ecossistemas aqu\u00e1ticos repletos de vida colorida.<\/p>\n<p>A jornada n\u00e3o era apenas visual, mas tamb\u00e9m sensorial. O toque da terra sob os p\u00e9s, o sabor de frutas tropicais colhidas no caminho e a sensa\u00e7\u00e3o refrescante de cachoeiras revigoravam nossas alma.<\/p>\n<p>Cada quil\u00f4metro percorrido era uma p\u00e1gina nova em nosso di\u00e1rio de viagem, repleto de hist\u00f3rias escritas pela natureza. Ao final, retornamos revigorados, n\u00e3o apenas pelas paisagens, mas pela conex\u00e3o \u00edntima com a riqueza natural do Brasil, uma jornada que se revelou mais do que uma simples viagem, mas sim uma imers\u00e3o nas maravilhas que nossa terra abriga.<\/p>\n<p>Faz tempo, isso. De l\u00e1 pra c\u00e1. minha cadeira quebrou, foi consertada, comprei uma mais moderna e confort\u00e1vel, para juntar-se a uma cole\u00e7\u00e3o que inclui uma el\u00e9trica. As f\u00e9rias se aproximam. Desta vez, iremos em quatro. Ia, Hayai, eu e, como n\u00e3o poderia deixar de ser, um outro amigo, o jornalista Jos\u00e9 Seabra Jos\u00e9 Seabra, que abriu, em <strong>Notibras<\/strong>, este espa\u00e7o que \u00e9 meu, \u00e9 seu, \u00e9 de quem quiser interagir e contar suas belas e doces aventuras.<\/p>\n<p><strong>*Aos nossos leitores:\u00a0<em>Notibras<\/em>\u00a0abriu este espa\u00e7o editorial para o segmento PcD. Para que possamos interagir, mostrarmos que somos pessoas comuns. Encaminhe sugest\u00f5es, mande seus textos. Prometo que tudo ser\u00e1 bem recebido e aproveitado. Meu WhasApp \u00e9 +55 61 98425-4895.<\/strong><\/p>\n<p>&nbsp;<\/p>\n<p>&nbsp;<\/p>\n","protected":false},"excerpt":{"rendered":"<p>Fim de ano \u00e9 sempre a mesma coisa. Malas prontas e aeroporto. Ou estrada. Ah, estrada, sin\u00f4nimo de div\u00e3, me dizem Ia e sua prima\u00a0 Hayai, em un\u00edssono, fazendo coro com o canto de rouxin\u00f3is que formam uma orquestra imagin\u00e1ria em minha varanda. &#8220;Sim, estrada&#8221;, sugeriu meu pai, o Velho Montanha, com sua voz de [&hellip;]<\/p>\n","protected":false},"author":2,"featured_media":319000,"comment_status":"closed","ping_status":"closed","sticky":false,"template":"","format":"standard","meta":{"_acf_changed":false,"footnotes":""},"categories":[161],"tags":[95],"class_list":["post-318999","post","type-post","status-publish","format-standard","has-post-thumbnail","hentry","category-quadradinho-em-foco","tag-capa"],"acf":[],"yoast_head":"<!-- This site is optimized with the Yoast SEO plugin v27.2 - https:\/\/yoast.com\/product\/yoast-seo-wordpress\/ -->\n<title>F\u00e9rias n\u00e3o \u00e9 sin\u00f4nimo de avi\u00e3o; tem estrada e natureza por a\u00ed - Notibras<\/title>\n<meta name=\"robots\" content=\"index, follow, max-snippet:-1, max-image-preview:large, max-video-preview:-1\" \/>\n<link rel=\"canonical\" href=\"https:\/\/www.notibras.com\/site\/ferias-nao-e-sinonimo-de-aviao-tem-estrada-e-natureza-por-ai\/\" \/>\n<meta property=\"og:locale\" content=\"pt_BR\" \/>\n<meta property=\"og:type\" content=\"article\" \/>\n<meta property=\"og:title\" content=\"F\u00e9rias n\u00e3o \u00e9 sin\u00f4nimo de avi\u00e3o; tem estrada e natureza por a\u00ed - Notibras\" \/>\n<meta property=\"og:description\" content=\"Fim de ano \u00e9 sempre a mesma coisa. Malas prontas e aeroporto. Ou estrada. Ah, estrada, sin\u00f4nimo de div\u00e3, me dizem Ia e sua prima\u00a0 Hayai, em un\u00edssono, fazendo coro com o canto de rouxin\u00f3is que formam uma orquestra imagin\u00e1ria em minha varanda. &#8220;Sim, estrada&#8221;, sugeriu meu pai, o Velho Montanha, com sua voz de [&hellip;]\" \/>\n<meta property=\"og:url\" content=\"https:\/\/www.notibras.com\/site\/ferias-nao-e-sinonimo-de-aviao-tem-estrada-e-natureza-por-ai\/\" \/>\n<meta property=\"og:site_name\" content=\"Notibras\" \/>\n<meta property=\"article:publisher\" content=\"https:\/\/www.facebook.com\/notibras\/\" \/>\n<meta property=\"article:published_time\" content=\"2023-12-11T19:55:01+00:00\" \/>\n<meta property=\"og:image\" content=\"https:\/\/www.notibras.com\/site\/wp-content\/uploads\/2023\/12\/rouxinol-do-rio-negro-4.jpg\" \/>\n\t<meta property=\"og:image:width\" content=\"978\" \/>\n\t<meta property=\"og:image:height\" content=\"768\" \/>\n\t<meta property=\"og:image:type\" content=\"image\/jpeg\" \/>\n<meta name=\"author\" content=\"Reda\u00e7\u00e3o\" \/>\n<meta name=\"twitter:card\" content=\"summary_large_image\" \/>\n<meta name=\"twitter:creator\" content=\"@Notibras\" \/>\n<meta name=\"twitter:site\" content=\"@Notibras\" \/>\n<meta name=\"twitter:label1\" content=\"Escrito por\" \/>\n\t<meta name=\"twitter:data1\" content=\"Reda\u00e7\u00e3o\" \/>\n\t<meta name=\"twitter:label2\" content=\"Est. tempo de leitura\" \/>\n\t<meta name=\"twitter:data2\" content=\"3 minutos\" \/>\n<script type=\"application\/ld+json\" class=\"yoast-schema-graph\">{\"@context\":\"https:\/\/schema.org\",\"@graph\":[{\"@type\":\"Article\",\"@id\":\"https:\/\/www.notibras.com\/site\/ferias-nao-e-sinonimo-de-aviao-tem-estrada-e-natureza-por-ai\/#article\",\"isPartOf\":{\"@id\":\"https:\/\/www.notibras.com\/site\/ferias-nao-e-sinonimo-de-aviao-tem-estrada-e-natureza-por-ai\/\"},\"author\":{\"name\":\"Reda\u00e7\u00e3o\",\"@id\":\"https:\/\/www.notibras.com\/site\/#\/schema\/person\/36ab0979449956132d3e5b517ea76ac8\"},\"headline\":\"F\u00e9rias n\u00e3o \u00e9 sin\u00f4nimo de avi\u00e3o; tem estrada e natureza por a\u00ed\",\"datePublished\":\"2023-12-11T19:55:01+00:00\",\"mainEntityOfPage\":{\"@id\":\"https:\/\/www.notibras.com\/site\/ferias-nao-e-sinonimo-de-aviao-tem-estrada-e-natureza-por-ai\/\"},\"wordCount\":533,\"publisher\":{\"@id\":\"https:\/\/www.notibras.com\/site\/#organization\"},\"image\":{\"@id\":\"https:\/\/www.notibras.com\/site\/ferias-nao-e-sinonimo-de-aviao-tem-estrada-e-natureza-por-ai\/#primaryimage\"},\"thumbnailUrl\":\"https:\/\/www.notibras.com\/site\/wp-content\/uploads\/2023\/12\/rouxinol-do-rio-negro-4.jpg\",\"keywords\":[\"capa\"],\"articleSection\":[\"Quadradinho em Foco\"],\"inLanguage\":\"pt-BR\"},{\"@type\":\"WebPage\",\"@id\":\"https:\/\/www.notibras.com\/site\/ferias-nao-e-sinonimo-de-aviao-tem-estrada-e-natureza-por-ai\/\",\"url\":\"https:\/\/www.notibras.com\/site\/ferias-nao-e-sinonimo-de-aviao-tem-estrada-e-natureza-por-ai\/\",\"name\":\"F\u00e9rias n\u00e3o \u00e9 sin\u00f4nimo de avi\u00e3o; tem estrada e natureza por a\u00ed - Notibras\",\"isPartOf\":{\"@id\":\"https:\/\/www.notibras.com\/site\/#website\"},\"primaryImageOfPage\":{\"@id\":\"https:\/\/www.notibras.com\/site\/ferias-nao-e-sinonimo-de-aviao-tem-estrada-e-natureza-por-ai\/#primaryimage\"},\"image\":{\"@id\":\"https:\/\/www.notibras.com\/site\/ferias-nao-e-sinonimo-de-aviao-tem-estrada-e-natureza-por-ai\/#primaryimage\"},\"thumbnailUrl\":\"https:\/\/www.notibras.com\/site\/wp-content\/uploads\/2023\/12\/rouxinol-do-rio-negro-4.jpg\",\"datePublished\":\"2023-12-11T19:55:01+00:00\",\"breadcrumb\":{\"@id\":\"https:\/\/www.notibras.com\/site\/ferias-nao-e-sinonimo-de-aviao-tem-estrada-e-natureza-por-ai\/#breadcrumb\"},\"inLanguage\":\"pt-BR\",\"potentialAction\":[{\"@type\":\"ReadAction\",\"target\":[\"https:\/\/www.notibras.com\/site\/ferias-nao-e-sinonimo-de-aviao-tem-estrada-e-natureza-por-ai\/\"]}]},{\"@type\":\"ImageObject\",\"inLanguage\":\"pt-BR\",\"@id\":\"https:\/\/www.notibras.com\/site\/ferias-nao-e-sinonimo-de-aviao-tem-estrada-e-natureza-por-ai\/#primaryimage\",\"url\":\"https:\/\/www.notibras.com\/site\/wp-content\/uploads\/2023\/12\/rouxinol-do-rio-negro-4.jpg\",\"contentUrl\":\"https:\/\/www.notibras.com\/site\/wp-content\/uploads\/2023\/12\/rouxinol-do-rio-negro-4.jpg\",\"width\":978,\"height\":768},{\"@type\":\"BreadcrumbList\",\"@id\":\"https:\/\/www.notibras.com\/site\/ferias-nao-e-sinonimo-de-aviao-tem-estrada-e-natureza-por-ai\/#breadcrumb\",\"itemListElement\":[{\"@type\":\"ListItem\",\"position\":1,\"name\":\"In\u00edcio\",\"item\":\"https:\/\/www.notibras.com\/site\/\"},{\"@type\":\"ListItem\",\"position\":2,\"name\":\"F\u00e9rias n\u00e3o \u00e9 sin\u00f4nimo de avi\u00e3o; tem estrada e natureza por a\u00ed\"}]},{\"@type\":\"WebSite\",\"@id\":\"https:\/\/www.notibras.com\/site\/#website\",\"url\":\"https:\/\/www.notibras.com\/site\/\",\"name\":\"Notibras\",\"description\":\"Not\u00edcias de Bras\u00edlia, do Brasil e do Mundo\",\"publisher\":{\"@id\":\"https:\/\/www.notibras.com\/site\/#organization\"},\"potentialAction\":[{\"@type\":\"SearchAction\",\"target\":{\"@type\":\"EntryPoint\",\"urlTemplate\":\"https:\/\/www.notibras.com\/site\/?s={search_term_string}\"},\"query-input\":{\"@type\":\"PropertyValueSpecification\",\"valueRequired\":true,\"valueName\":\"search_term_string\"}}],\"inLanguage\":\"pt-BR\"},{\"@type\":\"Organization\",\"@id\":\"https:\/\/www.notibras.com\/site\/#organization\",\"name\":\"Grupo Notibras de Comunica\u00e7\u00e3o\",\"url\":\"https:\/\/www.notibras.com\/site\/\",\"logo\":{\"@type\":\"ImageObject\",\"inLanguage\":\"pt-BR\",\"@id\":\"https:\/\/www.notibras.com\/site\/#\/schema\/logo\/image\/\",\"url\":\"https:\/\/www.notibras.com\/site\/wp-content\/uploads\/2023\/01\/notibras23.png\",\"contentUrl\":\"https:\/\/www.notibras.com\/site\/wp-content\/uploads\/2023\/01\/notibras23.png\",\"width\":350,\"height\":87,\"caption\":\"Grupo Notibras de Comunica\u00e7\u00e3o\"},\"image\":{\"@id\":\"https:\/\/www.notibras.com\/site\/#\/schema\/logo\/image\/\"},\"sameAs\":[\"https:\/\/www.facebook.com\/notibras\/\",\"https:\/\/x.com\/Notibras\",\"https:\/\/www.instagram.com\/notibras\/\"]},{\"@type\":\"Person\",\"@id\":\"https:\/\/www.notibras.com\/site\/#\/schema\/person\/36ab0979449956132d3e5b517ea76ac8\",\"name\":\"Reda\u00e7\u00e3o\",\"image\":{\"@type\":\"ImageObject\",\"inLanguage\":\"pt-BR\",\"@id\":\"https:\/\/secure.gravatar.com\/avatar\/e0a867bdedb85fd243eadf09663511f96fc81e0720a4a42581f334ad4303aa6b?s=96&d=mm&r=g\",\"url\":\"https:\/\/secure.gravatar.com\/avatar\/e0a867bdedb85fd243eadf09663511f96fc81e0720a4a42581f334ad4303aa6b?s=96&d=mm&r=g\",\"contentUrl\":\"https:\/\/secure.gravatar.com\/avatar\/e0a867bdedb85fd243eadf09663511f96fc81e0720a4a42581f334ad4303aa6b?s=96&d=mm&r=g\",\"caption\":\"Reda\u00e7\u00e3o\"}}]}<\/script>\n<!-- \/ Yoast SEO plugin. -->","yoast_head_json":{"title":"F\u00e9rias n\u00e3o \u00e9 sin\u00f4nimo de avi\u00e3o; tem estrada e natureza por a\u00ed - Notibras","robots":{"index":"index","follow":"follow","max-snippet":"max-snippet:-1","max-image-preview":"max-image-preview:large","max-video-preview":"max-video-preview:-1"},"canonical":"https:\/\/www.notibras.com\/site\/ferias-nao-e-sinonimo-de-aviao-tem-estrada-e-natureza-por-ai\/","og_locale":"pt_BR","og_type":"article","og_title":"F\u00e9rias n\u00e3o \u00e9 sin\u00f4nimo de avi\u00e3o; tem estrada e natureza por a\u00ed - Notibras","og_description":"Fim de ano \u00e9 sempre a mesma coisa. Malas prontas e aeroporto. Ou estrada. Ah, estrada, sin\u00f4nimo de div\u00e3, me dizem Ia e sua prima\u00a0 Hayai, em un\u00edssono, fazendo coro com o canto de rouxin\u00f3is que formam uma orquestra imagin\u00e1ria em minha varanda. &#8220;Sim, estrada&#8221;, sugeriu meu pai, o Velho Montanha, com sua voz de [&hellip;]","og_url":"https:\/\/www.notibras.com\/site\/ferias-nao-e-sinonimo-de-aviao-tem-estrada-e-natureza-por-ai\/","og_site_name":"Notibras","article_publisher":"https:\/\/www.facebook.com\/notibras\/","article_published_time":"2023-12-11T19:55:01+00:00","og_image":[{"width":978,"height":768,"url":"https:\/\/www.notibras.com\/site\/wp-content\/uploads\/2023\/12\/rouxinol-do-rio-negro-4.jpg","type":"image\/jpeg"}],"author":"Reda\u00e7\u00e3o","twitter_card":"summary_large_image","twitter_creator":"@Notibras","twitter_site":"@Notibras","twitter_misc":{"Escrito por":"Reda\u00e7\u00e3o","Est. tempo de leitura":"3 minutos"},"schema":{"@context":"https:\/\/schema.org","@graph":[{"@type":"Article","@id":"https:\/\/www.notibras.com\/site\/ferias-nao-e-sinonimo-de-aviao-tem-estrada-e-natureza-por-ai\/#article","isPartOf":{"@id":"https:\/\/www.notibras.com\/site\/ferias-nao-e-sinonimo-de-aviao-tem-estrada-e-natureza-por-ai\/"},"author":{"name":"Reda\u00e7\u00e3o","@id":"https:\/\/www.notibras.com\/site\/#\/schema\/person\/36ab0979449956132d3e5b517ea76ac8"},"headline":"F\u00e9rias n\u00e3o \u00e9 sin\u00f4nimo de avi\u00e3o; tem estrada e natureza por a\u00ed","datePublished":"2023-12-11T19:55:01+00:00","mainEntityOfPage":{"@id":"https:\/\/www.notibras.com\/site\/ferias-nao-e-sinonimo-de-aviao-tem-estrada-e-natureza-por-ai\/"},"wordCount":533,"publisher":{"@id":"https:\/\/www.notibras.com\/site\/#organization"},"image":{"@id":"https:\/\/www.notibras.com\/site\/ferias-nao-e-sinonimo-de-aviao-tem-estrada-e-natureza-por-ai\/#primaryimage"},"thumbnailUrl":"https:\/\/www.notibras.com\/site\/wp-content\/uploads\/2023\/12\/rouxinol-do-rio-negro-4.jpg","keywords":["capa"],"articleSection":["Quadradinho em Foco"],"inLanguage":"pt-BR"},{"@type":"WebPage","@id":"https:\/\/www.notibras.com\/site\/ferias-nao-e-sinonimo-de-aviao-tem-estrada-e-natureza-por-ai\/","url":"https:\/\/www.notibras.com\/site\/ferias-nao-e-sinonimo-de-aviao-tem-estrada-e-natureza-por-ai\/","name":"F\u00e9rias n\u00e3o \u00e9 sin\u00f4nimo de avi\u00e3o; tem estrada e natureza por a\u00ed - Notibras","isPartOf":{"@id":"https:\/\/www.notibras.com\/site\/#website"},"primaryImageOfPage":{"@id":"https:\/\/www.notibras.com\/site\/ferias-nao-e-sinonimo-de-aviao-tem-estrada-e-natureza-por-ai\/#primaryimage"},"image":{"@id":"https:\/\/www.notibras.com\/site\/ferias-nao-e-sinonimo-de-aviao-tem-estrada-e-natureza-por-ai\/#primaryimage"},"thumbnailUrl":"https:\/\/www.notibras.com\/site\/wp-content\/uploads\/2023\/12\/rouxinol-do-rio-negro-4.jpg","datePublished":"2023-12-11T19:55:01+00:00","breadcrumb":{"@id":"https:\/\/www.notibras.com\/site\/ferias-nao-e-sinonimo-de-aviao-tem-estrada-e-natureza-por-ai\/#breadcrumb"},"inLanguage":"pt-BR","potentialAction":[{"@type":"ReadAction","target":["https:\/\/www.notibras.com\/site\/ferias-nao-e-sinonimo-de-aviao-tem-estrada-e-natureza-por-ai\/"]}]},{"@type":"ImageObject","inLanguage":"pt-BR","@id":"https:\/\/www.notibras.com\/site\/ferias-nao-e-sinonimo-de-aviao-tem-estrada-e-natureza-por-ai\/#primaryimage","url":"https:\/\/www.notibras.com\/site\/wp-content\/uploads\/2023\/12\/rouxinol-do-rio-negro-4.jpg","contentUrl":"https:\/\/www.notibras.com\/site\/wp-content\/uploads\/2023\/12\/rouxinol-do-rio-negro-4.jpg","width":978,"height":768},{"@type":"BreadcrumbList","@id":"https:\/\/www.notibras.com\/site\/ferias-nao-e-sinonimo-de-aviao-tem-estrada-e-natureza-por-ai\/#breadcrumb","itemListElement":[{"@type":"ListItem","position":1,"name":"In\u00edcio","item":"https:\/\/www.notibras.com\/site\/"},{"@type":"ListItem","position":2,"name":"F\u00e9rias n\u00e3o \u00e9 sin\u00f4nimo de avi\u00e3o; tem estrada e natureza por a\u00ed"}]},{"@type":"WebSite","@id":"https:\/\/www.notibras.com\/site\/#website","url":"https:\/\/www.notibras.com\/site\/","name":"Notibras","description":"Not\u00edcias de Bras\u00edlia, do Brasil e do Mundo","publisher":{"@id":"https:\/\/www.notibras.com\/site\/#organization"},"potentialAction":[{"@type":"SearchAction","target":{"@type":"EntryPoint","urlTemplate":"https:\/\/www.notibras.com\/site\/?s={search_term_string}"},"query-input":{"@type":"PropertyValueSpecification","valueRequired":true,"valueName":"search_term_string"}}],"inLanguage":"pt-BR"},{"@type":"Organization","@id":"https:\/\/www.notibras.com\/site\/#organization","name":"Grupo Notibras de Comunica\u00e7\u00e3o","url":"https:\/\/www.notibras.com\/site\/","logo":{"@type":"ImageObject","inLanguage":"pt-BR","@id":"https:\/\/www.notibras.com\/site\/#\/schema\/logo\/image\/","url":"https:\/\/www.notibras.com\/site\/wp-content\/uploads\/2023\/01\/notibras23.png","contentUrl":"https:\/\/www.notibras.com\/site\/wp-content\/uploads\/2023\/01\/notibras23.png","width":350,"height":87,"caption":"Grupo Notibras de Comunica\u00e7\u00e3o"},"image":{"@id":"https:\/\/www.notibras.com\/site\/#\/schema\/logo\/image\/"},"sameAs":["https:\/\/www.facebook.com\/notibras\/","https:\/\/x.com\/Notibras","https:\/\/www.instagram.com\/notibras\/"]},{"@type":"Person","@id":"https:\/\/www.notibras.com\/site\/#\/schema\/person\/36ab0979449956132d3e5b517ea76ac8","name":"Reda\u00e7\u00e3o","image":{"@type":"ImageObject","inLanguage":"pt-BR","@id":"https:\/\/secure.gravatar.com\/avatar\/e0a867bdedb85fd243eadf09663511f96fc81e0720a4a42581f334ad4303aa6b?s=96&d=mm&r=g","url":"https:\/\/secure.gravatar.com\/avatar\/e0a867bdedb85fd243eadf09663511f96fc81e0720a4a42581f334ad4303aa6b?s=96&d=mm&r=g","contentUrl":"https:\/\/secure.gravatar.com\/avatar\/e0a867bdedb85fd243eadf09663511f96fc81e0720a4a42581f334ad4303aa6b?s=96&d=mm&r=g","caption":"Reda\u00e7\u00e3o"}}]}},"amp_enabled":true,"_links":{"self":[{"href":"https:\/\/www.notibras.com\/site\/wp-json\/wp\/v2\/posts\/318999","targetHints":{"allow":["GET"]}}],"collection":[{"href":"https:\/\/www.notibras.com\/site\/wp-json\/wp\/v2\/posts"}],"about":[{"href":"https:\/\/www.notibras.com\/site\/wp-json\/wp\/v2\/types\/post"}],"author":[{"embeddable":true,"href":"https:\/\/www.notibras.com\/site\/wp-json\/wp\/v2\/users\/2"}],"replies":[{"embeddable":true,"href":"https:\/\/www.notibras.com\/site\/wp-json\/wp\/v2\/comments?post=318999"}],"version-history":[{"count":1,"href":"https:\/\/www.notibras.com\/site\/wp-json\/wp\/v2\/posts\/318999\/revisions"}],"predecessor-version":[{"id":319001,"href":"https:\/\/www.notibras.com\/site\/wp-json\/wp\/v2\/posts\/318999\/revisions\/319001"}],"wp:featuredmedia":[{"embeddable":true,"href":"https:\/\/www.notibras.com\/site\/wp-json\/wp\/v2\/media\/319000"}],"wp:attachment":[{"href":"https:\/\/www.notibras.com\/site\/wp-json\/wp\/v2\/media?parent=318999"}],"wp:term":[{"taxonomy":"category","embeddable":true,"href":"https:\/\/www.notibras.com\/site\/wp-json\/wp\/v2\/categories?post=318999"},{"taxonomy":"post_tag","embeddable":true,"href":"https:\/\/www.notibras.com\/site\/wp-json\/wp\/v2\/tags?post=318999"}],"curies":[{"name":"wp","href":"https:\/\/api.w.org\/{rel}","templated":true}]}}