{"id":319037,"date":"2023-12-12T00:42:39","date_gmt":"2023-12-12T03:42:39","guid":{"rendered":"https:\/\/www.notibras.com\/site\/?p=319037"},"modified":"2023-12-12T07:44:24","modified_gmt":"2023-12-12T10:44:24","slug":"criancas-autistas-terao-horario-especial-com-papai-noel","status":"publish","type":"post","link":"https:\/\/www.notibras.com\/site\/criancas-autistas-terao-horario-especial-com-papai-noel\/","title":{"rendered":"Crian\u00e7as autistas ter\u00e3o hor\u00e1rio especial com Papai Noel"},"content":{"rendered":"<p>As cartinhas dos pequenos para o Papai Noel j\u00e1 est\u00e3o sendo escritas, os desejos natalinos cada dia mais se tornam presentes e o movimento no shopping j\u00e1 mostra o clima que toma conta das pessoas nesta \u00e9poca. Pensando nisso, entre os dias 18 e 24 de dezembro, o Terra\u00e7o Shopping preparou a Hora Azul, para crian\u00e7as com autismo, que proporcionar\u00e1 um momento totalmente especial com Papai Noel.<\/p>\n<p>O encontro com o bom velhinho ser\u00e1 na semana que antecede o Natal, entre 9h e 10h, antes da abertura do shopping, para que as crian\u00e7as possam se divertir no trono com muita tranquilidade, no segundo piso.<\/p>\n<p>Al\u00e9m do encontro com o Papai Noel, as crian\u00e7as neurodivergentes tamb\u00e9m poder\u00e3o brincar com exclusividade na Casa da \u00c1rvore, que tem um grande escorregador e estar\u00e1 \u00e0 disposi\u00e7\u00e3o, com monitores capacitados para receber os pequenos, na Pra\u00e7a Central do shopping.<\/p>\n<p><strong>Servi\u00e7o:<\/strong><br \/>\nHORA AZUL COM O PAPAI NOEL<br \/>\nPer\u00edodo: 18 a 24\/12\/23<br \/>\nHor\u00e1rio: das 9h \u00e0s 10h<\/p>\n","protected":false},"excerpt":{"rendered":"<p>As cartinhas dos pequenos para o Papai Noel j\u00e1 est\u00e3o sendo escritas, os desejos natalinos cada dia mais se tornam presentes e o movimento no shopping j\u00e1 mostra o clima que toma conta das pessoas nesta \u00e9poca. Pensando nisso, entre os dias 18 e 24 de dezembro, o Terra\u00e7o Shopping preparou a Hora Azul, para [&hellip;]<\/p>\n","protected":false},"author":2,"featured_media":319038,"comment_status":"closed","ping_status":"closed","sticky":false,"template":"","format":"standard","meta":{"_acf_changed":false,"footnotes":""},"categories":[161],"tags":[],"class_list":["post-319037","post","type-post","status-publish","format-standard","has-post-thumbnail","hentry","category-quadradinho-em-foco"],"acf":[],"yoast_head":"<!-- This site is optimized with the Yoast SEO plugin v27.2 - https:\/\/yoast.com\/product\/yoast-seo-wordpress\/ -->\n<title>Crian\u00e7as autistas ter\u00e3o hor\u00e1rio especial com Papai Noel - Notibras<\/title>\n<meta name=\"robots\" content=\"index, follow, max-snippet:-1, max-image-preview:large, max-video-preview:-1\" \/>\n<link rel=\"canonical\" href=\"https:\/\/www.notibras.com\/site\/criancas-autistas-terao-horario-especial-com-papai-noel\/\" \/>\n<meta property=\"og:locale\" content=\"pt_BR\" \/>\n<meta property=\"og:type\" content=\"article\" \/>\n<meta property=\"og:title\" content=\"Crian\u00e7as autistas ter\u00e3o hor\u00e1rio especial com Papai Noel - Notibras\" \/>\n<meta property=\"og:description\" content=\"As cartinhas dos pequenos para o Papai Noel j\u00e1 est\u00e3o sendo escritas, os desejos natalinos cada dia mais se tornam presentes e o movimento no shopping j\u00e1 mostra o clima que toma conta das pessoas nesta \u00e9poca. Pensando nisso, entre os dias 18 e 24 de dezembro, o Terra\u00e7o Shopping preparou a Hora Azul, para [&hellip;]\" \/>\n<meta property=\"og:url\" content=\"https:\/\/www.notibras.com\/site\/criancas-autistas-terao-horario-especial-com-papai-noel\/\" \/>\n<meta property=\"og:site_name\" content=\"Notibras\" \/>\n<meta property=\"article:publisher\" content=\"https:\/\/www.facebook.com\/notibras\/\" \/>\n<meta property=\"article:published_time\" content=\"2023-12-12T03:42:39+00:00\" \/>\n<meta property=\"article:modified_time\" content=\"2023-12-12T10:44:24+00:00\" \/>\n<meta property=\"og:image\" content=\"https:\/\/www.notibras.com\/site\/wp-content\/uploads\/2023\/12\/noelautistas-scaled.jpg\" \/>\n\t<meta property=\"og:image:width\" content=\"2560\" \/>\n\t<meta property=\"og:image:height\" content=\"1709\" \/>\n\t<meta property=\"og:image:type\" content=\"image\/jpeg\" \/>\n<meta name=\"author\" content=\"Reda\u00e7\u00e3o\" \/>\n<meta name=\"twitter:card\" content=\"summary_large_image\" \/>\n<meta name=\"twitter:creator\" content=\"@Notibras\" \/>\n<meta name=\"twitter:site\" content=\"@Notibras\" \/>\n<meta name=\"twitter:label1\" content=\"Escrito por\" \/>\n\t<meta name=\"twitter:data1\" content=\"Reda\u00e7\u00e3o\" \/>\n\t<meta name=\"twitter:label2\" content=\"Est. tempo de leitura\" \/>\n\t<meta name=\"twitter:data2\" content=\"1 minuto\" \/>\n<script type=\"application\/ld+json\" class=\"yoast-schema-graph\">{\"@context\":\"https:\/\/schema.org\",\"@graph\":[{\"@type\":\"Article\",\"@id\":\"https:\/\/www.notibras.com\/site\/criancas-autistas-terao-horario-especial-com-papai-noel\/#article\",\"isPartOf\":{\"@id\":\"https:\/\/www.notibras.com\/site\/criancas-autistas-terao-horario-especial-com-papai-noel\/\"},\"author\":{\"name\":\"Reda\u00e7\u00e3o\",\"@id\":\"https:\/\/www.notibras.com\/site\/#\/schema\/person\/36ab0979449956132d3e5b517ea76ac8\"},\"headline\":\"Crian\u00e7as autistas ter\u00e3o hor\u00e1rio especial com Papai Noel\",\"datePublished\":\"2023-12-12T03:42:39+00:00\",\"dateModified\":\"2023-12-12T10:44:24+00:00\",\"mainEntityOfPage\":{\"@id\":\"https:\/\/www.notibras.com\/site\/criancas-autistas-terao-horario-especial-com-papai-noel\/\"},\"wordCount\":179,\"publisher\":{\"@id\":\"https:\/\/www.notibras.com\/site\/#organization\"},\"image\":{\"@id\":\"https:\/\/www.notibras.com\/site\/criancas-autistas-terao-horario-especial-com-papai-noel\/#primaryimage\"},\"thumbnailUrl\":\"https:\/\/www.notibras.com\/site\/wp-content\/uploads\/2023\/12\/noelautistas-scaled.jpg\",\"articleSection\":[\"Quadradinho em Foco\"],\"inLanguage\":\"pt-BR\"},{\"@type\":\"WebPage\",\"@id\":\"https:\/\/www.notibras.com\/site\/criancas-autistas-terao-horario-especial-com-papai-noel\/\",\"url\":\"https:\/\/www.notibras.com\/site\/criancas-autistas-terao-horario-especial-com-papai-noel\/\",\"name\":\"Crian\u00e7as autistas ter\u00e3o hor\u00e1rio especial com Papai Noel - Notibras\",\"isPartOf\":{\"@id\":\"https:\/\/www.notibras.com\/site\/#website\"},\"primaryImageOfPage\":{\"@id\":\"https:\/\/www.notibras.com\/site\/criancas-autistas-terao-horario-especial-com-papai-noel\/#primaryimage\"},\"image\":{\"@id\":\"https:\/\/www.notibras.com\/site\/criancas-autistas-terao-horario-especial-com-papai-noel\/#primaryimage\"},\"thumbnailUrl\":\"https:\/\/www.notibras.com\/site\/wp-content\/uploads\/2023\/12\/noelautistas-scaled.jpg\",\"datePublished\":\"2023-12-12T03:42:39+00:00\",\"dateModified\":\"2023-12-12T10:44:24+00:00\",\"breadcrumb\":{\"@id\":\"https:\/\/www.notibras.com\/site\/criancas-autistas-terao-horario-especial-com-papai-noel\/#breadcrumb\"},\"inLanguage\":\"pt-BR\",\"potentialAction\":[{\"@type\":\"ReadAction\",\"target\":[\"https:\/\/www.notibras.com\/site\/criancas-autistas-terao-horario-especial-com-papai-noel\/\"]}]},{\"@type\":\"ImageObject\",\"inLanguage\":\"pt-BR\",\"@id\":\"https:\/\/www.notibras.com\/site\/criancas-autistas-terao-horario-especial-com-papai-noel\/#primaryimage\",\"url\":\"https:\/\/www.notibras.com\/site\/wp-content\/uploads\/2023\/12\/noelautistas-scaled.jpg\",\"contentUrl\":\"https:\/\/www.notibras.com\/site\/wp-content\/uploads\/2023\/12\/noelautistas-scaled.jpg\",\"width\":2560,\"height\":1709},{\"@type\":\"BreadcrumbList\",\"@id\":\"https:\/\/www.notibras.com\/site\/criancas-autistas-terao-horario-especial-com-papai-noel\/#breadcrumb\",\"itemListElement\":[{\"@type\":\"ListItem\",\"position\":1,\"name\":\"In\u00edcio\",\"item\":\"https:\/\/www.notibras.com\/site\/\"},{\"@type\":\"ListItem\",\"position\":2,\"name\":\"Crian\u00e7as autistas ter\u00e3o hor\u00e1rio especial com Papai Noel\"}]},{\"@type\":\"WebSite\",\"@id\":\"https:\/\/www.notibras.com\/site\/#website\",\"url\":\"https:\/\/www.notibras.com\/site\/\",\"name\":\"Notibras\",\"description\":\"Not\u00edcias de Bras\u00edlia, do Brasil e do Mundo\",\"publisher\":{\"@id\":\"https:\/\/www.notibras.com\/site\/#organization\"},\"potentialAction\":[{\"@type\":\"SearchAction\",\"target\":{\"@type\":\"EntryPoint\",\"urlTemplate\":\"https:\/\/www.notibras.com\/site\/?s={search_term_string}\"},\"query-input\":{\"@type\":\"PropertyValueSpecification\",\"valueRequired\":true,\"valueName\":\"search_term_string\"}}],\"inLanguage\":\"pt-BR\"},{\"@type\":\"Organization\",\"@id\":\"https:\/\/www.notibras.com\/site\/#organization\",\"name\":\"Grupo Notibras de Comunica\u00e7\u00e3o\",\"url\":\"https:\/\/www.notibras.com\/site\/\",\"logo\":{\"@type\":\"ImageObject\",\"inLanguage\":\"pt-BR\",\"@id\":\"https:\/\/www.notibras.com\/site\/#\/schema\/logo\/image\/\",\"url\":\"https:\/\/www.notibras.com\/site\/wp-content\/uploads\/2023\/01\/notibras23.png\",\"contentUrl\":\"https:\/\/www.notibras.com\/site\/wp-content\/uploads\/2023\/01\/notibras23.png\",\"width\":350,\"height\":87,\"caption\":\"Grupo Notibras de Comunica\u00e7\u00e3o\"},\"image\":{\"@id\":\"https:\/\/www.notibras.com\/site\/#\/schema\/logo\/image\/\"},\"sameAs\":[\"https:\/\/www.facebook.com\/notibras\/\",\"https:\/\/x.com\/Notibras\",\"https:\/\/www.instagram.com\/notibras\/\"]},{\"@type\":\"Person\",\"@id\":\"https:\/\/www.notibras.com\/site\/#\/schema\/person\/36ab0979449956132d3e5b517ea76ac8\",\"name\":\"Reda\u00e7\u00e3o\",\"image\":{\"@type\":\"ImageObject\",\"inLanguage\":\"pt-BR\",\"@id\":\"https:\/\/secure.gravatar.com\/avatar\/e0a867bdedb85fd243eadf09663511f96fc81e0720a4a42581f334ad4303aa6b?s=96&d=mm&r=g\",\"url\":\"https:\/\/secure.gravatar.com\/avatar\/e0a867bdedb85fd243eadf09663511f96fc81e0720a4a42581f334ad4303aa6b?s=96&d=mm&r=g\",\"contentUrl\":\"https:\/\/secure.gravatar.com\/avatar\/e0a867bdedb85fd243eadf09663511f96fc81e0720a4a42581f334ad4303aa6b?s=96&d=mm&r=g\",\"caption\":\"Reda\u00e7\u00e3o\"}}]}<\/script>\n<!-- \/ Yoast SEO plugin. -->","yoast_head_json":{"title":"Crian\u00e7as autistas ter\u00e3o hor\u00e1rio especial com Papai Noel - Notibras","robots":{"index":"index","follow":"follow","max-snippet":"max-snippet:-1","max-image-preview":"max-image-preview:large","max-video-preview":"max-video-preview:-1"},"canonical":"https:\/\/www.notibras.com\/site\/criancas-autistas-terao-horario-especial-com-papai-noel\/","og_locale":"pt_BR","og_type":"article","og_title":"Crian\u00e7as autistas ter\u00e3o hor\u00e1rio especial com Papai Noel - Notibras","og_description":"As cartinhas dos pequenos para o Papai Noel j\u00e1 est\u00e3o sendo escritas, os desejos natalinos cada dia mais se tornam presentes e o movimento no shopping j\u00e1 mostra o clima que toma conta das pessoas nesta \u00e9poca. Pensando nisso, entre os dias 18 e 24 de dezembro, o Terra\u00e7o Shopping preparou a Hora Azul, para [&hellip;]","og_url":"https:\/\/www.notibras.com\/site\/criancas-autistas-terao-horario-especial-com-papai-noel\/","og_site_name":"Notibras","article_publisher":"https:\/\/www.facebook.com\/notibras\/","article_published_time":"2023-12-12T03:42:39+00:00","article_modified_time":"2023-12-12T10:44:24+00:00","og_image":[{"width":2560,"height":1709,"url":"https:\/\/www.notibras.com\/site\/wp-content\/uploads\/2023\/12\/noelautistas-scaled.jpg","type":"image\/jpeg"}],"author":"Reda\u00e7\u00e3o","twitter_card":"summary_large_image","twitter_creator":"@Notibras","twitter_site":"@Notibras","twitter_misc":{"Escrito por":"Reda\u00e7\u00e3o","Est. tempo de leitura":"1 minuto"},"schema":{"@context":"https:\/\/schema.org","@graph":[{"@type":"Article","@id":"https:\/\/www.notibras.com\/site\/criancas-autistas-terao-horario-especial-com-papai-noel\/#article","isPartOf":{"@id":"https:\/\/www.notibras.com\/site\/criancas-autistas-terao-horario-especial-com-papai-noel\/"},"author":{"name":"Reda\u00e7\u00e3o","@id":"https:\/\/www.notibras.com\/site\/#\/schema\/person\/36ab0979449956132d3e5b517ea76ac8"},"headline":"Crian\u00e7as autistas ter\u00e3o hor\u00e1rio especial com Papai Noel","datePublished":"2023-12-12T03:42:39+00:00","dateModified":"2023-12-12T10:44:24+00:00","mainEntityOfPage":{"@id":"https:\/\/www.notibras.com\/site\/criancas-autistas-terao-horario-especial-com-papai-noel\/"},"wordCount":179,"publisher":{"@id":"https:\/\/www.notibras.com\/site\/#organization"},"image":{"@id":"https:\/\/www.notibras.com\/site\/criancas-autistas-terao-horario-especial-com-papai-noel\/#primaryimage"},"thumbnailUrl":"https:\/\/www.notibras.com\/site\/wp-content\/uploads\/2023\/12\/noelautistas-scaled.jpg","articleSection":["Quadradinho em Foco"],"inLanguage":"pt-BR"},{"@type":"WebPage","@id":"https:\/\/www.notibras.com\/site\/criancas-autistas-terao-horario-especial-com-papai-noel\/","url":"https:\/\/www.notibras.com\/site\/criancas-autistas-terao-horario-especial-com-papai-noel\/","name":"Crian\u00e7as autistas ter\u00e3o hor\u00e1rio especial com Papai Noel - Notibras","isPartOf":{"@id":"https:\/\/www.notibras.com\/site\/#website"},"primaryImageOfPage":{"@id":"https:\/\/www.notibras.com\/site\/criancas-autistas-terao-horario-especial-com-papai-noel\/#primaryimage"},"image":{"@id":"https:\/\/www.notibras.com\/site\/criancas-autistas-terao-horario-especial-com-papai-noel\/#primaryimage"},"thumbnailUrl":"https:\/\/www.notibras.com\/site\/wp-content\/uploads\/2023\/12\/noelautistas-scaled.jpg","datePublished":"2023-12-12T03:42:39+00:00","dateModified":"2023-12-12T10:44:24+00:00","breadcrumb":{"@id":"https:\/\/www.notibras.com\/site\/criancas-autistas-terao-horario-especial-com-papai-noel\/#breadcrumb"},"inLanguage":"pt-BR","potentialAction":[{"@type":"ReadAction","target":["https:\/\/www.notibras.com\/site\/criancas-autistas-terao-horario-especial-com-papai-noel\/"]}]},{"@type":"ImageObject","inLanguage":"pt-BR","@id":"https:\/\/www.notibras.com\/site\/criancas-autistas-terao-horario-especial-com-papai-noel\/#primaryimage","url":"https:\/\/www.notibras.com\/site\/wp-content\/uploads\/2023\/12\/noelautistas-scaled.jpg","contentUrl":"https:\/\/www.notibras.com\/site\/wp-content\/uploads\/2023\/12\/noelautistas-scaled.jpg","width":2560,"height":1709},{"@type":"BreadcrumbList","@id":"https:\/\/www.notibras.com\/site\/criancas-autistas-terao-horario-especial-com-papai-noel\/#breadcrumb","itemListElement":[{"@type":"ListItem","position":1,"name":"In\u00edcio","item":"https:\/\/www.notibras.com\/site\/"},{"@type":"ListItem","position":2,"name":"Crian\u00e7as autistas ter\u00e3o hor\u00e1rio especial com Papai Noel"}]},{"@type":"WebSite","@id":"https:\/\/www.notibras.com\/site\/#website","url":"https:\/\/www.notibras.com\/site\/","name":"Notibras","description":"Not\u00edcias de Bras\u00edlia, do Brasil e do Mundo","publisher":{"@id":"https:\/\/www.notibras.com\/site\/#organization"},"potentialAction":[{"@type":"SearchAction","target":{"@type":"EntryPoint","urlTemplate":"https:\/\/www.notibras.com\/site\/?s={search_term_string}"},"query-input":{"@type":"PropertyValueSpecification","valueRequired":true,"valueName":"search_term_string"}}],"inLanguage":"pt-BR"},{"@type":"Organization","@id":"https:\/\/www.notibras.com\/site\/#organization","name":"Grupo Notibras de Comunica\u00e7\u00e3o","url":"https:\/\/www.notibras.com\/site\/","logo":{"@type":"ImageObject","inLanguage":"pt-BR","@id":"https:\/\/www.notibras.com\/site\/#\/schema\/logo\/image\/","url":"https:\/\/www.notibras.com\/site\/wp-content\/uploads\/2023\/01\/notibras23.png","contentUrl":"https:\/\/www.notibras.com\/site\/wp-content\/uploads\/2023\/01\/notibras23.png","width":350,"height":87,"caption":"Grupo Notibras de Comunica\u00e7\u00e3o"},"image":{"@id":"https:\/\/www.notibras.com\/site\/#\/schema\/logo\/image\/"},"sameAs":["https:\/\/www.facebook.com\/notibras\/","https:\/\/x.com\/Notibras","https:\/\/www.instagram.com\/notibras\/"]},{"@type":"Person","@id":"https:\/\/www.notibras.com\/site\/#\/schema\/person\/36ab0979449956132d3e5b517ea76ac8","name":"Reda\u00e7\u00e3o","image":{"@type":"ImageObject","inLanguage":"pt-BR","@id":"https:\/\/secure.gravatar.com\/avatar\/e0a867bdedb85fd243eadf09663511f96fc81e0720a4a42581f334ad4303aa6b?s=96&d=mm&r=g","url":"https:\/\/secure.gravatar.com\/avatar\/e0a867bdedb85fd243eadf09663511f96fc81e0720a4a42581f334ad4303aa6b?s=96&d=mm&r=g","contentUrl":"https:\/\/secure.gravatar.com\/avatar\/e0a867bdedb85fd243eadf09663511f96fc81e0720a4a42581f334ad4303aa6b?s=96&d=mm&r=g","caption":"Reda\u00e7\u00e3o"}}]}},"amp_enabled":true,"_links":{"self":[{"href":"https:\/\/www.notibras.com\/site\/wp-json\/wp\/v2\/posts\/319037","targetHints":{"allow":["GET"]}}],"collection":[{"href":"https:\/\/www.notibras.com\/site\/wp-json\/wp\/v2\/posts"}],"about":[{"href":"https:\/\/www.notibras.com\/site\/wp-json\/wp\/v2\/types\/post"}],"author":[{"embeddable":true,"href":"https:\/\/www.notibras.com\/site\/wp-json\/wp\/v2\/users\/2"}],"replies":[{"embeddable":true,"href":"https:\/\/www.notibras.com\/site\/wp-json\/wp\/v2\/comments?post=319037"}],"version-history":[{"count":1,"href":"https:\/\/www.notibras.com\/site\/wp-json\/wp\/v2\/posts\/319037\/revisions"}],"predecessor-version":[{"id":319039,"href":"https:\/\/www.notibras.com\/site\/wp-json\/wp\/v2\/posts\/319037\/revisions\/319039"}],"wp:featuredmedia":[{"embeddable":true,"href":"https:\/\/www.notibras.com\/site\/wp-json\/wp\/v2\/media\/319038"}],"wp:attachment":[{"href":"https:\/\/www.notibras.com\/site\/wp-json\/wp\/v2\/media?parent=319037"}],"wp:term":[{"taxonomy":"category","embeddable":true,"href":"https:\/\/www.notibras.com\/site\/wp-json\/wp\/v2\/categories?post=319037"},{"taxonomy":"post_tag","embeddable":true,"href":"https:\/\/www.notibras.com\/site\/wp-json\/wp\/v2\/tags?post=319037"}],"curies":[{"name":"wp","href":"https:\/\/api.w.org\/{rel}","templated":true}]}}