{"id":319040,"date":"2023-12-12T08:04:28","date_gmt":"2023-12-12T11:04:28","guid":{"rendered":"https:\/\/www.notibras.com\/site\/?p=319040"},"modified":"2023-12-12T08:06:40","modified_gmt":"2023-12-12T11:06:40","slug":"caida-da-serra-do-rola-moca-ao-po-de-onde-veio","status":"publish","type":"post","link":"https:\/\/www.notibras.com\/site\/caida-da-serra-do-rola-moca-ao-po-de-onde-veio\/","title":{"rendered":"Ca\u00edda da Serra do Rola Mo\u00e7a ao p\u00f3 de onde veio"},"content":{"rendered":"<p>Ningu\u00e9m sabe ao certo o dia ou m\u00eas, se chovia ou se fazia sol, se o calor era insuport\u00e1vel ou se o frio gelado batia sob sua superf\u00edcie, mas \u00e9 certo que, em algum momento particular, daquela enorme parede rochosa que se erguia pr\u00f3xima \u00e0s margens do c\u00f3rrego, caiu-lhe uma parte. Uma pedra.<\/p>\n<p>Pequena para alguns, grande para outros, mas o fato \u00e9 que a pedra caiu. Caiu e bateu sob suas antigas partes integrantes. Desprendeu-se como quem busca vida aut\u00f4noma, no \u00edmpeto de al\u00e7ar voo pr\u00f3prio. A pedra e sua antiga morada, seu ex-corpo. Bateu contra a parede como se quisesse negar sua antiga trajet\u00f3ria, como que quisesse apagar tudo aquilo de que um dia fez parte.<\/p>\n<p>Talvez a pedra n\u00e3o entendesse a impossibilidade de come\u00e7ar uma vida nova, j\u00e1 que sua composi\u00e7\u00e3o apontava implacavelmente seu passado. Mas ela se desprendeu, como se brotasse da rocha em seu esplendor pr\u00f3prio.<\/p>\n<p>Rolou parede abaixo e chocou-se violentamente contra o ch\u00e3o, esmagando pequenas plantas e duas ou tr\u00eas formigas que levavam peda\u00e7os de folhas ao formigueiro. Atingida, a linha de formigas se desfez numa grande correria. Algumas pararam o trabalho para tentar remanejar o caminho, outras apenas fugiram, sem saber ao certo para onde ir. Nenhuma formiga foi ao encontro de suas amigas esmagadas. Ou talvez tenham ido. Mas a pedra j\u00e1 fazia hist\u00f3ria.<\/p>\n<p>Estabeleceu-se no pequeno sulco que cavou com suas pr\u00f3prias for\u00e7as ao cair, e por l\u00e1 ficou. Foram dias, semanas, meses em sua nova morada, ao p\u00e9 de seu antigo corpo que t\u00e3o ferozmente havia renegado. Ao contr\u00e1rio do que parecia desejar, n\u00e3o conseguiu ir longe, e talvez isso a tivesse entristecido de in\u00edcio, caso a pedra conseguisse sentir algo.<\/p>\n<p>Com o passar do tempo, as formigas do formigueiro pr\u00f3ximo a desbravaram, subiram e tatearam por toda sua superf\u00edcie, assim como lagartas, aranhas e outros pequenos seres da floresta. Durante algum tempo uma fam\u00edlia de calangos aproveitava de sua face retil\u00ednea para esquentar-se nos dias de calor. Se por cima a pedra esquentava, nas suas laterais, em pequeninas cavidades pr\u00f3ximas \u00e0 terra \u00famida, besouros e outros insetos faziam morada sob a sombra fresca.<\/p>\n<p>O tempo passou e da pedra brotaram pequenos musgos e limo. A fam\u00edlia de calangos h\u00e1 muito n\u00e3o se banhava mais ali, pois foi devorada por p\u00e1ssaros. Incapaz de saber h\u00e1 quanto tempo j\u00e1 se encontrava naquele lugar, a pedra parecia esperar, ansiosa, mas pacientemente, uma nova oportunidade.<\/p>\n<p>Certo dia, um temporal abateu-se sobre a regi\u00e3o. A copa das \u00e1rvores balan\u00e7ava com tamanha for\u00e7a que, de seus troncos, em tensionado movimento, emanava uma espiritual sinfonia, eventualmente acrescida de estrondos daqueles ramos muito jovens ou velhos demais para aguentar a turbul\u00eancia e que se rompiam, nesse caso mesmo sem querer, separando-se de sua antiga estrutura-m\u00e3e.<\/p>\n<p>E foi assim, ao sabor dos ventos (talvez fosse maio) que a pedra voltou a peregrinar e rolou. Dessa vez, contudo, n\u00e3o foi ela que transformou o seu redor, mas seu redor que a levou junto. Terra, plantas, \u00e1gua enlama\u00e7ada, e a pedra, tudo desceu em dire\u00e7\u00e3o ao c\u00f3rrego, mas tiveram fins diferentes. Enquanto as plantas foram velozmente deslizando na superf\u00edcie do c\u00f3rrego cheio, a pedra bateu na \u00e1gua e afundou. N\u00e3o avan\u00e7ara tantos metros quando se prendeu junto ao que pareciam ser suas irm\u00e3s e primas, que haviam sa\u00eddo de casa algum tempo antes.<\/p>\n<p>Dias, meses, anos, d\u00e9cadas? Ningu\u00e9m sabia dizer, pois, apesar do barulho da tempestade, todas as demais pedras do leito do c\u00f3rrego permaneciam caladas, muito eventualmente fazendo algum som, quando se moviam e se chocavam contra outras.<\/p>\n<p>A chuva torrencial passou, o c\u00f3rrego esvaziou-se e voltou \u00e0 sua vaz\u00e3o normal, e assim a pedra n\u00e3o teve mais condi\u00e7\u00f5es de movimentar-se. Ficou ali. Parte do l\u00edquen que havia crescido nela j\u00e1 n\u00e3o estava mais l\u00e1, tinha ficado pelo caminho, em peda\u00e7os de madeira contra a qual havia colidido.<\/p>\n<p>Ao observador distra\u00eddo, a pedra parecia relativamente igual, pois seu formato n\u00e3o havia mudado tanto, tirando algumas lascas que havia perdido durante os duros trajetos (apesar de breves) que havia percorrido. Mas os peixes e demais animais do c\u00f3rrego sabiam que ela havia se transformado em algo novo, pois agora era uma pedra aqu\u00e1tica, e isso mudava tudo. Talvez tamanha mudan\u00e7a n\u00e3o estivesse em seus planos; afinal, ningu\u00e9m nunca havia perguntado para a pedra qual era sua perspectiva para o futuro.<\/p>\n<p>Agora, no fundo do c\u00f3rrego, a pedra encontrava-se mais agitada, frequentemente sendo levada de l\u00e1 pra c\u00e1, e daqui pra l\u00e1, num constante rolar. Quando parava muito pr\u00f3xima \u00e0s outras e, por coincid\u00eancia, formava pequenas cavernas, tornava-se parte de abrigo de peixes, ou auxiliava no abrigo de cobras que devoravam os peixes.<\/p>\n<p>Vez ou outra descia o c\u00f3rrego com tamanha velocidade que destru\u00eda madeiras podres submersas e atingia fatalmente um ou outro animal. Em outros momentos, rolava at\u00e9 estabelecer-se \u00e0s margens do c\u00f3rrego, como se quisesse voltar &#8211; sem sucesso &#8211; \u00e0 terra firme. Poderiam dizer que era saudade de sua antiga morada, poderiam dizer que estava arrependida por ter se soltado de seu corpo original, mas tudo isso seria irrelevante, pois a pedra n\u00e3o pensava nisso, j\u00e1 que n\u00e3o pensava em nada, pra in\u00edcio de conversa.<\/p>\n<p>E nesse vaiev\u00e9m do c\u00f3rrego, fazendo-se abrigo ou devasta\u00e7\u00e3o, \u00e0 depender do momento, a pedra integrou o passar do tempo. N\u00e3o se sabe se foram d\u00e9cadas ou s\u00e9culos, pois ningu\u00e9m ali estava para lhe observar o movimento. Mas ela seguiu todo o trajeto at\u00e9 chegar ao rio no qual o c\u00f3rrego desaguava.<\/p>\n<p>No volumoso e espl\u00eandido rio, imponente e caudaloso, a pedra que no c\u00f3rrego parecia tanto, tornou-se cada vez mais diminuta na enormidade que passou a integrar. O acachapante volume do rio, sua diversidade e grandiosidade, pareciam ter-lhe retirado o brio. E assim foi ficando de tal forma que parecia at\u00e9 se movimentar menos pelas \u00e1guas, mesmo em tempos de torrente.<\/p>\n<p>Os peixes pareciam querer-lhe retomar a vida e os sonhos de autonomia, e, pr\u00f3ximos a ela, \u00e0s vezes, depositavam suas ovas, como que lhe mostrando que a vida se renova, mas a pedra permanecia alheia a toda sorte, inerte sobre o fim que o destino parecia ter-lhe reservado.<\/p>\n<p>Em um entardecer, uma grande sombra se fez sobre a pedra, passos largos agitaram seu redor remexendo o fundo do rio, e engenhosos dedos lhe tocaram pela primeira vez, segurando-a e retirando-lhe do fundo da \u00e1gua. Depois de tanto tempo a pedra era novamente atingida pelo vento, que lhe contornava, n\u00e3o mais passando em suas arestas pontiagudas, pois j\u00e1 havia perdido esse formado h\u00e1 muito tempo. Agora arredondada, com um tamanho muito menor do que no in\u00edcio de sua trajet\u00f3ria, a pedra era lisa como nunca havia sido. Os dedos enormes esfregavam aquela superf\u00edcie, sentindo toda a leve textura que tinha adquirido pelo movimento da \u00e1gua.<\/p>\n<p>Agora sim a pedra, escolhida entre tantas outras, parecia estar cumprindo seu destino, estava finalmente exercendo o papel que lhe havia sido reservado. Todo seu caminho parecia n\u00e3o ter sido em v\u00e3o, todo o esfor\u00e7o que lhe causou tantas perdas, a ponto de se ovalar, fazia sentido. A m\u00e3o segurava a pedra com for\u00e7a, com a vontade de quem encontrara um objeto precioso que h\u00e1 tanto procurava. Apontada contra o sol, o calor lhe aquecia vivamente e pouco a pouco a pedra se expandia. A m\u00e3o e a pedra contra o sol.<\/p>\n<p>Mas aquele pequeno peda\u00e7o inerte de rocha n\u00e3o entendia os des\u00edgnios do destino, e mal havia se aquecido contra o sol quando foi arremessada por aquela enorme m\u00e3o de crian\u00e7a. Voou por alguns segundos, planou sobre as ondas pl\u00e1cidas do rio que de t\u00e3o calmo parecia um lago. Voava t\u00e3o r\u00e1pido ao lado de uma lib\u00e9lula que, para o inseto, parecia estar est\u00e1tica. A pedra e a lib\u00e9lula, lado a lado, naquela fra\u00e7\u00e3o de segundos que parecia uma eternidade, livre de todas as leis da f\u00edsica e da l\u00f3gica, logo antes de novamente atingir a \u00e1gua, afundando na realidade de sua condi\u00e7\u00e3o de pedra, que n\u00e3o nada nem voa.<\/p>\n<p>Infelizmente, n\u00e3o coube desta vez, seja aos animais ou a outros objetos sem vida, a possibilidade de serem aquilo que n\u00e3o podem ser. A inflex\u00edvel realidade mais uma vez se imp\u00f4s a despeito de qualquer desejo. Bruta, rude, insens\u00edvel, a realidade apenas \u00e9. E foi assim que a pedra retornou ao seu lugar de pedra, mesmo que aqu\u00e1tica.<\/p>\n<p>Teria valido a pena separar-se da parede que integrava? Seria essa sua ventura? Afinal, qual seria seu destino enquanto pedra? Tornar-se concreto? Compor o jardim de uma casa qualquer? Virar integrante da cole\u00e7\u00e3o de rochas de algum ge\u00f3logo? Passatempo fugaz na m\u00e3o de uma crian\u00e7a?<\/p>\n<p>Ningu\u00e9m poderia lhe responder tais perguntas, inclusive porque a pedra n\u00e3o as fazia. A pedra, assim como a realidade, apenas era. E foi sendo pedra &#8211; aqu\u00e1tica &#8211; que permaneceu no fundo do rio, n\u00e3o se sabe por quanto tempo mais. \u00c0s vezes, fragmentava-se mais um pouco, mudava de lugar, mudava de fun\u00e7\u00e3o, mas, acima de tudo, a pedra era pedra. E, com o passar do tempo, foi diminuindo, lentamente diluindo-se na correnteza, sob o sabor das correntes d\u2019\u00e1gua, sobre as intemp\u00e9ries clim\u00e1ticas que atingiam algum trecho do rio no qual a pedra, por mera eventualidade, se encontrava.<\/p>\n<p>E assim, dia a dia, toda vez que diminu\u00eda, imperceptivelmente, seus pequen\u00edssimos peda\u00e7os, semelhantes a gr\u00e3os de areia, iam-se espalhando pelas \u00e1guas, depositando-se no leito, \u00e0s margens ou sendo carregados indefinidamente at\u00e9 onde o destino &#8211; ou as rea\u00e7\u00f5es f\u00edsico-qu\u00edmicas &#8211; os levassem. E, sem que ningu\u00e9m notasse, sem que nenhum ser vivo se desse conta, o perp\u00e9tuo movimento do real transformou a pedra em areia, espalhada pela corrente fluvial, parte integrante do caudal da realidade, do v\u00f3rtex que a tudo engole.<\/p>\n<p>A pedra, finalmente, cumprira sua jornada.<\/p>\n","protected":false},"excerpt":{"rendered":"<p>Ningu\u00e9m sabe ao certo o dia ou m\u00eas, se chovia ou se fazia sol, se o calor era insuport\u00e1vel ou se o frio gelado batia sob sua superf\u00edcie, mas \u00e9 certo que, em algum momento particular, daquela enorme parede rochosa que se erguia pr\u00f3xima \u00e0s margens do c\u00f3rrego, caiu-lhe uma parte. Uma pedra. Pequena para [&hellip;]<\/p>\n","protected":false},"author":2,"featured_media":319041,"comment_status":"closed","ping_status":"closed","sticky":false,"template":"","format":"standard","meta":{"_acf_changed":false,"footnotes":""},"categories":[161],"tags":[],"class_list":["post-319040","post","type-post","status-publish","format-standard","has-post-thumbnail","hentry","category-quadradinho-em-foco"],"acf":[],"yoast_head":"<!-- This site is optimized with the Yoast SEO plugin v27.2 - https:\/\/yoast.com\/product\/yoast-seo-wordpress\/ -->\n<title>Ca\u00edda da Serra do Rola Mo\u00e7a ao p\u00f3 de onde veio - Notibras<\/title>\n<meta name=\"robots\" content=\"index, follow, max-snippet:-1, max-image-preview:large, max-video-preview:-1\" \/>\n<link rel=\"canonical\" href=\"https:\/\/www.notibras.com\/site\/caida-da-serra-do-rola-moca-ao-po-de-onde-veio\/\" \/>\n<meta property=\"og:locale\" content=\"pt_BR\" \/>\n<meta property=\"og:type\" content=\"article\" \/>\n<meta property=\"og:title\" content=\"Ca\u00edda da Serra do Rola Mo\u00e7a ao p\u00f3 de onde veio - Notibras\" \/>\n<meta property=\"og:description\" content=\"Ningu\u00e9m sabe ao certo o dia ou m\u00eas, se chovia ou se fazia sol, se o calor era insuport\u00e1vel ou se o frio gelado batia sob sua superf\u00edcie, mas \u00e9 certo que, em algum momento particular, daquela enorme parede rochosa que se erguia pr\u00f3xima \u00e0s margens do c\u00f3rrego, caiu-lhe uma parte. Uma pedra. Pequena para [&hellip;]\" \/>\n<meta property=\"og:url\" content=\"https:\/\/www.notibras.com\/site\/caida-da-serra-do-rola-moca-ao-po-de-onde-veio\/\" \/>\n<meta property=\"og:site_name\" content=\"Notibras\" \/>\n<meta property=\"article:publisher\" content=\"https:\/\/www.facebook.com\/notibras\/\" \/>\n<meta property=\"article:published_time\" content=\"2023-12-12T11:04:28+00:00\" \/>\n<meta property=\"article:modified_time\" content=\"2023-12-12T11:06:40+00:00\" \/>\n<meta property=\"og:image\" content=\"https:\/\/www.notibras.com\/site\/wp-content\/uploads\/2023\/12\/pedra.jpg\" \/>\n\t<meta property=\"og:image:width\" content=\"626\" \/>\n\t<meta property=\"og:image:height\" content=\"417\" \/>\n\t<meta property=\"og:image:type\" content=\"image\/jpeg\" \/>\n<meta name=\"author\" content=\"Reda\u00e7\u00e3o\" \/>\n<meta name=\"twitter:card\" content=\"summary_large_image\" \/>\n<meta name=\"twitter:creator\" content=\"@Notibras\" \/>\n<meta name=\"twitter:site\" content=\"@Notibras\" \/>\n<meta name=\"twitter:label1\" content=\"Escrito por\" \/>\n\t<meta name=\"twitter:data1\" content=\"Reda\u00e7\u00e3o\" \/>\n\t<meta name=\"twitter:label2\" content=\"Est. tempo de leitura\" \/>\n\t<meta name=\"twitter:data2\" content=\"9 minutos\" \/>\n<script type=\"application\/ld+json\" class=\"yoast-schema-graph\">{\"@context\":\"https:\/\/schema.org\",\"@graph\":[{\"@type\":\"Article\",\"@id\":\"https:\/\/www.notibras.com\/site\/caida-da-serra-do-rola-moca-ao-po-de-onde-veio\/#article\",\"isPartOf\":{\"@id\":\"https:\/\/www.notibras.com\/site\/caida-da-serra-do-rola-moca-ao-po-de-onde-veio\/\"},\"author\":{\"name\":\"Reda\u00e7\u00e3o\",\"@id\":\"https:\/\/www.notibras.com\/site\/#\/schema\/person\/36ab0979449956132d3e5b517ea76ac8\"},\"headline\":\"Ca\u00edda da Serra do Rola Mo\u00e7a ao p\u00f3 de onde veio\",\"datePublished\":\"2023-12-12T11:04:28+00:00\",\"dateModified\":\"2023-12-12T11:06:40+00:00\",\"mainEntityOfPage\":{\"@id\":\"https:\/\/www.notibras.com\/site\/caida-da-serra-do-rola-moca-ao-po-de-onde-veio\/\"},\"wordCount\":1759,\"publisher\":{\"@id\":\"https:\/\/www.notibras.com\/site\/#organization\"},\"image\":{\"@id\":\"https:\/\/www.notibras.com\/site\/caida-da-serra-do-rola-moca-ao-po-de-onde-veio\/#primaryimage\"},\"thumbnailUrl\":\"https:\/\/www.notibras.com\/site\/wp-content\/uploads\/2023\/12\/pedra.jpg\",\"articleSection\":[\"Quadradinho em Foco\"],\"inLanguage\":\"pt-BR\"},{\"@type\":\"WebPage\",\"@id\":\"https:\/\/www.notibras.com\/site\/caida-da-serra-do-rola-moca-ao-po-de-onde-veio\/\",\"url\":\"https:\/\/www.notibras.com\/site\/caida-da-serra-do-rola-moca-ao-po-de-onde-veio\/\",\"name\":\"Ca\u00edda da Serra do Rola Mo\u00e7a ao p\u00f3 de onde veio - Notibras\",\"isPartOf\":{\"@id\":\"https:\/\/www.notibras.com\/site\/#website\"},\"primaryImageOfPage\":{\"@id\":\"https:\/\/www.notibras.com\/site\/caida-da-serra-do-rola-moca-ao-po-de-onde-veio\/#primaryimage\"},\"image\":{\"@id\":\"https:\/\/www.notibras.com\/site\/caida-da-serra-do-rola-moca-ao-po-de-onde-veio\/#primaryimage\"},\"thumbnailUrl\":\"https:\/\/www.notibras.com\/site\/wp-content\/uploads\/2023\/12\/pedra.jpg\",\"datePublished\":\"2023-12-12T11:04:28+00:00\",\"dateModified\":\"2023-12-12T11:06:40+00:00\",\"breadcrumb\":{\"@id\":\"https:\/\/www.notibras.com\/site\/caida-da-serra-do-rola-moca-ao-po-de-onde-veio\/#breadcrumb\"},\"inLanguage\":\"pt-BR\",\"potentialAction\":[{\"@type\":\"ReadAction\",\"target\":[\"https:\/\/www.notibras.com\/site\/caida-da-serra-do-rola-moca-ao-po-de-onde-veio\/\"]}]},{\"@type\":\"ImageObject\",\"inLanguage\":\"pt-BR\",\"@id\":\"https:\/\/www.notibras.com\/site\/caida-da-serra-do-rola-moca-ao-po-de-onde-veio\/#primaryimage\",\"url\":\"https:\/\/www.notibras.com\/site\/wp-content\/uploads\/2023\/12\/pedra.jpg\",\"contentUrl\":\"https:\/\/www.notibras.com\/site\/wp-content\/uploads\/2023\/12\/pedra.jpg\",\"width\":626,\"height\":417},{\"@type\":\"BreadcrumbList\",\"@id\":\"https:\/\/www.notibras.com\/site\/caida-da-serra-do-rola-moca-ao-po-de-onde-veio\/#breadcrumb\",\"itemListElement\":[{\"@type\":\"ListItem\",\"position\":1,\"name\":\"In\u00edcio\",\"item\":\"https:\/\/www.notibras.com\/site\/\"},{\"@type\":\"ListItem\",\"position\":2,\"name\":\"Ca\u00edda da Serra do Rola Mo\u00e7a ao p\u00f3 de onde veio\"}]},{\"@type\":\"WebSite\",\"@id\":\"https:\/\/www.notibras.com\/site\/#website\",\"url\":\"https:\/\/www.notibras.com\/site\/\",\"name\":\"Notibras\",\"description\":\"Not\u00edcias de Bras\u00edlia, do Brasil e do Mundo\",\"publisher\":{\"@id\":\"https:\/\/www.notibras.com\/site\/#organization\"},\"potentialAction\":[{\"@type\":\"SearchAction\",\"target\":{\"@type\":\"EntryPoint\",\"urlTemplate\":\"https:\/\/www.notibras.com\/site\/?s={search_term_string}\"},\"query-input\":{\"@type\":\"PropertyValueSpecification\",\"valueRequired\":true,\"valueName\":\"search_term_string\"}}],\"inLanguage\":\"pt-BR\"},{\"@type\":\"Organization\",\"@id\":\"https:\/\/www.notibras.com\/site\/#organization\",\"name\":\"Grupo Notibras de Comunica\u00e7\u00e3o\",\"url\":\"https:\/\/www.notibras.com\/site\/\",\"logo\":{\"@type\":\"ImageObject\",\"inLanguage\":\"pt-BR\",\"@id\":\"https:\/\/www.notibras.com\/site\/#\/schema\/logo\/image\/\",\"url\":\"https:\/\/www.notibras.com\/site\/wp-content\/uploads\/2023\/01\/notibras23.png\",\"contentUrl\":\"https:\/\/www.notibras.com\/site\/wp-content\/uploads\/2023\/01\/notibras23.png\",\"width\":350,\"height\":87,\"caption\":\"Grupo Notibras de Comunica\u00e7\u00e3o\"},\"image\":{\"@id\":\"https:\/\/www.notibras.com\/site\/#\/schema\/logo\/image\/\"},\"sameAs\":[\"https:\/\/www.facebook.com\/notibras\/\",\"https:\/\/x.com\/Notibras\",\"https:\/\/www.instagram.com\/notibras\/\"]},{\"@type\":\"Person\",\"@id\":\"https:\/\/www.notibras.com\/site\/#\/schema\/person\/36ab0979449956132d3e5b517ea76ac8\",\"name\":\"Reda\u00e7\u00e3o\",\"image\":{\"@type\":\"ImageObject\",\"inLanguage\":\"pt-BR\",\"@id\":\"https:\/\/secure.gravatar.com\/avatar\/e0a867bdedb85fd243eadf09663511f96fc81e0720a4a42581f334ad4303aa6b?s=96&d=mm&r=g\",\"url\":\"https:\/\/secure.gravatar.com\/avatar\/e0a867bdedb85fd243eadf09663511f96fc81e0720a4a42581f334ad4303aa6b?s=96&d=mm&r=g\",\"contentUrl\":\"https:\/\/secure.gravatar.com\/avatar\/e0a867bdedb85fd243eadf09663511f96fc81e0720a4a42581f334ad4303aa6b?s=96&d=mm&r=g\",\"caption\":\"Reda\u00e7\u00e3o\"}}]}<\/script>\n<!-- \/ Yoast SEO plugin. -->","yoast_head_json":{"title":"Ca\u00edda da Serra do Rola Mo\u00e7a ao p\u00f3 de onde veio - Notibras","robots":{"index":"index","follow":"follow","max-snippet":"max-snippet:-1","max-image-preview":"max-image-preview:large","max-video-preview":"max-video-preview:-1"},"canonical":"https:\/\/www.notibras.com\/site\/caida-da-serra-do-rola-moca-ao-po-de-onde-veio\/","og_locale":"pt_BR","og_type":"article","og_title":"Ca\u00edda da Serra do Rola Mo\u00e7a ao p\u00f3 de onde veio - Notibras","og_description":"Ningu\u00e9m sabe ao certo o dia ou m\u00eas, se chovia ou se fazia sol, se o calor era insuport\u00e1vel ou se o frio gelado batia sob sua superf\u00edcie, mas \u00e9 certo que, em algum momento particular, daquela enorme parede rochosa que se erguia pr\u00f3xima \u00e0s margens do c\u00f3rrego, caiu-lhe uma parte. Uma pedra. Pequena para [&hellip;]","og_url":"https:\/\/www.notibras.com\/site\/caida-da-serra-do-rola-moca-ao-po-de-onde-veio\/","og_site_name":"Notibras","article_publisher":"https:\/\/www.facebook.com\/notibras\/","article_published_time":"2023-12-12T11:04:28+00:00","article_modified_time":"2023-12-12T11:06:40+00:00","og_image":[{"width":626,"height":417,"url":"https:\/\/www.notibras.com\/site\/wp-content\/uploads\/2023\/12\/pedra.jpg","type":"image\/jpeg"}],"author":"Reda\u00e7\u00e3o","twitter_card":"summary_large_image","twitter_creator":"@Notibras","twitter_site":"@Notibras","twitter_misc":{"Escrito por":"Reda\u00e7\u00e3o","Est. tempo de leitura":"9 minutos"},"schema":{"@context":"https:\/\/schema.org","@graph":[{"@type":"Article","@id":"https:\/\/www.notibras.com\/site\/caida-da-serra-do-rola-moca-ao-po-de-onde-veio\/#article","isPartOf":{"@id":"https:\/\/www.notibras.com\/site\/caida-da-serra-do-rola-moca-ao-po-de-onde-veio\/"},"author":{"name":"Reda\u00e7\u00e3o","@id":"https:\/\/www.notibras.com\/site\/#\/schema\/person\/36ab0979449956132d3e5b517ea76ac8"},"headline":"Ca\u00edda da Serra do Rola Mo\u00e7a ao p\u00f3 de onde veio","datePublished":"2023-12-12T11:04:28+00:00","dateModified":"2023-12-12T11:06:40+00:00","mainEntityOfPage":{"@id":"https:\/\/www.notibras.com\/site\/caida-da-serra-do-rola-moca-ao-po-de-onde-veio\/"},"wordCount":1759,"publisher":{"@id":"https:\/\/www.notibras.com\/site\/#organization"},"image":{"@id":"https:\/\/www.notibras.com\/site\/caida-da-serra-do-rola-moca-ao-po-de-onde-veio\/#primaryimage"},"thumbnailUrl":"https:\/\/www.notibras.com\/site\/wp-content\/uploads\/2023\/12\/pedra.jpg","articleSection":["Quadradinho em Foco"],"inLanguage":"pt-BR"},{"@type":"WebPage","@id":"https:\/\/www.notibras.com\/site\/caida-da-serra-do-rola-moca-ao-po-de-onde-veio\/","url":"https:\/\/www.notibras.com\/site\/caida-da-serra-do-rola-moca-ao-po-de-onde-veio\/","name":"Ca\u00edda da Serra do Rola Mo\u00e7a ao p\u00f3 de onde veio - Notibras","isPartOf":{"@id":"https:\/\/www.notibras.com\/site\/#website"},"primaryImageOfPage":{"@id":"https:\/\/www.notibras.com\/site\/caida-da-serra-do-rola-moca-ao-po-de-onde-veio\/#primaryimage"},"image":{"@id":"https:\/\/www.notibras.com\/site\/caida-da-serra-do-rola-moca-ao-po-de-onde-veio\/#primaryimage"},"thumbnailUrl":"https:\/\/www.notibras.com\/site\/wp-content\/uploads\/2023\/12\/pedra.jpg","datePublished":"2023-12-12T11:04:28+00:00","dateModified":"2023-12-12T11:06:40+00:00","breadcrumb":{"@id":"https:\/\/www.notibras.com\/site\/caida-da-serra-do-rola-moca-ao-po-de-onde-veio\/#breadcrumb"},"inLanguage":"pt-BR","potentialAction":[{"@type":"ReadAction","target":["https:\/\/www.notibras.com\/site\/caida-da-serra-do-rola-moca-ao-po-de-onde-veio\/"]}]},{"@type":"ImageObject","inLanguage":"pt-BR","@id":"https:\/\/www.notibras.com\/site\/caida-da-serra-do-rola-moca-ao-po-de-onde-veio\/#primaryimage","url":"https:\/\/www.notibras.com\/site\/wp-content\/uploads\/2023\/12\/pedra.jpg","contentUrl":"https:\/\/www.notibras.com\/site\/wp-content\/uploads\/2023\/12\/pedra.jpg","width":626,"height":417},{"@type":"BreadcrumbList","@id":"https:\/\/www.notibras.com\/site\/caida-da-serra-do-rola-moca-ao-po-de-onde-veio\/#breadcrumb","itemListElement":[{"@type":"ListItem","position":1,"name":"In\u00edcio","item":"https:\/\/www.notibras.com\/site\/"},{"@type":"ListItem","position":2,"name":"Ca\u00edda da Serra do Rola Mo\u00e7a ao p\u00f3 de onde veio"}]},{"@type":"WebSite","@id":"https:\/\/www.notibras.com\/site\/#website","url":"https:\/\/www.notibras.com\/site\/","name":"Notibras","description":"Not\u00edcias de Bras\u00edlia, do Brasil e do Mundo","publisher":{"@id":"https:\/\/www.notibras.com\/site\/#organization"},"potentialAction":[{"@type":"SearchAction","target":{"@type":"EntryPoint","urlTemplate":"https:\/\/www.notibras.com\/site\/?s={search_term_string}"},"query-input":{"@type":"PropertyValueSpecification","valueRequired":true,"valueName":"search_term_string"}}],"inLanguage":"pt-BR"},{"@type":"Organization","@id":"https:\/\/www.notibras.com\/site\/#organization","name":"Grupo Notibras de Comunica\u00e7\u00e3o","url":"https:\/\/www.notibras.com\/site\/","logo":{"@type":"ImageObject","inLanguage":"pt-BR","@id":"https:\/\/www.notibras.com\/site\/#\/schema\/logo\/image\/","url":"https:\/\/www.notibras.com\/site\/wp-content\/uploads\/2023\/01\/notibras23.png","contentUrl":"https:\/\/www.notibras.com\/site\/wp-content\/uploads\/2023\/01\/notibras23.png","width":350,"height":87,"caption":"Grupo Notibras de Comunica\u00e7\u00e3o"},"image":{"@id":"https:\/\/www.notibras.com\/site\/#\/schema\/logo\/image\/"},"sameAs":["https:\/\/www.facebook.com\/notibras\/","https:\/\/x.com\/Notibras","https:\/\/www.instagram.com\/notibras\/"]},{"@type":"Person","@id":"https:\/\/www.notibras.com\/site\/#\/schema\/person\/36ab0979449956132d3e5b517ea76ac8","name":"Reda\u00e7\u00e3o","image":{"@type":"ImageObject","inLanguage":"pt-BR","@id":"https:\/\/secure.gravatar.com\/avatar\/e0a867bdedb85fd243eadf09663511f96fc81e0720a4a42581f334ad4303aa6b?s=96&d=mm&r=g","url":"https:\/\/secure.gravatar.com\/avatar\/e0a867bdedb85fd243eadf09663511f96fc81e0720a4a42581f334ad4303aa6b?s=96&d=mm&r=g","contentUrl":"https:\/\/secure.gravatar.com\/avatar\/e0a867bdedb85fd243eadf09663511f96fc81e0720a4a42581f334ad4303aa6b?s=96&d=mm&r=g","caption":"Reda\u00e7\u00e3o"}}]}},"amp_enabled":true,"_links":{"self":[{"href":"https:\/\/www.notibras.com\/site\/wp-json\/wp\/v2\/posts\/319040","targetHints":{"allow":["GET"]}}],"collection":[{"href":"https:\/\/www.notibras.com\/site\/wp-json\/wp\/v2\/posts"}],"about":[{"href":"https:\/\/www.notibras.com\/site\/wp-json\/wp\/v2\/types\/post"}],"author":[{"embeddable":true,"href":"https:\/\/www.notibras.com\/site\/wp-json\/wp\/v2\/users\/2"}],"replies":[{"embeddable":true,"href":"https:\/\/www.notibras.com\/site\/wp-json\/wp\/v2\/comments?post=319040"}],"version-history":[{"count":3,"href":"https:\/\/www.notibras.com\/site\/wp-json\/wp\/v2\/posts\/319040\/revisions"}],"predecessor-version":[{"id":319044,"href":"https:\/\/www.notibras.com\/site\/wp-json\/wp\/v2\/posts\/319040\/revisions\/319044"}],"wp:featuredmedia":[{"embeddable":true,"href":"https:\/\/www.notibras.com\/site\/wp-json\/wp\/v2\/media\/319041"}],"wp:attachment":[{"href":"https:\/\/www.notibras.com\/site\/wp-json\/wp\/v2\/media?parent=319040"}],"wp:term":[{"taxonomy":"category","embeddable":true,"href":"https:\/\/www.notibras.com\/site\/wp-json\/wp\/v2\/categories?post=319040"},{"taxonomy":"post_tag","embeddable":true,"href":"https:\/\/www.notibras.com\/site\/wp-json\/wp\/v2\/tags?post=319040"}],"curies":[{"name":"wp","href":"https:\/\/api.w.org\/{rel}","templated":true}]}}