{"id":319045,"date":"2023-12-12T08:02:34","date_gmt":"2023-12-12T11:02:34","guid":{"rendered":"https:\/\/www.notibras.com\/site\/?p=319045"},"modified":"2023-12-12T08:40:03","modified_gmt":"2023-12-12T11:40:03","slug":"marina-timida-desmascara-o-chefe-homofobico","status":"publish","type":"post","link":"https:\/\/www.notibras.com\/site\/marina-timida-desmascara-o-chefe-homofobico\/","title":{"rendered":"Marina, t\u00edmida, desmascara o chefe homof\u00f3bico"},"content":{"rendered":"<p>Marina, t\u00edmida, trabalhava numa empresa m\u00e9dia, com instala\u00e7\u00f5es n\u00e3o muito grandes, onde atuavam pessoas medianas, um chefe med\u00edocre, mas que se sentia o \u00faltimo biscoito do pacote. Gilberto era o seu nome. Parecia aqueles tipos sa\u00eddos diretamente da mente do Nelson Rodrigues. N\u00e3o porque fosse esquisito, pois, ao contr\u00e1rio, era bem comum, talvez parecido com voc\u00ea, provavelmente igual a mim.<\/p>\n<p>O chefe, simplesmente por ser chefe, naturalmente era bajulado por quase todos. Quase! Marina, at\u00e9 pela pr\u00f3pria timidez, n\u00e3o ousava nem olh\u00e1-lo nos olhos, enquanto seus colegas soltavam sonoras gargalhadas, todas for\u00e7adas, quando Gilberto contava aquelas piadinhas que conhecemos h\u00e1 s\u00e9culos. Todavia, l\u00e1 estavam os companheiros de labuta da Marina, todos fazendo cara de surpresa pelo final surpreendente daquela mais nova anedota, sempre uma que aquele nosso tio inconveniente cisma em contar nos t\u00edpicos churrascos de fam\u00edlia.<\/p>\n<p>Numa reuni\u00e3o de final de ano, quando todos j\u00e1 queriam ir embora, at\u00e9 mesmo aqueles maiores bajuladores do Gilberto, eis que este insiste em contar uma nova piada.<\/p>\n<p>&#8211; Os amigos foram jogar bola e havia um monte de camisas com as numera\u00e7\u00f5es. A\u00ed, um amigo joga a camisa 8 para outro e pergunta se ele gostava daquela. Ent\u00e3o, o amigo pega, olha o n\u00famero 8 e responde que s\u00f3 n\u00e3o gostaria se ela fosse tr\u00eas vezes maior. Entenderam? Tr\u00eas vezes maior! Vinte e quatro!<\/p>\n<p>Todos na sala come\u00e7am a rir for\u00e7osamente, menos a Marina. Esta, incomodada com a piada preconceituosa, n\u00e3o consegue conter a \u00e2nsia de vomitar algumas palavras e, encarando o seu chefe pela primeira vez, diz:<\/p>\n<p>&#8211; Al\u00e9m de ser uma piadinha sem gra\u00e7a e homof\u00f3bica, h\u00e1 um erro grotesco de matem\u00e1tica. O n\u00famero tr\u00eas vezes maior que o oito\u00a0 \u00e9 o 32.<\/p>\n","protected":false},"excerpt":{"rendered":"<p>Marina, t\u00edmida, trabalhava numa empresa m\u00e9dia, com instala\u00e7\u00f5es n\u00e3o muito grandes, onde atuavam pessoas medianas, um chefe med\u00edocre, mas que se sentia o \u00faltimo biscoito do pacote. Gilberto era o seu nome. Parecia aqueles tipos sa\u00eddos diretamente da mente do Nelson Rodrigues. N\u00e3o porque fosse esquisito, pois, ao contr\u00e1rio, era bem comum, talvez parecido com [&hellip;]<\/p>\n","protected":false},"author":2,"featured_media":319046,"comment_status":"closed","ping_status":"closed","sticky":false,"template":"","format":"standard","meta":{"_acf_changed":false,"footnotes":""},"categories":[161],"tags":[],"class_list":["post-319045","post","type-post","status-publish","format-standard","has-post-thumbnail","hentry","category-quadradinho-em-foco"],"acf":[],"yoast_head":"<!-- This site is optimized with the Yoast SEO plugin v27.2 - https:\/\/yoast.com\/product\/yoast-seo-wordpress\/ -->\n<title>Marina, t\u00edmida, desmascara o chefe homof\u00f3bico - Notibras<\/title>\n<meta name=\"robots\" content=\"index, follow, max-snippet:-1, max-image-preview:large, max-video-preview:-1\" \/>\n<link rel=\"canonical\" href=\"https:\/\/www.notibras.com\/site\/marina-timida-desmascara-o-chefe-homofobico\/\" \/>\n<meta property=\"og:locale\" content=\"pt_BR\" \/>\n<meta property=\"og:type\" content=\"article\" \/>\n<meta property=\"og:title\" content=\"Marina, t\u00edmida, desmascara o chefe homof\u00f3bico - Notibras\" \/>\n<meta property=\"og:description\" content=\"Marina, t\u00edmida, trabalhava numa empresa m\u00e9dia, com instala\u00e7\u00f5es n\u00e3o muito grandes, onde atuavam pessoas medianas, um chefe med\u00edocre, mas que se sentia o \u00faltimo biscoito do pacote. Gilberto era o seu nome. Parecia aqueles tipos sa\u00eddos diretamente da mente do Nelson Rodrigues. N\u00e3o porque fosse esquisito, pois, ao contr\u00e1rio, era bem comum, talvez parecido com [&hellip;]\" \/>\n<meta property=\"og:url\" content=\"https:\/\/www.notibras.com\/site\/marina-timida-desmascara-o-chefe-homofobico\/\" \/>\n<meta property=\"og:site_name\" content=\"Notibras\" \/>\n<meta property=\"article:publisher\" content=\"https:\/\/www.facebook.com\/notibras\/\" \/>\n<meta property=\"article:published_time\" content=\"2023-12-12T11:02:34+00:00\" \/>\n<meta property=\"article:modified_time\" content=\"2023-12-12T11:40:03+00:00\" \/>\n<meta property=\"og:image\" content=\"https:\/\/www.notibras.com\/site\/wp-content\/uploads\/2023\/12\/8x32.webp\" \/>\n\t<meta property=\"og:image:width\" content=\"700\" \/>\n\t<meta property=\"og:image:height\" content=\"467\" \/>\n\t<meta property=\"og:image:type\" content=\"image\/webp\" \/>\n<meta name=\"author\" content=\"Reda\u00e7\u00e3o\" \/>\n<meta name=\"twitter:card\" content=\"summary_large_image\" \/>\n<meta name=\"twitter:creator\" content=\"@Notibras\" \/>\n<meta name=\"twitter:site\" content=\"@Notibras\" \/>\n<meta name=\"twitter:label1\" content=\"Escrito por\" \/>\n\t<meta name=\"twitter:data1\" content=\"Reda\u00e7\u00e3o\" \/>\n\t<meta name=\"twitter:label2\" content=\"Est. tempo de leitura\" \/>\n\t<meta name=\"twitter:data2\" content=\"2 minutos\" \/>\n<script type=\"application\/ld+json\" class=\"yoast-schema-graph\">{\"@context\":\"https:\/\/schema.org\",\"@graph\":[{\"@type\":\"Article\",\"@id\":\"https:\/\/www.notibras.com\/site\/marina-timida-desmascara-o-chefe-homofobico\/#article\",\"isPartOf\":{\"@id\":\"https:\/\/www.notibras.com\/site\/marina-timida-desmascara-o-chefe-homofobico\/\"},\"author\":{\"name\":\"Reda\u00e7\u00e3o\",\"@id\":\"https:\/\/www.notibras.com\/site\/#\/schema\/person\/36ab0979449956132d3e5b517ea76ac8\"},\"headline\":\"Marina, t\u00edmida, desmascara o chefe homof\u00f3bico\",\"datePublished\":\"2023-12-12T11:02:34+00:00\",\"dateModified\":\"2023-12-12T11:40:03+00:00\",\"mainEntityOfPage\":{\"@id\":\"https:\/\/www.notibras.com\/site\/marina-timida-desmascara-o-chefe-homofobico\/\"},\"wordCount\":318,\"publisher\":{\"@id\":\"https:\/\/www.notibras.com\/site\/#organization\"},\"image\":{\"@id\":\"https:\/\/www.notibras.com\/site\/marina-timida-desmascara-o-chefe-homofobico\/#primaryimage\"},\"thumbnailUrl\":\"https:\/\/www.notibras.com\/site\/wp-content\/uploads\/2023\/12\/8x32.webp\",\"articleSection\":[\"Quadradinho em Foco\"],\"inLanguage\":\"pt-BR\"},{\"@type\":\"WebPage\",\"@id\":\"https:\/\/www.notibras.com\/site\/marina-timida-desmascara-o-chefe-homofobico\/\",\"url\":\"https:\/\/www.notibras.com\/site\/marina-timida-desmascara-o-chefe-homofobico\/\",\"name\":\"Marina, t\u00edmida, desmascara o chefe homof\u00f3bico - Notibras\",\"isPartOf\":{\"@id\":\"https:\/\/www.notibras.com\/site\/#website\"},\"primaryImageOfPage\":{\"@id\":\"https:\/\/www.notibras.com\/site\/marina-timida-desmascara-o-chefe-homofobico\/#primaryimage\"},\"image\":{\"@id\":\"https:\/\/www.notibras.com\/site\/marina-timida-desmascara-o-chefe-homofobico\/#primaryimage\"},\"thumbnailUrl\":\"https:\/\/www.notibras.com\/site\/wp-content\/uploads\/2023\/12\/8x32.webp\",\"datePublished\":\"2023-12-12T11:02:34+00:00\",\"dateModified\":\"2023-12-12T11:40:03+00:00\",\"breadcrumb\":{\"@id\":\"https:\/\/www.notibras.com\/site\/marina-timida-desmascara-o-chefe-homofobico\/#breadcrumb\"},\"inLanguage\":\"pt-BR\",\"potentialAction\":[{\"@type\":\"ReadAction\",\"target\":[\"https:\/\/www.notibras.com\/site\/marina-timida-desmascara-o-chefe-homofobico\/\"]}]},{\"@type\":\"ImageObject\",\"inLanguage\":\"pt-BR\",\"@id\":\"https:\/\/www.notibras.com\/site\/marina-timida-desmascara-o-chefe-homofobico\/#primaryimage\",\"url\":\"https:\/\/www.notibras.com\/site\/wp-content\/uploads\/2023\/12\/8x32.webp\",\"contentUrl\":\"https:\/\/www.notibras.com\/site\/wp-content\/uploads\/2023\/12\/8x32.webp\",\"width\":700,\"height\":467},{\"@type\":\"BreadcrumbList\",\"@id\":\"https:\/\/www.notibras.com\/site\/marina-timida-desmascara-o-chefe-homofobico\/#breadcrumb\",\"itemListElement\":[{\"@type\":\"ListItem\",\"position\":1,\"name\":\"In\u00edcio\",\"item\":\"https:\/\/www.notibras.com\/site\/\"},{\"@type\":\"ListItem\",\"position\":2,\"name\":\"Marina, t\u00edmida, desmascara o chefe homof\u00f3bico\"}]},{\"@type\":\"WebSite\",\"@id\":\"https:\/\/www.notibras.com\/site\/#website\",\"url\":\"https:\/\/www.notibras.com\/site\/\",\"name\":\"Notibras\",\"description\":\"Not\u00edcias de Bras\u00edlia, do Brasil e do Mundo\",\"publisher\":{\"@id\":\"https:\/\/www.notibras.com\/site\/#organization\"},\"potentialAction\":[{\"@type\":\"SearchAction\",\"target\":{\"@type\":\"EntryPoint\",\"urlTemplate\":\"https:\/\/www.notibras.com\/site\/?s={search_term_string}\"},\"query-input\":{\"@type\":\"PropertyValueSpecification\",\"valueRequired\":true,\"valueName\":\"search_term_string\"}}],\"inLanguage\":\"pt-BR\"},{\"@type\":\"Organization\",\"@id\":\"https:\/\/www.notibras.com\/site\/#organization\",\"name\":\"Grupo Notibras de Comunica\u00e7\u00e3o\",\"url\":\"https:\/\/www.notibras.com\/site\/\",\"logo\":{\"@type\":\"ImageObject\",\"inLanguage\":\"pt-BR\",\"@id\":\"https:\/\/www.notibras.com\/site\/#\/schema\/logo\/image\/\",\"url\":\"https:\/\/www.notibras.com\/site\/wp-content\/uploads\/2023\/01\/notibras23.png\",\"contentUrl\":\"https:\/\/www.notibras.com\/site\/wp-content\/uploads\/2023\/01\/notibras23.png\",\"width\":350,\"height\":87,\"caption\":\"Grupo Notibras de Comunica\u00e7\u00e3o\"},\"image\":{\"@id\":\"https:\/\/www.notibras.com\/site\/#\/schema\/logo\/image\/\"},\"sameAs\":[\"https:\/\/www.facebook.com\/notibras\/\",\"https:\/\/x.com\/Notibras\",\"https:\/\/www.instagram.com\/notibras\/\"]},{\"@type\":\"Person\",\"@id\":\"https:\/\/www.notibras.com\/site\/#\/schema\/person\/36ab0979449956132d3e5b517ea76ac8\",\"name\":\"Reda\u00e7\u00e3o\",\"image\":{\"@type\":\"ImageObject\",\"inLanguage\":\"pt-BR\",\"@id\":\"https:\/\/secure.gravatar.com\/avatar\/e0a867bdedb85fd243eadf09663511f96fc81e0720a4a42581f334ad4303aa6b?s=96&d=mm&r=g\",\"url\":\"https:\/\/secure.gravatar.com\/avatar\/e0a867bdedb85fd243eadf09663511f96fc81e0720a4a42581f334ad4303aa6b?s=96&d=mm&r=g\",\"contentUrl\":\"https:\/\/secure.gravatar.com\/avatar\/e0a867bdedb85fd243eadf09663511f96fc81e0720a4a42581f334ad4303aa6b?s=96&d=mm&r=g\",\"caption\":\"Reda\u00e7\u00e3o\"}}]}<\/script>\n<!-- \/ Yoast SEO plugin. -->","yoast_head_json":{"title":"Marina, t\u00edmida, desmascara o chefe homof\u00f3bico - Notibras","robots":{"index":"index","follow":"follow","max-snippet":"max-snippet:-1","max-image-preview":"max-image-preview:large","max-video-preview":"max-video-preview:-1"},"canonical":"https:\/\/www.notibras.com\/site\/marina-timida-desmascara-o-chefe-homofobico\/","og_locale":"pt_BR","og_type":"article","og_title":"Marina, t\u00edmida, desmascara o chefe homof\u00f3bico - Notibras","og_description":"Marina, t\u00edmida, trabalhava numa empresa m\u00e9dia, com instala\u00e7\u00f5es n\u00e3o muito grandes, onde atuavam pessoas medianas, um chefe med\u00edocre, mas que se sentia o \u00faltimo biscoito do pacote. Gilberto era o seu nome. Parecia aqueles tipos sa\u00eddos diretamente da mente do Nelson Rodrigues. N\u00e3o porque fosse esquisito, pois, ao contr\u00e1rio, era bem comum, talvez parecido com [&hellip;]","og_url":"https:\/\/www.notibras.com\/site\/marina-timida-desmascara-o-chefe-homofobico\/","og_site_name":"Notibras","article_publisher":"https:\/\/www.facebook.com\/notibras\/","article_published_time":"2023-12-12T11:02:34+00:00","article_modified_time":"2023-12-12T11:40:03+00:00","og_image":[{"width":700,"height":467,"url":"https:\/\/www.notibras.com\/site\/wp-content\/uploads\/2023\/12\/8x32.webp","type":"image\/webp"}],"author":"Reda\u00e7\u00e3o","twitter_card":"summary_large_image","twitter_creator":"@Notibras","twitter_site":"@Notibras","twitter_misc":{"Escrito por":"Reda\u00e7\u00e3o","Est. tempo de leitura":"2 minutos"},"schema":{"@context":"https:\/\/schema.org","@graph":[{"@type":"Article","@id":"https:\/\/www.notibras.com\/site\/marina-timida-desmascara-o-chefe-homofobico\/#article","isPartOf":{"@id":"https:\/\/www.notibras.com\/site\/marina-timida-desmascara-o-chefe-homofobico\/"},"author":{"name":"Reda\u00e7\u00e3o","@id":"https:\/\/www.notibras.com\/site\/#\/schema\/person\/36ab0979449956132d3e5b517ea76ac8"},"headline":"Marina, t\u00edmida, desmascara o chefe homof\u00f3bico","datePublished":"2023-12-12T11:02:34+00:00","dateModified":"2023-12-12T11:40:03+00:00","mainEntityOfPage":{"@id":"https:\/\/www.notibras.com\/site\/marina-timida-desmascara-o-chefe-homofobico\/"},"wordCount":318,"publisher":{"@id":"https:\/\/www.notibras.com\/site\/#organization"},"image":{"@id":"https:\/\/www.notibras.com\/site\/marina-timida-desmascara-o-chefe-homofobico\/#primaryimage"},"thumbnailUrl":"https:\/\/www.notibras.com\/site\/wp-content\/uploads\/2023\/12\/8x32.webp","articleSection":["Quadradinho em Foco"],"inLanguage":"pt-BR"},{"@type":"WebPage","@id":"https:\/\/www.notibras.com\/site\/marina-timida-desmascara-o-chefe-homofobico\/","url":"https:\/\/www.notibras.com\/site\/marina-timida-desmascara-o-chefe-homofobico\/","name":"Marina, t\u00edmida, desmascara o chefe homof\u00f3bico - Notibras","isPartOf":{"@id":"https:\/\/www.notibras.com\/site\/#website"},"primaryImageOfPage":{"@id":"https:\/\/www.notibras.com\/site\/marina-timida-desmascara-o-chefe-homofobico\/#primaryimage"},"image":{"@id":"https:\/\/www.notibras.com\/site\/marina-timida-desmascara-o-chefe-homofobico\/#primaryimage"},"thumbnailUrl":"https:\/\/www.notibras.com\/site\/wp-content\/uploads\/2023\/12\/8x32.webp","datePublished":"2023-12-12T11:02:34+00:00","dateModified":"2023-12-12T11:40:03+00:00","breadcrumb":{"@id":"https:\/\/www.notibras.com\/site\/marina-timida-desmascara-o-chefe-homofobico\/#breadcrumb"},"inLanguage":"pt-BR","potentialAction":[{"@type":"ReadAction","target":["https:\/\/www.notibras.com\/site\/marina-timida-desmascara-o-chefe-homofobico\/"]}]},{"@type":"ImageObject","inLanguage":"pt-BR","@id":"https:\/\/www.notibras.com\/site\/marina-timida-desmascara-o-chefe-homofobico\/#primaryimage","url":"https:\/\/www.notibras.com\/site\/wp-content\/uploads\/2023\/12\/8x32.webp","contentUrl":"https:\/\/www.notibras.com\/site\/wp-content\/uploads\/2023\/12\/8x32.webp","width":700,"height":467},{"@type":"BreadcrumbList","@id":"https:\/\/www.notibras.com\/site\/marina-timida-desmascara-o-chefe-homofobico\/#breadcrumb","itemListElement":[{"@type":"ListItem","position":1,"name":"In\u00edcio","item":"https:\/\/www.notibras.com\/site\/"},{"@type":"ListItem","position":2,"name":"Marina, t\u00edmida, desmascara o chefe homof\u00f3bico"}]},{"@type":"WebSite","@id":"https:\/\/www.notibras.com\/site\/#website","url":"https:\/\/www.notibras.com\/site\/","name":"Notibras","description":"Not\u00edcias de Bras\u00edlia, do Brasil e do Mundo","publisher":{"@id":"https:\/\/www.notibras.com\/site\/#organization"},"potentialAction":[{"@type":"SearchAction","target":{"@type":"EntryPoint","urlTemplate":"https:\/\/www.notibras.com\/site\/?s={search_term_string}"},"query-input":{"@type":"PropertyValueSpecification","valueRequired":true,"valueName":"search_term_string"}}],"inLanguage":"pt-BR"},{"@type":"Organization","@id":"https:\/\/www.notibras.com\/site\/#organization","name":"Grupo Notibras de Comunica\u00e7\u00e3o","url":"https:\/\/www.notibras.com\/site\/","logo":{"@type":"ImageObject","inLanguage":"pt-BR","@id":"https:\/\/www.notibras.com\/site\/#\/schema\/logo\/image\/","url":"https:\/\/www.notibras.com\/site\/wp-content\/uploads\/2023\/01\/notibras23.png","contentUrl":"https:\/\/www.notibras.com\/site\/wp-content\/uploads\/2023\/01\/notibras23.png","width":350,"height":87,"caption":"Grupo Notibras de Comunica\u00e7\u00e3o"},"image":{"@id":"https:\/\/www.notibras.com\/site\/#\/schema\/logo\/image\/"},"sameAs":["https:\/\/www.facebook.com\/notibras\/","https:\/\/x.com\/Notibras","https:\/\/www.instagram.com\/notibras\/"]},{"@type":"Person","@id":"https:\/\/www.notibras.com\/site\/#\/schema\/person\/36ab0979449956132d3e5b517ea76ac8","name":"Reda\u00e7\u00e3o","image":{"@type":"ImageObject","inLanguage":"pt-BR","@id":"https:\/\/secure.gravatar.com\/avatar\/e0a867bdedb85fd243eadf09663511f96fc81e0720a4a42581f334ad4303aa6b?s=96&d=mm&r=g","url":"https:\/\/secure.gravatar.com\/avatar\/e0a867bdedb85fd243eadf09663511f96fc81e0720a4a42581f334ad4303aa6b?s=96&d=mm&r=g","contentUrl":"https:\/\/secure.gravatar.com\/avatar\/e0a867bdedb85fd243eadf09663511f96fc81e0720a4a42581f334ad4303aa6b?s=96&d=mm&r=g","caption":"Reda\u00e7\u00e3o"}}]}},"amp_enabled":true,"_links":{"self":[{"href":"https:\/\/www.notibras.com\/site\/wp-json\/wp\/v2\/posts\/319045","targetHints":{"allow":["GET"]}}],"collection":[{"href":"https:\/\/www.notibras.com\/site\/wp-json\/wp\/v2\/posts"}],"about":[{"href":"https:\/\/www.notibras.com\/site\/wp-json\/wp\/v2\/types\/post"}],"author":[{"embeddable":true,"href":"https:\/\/www.notibras.com\/site\/wp-json\/wp\/v2\/users\/2"}],"replies":[{"embeddable":true,"href":"https:\/\/www.notibras.com\/site\/wp-json\/wp\/v2\/comments?post=319045"}],"version-history":[{"count":4,"href":"https:\/\/www.notibras.com\/site\/wp-json\/wp\/v2\/posts\/319045\/revisions"}],"predecessor-version":[{"id":319050,"href":"https:\/\/www.notibras.com\/site\/wp-json\/wp\/v2\/posts\/319045\/revisions\/319050"}],"wp:featuredmedia":[{"embeddable":true,"href":"https:\/\/www.notibras.com\/site\/wp-json\/wp\/v2\/media\/319046"}],"wp:attachment":[{"href":"https:\/\/www.notibras.com\/site\/wp-json\/wp\/v2\/media?parent=319045"}],"wp:term":[{"taxonomy":"category","embeddable":true,"href":"https:\/\/www.notibras.com\/site\/wp-json\/wp\/v2\/categories?post=319045"},{"taxonomy":"post_tag","embeddable":true,"href":"https:\/\/www.notibras.com\/site\/wp-json\/wp\/v2\/tags?post=319045"}],"curies":[{"name":"wp","href":"https:\/\/api.w.org\/{rel}","templated":true}]}}