{"id":319054,"date":"2023-12-12T07:50:18","date_gmt":"2023-12-12T10:50:18","guid":{"rendered":"https:\/\/www.notibras.com\/site\/?p=319054"},"modified":"2023-12-12T08:54:32","modified_gmt":"2023-12-12T11:54:32","slug":"policia-prende-domestica-por-furto-na-casa-da-patroa","status":"publish","type":"post","link":"https:\/\/www.notibras.com\/site\/policia-prende-domestica-por-furto-na-casa-da-patroa\/","title":{"rendered":"Pol\u00edcia prende dom\u00e9stica por furto na casa da patroa"},"content":{"rendered":"<p>Na noite de ontem, a PCDF, atrav\u00e9s da 05\u00aa DP, deflagrou a opera\u00e7\u00e3o M\u00c3OS LEVES e prendeu uma empregada dom\u00e9stica de 34 anos de idade, ap\u00f3s ela ter subtra\u00eddo valores do interior do cofre da casa de sua patroa, uma servidora p\u00fablica de 42 anos de idade, fato ocorrido em um apartamento situado no Noroeste.<\/p>\n<p>A autora, que havia trabalhado para a v\u00edtima no ano de 2021, acabou demitida ap\u00f3s se desentender com uma das filhas dela. Contudo no in\u00edcio deste ano, ela pediu para voltar ao trabalho, dizendo que precisava de uma nova chance para trabalhar, tendo a v\u00edtima aceitado.<\/p>\n<p>No decorrer do ano, a v\u00edtima vendeu seu autom\u00f3vel e passou a receber em parcelas o pagamento pactuado. Logo ap\u00f3s receber a primeira parcela e a guardar em seu cofre, a v\u00edtima terminou um relacionamento amoroso.<\/p>\n<p>Alguns dias ap\u00f3s o rompimento, ela percebeu o sumi\u00e7o do dinheiro que estava guardado em seu cofre (cerca de R$ 25.000,00), tendo imaginado que o mesmo poderia ter sido furtado por seu ex-companheiro ou mesmo por outros prestadores de servi\u00e7o que tinham estado em sua resid\u00eancia.<\/p>\n<p>Contudo, nesta ultima sexta-feira (8), a v\u00edtima percebeu que a segunda parcela do pagamento da venda de seu carro tamb\u00e9m havia desaparecido de seu cofre, tendo passado a suspeitar de sua empregada dom\u00e9stica.<\/p>\n<p>Para comprovar suas suspeitas, a v\u00edtima decidiu colocar uma c\u00e2mera escondida em seu quarto, tendo a instalado neste final de semana e conferiu que havia a quantia de R$ 3.000,00 em seu cofre. Ao chegar do trabalho no in\u00edcio da noite de ontem, a v\u00edtima foi verificar o cofre e deu a falta de R$ 1.000,00.<\/p>\n<p>Ao analisar as imagens captadas pela c\u00e2mera instalada, a v\u00edtima percebeu que a autora, usando as chaves originais do cofre (que a v\u00edtima acreditava ter perdido h\u00e1 muito tempo) o abriu e subtraiu valores de seu interior.<\/p>\n<p>A v\u00edtima informou os fatos na delegacia e foi montada uma a\u00e7\u00e3o policial para efetuar a pris\u00e3o em flagrante da autora.<\/p>\n<p>Ap\u00f3s se inteirarem dos fatos, os policiais foram at\u00e9 a casa da autora, na Cidade Ocidental. No local a informaram que o furto havia sido filmado por c\u00e2meras e que eles precisavam recuperar o dinheiro subtra\u00eddo. A autora franqueou o acesso aos policiais e mostrou onde havia dinheiro escondido (nos bolsos de v\u00e1rios shorts guardados em seu arm\u00e1rio). Os policiais ainda notaram que na casa havia v\u00e1rios perfumes, cremes e shampoos de marca, al\u00e9m de v\u00e1rios objetos, entre eles eletrodom\u00e9sticos e eletroport\u00e1teis novos e roupas ainda com etiquetas.<\/p>\n<p>Os policiais fizeram v\u00eddeos de tais objetos para a v\u00edtima, tendo ela reconhecido alguns dele como sendo de sua propriedade.<\/p>\n<p>Diante de tais circunst\u00e2ncias, os policiais decidiram apreender todos os bens que possu\u00edam origem suspeita de terem sido furtados pela autora ou de terem sido adquiridos com quantias que ela tinha subtra\u00eddo da casa da v\u00edtima.<\/p>\n<p>Al\u00e9m dos bens apreendidos, os policiais encontraram na casa da autora a quantia de R$ 4.150,00 (quatro mil e cento e cinquenta reais) em esp\u00e9cie.<\/p>\n<p>Ap\u00f3s a apreens\u00e3o dos valores e dos bens suspeitos, os policiais deram voz de pris\u00e3o e conduziram a autora para a 5\u00aa DP, onde ela foi autuada em flagrante pelos crimes de furto duplamente qualificado pelo abuso de confian\u00e7a e pelo uso de chaves falsas (a jurisprud\u00eancia entende que mesmo a chave original, quando utilizada clandestinamente, \u00e9 entendida como chave falsa, pois a pessoa que a usou n\u00e3o a possu\u00eda de forma leg\u00edtima) e pelo crime de desacato, j\u00e1 que, durante a a\u00e7\u00e3o policial, a autora ofendeu e amea\u00e7ou os policiais.<\/p>\n<p>Em seu interrogat\u00f3rio a mulher confessou apenas a subtra\u00e7\u00e3o da quantia encontrada em sua casa. Ela negou ter subtra\u00eddo os demais bens encontrados e negou que eles tivessem sido adquiridos com dinheiro subtra\u00eddo da v\u00edtima. Para justificar sua aquisi\u00e7\u00e3o, ela disse que era mantida por um amante de Minas Gerais e que ele havia comprado para ela todos aqueles bens. A autora ainda disse que seu mantenedor havia morrido no in\u00edcio do ano, tendo ela ent\u00e3o pedido para voltar a trabalhar para a v\u00edtima.<\/p>\n<p>Ap\u00f3s a formaliza\u00e7\u00e3o de sua pris\u00e3o, a autora foi recolhida \u00e0 carceragem da PCDF, onde permanecer\u00e1 \u00e0 disposi\u00e7\u00e3o da justi\u00e7a. Somadas, as penas dos crimes de furto qualificado e de desacato alcan\u00e7am os 10 anos de pris\u00e3o.<\/p>\n","protected":false},"excerpt":{"rendered":"<p>Na noite de ontem, a PCDF, atrav\u00e9s da 05\u00aa DP, deflagrou a opera\u00e7\u00e3o M\u00c3OS LEVES e prendeu uma empregada dom\u00e9stica de 34 anos de idade, ap\u00f3s ela ter subtra\u00eddo valores do interior do cofre da casa de sua patroa, uma servidora p\u00fablica de 42 anos de idade, fato ocorrido em um apartamento situado no Noroeste. [&hellip;]<\/p>\n","protected":false},"author":2,"featured_media":319055,"comment_status":"closed","ping_status":"closed","sticky":false,"template":"","format":"standard","meta":{"_acf_changed":false,"footnotes":""},"categories":[161],"tags":[],"class_list":["post-319054","post","type-post","status-publish","format-standard","has-post-thumbnail","hentry","category-quadradinho-em-foco"],"acf":[],"yoast_head":"<!-- This site is optimized with the Yoast SEO plugin v27.2 - https:\/\/yoast.com\/product\/yoast-seo-wordpress\/ -->\n<title>Pol\u00edcia prende dom\u00e9stica por furto na casa da patroa - Notibras<\/title>\n<meta name=\"robots\" content=\"index, follow, max-snippet:-1, max-image-preview:large, max-video-preview:-1\" \/>\n<link rel=\"canonical\" href=\"https:\/\/www.notibras.com\/site\/policia-prende-domestica-por-furto-na-casa-da-patroa\/\" \/>\n<meta property=\"og:locale\" content=\"pt_BR\" \/>\n<meta property=\"og:type\" content=\"article\" \/>\n<meta property=\"og:title\" content=\"Pol\u00edcia prende dom\u00e9stica por furto na casa da patroa - Notibras\" \/>\n<meta property=\"og:description\" content=\"Na noite de ontem, a PCDF, atrav\u00e9s da 05\u00aa DP, deflagrou a opera\u00e7\u00e3o M\u00c3OS LEVES e prendeu uma empregada dom\u00e9stica de 34 anos de idade, ap\u00f3s ela ter subtra\u00eddo valores do interior do cofre da casa de sua patroa, uma servidora p\u00fablica de 42 anos de idade, fato ocorrido em um apartamento situado no Noroeste. [&hellip;]\" \/>\n<meta property=\"og:url\" content=\"https:\/\/www.notibras.com\/site\/policia-prende-domestica-por-furto-na-casa-da-patroa\/\" \/>\n<meta property=\"og:site_name\" content=\"Notibras\" \/>\n<meta property=\"article:publisher\" content=\"https:\/\/www.facebook.com\/notibras\/\" \/>\n<meta property=\"article:published_time\" content=\"2023-12-12T10:50:18+00:00\" \/>\n<meta property=\"article:modified_time\" content=\"2023-12-12T11:54:32+00:00\" \/>\n<meta property=\"og:image\" content=\"https:\/\/www.notibras.com\/site\/wp-content\/uploads\/2023\/12\/c4b529e3-9b5b-443d-830c-201b5ee6c826.jpeg\" \/>\n\t<meta property=\"og:image:width\" content=\"1600\" \/>\n\t<meta property=\"og:image:height\" content=\"900\" \/>\n\t<meta property=\"og:image:type\" content=\"image\/jpeg\" \/>\n<meta name=\"author\" content=\"Reda\u00e7\u00e3o\" \/>\n<meta name=\"twitter:card\" content=\"summary_large_image\" \/>\n<meta name=\"twitter:creator\" content=\"@Notibras\" \/>\n<meta name=\"twitter:site\" content=\"@Notibras\" \/>\n<meta name=\"twitter:label1\" content=\"Escrito por\" \/>\n\t<meta name=\"twitter:data1\" content=\"Reda\u00e7\u00e3o\" \/>\n\t<meta name=\"twitter:label2\" content=\"Est. tempo de leitura\" \/>\n\t<meta name=\"twitter:data2\" content=\"4 minutos\" \/>\n<script type=\"application\/ld+json\" class=\"yoast-schema-graph\">{\"@context\":\"https:\/\/schema.org\",\"@graph\":[{\"@type\":\"Article\",\"@id\":\"https:\/\/www.notibras.com\/site\/policia-prende-domestica-por-furto-na-casa-da-patroa\/#article\",\"isPartOf\":{\"@id\":\"https:\/\/www.notibras.com\/site\/policia-prende-domestica-por-furto-na-casa-da-patroa\/\"},\"author\":{\"name\":\"Reda\u00e7\u00e3o\",\"@id\":\"https:\/\/www.notibras.com\/site\/#\/schema\/person\/36ab0979449956132d3e5b517ea76ac8\"},\"headline\":\"Pol\u00edcia prende dom\u00e9stica por furto na casa da patroa\",\"datePublished\":\"2023-12-12T10:50:18+00:00\",\"dateModified\":\"2023-12-12T11:54:32+00:00\",\"mainEntityOfPage\":{\"@id\":\"https:\/\/www.notibras.com\/site\/policia-prende-domestica-por-furto-na-casa-da-patroa\/\"},\"wordCount\":784,\"publisher\":{\"@id\":\"https:\/\/www.notibras.com\/site\/#organization\"},\"image\":{\"@id\":\"https:\/\/www.notibras.com\/site\/policia-prende-domestica-por-furto-na-casa-da-patroa\/#primaryimage\"},\"thumbnailUrl\":\"https:\/\/www.notibras.com\/site\/wp-content\/uploads\/2023\/12\/c4b529e3-9b5b-443d-830c-201b5ee6c826.jpeg\",\"articleSection\":[\"Quadradinho em Foco\"],\"inLanguage\":\"pt-BR\"},{\"@type\":\"WebPage\",\"@id\":\"https:\/\/www.notibras.com\/site\/policia-prende-domestica-por-furto-na-casa-da-patroa\/\",\"url\":\"https:\/\/www.notibras.com\/site\/policia-prende-domestica-por-furto-na-casa-da-patroa\/\",\"name\":\"Pol\u00edcia prende dom\u00e9stica por furto na casa da patroa - Notibras\",\"isPartOf\":{\"@id\":\"https:\/\/www.notibras.com\/site\/#website\"},\"primaryImageOfPage\":{\"@id\":\"https:\/\/www.notibras.com\/site\/policia-prende-domestica-por-furto-na-casa-da-patroa\/#primaryimage\"},\"image\":{\"@id\":\"https:\/\/www.notibras.com\/site\/policia-prende-domestica-por-furto-na-casa-da-patroa\/#primaryimage\"},\"thumbnailUrl\":\"https:\/\/www.notibras.com\/site\/wp-content\/uploads\/2023\/12\/c4b529e3-9b5b-443d-830c-201b5ee6c826.jpeg\",\"datePublished\":\"2023-12-12T10:50:18+00:00\",\"dateModified\":\"2023-12-12T11:54:32+00:00\",\"breadcrumb\":{\"@id\":\"https:\/\/www.notibras.com\/site\/policia-prende-domestica-por-furto-na-casa-da-patroa\/#breadcrumb\"},\"inLanguage\":\"pt-BR\",\"potentialAction\":[{\"@type\":\"ReadAction\",\"target\":[\"https:\/\/www.notibras.com\/site\/policia-prende-domestica-por-furto-na-casa-da-patroa\/\"]}]},{\"@type\":\"ImageObject\",\"inLanguage\":\"pt-BR\",\"@id\":\"https:\/\/www.notibras.com\/site\/policia-prende-domestica-por-furto-na-casa-da-patroa\/#primaryimage\",\"url\":\"https:\/\/www.notibras.com\/site\/wp-content\/uploads\/2023\/12\/c4b529e3-9b5b-443d-830c-201b5ee6c826.jpeg\",\"contentUrl\":\"https:\/\/www.notibras.com\/site\/wp-content\/uploads\/2023\/12\/c4b529e3-9b5b-443d-830c-201b5ee6c826.jpeg\",\"width\":1600,\"height\":900},{\"@type\":\"BreadcrumbList\",\"@id\":\"https:\/\/www.notibras.com\/site\/policia-prende-domestica-por-furto-na-casa-da-patroa\/#breadcrumb\",\"itemListElement\":[{\"@type\":\"ListItem\",\"position\":1,\"name\":\"In\u00edcio\",\"item\":\"https:\/\/www.notibras.com\/site\/\"},{\"@type\":\"ListItem\",\"position\":2,\"name\":\"Pol\u00edcia prende dom\u00e9stica por furto na casa da patroa\"}]},{\"@type\":\"WebSite\",\"@id\":\"https:\/\/www.notibras.com\/site\/#website\",\"url\":\"https:\/\/www.notibras.com\/site\/\",\"name\":\"Notibras\",\"description\":\"Not\u00edcias de Bras\u00edlia, do Brasil e do Mundo\",\"publisher\":{\"@id\":\"https:\/\/www.notibras.com\/site\/#organization\"},\"potentialAction\":[{\"@type\":\"SearchAction\",\"target\":{\"@type\":\"EntryPoint\",\"urlTemplate\":\"https:\/\/www.notibras.com\/site\/?s={search_term_string}\"},\"query-input\":{\"@type\":\"PropertyValueSpecification\",\"valueRequired\":true,\"valueName\":\"search_term_string\"}}],\"inLanguage\":\"pt-BR\"},{\"@type\":\"Organization\",\"@id\":\"https:\/\/www.notibras.com\/site\/#organization\",\"name\":\"Grupo Notibras de Comunica\u00e7\u00e3o\",\"url\":\"https:\/\/www.notibras.com\/site\/\",\"logo\":{\"@type\":\"ImageObject\",\"inLanguage\":\"pt-BR\",\"@id\":\"https:\/\/www.notibras.com\/site\/#\/schema\/logo\/image\/\",\"url\":\"https:\/\/www.notibras.com\/site\/wp-content\/uploads\/2023\/01\/notibras23.png\",\"contentUrl\":\"https:\/\/www.notibras.com\/site\/wp-content\/uploads\/2023\/01\/notibras23.png\",\"width\":350,\"height\":87,\"caption\":\"Grupo Notibras de Comunica\u00e7\u00e3o\"},\"image\":{\"@id\":\"https:\/\/www.notibras.com\/site\/#\/schema\/logo\/image\/\"},\"sameAs\":[\"https:\/\/www.facebook.com\/notibras\/\",\"https:\/\/x.com\/Notibras\",\"https:\/\/www.instagram.com\/notibras\/\"]},{\"@type\":\"Person\",\"@id\":\"https:\/\/www.notibras.com\/site\/#\/schema\/person\/36ab0979449956132d3e5b517ea76ac8\",\"name\":\"Reda\u00e7\u00e3o\",\"image\":{\"@type\":\"ImageObject\",\"inLanguage\":\"pt-BR\",\"@id\":\"https:\/\/secure.gravatar.com\/avatar\/e0a867bdedb85fd243eadf09663511f96fc81e0720a4a42581f334ad4303aa6b?s=96&d=mm&r=g\",\"url\":\"https:\/\/secure.gravatar.com\/avatar\/e0a867bdedb85fd243eadf09663511f96fc81e0720a4a42581f334ad4303aa6b?s=96&d=mm&r=g\",\"contentUrl\":\"https:\/\/secure.gravatar.com\/avatar\/e0a867bdedb85fd243eadf09663511f96fc81e0720a4a42581f334ad4303aa6b?s=96&d=mm&r=g\",\"caption\":\"Reda\u00e7\u00e3o\"}}]}<\/script>\n<!-- \/ Yoast SEO plugin. -->","yoast_head_json":{"title":"Pol\u00edcia prende dom\u00e9stica por furto na casa da patroa - Notibras","robots":{"index":"index","follow":"follow","max-snippet":"max-snippet:-1","max-image-preview":"max-image-preview:large","max-video-preview":"max-video-preview:-1"},"canonical":"https:\/\/www.notibras.com\/site\/policia-prende-domestica-por-furto-na-casa-da-patroa\/","og_locale":"pt_BR","og_type":"article","og_title":"Pol\u00edcia prende dom\u00e9stica por furto na casa da patroa - Notibras","og_description":"Na noite de ontem, a PCDF, atrav\u00e9s da 05\u00aa DP, deflagrou a opera\u00e7\u00e3o M\u00c3OS LEVES e prendeu uma empregada dom\u00e9stica de 34 anos de idade, ap\u00f3s ela ter subtra\u00eddo valores do interior do cofre da casa de sua patroa, uma servidora p\u00fablica de 42 anos de idade, fato ocorrido em um apartamento situado no Noroeste. [&hellip;]","og_url":"https:\/\/www.notibras.com\/site\/policia-prende-domestica-por-furto-na-casa-da-patroa\/","og_site_name":"Notibras","article_publisher":"https:\/\/www.facebook.com\/notibras\/","article_published_time":"2023-12-12T10:50:18+00:00","article_modified_time":"2023-12-12T11:54:32+00:00","og_image":[{"width":1600,"height":900,"url":"https:\/\/www.notibras.com\/site\/wp-content\/uploads\/2023\/12\/c4b529e3-9b5b-443d-830c-201b5ee6c826.jpeg","type":"image\/jpeg"}],"author":"Reda\u00e7\u00e3o","twitter_card":"summary_large_image","twitter_creator":"@Notibras","twitter_site":"@Notibras","twitter_misc":{"Escrito por":"Reda\u00e7\u00e3o","Est. tempo de leitura":"4 minutos"},"schema":{"@context":"https:\/\/schema.org","@graph":[{"@type":"Article","@id":"https:\/\/www.notibras.com\/site\/policia-prende-domestica-por-furto-na-casa-da-patroa\/#article","isPartOf":{"@id":"https:\/\/www.notibras.com\/site\/policia-prende-domestica-por-furto-na-casa-da-patroa\/"},"author":{"name":"Reda\u00e7\u00e3o","@id":"https:\/\/www.notibras.com\/site\/#\/schema\/person\/36ab0979449956132d3e5b517ea76ac8"},"headline":"Pol\u00edcia prende dom\u00e9stica por furto na casa da patroa","datePublished":"2023-12-12T10:50:18+00:00","dateModified":"2023-12-12T11:54:32+00:00","mainEntityOfPage":{"@id":"https:\/\/www.notibras.com\/site\/policia-prende-domestica-por-furto-na-casa-da-patroa\/"},"wordCount":784,"publisher":{"@id":"https:\/\/www.notibras.com\/site\/#organization"},"image":{"@id":"https:\/\/www.notibras.com\/site\/policia-prende-domestica-por-furto-na-casa-da-patroa\/#primaryimage"},"thumbnailUrl":"https:\/\/www.notibras.com\/site\/wp-content\/uploads\/2023\/12\/c4b529e3-9b5b-443d-830c-201b5ee6c826.jpeg","articleSection":["Quadradinho em Foco"],"inLanguage":"pt-BR"},{"@type":"WebPage","@id":"https:\/\/www.notibras.com\/site\/policia-prende-domestica-por-furto-na-casa-da-patroa\/","url":"https:\/\/www.notibras.com\/site\/policia-prende-domestica-por-furto-na-casa-da-patroa\/","name":"Pol\u00edcia prende dom\u00e9stica por furto na casa da patroa - Notibras","isPartOf":{"@id":"https:\/\/www.notibras.com\/site\/#website"},"primaryImageOfPage":{"@id":"https:\/\/www.notibras.com\/site\/policia-prende-domestica-por-furto-na-casa-da-patroa\/#primaryimage"},"image":{"@id":"https:\/\/www.notibras.com\/site\/policia-prende-domestica-por-furto-na-casa-da-patroa\/#primaryimage"},"thumbnailUrl":"https:\/\/www.notibras.com\/site\/wp-content\/uploads\/2023\/12\/c4b529e3-9b5b-443d-830c-201b5ee6c826.jpeg","datePublished":"2023-12-12T10:50:18+00:00","dateModified":"2023-12-12T11:54:32+00:00","breadcrumb":{"@id":"https:\/\/www.notibras.com\/site\/policia-prende-domestica-por-furto-na-casa-da-patroa\/#breadcrumb"},"inLanguage":"pt-BR","potentialAction":[{"@type":"ReadAction","target":["https:\/\/www.notibras.com\/site\/policia-prende-domestica-por-furto-na-casa-da-patroa\/"]}]},{"@type":"ImageObject","inLanguage":"pt-BR","@id":"https:\/\/www.notibras.com\/site\/policia-prende-domestica-por-furto-na-casa-da-patroa\/#primaryimage","url":"https:\/\/www.notibras.com\/site\/wp-content\/uploads\/2023\/12\/c4b529e3-9b5b-443d-830c-201b5ee6c826.jpeg","contentUrl":"https:\/\/www.notibras.com\/site\/wp-content\/uploads\/2023\/12\/c4b529e3-9b5b-443d-830c-201b5ee6c826.jpeg","width":1600,"height":900},{"@type":"BreadcrumbList","@id":"https:\/\/www.notibras.com\/site\/policia-prende-domestica-por-furto-na-casa-da-patroa\/#breadcrumb","itemListElement":[{"@type":"ListItem","position":1,"name":"In\u00edcio","item":"https:\/\/www.notibras.com\/site\/"},{"@type":"ListItem","position":2,"name":"Pol\u00edcia prende dom\u00e9stica por furto na casa da patroa"}]},{"@type":"WebSite","@id":"https:\/\/www.notibras.com\/site\/#website","url":"https:\/\/www.notibras.com\/site\/","name":"Notibras","description":"Not\u00edcias de Bras\u00edlia, do Brasil e do Mundo","publisher":{"@id":"https:\/\/www.notibras.com\/site\/#organization"},"potentialAction":[{"@type":"SearchAction","target":{"@type":"EntryPoint","urlTemplate":"https:\/\/www.notibras.com\/site\/?s={search_term_string}"},"query-input":{"@type":"PropertyValueSpecification","valueRequired":true,"valueName":"search_term_string"}}],"inLanguage":"pt-BR"},{"@type":"Organization","@id":"https:\/\/www.notibras.com\/site\/#organization","name":"Grupo Notibras de Comunica\u00e7\u00e3o","url":"https:\/\/www.notibras.com\/site\/","logo":{"@type":"ImageObject","inLanguage":"pt-BR","@id":"https:\/\/www.notibras.com\/site\/#\/schema\/logo\/image\/","url":"https:\/\/www.notibras.com\/site\/wp-content\/uploads\/2023\/01\/notibras23.png","contentUrl":"https:\/\/www.notibras.com\/site\/wp-content\/uploads\/2023\/01\/notibras23.png","width":350,"height":87,"caption":"Grupo Notibras de Comunica\u00e7\u00e3o"},"image":{"@id":"https:\/\/www.notibras.com\/site\/#\/schema\/logo\/image\/"},"sameAs":["https:\/\/www.facebook.com\/notibras\/","https:\/\/x.com\/Notibras","https:\/\/www.instagram.com\/notibras\/"]},{"@type":"Person","@id":"https:\/\/www.notibras.com\/site\/#\/schema\/person\/36ab0979449956132d3e5b517ea76ac8","name":"Reda\u00e7\u00e3o","image":{"@type":"ImageObject","inLanguage":"pt-BR","@id":"https:\/\/secure.gravatar.com\/avatar\/e0a867bdedb85fd243eadf09663511f96fc81e0720a4a42581f334ad4303aa6b?s=96&d=mm&r=g","url":"https:\/\/secure.gravatar.com\/avatar\/e0a867bdedb85fd243eadf09663511f96fc81e0720a4a42581f334ad4303aa6b?s=96&d=mm&r=g","contentUrl":"https:\/\/secure.gravatar.com\/avatar\/e0a867bdedb85fd243eadf09663511f96fc81e0720a4a42581f334ad4303aa6b?s=96&d=mm&r=g","caption":"Reda\u00e7\u00e3o"}}]}},"amp_enabled":true,"_links":{"self":[{"href":"https:\/\/www.notibras.com\/site\/wp-json\/wp\/v2\/posts\/319054","targetHints":{"allow":["GET"]}}],"collection":[{"href":"https:\/\/www.notibras.com\/site\/wp-json\/wp\/v2\/posts"}],"about":[{"href":"https:\/\/www.notibras.com\/site\/wp-json\/wp\/v2\/types\/post"}],"author":[{"embeddable":true,"href":"https:\/\/www.notibras.com\/site\/wp-json\/wp\/v2\/users\/2"}],"replies":[{"embeddable":true,"href":"https:\/\/www.notibras.com\/site\/wp-json\/wp\/v2\/comments?post=319054"}],"version-history":[{"count":1,"href":"https:\/\/www.notibras.com\/site\/wp-json\/wp\/v2\/posts\/319054\/revisions"}],"predecessor-version":[{"id":319056,"href":"https:\/\/www.notibras.com\/site\/wp-json\/wp\/v2\/posts\/319054\/revisions\/319056"}],"wp:featuredmedia":[{"embeddable":true,"href":"https:\/\/www.notibras.com\/site\/wp-json\/wp\/v2\/media\/319055"}],"wp:attachment":[{"href":"https:\/\/www.notibras.com\/site\/wp-json\/wp\/v2\/media?parent=319054"}],"wp:term":[{"taxonomy":"category","embeddable":true,"href":"https:\/\/www.notibras.com\/site\/wp-json\/wp\/v2\/categories?post=319054"},{"taxonomy":"post_tag","embeddable":true,"href":"https:\/\/www.notibras.com\/site\/wp-json\/wp\/v2\/tags?post=319054"}],"curies":[{"name":"wp","href":"https:\/\/api.w.org\/{rel}","templated":true}]}}