{"id":319070,"date":"2023-12-13T07:08:53","date_gmt":"2023-12-13T10:08:53","guid":{"rendered":"https:\/\/www.notibras.com\/site\/?p=319070"},"modified":"2023-12-13T07:23:53","modified_gmt":"2023-12-13T10:23:53","slug":"uniao-de-bivar-e-rueda-vira-alicerce-para-lula-e-ibaneis","status":"publish","type":"post","link":"https:\/\/www.notibras.com\/site\/uniao-de-bivar-e-rueda-vira-alicerce-para-lula-e-ibaneis\/","title":{"rendered":"Uni\u00e3o, de Bivar e Rueda, vira alicerce para Lula e Ibaneis"},"content":{"rendered":"<p>Di\u00e1logo, parceria e objetivos convergentes s\u00e3o os principais ingredientes para uma boa base de sustenta\u00e7\u00e3o de qualquer governo democr\u00e1tico. S\u00e3o, em s\u00edntese, o conte\u00fado b\u00e1sico para tornar poss\u00edvel a arte da pol\u00edtica, seja ela nacional ou regional. Ainda que determinados partidos tenham princ\u00edpios pol\u00edticos e econ\u00f4micos diferentes, o que realmente deve importar \u00e9 o ato nobre de prezar pelos interesses da sociedade e pelo fortalecimento da democracia. Considerando que a pol\u00edtica realmente \u00e9 uma arte, diria, sem margem de erro para cima ou para baixo, que nem todos os pol\u00edticos s\u00e3o artistas.<\/p>\n<p>Merecem respeito e votos os que se esmeram para subir ao palco e se comprometer com a constru\u00e7\u00e3o de relacionamentos inteligentes e capazes de ajudar no desenvolvimento de projetos inovadores para o bem comum. No bom e casti\u00e7o portugu\u00eas, pol\u00edtica \u00e9 a ci\u00eancia que tem por objetivo a felicidade humana. N\u00e3o tenho \u2013 e n\u00e3o quero &#8211; vincula\u00e7\u00f5es partid\u00e1rias, mas acompanho o dia a dia dos pol\u00edticos como se fosse um deles. Sem qualquer conota\u00e7\u00e3o de acerto de contas, imposs\u00edvel n\u00e3o comparar os governos de Luiz In\u00e1cio e de Ibaneis Rocha com seus simulacros anteriores. Vale ressaltar que, para atingir o est\u00e1gio de governantes com boa ou \u00f3tima aprova\u00e7\u00e3o popular, Lula e Ibaneis nunca estiveram s\u00f3s.<\/p>\n<p>Ao lado de ambos, h\u00e1 um colegiado de pol\u00edticos comprometidos com o povo e com o Estado Democr\u00e1tico de Direito. Sem rasga\u00e7\u00e3o de seda, \u00e9 o caso do deputado reeleito Luciano Bivar, de cuja biografia eu mesmo resolvi apagar o verbete que o coloca como ex-presidente do PSL, legenda que lan\u00e7ou a candidatura de Jair Bolsonaro em 2018. Atual comandante do Uni\u00e3o Brasil, sigla que abriga parlamentares de peso e leais ao Brasil, Bivar e seu vice Ant\u00f4nio Eduardo Gon\u00e7alves de Rueda s\u00e3o parte do alicerce do petismo de Lula e do emedebismo de Ibaneis.<\/p>\n<p>Para quem n\u00e3o se lembra, em 2022 ele desistiu da candidatura ao Pal\u00e1cio do Planalto para apoiar o projeto de Luiz In\u00e1cio, que, em resposta ao apoio, decidiu n\u00e3o dormir sentado na cadeira de presidente. Dispostos a seguir firme com as propostas e a obriga\u00e7\u00e3o de proteger a dignidade individual da popula\u00e7\u00e3o, atuando de maneira desenvolvimentista, liberal e independente, Bivar e Rueda n\u00e3o abrem m\u00e3o de alternativas vi\u00e1veis, gest\u00f5es eficientes e o compromisso de criar solu\u00e7\u00f5es reais para a vida dos brasileiros.<\/p>\n<p>\u00c0 frente de tr\u00eas minist\u00e9rios no governo Lula e de \u00f3rg\u00e3os de ponta no Governo do Distrito Federal, o Uni\u00e3o Brasil, apesar dos complicadores naturais de uma grande e diversa legenda, fechou com Luiz In\u00e1cio e Ibaneis Rocha desde o lan\u00e7amento das candidaturas do presidente e do governador eleitos. Como Bivar deve passar o comando do partido para o advogado Ant\u00f4nio de Rueda em fevereiro, a tese de candidatura pr\u00f3pria ao Pal\u00e1cio do Planalto em 2026 deve ser amplificada. No entanto, at\u00e9 l\u00e1 a expectativa \u00e9 no sentido de que o Uni\u00e3o Brasil, fruto da fus\u00e3o entre PSL e Democratas, mantenha o posicionamento em favor do Brasil e da democracia.<\/p>\n<p>Ainda que seja contra pautas ideol\u00f3gicas e a favor de um ajuste fiscal mais r\u00edgido, a dire\u00e7\u00e3o da legenda continuar\u00e1 se caracterizando como moderada e como alternativa ao extremismo que assustou o pa\u00eds entre 2018 e 2022. Al\u00e9m de trabalhar pela governabilidade e sustentabilidade dos governos Lula e Ibaneis, a ideia das lideran\u00e7as do Uni\u00e3o Brasil \u00e9 mostrar ao povo brasileiro que, em pol\u00edtica, o que n\u00e3o \u00e9 poss\u00edvel \u00e9 falso.<\/p>\n","protected":false},"excerpt":{"rendered":"<p>Di\u00e1logo, parceria e objetivos convergentes s\u00e3o os principais ingredientes para uma boa base de sustenta\u00e7\u00e3o de qualquer governo democr\u00e1tico. S\u00e3o, em s\u00edntese, o conte\u00fado b\u00e1sico para tornar poss\u00edvel a arte da pol\u00edtica, seja ela nacional ou regional. Ainda que determinados partidos tenham princ\u00edpios pol\u00edticos e econ\u00f4micos diferentes, o que realmente deve importar \u00e9 o ato [&hellip;]<\/p>\n","protected":false},"author":2,"featured_media":319071,"comment_status":"closed","ping_status":"closed","sticky":false,"template":"","format":"standard","meta":{"_acf_changed":false,"footnotes":""},"categories":[161],"tags":[95],"class_list":["post-319070","post","type-post","status-publish","format-standard","has-post-thumbnail","hentry","category-quadradinho-em-foco","tag-capa"],"acf":[],"yoast_head":"<!-- This site is optimized with the Yoast SEO plugin v27.2 - https:\/\/yoast.com\/product\/yoast-seo-wordpress\/ -->\n<title>Uni\u00e3o, de Bivar e Rueda, vira alicerce para Lula e Ibaneis - Notibras<\/title>\n<meta name=\"robots\" content=\"index, follow, max-snippet:-1, max-image-preview:large, max-video-preview:-1\" \/>\n<link rel=\"canonical\" href=\"https:\/\/www.notibras.com\/site\/uniao-de-bivar-e-rueda-vira-alicerce-para-lula-e-ibaneis\/\" \/>\n<meta property=\"og:locale\" content=\"pt_BR\" \/>\n<meta property=\"og:type\" content=\"article\" \/>\n<meta property=\"og:title\" content=\"Uni\u00e3o, de Bivar e Rueda, vira alicerce para Lula e Ibaneis - Notibras\" \/>\n<meta property=\"og:description\" content=\"Di\u00e1logo, parceria e objetivos convergentes s\u00e3o os principais ingredientes para uma boa base de sustenta\u00e7\u00e3o de qualquer governo democr\u00e1tico. S\u00e3o, em s\u00edntese, o conte\u00fado b\u00e1sico para tornar poss\u00edvel a arte da pol\u00edtica, seja ela nacional ou regional. Ainda que determinados partidos tenham princ\u00edpios pol\u00edticos e econ\u00f4micos diferentes, o que realmente deve importar \u00e9 o ato [&hellip;]\" \/>\n<meta property=\"og:url\" content=\"https:\/\/www.notibras.com\/site\/uniao-de-bivar-e-rueda-vira-alicerce-para-lula-e-ibaneis\/\" \/>\n<meta property=\"og:site_name\" content=\"Notibras\" \/>\n<meta property=\"article:publisher\" content=\"https:\/\/www.facebook.com\/notibras\/\" \/>\n<meta property=\"article:published_time\" content=\"2023-12-13T10:08:53+00:00\" \/>\n<meta property=\"article:modified_time\" content=\"2023-12-13T10:23:53+00:00\" \/>\n<meta property=\"og:image\" content=\"https:\/\/www.notibras.com\/site\/wp-content\/uploads\/2023\/12\/bivarlula.webp\" \/>\n\t<meta property=\"og:image:width\" content=\"770\" \/>\n\t<meta property=\"og:image:height\" content=\"512\" \/>\n\t<meta property=\"og:image:type\" content=\"image\/webp\" \/>\n<meta name=\"author\" content=\"Reda\u00e7\u00e3o\" \/>\n<meta name=\"twitter:card\" content=\"summary_large_image\" \/>\n<meta name=\"twitter:creator\" content=\"@Notibras\" \/>\n<meta name=\"twitter:site\" content=\"@Notibras\" \/>\n<meta name=\"twitter:label1\" content=\"Escrito por\" \/>\n\t<meta name=\"twitter:data1\" content=\"Reda\u00e7\u00e3o\" \/>\n\t<meta name=\"twitter:label2\" content=\"Est. tempo de leitura\" \/>\n\t<meta name=\"twitter:data2\" content=\"4 minutos\" \/>\n<script type=\"application\/ld+json\" class=\"yoast-schema-graph\">{\"@context\":\"https:\/\/schema.org\",\"@graph\":[{\"@type\":\"Article\",\"@id\":\"https:\/\/www.notibras.com\/site\/uniao-de-bivar-e-rueda-vira-alicerce-para-lula-e-ibaneis\/#article\",\"isPartOf\":{\"@id\":\"https:\/\/www.notibras.com\/site\/uniao-de-bivar-e-rueda-vira-alicerce-para-lula-e-ibaneis\/\"},\"author\":{\"name\":\"Reda\u00e7\u00e3o\",\"@id\":\"https:\/\/www.notibras.com\/site\/#\/schema\/person\/36ab0979449956132d3e5b517ea76ac8\"},\"headline\":\"Uni\u00e3o, de Bivar e Rueda, vira alicerce para Lula e Ibaneis\",\"datePublished\":\"2023-12-13T10:08:53+00:00\",\"dateModified\":\"2023-12-13T10:23:53+00:00\",\"mainEntityOfPage\":{\"@id\":\"https:\/\/www.notibras.com\/site\/uniao-de-bivar-e-rueda-vira-alicerce-para-lula-e-ibaneis\/\"},\"wordCount\":636,\"publisher\":{\"@id\":\"https:\/\/www.notibras.com\/site\/#organization\"},\"image\":{\"@id\":\"https:\/\/www.notibras.com\/site\/uniao-de-bivar-e-rueda-vira-alicerce-para-lula-e-ibaneis\/#primaryimage\"},\"thumbnailUrl\":\"https:\/\/www.notibras.com\/site\/wp-content\/uploads\/2023\/12\/bivarlula.webp\",\"keywords\":[\"capa\"],\"articleSection\":[\"Quadradinho em Foco\"],\"inLanguage\":\"pt-BR\"},{\"@type\":\"WebPage\",\"@id\":\"https:\/\/www.notibras.com\/site\/uniao-de-bivar-e-rueda-vira-alicerce-para-lula-e-ibaneis\/\",\"url\":\"https:\/\/www.notibras.com\/site\/uniao-de-bivar-e-rueda-vira-alicerce-para-lula-e-ibaneis\/\",\"name\":\"Uni\u00e3o, de Bivar e Rueda, vira alicerce para Lula e Ibaneis - Notibras\",\"isPartOf\":{\"@id\":\"https:\/\/www.notibras.com\/site\/#website\"},\"primaryImageOfPage\":{\"@id\":\"https:\/\/www.notibras.com\/site\/uniao-de-bivar-e-rueda-vira-alicerce-para-lula-e-ibaneis\/#primaryimage\"},\"image\":{\"@id\":\"https:\/\/www.notibras.com\/site\/uniao-de-bivar-e-rueda-vira-alicerce-para-lula-e-ibaneis\/#primaryimage\"},\"thumbnailUrl\":\"https:\/\/www.notibras.com\/site\/wp-content\/uploads\/2023\/12\/bivarlula.webp\",\"datePublished\":\"2023-12-13T10:08:53+00:00\",\"dateModified\":\"2023-12-13T10:23:53+00:00\",\"breadcrumb\":{\"@id\":\"https:\/\/www.notibras.com\/site\/uniao-de-bivar-e-rueda-vira-alicerce-para-lula-e-ibaneis\/#breadcrumb\"},\"inLanguage\":\"pt-BR\",\"potentialAction\":[{\"@type\":\"ReadAction\",\"target\":[\"https:\/\/www.notibras.com\/site\/uniao-de-bivar-e-rueda-vira-alicerce-para-lula-e-ibaneis\/\"]}]},{\"@type\":\"ImageObject\",\"inLanguage\":\"pt-BR\",\"@id\":\"https:\/\/www.notibras.com\/site\/uniao-de-bivar-e-rueda-vira-alicerce-para-lula-e-ibaneis\/#primaryimage\",\"url\":\"https:\/\/www.notibras.com\/site\/wp-content\/uploads\/2023\/12\/bivarlula.webp\",\"contentUrl\":\"https:\/\/www.notibras.com\/site\/wp-content\/uploads\/2023\/12\/bivarlula.webp\",\"width\":770,\"height\":512},{\"@type\":\"BreadcrumbList\",\"@id\":\"https:\/\/www.notibras.com\/site\/uniao-de-bivar-e-rueda-vira-alicerce-para-lula-e-ibaneis\/#breadcrumb\",\"itemListElement\":[{\"@type\":\"ListItem\",\"position\":1,\"name\":\"In\u00edcio\",\"item\":\"https:\/\/www.notibras.com\/site\/\"},{\"@type\":\"ListItem\",\"position\":2,\"name\":\"Uni\u00e3o, de Bivar e Rueda, vira alicerce para Lula e Ibaneis\"}]},{\"@type\":\"WebSite\",\"@id\":\"https:\/\/www.notibras.com\/site\/#website\",\"url\":\"https:\/\/www.notibras.com\/site\/\",\"name\":\"Notibras\",\"description\":\"Not\u00edcias de Bras\u00edlia, do Brasil e do Mundo\",\"publisher\":{\"@id\":\"https:\/\/www.notibras.com\/site\/#organization\"},\"potentialAction\":[{\"@type\":\"SearchAction\",\"target\":{\"@type\":\"EntryPoint\",\"urlTemplate\":\"https:\/\/www.notibras.com\/site\/?s={search_term_string}\"},\"query-input\":{\"@type\":\"PropertyValueSpecification\",\"valueRequired\":true,\"valueName\":\"search_term_string\"}}],\"inLanguage\":\"pt-BR\"},{\"@type\":\"Organization\",\"@id\":\"https:\/\/www.notibras.com\/site\/#organization\",\"name\":\"Grupo Notibras de Comunica\u00e7\u00e3o\",\"url\":\"https:\/\/www.notibras.com\/site\/\",\"logo\":{\"@type\":\"ImageObject\",\"inLanguage\":\"pt-BR\",\"@id\":\"https:\/\/www.notibras.com\/site\/#\/schema\/logo\/image\/\",\"url\":\"https:\/\/www.notibras.com\/site\/wp-content\/uploads\/2023\/01\/notibras23.png\",\"contentUrl\":\"https:\/\/www.notibras.com\/site\/wp-content\/uploads\/2023\/01\/notibras23.png\",\"width\":350,\"height\":87,\"caption\":\"Grupo Notibras de Comunica\u00e7\u00e3o\"},\"image\":{\"@id\":\"https:\/\/www.notibras.com\/site\/#\/schema\/logo\/image\/\"},\"sameAs\":[\"https:\/\/www.facebook.com\/notibras\/\",\"https:\/\/x.com\/Notibras\",\"https:\/\/www.instagram.com\/notibras\/\"]},{\"@type\":\"Person\",\"@id\":\"https:\/\/www.notibras.com\/site\/#\/schema\/person\/36ab0979449956132d3e5b517ea76ac8\",\"name\":\"Reda\u00e7\u00e3o\",\"image\":{\"@type\":\"ImageObject\",\"inLanguage\":\"pt-BR\",\"@id\":\"https:\/\/secure.gravatar.com\/avatar\/e0a867bdedb85fd243eadf09663511f96fc81e0720a4a42581f334ad4303aa6b?s=96&d=mm&r=g\",\"url\":\"https:\/\/secure.gravatar.com\/avatar\/e0a867bdedb85fd243eadf09663511f96fc81e0720a4a42581f334ad4303aa6b?s=96&d=mm&r=g\",\"contentUrl\":\"https:\/\/secure.gravatar.com\/avatar\/e0a867bdedb85fd243eadf09663511f96fc81e0720a4a42581f334ad4303aa6b?s=96&d=mm&r=g\",\"caption\":\"Reda\u00e7\u00e3o\"}}]}<\/script>\n<!-- \/ Yoast SEO plugin. -->","yoast_head_json":{"title":"Uni\u00e3o, de Bivar e Rueda, vira alicerce para Lula e Ibaneis - Notibras","robots":{"index":"index","follow":"follow","max-snippet":"max-snippet:-1","max-image-preview":"max-image-preview:large","max-video-preview":"max-video-preview:-1"},"canonical":"https:\/\/www.notibras.com\/site\/uniao-de-bivar-e-rueda-vira-alicerce-para-lula-e-ibaneis\/","og_locale":"pt_BR","og_type":"article","og_title":"Uni\u00e3o, de Bivar e Rueda, vira alicerce para Lula e Ibaneis - Notibras","og_description":"Di\u00e1logo, parceria e objetivos convergentes s\u00e3o os principais ingredientes para uma boa base de sustenta\u00e7\u00e3o de qualquer governo democr\u00e1tico. S\u00e3o, em s\u00edntese, o conte\u00fado b\u00e1sico para tornar poss\u00edvel a arte da pol\u00edtica, seja ela nacional ou regional. Ainda que determinados partidos tenham princ\u00edpios pol\u00edticos e econ\u00f4micos diferentes, o que realmente deve importar \u00e9 o ato [&hellip;]","og_url":"https:\/\/www.notibras.com\/site\/uniao-de-bivar-e-rueda-vira-alicerce-para-lula-e-ibaneis\/","og_site_name":"Notibras","article_publisher":"https:\/\/www.facebook.com\/notibras\/","article_published_time":"2023-12-13T10:08:53+00:00","article_modified_time":"2023-12-13T10:23:53+00:00","og_image":[{"width":770,"height":512,"url":"https:\/\/www.notibras.com\/site\/wp-content\/uploads\/2023\/12\/bivarlula.webp","type":"image\/webp"}],"author":"Reda\u00e7\u00e3o","twitter_card":"summary_large_image","twitter_creator":"@Notibras","twitter_site":"@Notibras","twitter_misc":{"Escrito por":"Reda\u00e7\u00e3o","Est. tempo de leitura":"4 minutos"},"schema":{"@context":"https:\/\/schema.org","@graph":[{"@type":"Article","@id":"https:\/\/www.notibras.com\/site\/uniao-de-bivar-e-rueda-vira-alicerce-para-lula-e-ibaneis\/#article","isPartOf":{"@id":"https:\/\/www.notibras.com\/site\/uniao-de-bivar-e-rueda-vira-alicerce-para-lula-e-ibaneis\/"},"author":{"name":"Reda\u00e7\u00e3o","@id":"https:\/\/www.notibras.com\/site\/#\/schema\/person\/36ab0979449956132d3e5b517ea76ac8"},"headline":"Uni\u00e3o, de Bivar e Rueda, vira alicerce para Lula e Ibaneis","datePublished":"2023-12-13T10:08:53+00:00","dateModified":"2023-12-13T10:23:53+00:00","mainEntityOfPage":{"@id":"https:\/\/www.notibras.com\/site\/uniao-de-bivar-e-rueda-vira-alicerce-para-lula-e-ibaneis\/"},"wordCount":636,"publisher":{"@id":"https:\/\/www.notibras.com\/site\/#organization"},"image":{"@id":"https:\/\/www.notibras.com\/site\/uniao-de-bivar-e-rueda-vira-alicerce-para-lula-e-ibaneis\/#primaryimage"},"thumbnailUrl":"https:\/\/www.notibras.com\/site\/wp-content\/uploads\/2023\/12\/bivarlula.webp","keywords":["capa"],"articleSection":["Quadradinho em Foco"],"inLanguage":"pt-BR"},{"@type":"WebPage","@id":"https:\/\/www.notibras.com\/site\/uniao-de-bivar-e-rueda-vira-alicerce-para-lula-e-ibaneis\/","url":"https:\/\/www.notibras.com\/site\/uniao-de-bivar-e-rueda-vira-alicerce-para-lula-e-ibaneis\/","name":"Uni\u00e3o, de Bivar e Rueda, vira alicerce para Lula e Ibaneis - Notibras","isPartOf":{"@id":"https:\/\/www.notibras.com\/site\/#website"},"primaryImageOfPage":{"@id":"https:\/\/www.notibras.com\/site\/uniao-de-bivar-e-rueda-vira-alicerce-para-lula-e-ibaneis\/#primaryimage"},"image":{"@id":"https:\/\/www.notibras.com\/site\/uniao-de-bivar-e-rueda-vira-alicerce-para-lula-e-ibaneis\/#primaryimage"},"thumbnailUrl":"https:\/\/www.notibras.com\/site\/wp-content\/uploads\/2023\/12\/bivarlula.webp","datePublished":"2023-12-13T10:08:53+00:00","dateModified":"2023-12-13T10:23:53+00:00","breadcrumb":{"@id":"https:\/\/www.notibras.com\/site\/uniao-de-bivar-e-rueda-vira-alicerce-para-lula-e-ibaneis\/#breadcrumb"},"inLanguage":"pt-BR","potentialAction":[{"@type":"ReadAction","target":["https:\/\/www.notibras.com\/site\/uniao-de-bivar-e-rueda-vira-alicerce-para-lula-e-ibaneis\/"]}]},{"@type":"ImageObject","inLanguage":"pt-BR","@id":"https:\/\/www.notibras.com\/site\/uniao-de-bivar-e-rueda-vira-alicerce-para-lula-e-ibaneis\/#primaryimage","url":"https:\/\/www.notibras.com\/site\/wp-content\/uploads\/2023\/12\/bivarlula.webp","contentUrl":"https:\/\/www.notibras.com\/site\/wp-content\/uploads\/2023\/12\/bivarlula.webp","width":770,"height":512},{"@type":"BreadcrumbList","@id":"https:\/\/www.notibras.com\/site\/uniao-de-bivar-e-rueda-vira-alicerce-para-lula-e-ibaneis\/#breadcrumb","itemListElement":[{"@type":"ListItem","position":1,"name":"In\u00edcio","item":"https:\/\/www.notibras.com\/site\/"},{"@type":"ListItem","position":2,"name":"Uni\u00e3o, de Bivar e Rueda, vira alicerce para Lula e Ibaneis"}]},{"@type":"WebSite","@id":"https:\/\/www.notibras.com\/site\/#website","url":"https:\/\/www.notibras.com\/site\/","name":"Notibras","description":"Not\u00edcias de Bras\u00edlia, do Brasil e do Mundo","publisher":{"@id":"https:\/\/www.notibras.com\/site\/#organization"},"potentialAction":[{"@type":"SearchAction","target":{"@type":"EntryPoint","urlTemplate":"https:\/\/www.notibras.com\/site\/?s={search_term_string}"},"query-input":{"@type":"PropertyValueSpecification","valueRequired":true,"valueName":"search_term_string"}}],"inLanguage":"pt-BR"},{"@type":"Organization","@id":"https:\/\/www.notibras.com\/site\/#organization","name":"Grupo Notibras de Comunica\u00e7\u00e3o","url":"https:\/\/www.notibras.com\/site\/","logo":{"@type":"ImageObject","inLanguage":"pt-BR","@id":"https:\/\/www.notibras.com\/site\/#\/schema\/logo\/image\/","url":"https:\/\/www.notibras.com\/site\/wp-content\/uploads\/2023\/01\/notibras23.png","contentUrl":"https:\/\/www.notibras.com\/site\/wp-content\/uploads\/2023\/01\/notibras23.png","width":350,"height":87,"caption":"Grupo Notibras de Comunica\u00e7\u00e3o"},"image":{"@id":"https:\/\/www.notibras.com\/site\/#\/schema\/logo\/image\/"},"sameAs":["https:\/\/www.facebook.com\/notibras\/","https:\/\/x.com\/Notibras","https:\/\/www.instagram.com\/notibras\/"]},{"@type":"Person","@id":"https:\/\/www.notibras.com\/site\/#\/schema\/person\/36ab0979449956132d3e5b517ea76ac8","name":"Reda\u00e7\u00e3o","image":{"@type":"ImageObject","inLanguage":"pt-BR","@id":"https:\/\/secure.gravatar.com\/avatar\/e0a867bdedb85fd243eadf09663511f96fc81e0720a4a42581f334ad4303aa6b?s=96&d=mm&r=g","url":"https:\/\/secure.gravatar.com\/avatar\/e0a867bdedb85fd243eadf09663511f96fc81e0720a4a42581f334ad4303aa6b?s=96&d=mm&r=g","contentUrl":"https:\/\/secure.gravatar.com\/avatar\/e0a867bdedb85fd243eadf09663511f96fc81e0720a4a42581f334ad4303aa6b?s=96&d=mm&r=g","caption":"Reda\u00e7\u00e3o"}}]}},"amp_enabled":true,"_links":{"self":[{"href":"https:\/\/www.notibras.com\/site\/wp-json\/wp\/v2\/posts\/319070","targetHints":{"allow":["GET"]}}],"collection":[{"href":"https:\/\/www.notibras.com\/site\/wp-json\/wp\/v2\/posts"}],"about":[{"href":"https:\/\/www.notibras.com\/site\/wp-json\/wp\/v2\/types\/post"}],"author":[{"embeddable":true,"href":"https:\/\/www.notibras.com\/site\/wp-json\/wp\/v2\/users\/2"}],"replies":[{"embeddable":true,"href":"https:\/\/www.notibras.com\/site\/wp-json\/wp\/v2\/comments?post=319070"}],"version-history":[{"count":1,"href":"https:\/\/www.notibras.com\/site\/wp-json\/wp\/v2\/posts\/319070\/revisions"}],"predecessor-version":[{"id":319072,"href":"https:\/\/www.notibras.com\/site\/wp-json\/wp\/v2\/posts\/319070\/revisions\/319072"}],"wp:featuredmedia":[{"embeddable":true,"href":"https:\/\/www.notibras.com\/site\/wp-json\/wp\/v2\/media\/319071"}],"wp:attachment":[{"href":"https:\/\/www.notibras.com\/site\/wp-json\/wp\/v2\/media?parent=319070"}],"wp:term":[{"taxonomy":"category","embeddable":true,"href":"https:\/\/www.notibras.com\/site\/wp-json\/wp\/v2\/categories?post=319070"},{"taxonomy":"post_tag","embeddable":true,"href":"https:\/\/www.notibras.com\/site\/wp-json\/wp\/v2\/tags?post=319070"}],"curies":[{"name":"wp","href":"https:\/\/api.w.org\/{rel}","templated":true}]}}