{"id":319082,"date":"2023-12-13T08:27:54","date_gmt":"2023-12-13T11:27:54","guid":{"rendered":"https:\/\/www.notibras.com\/site\/?p=319082"},"modified":"2023-12-13T08:30:00","modified_gmt":"2023-12-13T11:30:00","slug":"prisao-de-franzino-faz-machao-repensar-a-vida","status":"publish","type":"post","link":"https:\/\/www.notibras.com\/site\/prisao-de-franzino-faz-machao-repensar-a-vida\/","title":{"rendered":"Pris\u00e3o de franzino faz mach\u00e3o repensar a vida"},"content":{"rendered":"<p>A confus\u00e3o tomou conta do bar. Califa, no alto de quase 1,90 m, bateu forte com a m\u00e3o sobre a mesa de vidro. Ela se partiu como se fosse folha de papel de seda. Abaixou-se e catou um caco do ch\u00e3o, levou-o \u00e0 boca, mastigou-o. O sangue escorreu pelos l\u00e1bios. Esbravejou: J\u00e1 puxei cana no Central!<\/p>\n<p>M\u00fasculos talhados na dureza da vida, aquele homenzarr\u00e3o sabia apanhar e, melhor, batia com gosto. Apesar de alguns que j\u00e1 estavam mais que calibrados pelo l\u00edquido da coragem, ningu\u00e9m teve \u00edmpeto de encarar o valent\u00e3o. Pra que ter um nariz quebrado por quase nada? Todos deixaram o falastr\u00e3o esbravejar, at\u00e9 que, cansado da pr\u00f3pria voz, Califa se recostou na parede ao lado e, n\u00e3o tardou, adormeceu.<\/p>\n<p>J\u00e1 quase meio-dia, foi despertado por um dos tantos vira-latas do bairro Menino Deus, que lhe lambeu o rosto sem a menor cerim\u00f4nia. Soltou um arre na certeza de que iria desferir um murro no intrometido, mas, diante daquele ser com cara de cachorro, abriu o maior dos sorrisos. Era o Caramelo, um dos mais pulguentos da regi\u00e3o.<\/p>\n<p>Com algum esfor\u00e7o, o homem ergueu-se sustentado pela parede. No bar, apenas o velho In\u00e1cio, que fazia a faxina. Califa n\u00e3o teve coragem de encar\u00e1-lo e tratou de sair o mais r\u00e1pido poss\u00edvel do local. Foi acompanhado por Caramelo at\u00e9 a esquina. Todavia, o cachorro, talvez percebendo que nada receberia al\u00e9m de afagos sem futuro, tomou outro rumo.<\/p>\n<p>Enquanto caminhava, Califa tentava se lembrar do ocorrido na noite anterior. A boca ardia por conta dos cortes. Sentiu o gosto de sangue, que tamb\u00e9m se via presente, mas seco, na m\u00e3o esquerda. Que diacho teria acontecido? Alguma contenda? Na certa com um advers\u00e1rio respeit\u00e1vel. A mem\u00f3ria insistia em n\u00e3o lembr\u00e1-lo do papel\u00e3o que ele havia proporcionado na noite anterior.<\/p>\n<p>O homenzarr\u00e3o, de repente, estacou, assustado com a sirene de duas viaturas policiais. Ele apenas acompanhou os dois carros, que pararam logo adiante. Os policiais desceram rapidamente e correram em dire\u00e7\u00e3o a um rapaz, que tentava driblar os transeuntes, at\u00e9 que, desequilibrado, trope\u00e7ou e foi direto com a cara no ch\u00e3o. Ainda atordoado, foi algemado e arrastado at\u00e9 o cub\u00edculo do cambur\u00e3o.<\/p>\n<p>Califa, olhos arregalados, observou aquela cena. Um arrepio correu por toda a sua espinha. Ser preso era seu maior pavor. Ele n\u00e3o conseguia nem imaginar a vida de algu\u00e9m atr\u00e1s das grades. Aquilo n\u00e3o era vida para ningu\u00e9m, ainda mais para ele, acostumado a comer broa de milho nos finais de semana.<\/p>\n","protected":false},"excerpt":{"rendered":"<p>A confus\u00e3o tomou conta do bar. Califa, no alto de quase 1,90 m, bateu forte com a m\u00e3o sobre a mesa de vidro. Ela se partiu como se fosse folha de papel de seda. Abaixou-se e catou um caco do ch\u00e3o, levou-o \u00e0 boca, mastigou-o. O sangue escorreu pelos l\u00e1bios. Esbravejou: J\u00e1 puxei cana no [&hellip;]<\/p>\n","protected":false},"author":2,"featured_media":285493,"comment_status":"closed","ping_status":"closed","sticky":false,"template":"","format":"standard","meta":{"_acf_changed":false,"footnotes":""},"categories":[161],"tags":[],"class_list":["post-319082","post","type-post","status-publish","format-standard","has-post-thumbnail","hentry","category-quadradinho-em-foco"],"acf":[],"yoast_head":"<!-- This site is optimized with the Yoast SEO plugin v27.2 - https:\/\/yoast.com\/product\/yoast-seo-wordpress\/ -->\n<title>Pris\u00e3o de franzino faz mach\u00e3o repensar a vida - Notibras<\/title>\n<meta name=\"robots\" content=\"index, follow, max-snippet:-1, max-image-preview:large, max-video-preview:-1\" \/>\n<link rel=\"canonical\" href=\"https:\/\/www.notibras.com\/site\/prisao-de-franzino-faz-machao-repensar-a-vida\/\" \/>\n<meta property=\"og:locale\" content=\"pt_BR\" \/>\n<meta property=\"og:type\" content=\"article\" \/>\n<meta property=\"og:title\" content=\"Pris\u00e3o de franzino faz mach\u00e3o repensar a vida - Notibras\" \/>\n<meta property=\"og:description\" content=\"A confus\u00e3o tomou conta do bar. Califa, no alto de quase 1,90 m, bateu forte com a m\u00e3o sobre a mesa de vidro. Ela se partiu como se fosse folha de papel de seda. Abaixou-se e catou um caco do ch\u00e3o, levou-o \u00e0 boca, mastigou-o. O sangue escorreu pelos l\u00e1bios. Esbravejou: J\u00e1 puxei cana no [&hellip;]\" \/>\n<meta property=\"og:url\" content=\"https:\/\/www.notibras.com\/site\/prisao-de-franzino-faz-machao-repensar-a-vida\/\" \/>\n<meta property=\"og:site_name\" content=\"Notibras\" \/>\n<meta property=\"article:publisher\" content=\"https:\/\/www.facebook.com\/notibras\/\" \/>\n<meta property=\"article:published_time\" content=\"2023-12-13T11:27:54+00:00\" \/>\n<meta property=\"article:modified_time\" content=\"2023-12-13T11:30:00+00:00\" \/>\n<meta property=\"og:image\" content=\"https:\/\/www.notibras.com\/site\/wp-content\/uploads\/2022\/05\/cerveja_1-1.jpg\" \/>\n\t<meta property=\"og:image:width\" content=\"1170\" \/>\n\t<meta property=\"og:image:height\" content=\"700\" \/>\n\t<meta property=\"og:image:type\" content=\"image\/jpeg\" \/>\n<meta name=\"author\" content=\"Reda\u00e7\u00e3o\" \/>\n<meta name=\"twitter:card\" content=\"summary_large_image\" \/>\n<meta name=\"twitter:creator\" content=\"@Notibras\" \/>\n<meta name=\"twitter:site\" content=\"@Notibras\" \/>\n<meta name=\"twitter:label1\" content=\"Escrito por\" \/>\n\t<meta name=\"twitter:data1\" content=\"Reda\u00e7\u00e3o\" \/>\n\t<meta name=\"twitter:label2\" content=\"Est. tempo de leitura\" \/>\n\t<meta name=\"twitter:data2\" content=\"3 minutos\" \/>\n<script type=\"application\/ld+json\" class=\"yoast-schema-graph\">{\"@context\":\"https:\/\/schema.org\",\"@graph\":[{\"@type\":\"Article\",\"@id\":\"https:\/\/www.notibras.com\/site\/prisao-de-franzino-faz-machao-repensar-a-vida\/#article\",\"isPartOf\":{\"@id\":\"https:\/\/www.notibras.com\/site\/prisao-de-franzino-faz-machao-repensar-a-vida\/\"},\"author\":{\"name\":\"Reda\u00e7\u00e3o\",\"@id\":\"https:\/\/www.notibras.com\/site\/#\/schema\/person\/36ab0979449956132d3e5b517ea76ac8\"},\"headline\":\"Pris\u00e3o de franzino faz mach\u00e3o repensar a vida\",\"datePublished\":\"2023-12-13T11:27:54+00:00\",\"dateModified\":\"2023-12-13T11:30:00+00:00\",\"mainEntityOfPage\":{\"@id\":\"https:\/\/www.notibras.com\/site\/prisao-de-franzino-faz-machao-repensar-a-vida\/\"},\"wordCount\":460,\"publisher\":{\"@id\":\"https:\/\/www.notibras.com\/site\/#organization\"},\"image\":{\"@id\":\"https:\/\/www.notibras.com\/site\/prisao-de-franzino-faz-machao-repensar-a-vida\/#primaryimage\"},\"thumbnailUrl\":\"https:\/\/www.notibras.com\/site\/wp-content\/uploads\/2022\/05\/cerveja_1-1.jpg\",\"articleSection\":[\"Quadradinho em Foco\"],\"inLanguage\":\"pt-BR\"},{\"@type\":\"WebPage\",\"@id\":\"https:\/\/www.notibras.com\/site\/prisao-de-franzino-faz-machao-repensar-a-vida\/\",\"url\":\"https:\/\/www.notibras.com\/site\/prisao-de-franzino-faz-machao-repensar-a-vida\/\",\"name\":\"Pris\u00e3o de franzino faz mach\u00e3o repensar a vida - Notibras\",\"isPartOf\":{\"@id\":\"https:\/\/www.notibras.com\/site\/#website\"},\"primaryImageOfPage\":{\"@id\":\"https:\/\/www.notibras.com\/site\/prisao-de-franzino-faz-machao-repensar-a-vida\/#primaryimage\"},\"image\":{\"@id\":\"https:\/\/www.notibras.com\/site\/prisao-de-franzino-faz-machao-repensar-a-vida\/#primaryimage\"},\"thumbnailUrl\":\"https:\/\/www.notibras.com\/site\/wp-content\/uploads\/2022\/05\/cerveja_1-1.jpg\",\"datePublished\":\"2023-12-13T11:27:54+00:00\",\"dateModified\":\"2023-12-13T11:30:00+00:00\",\"breadcrumb\":{\"@id\":\"https:\/\/www.notibras.com\/site\/prisao-de-franzino-faz-machao-repensar-a-vida\/#breadcrumb\"},\"inLanguage\":\"pt-BR\",\"potentialAction\":[{\"@type\":\"ReadAction\",\"target\":[\"https:\/\/www.notibras.com\/site\/prisao-de-franzino-faz-machao-repensar-a-vida\/\"]}]},{\"@type\":\"ImageObject\",\"inLanguage\":\"pt-BR\",\"@id\":\"https:\/\/www.notibras.com\/site\/prisao-de-franzino-faz-machao-repensar-a-vida\/#primaryimage\",\"url\":\"https:\/\/www.notibras.com\/site\/wp-content\/uploads\/2022\/05\/cerveja_1-1.jpg\",\"contentUrl\":\"https:\/\/www.notibras.com\/site\/wp-content\/uploads\/2022\/05\/cerveja_1-1.jpg\",\"width\":1170,\"height\":700},{\"@type\":\"BreadcrumbList\",\"@id\":\"https:\/\/www.notibras.com\/site\/prisao-de-franzino-faz-machao-repensar-a-vida\/#breadcrumb\",\"itemListElement\":[{\"@type\":\"ListItem\",\"position\":1,\"name\":\"In\u00edcio\",\"item\":\"https:\/\/www.notibras.com\/site\/\"},{\"@type\":\"ListItem\",\"position\":2,\"name\":\"Pris\u00e3o de franzino faz mach\u00e3o repensar a vida\"}]},{\"@type\":\"WebSite\",\"@id\":\"https:\/\/www.notibras.com\/site\/#website\",\"url\":\"https:\/\/www.notibras.com\/site\/\",\"name\":\"Notibras\",\"description\":\"Not\u00edcias de Bras\u00edlia, do Brasil e do Mundo\",\"publisher\":{\"@id\":\"https:\/\/www.notibras.com\/site\/#organization\"},\"potentialAction\":[{\"@type\":\"SearchAction\",\"target\":{\"@type\":\"EntryPoint\",\"urlTemplate\":\"https:\/\/www.notibras.com\/site\/?s={search_term_string}\"},\"query-input\":{\"@type\":\"PropertyValueSpecification\",\"valueRequired\":true,\"valueName\":\"search_term_string\"}}],\"inLanguage\":\"pt-BR\"},{\"@type\":\"Organization\",\"@id\":\"https:\/\/www.notibras.com\/site\/#organization\",\"name\":\"Grupo Notibras de Comunica\u00e7\u00e3o\",\"url\":\"https:\/\/www.notibras.com\/site\/\",\"logo\":{\"@type\":\"ImageObject\",\"inLanguage\":\"pt-BR\",\"@id\":\"https:\/\/www.notibras.com\/site\/#\/schema\/logo\/image\/\",\"url\":\"https:\/\/www.notibras.com\/site\/wp-content\/uploads\/2023\/01\/notibras23.png\",\"contentUrl\":\"https:\/\/www.notibras.com\/site\/wp-content\/uploads\/2023\/01\/notibras23.png\",\"width\":350,\"height\":87,\"caption\":\"Grupo Notibras de Comunica\u00e7\u00e3o\"},\"image\":{\"@id\":\"https:\/\/www.notibras.com\/site\/#\/schema\/logo\/image\/\"},\"sameAs\":[\"https:\/\/www.facebook.com\/notibras\/\",\"https:\/\/x.com\/Notibras\",\"https:\/\/www.instagram.com\/notibras\/\"]},{\"@type\":\"Person\",\"@id\":\"https:\/\/www.notibras.com\/site\/#\/schema\/person\/36ab0979449956132d3e5b517ea76ac8\",\"name\":\"Reda\u00e7\u00e3o\",\"image\":{\"@type\":\"ImageObject\",\"inLanguage\":\"pt-BR\",\"@id\":\"https:\/\/secure.gravatar.com\/avatar\/e0a867bdedb85fd243eadf09663511f96fc81e0720a4a42581f334ad4303aa6b?s=96&d=mm&r=g\",\"url\":\"https:\/\/secure.gravatar.com\/avatar\/e0a867bdedb85fd243eadf09663511f96fc81e0720a4a42581f334ad4303aa6b?s=96&d=mm&r=g\",\"contentUrl\":\"https:\/\/secure.gravatar.com\/avatar\/e0a867bdedb85fd243eadf09663511f96fc81e0720a4a42581f334ad4303aa6b?s=96&d=mm&r=g\",\"caption\":\"Reda\u00e7\u00e3o\"}}]}<\/script>\n<!-- \/ Yoast SEO plugin. -->","yoast_head_json":{"title":"Pris\u00e3o de franzino faz mach\u00e3o repensar a vida - Notibras","robots":{"index":"index","follow":"follow","max-snippet":"max-snippet:-1","max-image-preview":"max-image-preview:large","max-video-preview":"max-video-preview:-1"},"canonical":"https:\/\/www.notibras.com\/site\/prisao-de-franzino-faz-machao-repensar-a-vida\/","og_locale":"pt_BR","og_type":"article","og_title":"Pris\u00e3o de franzino faz mach\u00e3o repensar a vida - Notibras","og_description":"A confus\u00e3o tomou conta do bar. Califa, no alto de quase 1,90 m, bateu forte com a m\u00e3o sobre a mesa de vidro. Ela se partiu como se fosse folha de papel de seda. Abaixou-se e catou um caco do ch\u00e3o, levou-o \u00e0 boca, mastigou-o. O sangue escorreu pelos l\u00e1bios. Esbravejou: J\u00e1 puxei cana no [&hellip;]","og_url":"https:\/\/www.notibras.com\/site\/prisao-de-franzino-faz-machao-repensar-a-vida\/","og_site_name":"Notibras","article_publisher":"https:\/\/www.facebook.com\/notibras\/","article_published_time":"2023-12-13T11:27:54+00:00","article_modified_time":"2023-12-13T11:30:00+00:00","og_image":[{"width":1170,"height":700,"url":"https:\/\/www.notibras.com\/site\/wp-content\/uploads\/2022\/05\/cerveja_1-1.jpg","type":"image\/jpeg"}],"author":"Reda\u00e7\u00e3o","twitter_card":"summary_large_image","twitter_creator":"@Notibras","twitter_site":"@Notibras","twitter_misc":{"Escrito por":"Reda\u00e7\u00e3o","Est. tempo de leitura":"3 minutos"},"schema":{"@context":"https:\/\/schema.org","@graph":[{"@type":"Article","@id":"https:\/\/www.notibras.com\/site\/prisao-de-franzino-faz-machao-repensar-a-vida\/#article","isPartOf":{"@id":"https:\/\/www.notibras.com\/site\/prisao-de-franzino-faz-machao-repensar-a-vida\/"},"author":{"name":"Reda\u00e7\u00e3o","@id":"https:\/\/www.notibras.com\/site\/#\/schema\/person\/36ab0979449956132d3e5b517ea76ac8"},"headline":"Pris\u00e3o de franzino faz mach\u00e3o repensar a vida","datePublished":"2023-12-13T11:27:54+00:00","dateModified":"2023-12-13T11:30:00+00:00","mainEntityOfPage":{"@id":"https:\/\/www.notibras.com\/site\/prisao-de-franzino-faz-machao-repensar-a-vida\/"},"wordCount":460,"publisher":{"@id":"https:\/\/www.notibras.com\/site\/#organization"},"image":{"@id":"https:\/\/www.notibras.com\/site\/prisao-de-franzino-faz-machao-repensar-a-vida\/#primaryimage"},"thumbnailUrl":"https:\/\/www.notibras.com\/site\/wp-content\/uploads\/2022\/05\/cerveja_1-1.jpg","articleSection":["Quadradinho em Foco"],"inLanguage":"pt-BR"},{"@type":"WebPage","@id":"https:\/\/www.notibras.com\/site\/prisao-de-franzino-faz-machao-repensar-a-vida\/","url":"https:\/\/www.notibras.com\/site\/prisao-de-franzino-faz-machao-repensar-a-vida\/","name":"Pris\u00e3o de franzino faz mach\u00e3o repensar a vida - Notibras","isPartOf":{"@id":"https:\/\/www.notibras.com\/site\/#website"},"primaryImageOfPage":{"@id":"https:\/\/www.notibras.com\/site\/prisao-de-franzino-faz-machao-repensar-a-vida\/#primaryimage"},"image":{"@id":"https:\/\/www.notibras.com\/site\/prisao-de-franzino-faz-machao-repensar-a-vida\/#primaryimage"},"thumbnailUrl":"https:\/\/www.notibras.com\/site\/wp-content\/uploads\/2022\/05\/cerveja_1-1.jpg","datePublished":"2023-12-13T11:27:54+00:00","dateModified":"2023-12-13T11:30:00+00:00","breadcrumb":{"@id":"https:\/\/www.notibras.com\/site\/prisao-de-franzino-faz-machao-repensar-a-vida\/#breadcrumb"},"inLanguage":"pt-BR","potentialAction":[{"@type":"ReadAction","target":["https:\/\/www.notibras.com\/site\/prisao-de-franzino-faz-machao-repensar-a-vida\/"]}]},{"@type":"ImageObject","inLanguage":"pt-BR","@id":"https:\/\/www.notibras.com\/site\/prisao-de-franzino-faz-machao-repensar-a-vida\/#primaryimage","url":"https:\/\/www.notibras.com\/site\/wp-content\/uploads\/2022\/05\/cerveja_1-1.jpg","contentUrl":"https:\/\/www.notibras.com\/site\/wp-content\/uploads\/2022\/05\/cerveja_1-1.jpg","width":1170,"height":700},{"@type":"BreadcrumbList","@id":"https:\/\/www.notibras.com\/site\/prisao-de-franzino-faz-machao-repensar-a-vida\/#breadcrumb","itemListElement":[{"@type":"ListItem","position":1,"name":"In\u00edcio","item":"https:\/\/www.notibras.com\/site\/"},{"@type":"ListItem","position":2,"name":"Pris\u00e3o de franzino faz mach\u00e3o repensar a vida"}]},{"@type":"WebSite","@id":"https:\/\/www.notibras.com\/site\/#website","url":"https:\/\/www.notibras.com\/site\/","name":"Notibras","description":"Not\u00edcias de Bras\u00edlia, do Brasil e do Mundo","publisher":{"@id":"https:\/\/www.notibras.com\/site\/#organization"},"potentialAction":[{"@type":"SearchAction","target":{"@type":"EntryPoint","urlTemplate":"https:\/\/www.notibras.com\/site\/?s={search_term_string}"},"query-input":{"@type":"PropertyValueSpecification","valueRequired":true,"valueName":"search_term_string"}}],"inLanguage":"pt-BR"},{"@type":"Organization","@id":"https:\/\/www.notibras.com\/site\/#organization","name":"Grupo Notibras de Comunica\u00e7\u00e3o","url":"https:\/\/www.notibras.com\/site\/","logo":{"@type":"ImageObject","inLanguage":"pt-BR","@id":"https:\/\/www.notibras.com\/site\/#\/schema\/logo\/image\/","url":"https:\/\/www.notibras.com\/site\/wp-content\/uploads\/2023\/01\/notibras23.png","contentUrl":"https:\/\/www.notibras.com\/site\/wp-content\/uploads\/2023\/01\/notibras23.png","width":350,"height":87,"caption":"Grupo Notibras de Comunica\u00e7\u00e3o"},"image":{"@id":"https:\/\/www.notibras.com\/site\/#\/schema\/logo\/image\/"},"sameAs":["https:\/\/www.facebook.com\/notibras\/","https:\/\/x.com\/Notibras","https:\/\/www.instagram.com\/notibras\/"]},{"@type":"Person","@id":"https:\/\/www.notibras.com\/site\/#\/schema\/person\/36ab0979449956132d3e5b517ea76ac8","name":"Reda\u00e7\u00e3o","image":{"@type":"ImageObject","inLanguage":"pt-BR","@id":"https:\/\/secure.gravatar.com\/avatar\/e0a867bdedb85fd243eadf09663511f96fc81e0720a4a42581f334ad4303aa6b?s=96&d=mm&r=g","url":"https:\/\/secure.gravatar.com\/avatar\/e0a867bdedb85fd243eadf09663511f96fc81e0720a4a42581f334ad4303aa6b?s=96&d=mm&r=g","contentUrl":"https:\/\/secure.gravatar.com\/avatar\/e0a867bdedb85fd243eadf09663511f96fc81e0720a4a42581f334ad4303aa6b?s=96&d=mm&r=g","caption":"Reda\u00e7\u00e3o"}}]}},"amp_enabled":true,"_links":{"self":[{"href":"https:\/\/www.notibras.com\/site\/wp-json\/wp\/v2\/posts\/319082","targetHints":{"allow":["GET"]}}],"collection":[{"href":"https:\/\/www.notibras.com\/site\/wp-json\/wp\/v2\/posts"}],"about":[{"href":"https:\/\/www.notibras.com\/site\/wp-json\/wp\/v2\/types\/post"}],"author":[{"embeddable":true,"href":"https:\/\/www.notibras.com\/site\/wp-json\/wp\/v2\/users\/2"}],"replies":[{"embeddable":true,"href":"https:\/\/www.notibras.com\/site\/wp-json\/wp\/v2\/comments?post=319082"}],"version-history":[{"count":3,"href":"https:\/\/www.notibras.com\/site\/wp-json\/wp\/v2\/posts\/319082\/revisions"}],"predecessor-version":[{"id":319085,"href":"https:\/\/www.notibras.com\/site\/wp-json\/wp\/v2\/posts\/319082\/revisions\/319085"}],"wp:featuredmedia":[{"embeddable":true,"href":"https:\/\/www.notibras.com\/site\/wp-json\/wp\/v2\/media\/285493"}],"wp:attachment":[{"href":"https:\/\/www.notibras.com\/site\/wp-json\/wp\/v2\/media?parent=319082"}],"wp:term":[{"taxonomy":"category","embeddable":true,"href":"https:\/\/www.notibras.com\/site\/wp-json\/wp\/v2\/categories?post=319082"},{"taxonomy":"post_tag","embeddable":true,"href":"https:\/\/www.notibras.com\/site\/wp-json\/wp\/v2\/tags?post=319082"}],"curies":[{"name":"wp","href":"https:\/\/api.w.org\/{rel}","templated":true}]}}