{"id":319086,"date":"2023-12-13T00:41:27","date_gmt":"2023-12-13T03:41:27","guid":{"rendered":"https:\/\/www.notibras.com\/site\/?p=319086"},"modified":"2023-12-13T08:45:48","modified_gmt":"2023-12-13T11:45:48","slug":"aussie-abre-temporada-de-ferias-com-opcoes-suculentas","status":"publish","type":"post","link":"https:\/\/www.notibras.com\/site\/aussie-abre-temporada-de-ferias-com-opcoes-suculentas\/","title":{"rendered":"Aussie abre temporada de f\u00e9rias com op\u00e7\u00f5es suculentas"},"content":{"rendered":"<p>F\u00e9rias combinam com descontra\u00e7\u00e3o, divers\u00e3o em fam\u00edlia e amigos e, claro, \u00e9 o momento ideal para novas experi\u00eancias e sabores. Uma sugest\u00e3o de programa imperd\u00edvel \u00e9 diversificar o card\u00e1pio com o Aussie, restaurante especializado na prote\u00edna de frango, que oferece combos imperd\u00edveis com excelente custo-benef\u00edcio.<\/p>\n<p>Pensando nas crian\u00e7as, a marca traz o Combo Crispy Chicken Tenders Kids (R$ 20,00), com tr\u00eas tiras de peito de frango empanadas, com um mix de temperos exclusivos, e as Aussie Chips, batatinhas fritas. Ainda \u00e9 poss\u00edvel adicionar um suco por R$ 11,90.<\/p>\n<p>Para quem n\u00e3o abre m\u00e3o de um bom sandu\u00edche, h\u00e1 op\u00e7\u00f5es individuais e tamb\u00e9m para dividir com a galera. O combo perfeito para compartilhar une 2 sandubas, mais 2 Aussie Chips, mais 2 refrigerantes por R$ 54,90.<\/p>\n<p>Voc\u00ea pode escolher entre o sandu\u00edche Hot Crispy Chicken Tabasco\u00ae Sriracha, uma mistura de frango empanado e crocante com cerca de 115 g, servido com alface, tomate, picles, maionese defumada e molho hot feito com Tabasco\u00ae Sriracha Sauce e mel, no p\u00e3o brioche, e o Smoked Honey Mustard Chicken, que apresenta peito de frango empanado e crocante, com cerca de 115 g, servido com alface, tomate, picles, maionese defumada e molho Honey Mustard, no p\u00e3o tipo brioche.<\/p>\n<p>H\u00e1 ainda uma terceira op\u00e7\u00e3o de burguer, o Jammin\u2019 Chicken Sandwich, combina\u00e7\u00e3o fitness com frango grelhado com cerca de 115 g, servido com alface, tomate, maionese defumada, queijo tipo cheddar e geleia de cebola caramelizada com bacon, no p\u00e3o tipo brioche.<\/p>\n<p>As op\u00e7\u00f5es s\u00e3o v\u00e1lidas para delivery, com 100 unidades virtuais por todo o pa\u00eds.<\/p>\n","protected":false},"excerpt":{"rendered":"<p>F\u00e9rias combinam com descontra\u00e7\u00e3o, divers\u00e3o em fam\u00edlia e amigos e, claro, \u00e9 o momento ideal para novas experi\u00eancias e sabores. Uma sugest\u00e3o de programa imperd\u00edvel \u00e9 diversificar o card\u00e1pio com o Aussie, restaurante especializado na prote\u00edna de frango, que oferece combos imperd\u00edveis com excelente custo-benef\u00edcio. Pensando nas crian\u00e7as, a marca traz o Combo Crispy Chicken [&hellip;]<\/p>\n","protected":false},"author":2,"featured_media":319087,"comment_status":"closed","ping_status":"closed","sticky":false,"template":"","format":"standard","meta":{"_acf_changed":false,"footnotes":""},"categories":[161],"tags":[],"class_list":["post-319086","post","type-post","status-publish","format-standard","has-post-thumbnail","hentry","category-quadradinho-em-foco"],"acf":[],"yoast_head":"<!-- This site is optimized with the Yoast SEO plugin v27.2 - https:\/\/yoast.com\/product\/yoast-seo-wordpress\/ -->\n<title>Aussie abre temporada de f\u00e9rias com op\u00e7\u00f5es suculentas - Notibras<\/title>\n<meta name=\"robots\" content=\"index, follow, max-snippet:-1, max-image-preview:large, max-video-preview:-1\" \/>\n<link rel=\"canonical\" href=\"https:\/\/www.notibras.com\/site\/aussie-abre-temporada-de-ferias-com-opcoes-suculentas\/\" \/>\n<meta property=\"og:locale\" content=\"pt_BR\" \/>\n<meta property=\"og:type\" content=\"article\" \/>\n<meta property=\"og:title\" content=\"Aussie abre temporada de f\u00e9rias com op\u00e7\u00f5es suculentas - Notibras\" \/>\n<meta property=\"og:description\" content=\"F\u00e9rias combinam com descontra\u00e7\u00e3o, divers\u00e3o em fam\u00edlia e amigos e, claro, \u00e9 o momento ideal para novas experi\u00eancias e sabores. Uma sugest\u00e3o de programa imperd\u00edvel \u00e9 diversificar o card\u00e1pio com o Aussie, restaurante especializado na prote\u00edna de frango, que oferece combos imperd\u00edveis com excelente custo-benef\u00edcio. Pensando nas crian\u00e7as, a marca traz o Combo Crispy Chicken [&hellip;]\" \/>\n<meta property=\"og:url\" content=\"https:\/\/www.notibras.com\/site\/aussie-abre-temporada-de-ferias-com-opcoes-suculentas\/\" \/>\n<meta property=\"og:site_name\" content=\"Notibras\" \/>\n<meta property=\"article:publisher\" content=\"https:\/\/www.facebook.com\/notibras\/\" \/>\n<meta property=\"article:published_time\" content=\"2023-12-13T03:41:27+00:00\" \/>\n<meta property=\"article:modified_time\" content=\"2023-12-13T11:45:48+00:00\" \/>\n<meta property=\"og:image\" content=\"https:\/\/www.notibras.com\/site\/wp-content\/uploads\/2023\/12\/ausiesan.webp\" \/>\n\t<meta property=\"og:image:width\" content=\"1200\" \/>\n\t<meta property=\"og:image:height\" content=\"630\" \/>\n\t<meta property=\"og:image:type\" content=\"image\/webp\" \/>\n<meta name=\"author\" content=\"Reda\u00e7\u00e3o\" \/>\n<meta name=\"twitter:card\" content=\"summary_large_image\" \/>\n<meta name=\"twitter:creator\" content=\"@Notibras\" \/>\n<meta name=\"twitter:site\" content=\"@Notibras\" \/>\n<meta name=\"twitter:label1\" content=\"Escrito por\" \/>\n\t<meta name=\"twitter:data1\" content=\"Reda\u00e7\u00e3o\" \/>\n\t<meta name=\"twitter:label2\" content=\"Est. tempo de leitura\" \/>\n\t<meta name=\"twitter:data2\" content=\"2 minutos\" \/>\n<script type=\"application\/ld+json\" class=\"yoast-schema-graph\">{\"@context\":\"https:\/\/schema.org\",\"@graph\":[{\"@type\":\"Article\",\"@id\":\"https:\/\/www.notibras.com\/site\/aussie-abre-temporada-de-ferias-com-opcoes-suculentas\/#article\",\"isPartOf\":{\"@id\":\"https:\/\/www.notibras.com\/site\/aussie-abre-temporada-de-ferias-com-opcoes-suculentas\/\"},\"author\":{\"name\":\"Reda\u00e7\u00e3o\",\"@id\":\"https:\/\/www.notibras.com\/site\/#\/schema\/person\/36ab0979449956132d3e5b517ea76ac8\"},\"headline\":\"Aussie abre temporada de f\u00e9rias com op\u00e7\u00f5es suculentas\",\"datePublished\":\"2023-12-13T03:41:27+00:00\",\"dateModified\":\"2023-12-13T11:45:48+00:00\",\"mainEntityOfPage\":{\"@id\":\"https:\/\/www.notibras.com\/site\/aussie-abre-temporada-de-ferias-com-opcoes-suculentas\/\"},\"wordCount\":283,\"publisher\":{\"@id\":\"https:\/\/www.notibras.com\/site\/#organization\"},\"image\":{\"@id\":\"https:\/\/www.notibras.com\/site\/aussie-abre-temporada-de-ferias-com-opcoes-suculentas\/#primaryimage\"},\"thumbnailUrl\":\"https:\/\/www.notibras.com\/site\/wp-content\/uploads\/2023\/12\/ausiesan.webp\",\"articleSection\":[\"Quadradinho em Foco\"],\"inLanguage\":\"pt-BR\"},{\"@type\":\"WebPage\",\"@id\":\"https:\/\/www.notibras.com\/site\/aussie-abre-temporada-de-ferias-com-opcoes-suculentas\/\",\"url\":\"https:\/\/www.notibras.com\/site\/aussie-abre-temporada-de-ferias-com-opcoes-suculentas\/\",\"name\":\"Aussie abre temporada de f\u00e9rias com op\u00e7\u00f5es suculentas - Notibras\",\"isPartOf\":{\"@id\":\"https:\/\/www.notibras.com\/site\/#website\"},\"primaryImageOfPage\":{\"@id\":\"https:\/\/www.notibras.com\/site\/aussie-abre-temporada-de-ferias-com-opcoes-suculentas\/#primaryimage\"},\"image\":{\"@id\":\"https:\/\/www.notibras.com\/site\/aussie-abre-temporada-de-ferias-com-opcoes-suculentas\/#primaryimage\"},\"thumbnailUrl\":\"https:\/\/www.notibras.com\/site\/wp-content\/uploads\/2023\/12\/ausiesan.webp\",\"datePublished\":\"2023-12-13T03:41:27+00:00\",\"dateModified\":\"2023-12-13T11:45:48+00:00\",\"breadcrumb\":{\"@id\":\"https:\/\/www.notibras.com\/site\/aussie-abre-temporada-de-ferias-com-opcoes-suculentas\/#breadcrumb\"},\"inLanguage\":\"pt-BR\",\"potentialAction\":[{\"@type\":\"ReadAction\",\"target\":[\"https:\/\/www.notibras.com\/site\/aussie-abre-temporada-de-ferias-com-opcoes-suculentas\/\"]}]},{\"@type\":\"ImageObject\",\"inLanguage\":\"pt-BR\",\"@id\":\"https:\/\/www.notibras.com\/site\/aussie-abre-temporada-de-ferias-com-opcoes-suculentas\/#primaryimage\",\"url\":\"https:\/\/www.notibras.com\/site\/wp-content\/uploads\/2023\/12\/ausiesan.webp\",\"contentUrl\":\"https:\/\/www.notibras.com\/site\/wp-content\/uploads\/2023\/12\/ausiesan.webp\",\"width\":1200,\"height\":630},{\"@type\":\"BreadcrumbList\",\"@id\":\"https:\/\/www.notibras.com\/site\/aussie-abre-temporada-de-ferias-com-opcoes-suculentas\/#breadcrumb\",\"itemListElement\":[{\"@type\":\"ListItem\",\"position\":1,\"name\":\"In\u00edcio\",\"item\":\"https:\/\/www.notibras.com\/site\/\"},{\"@type\":\"ListItem\",\"position\":2,\"name\":\"Aussie abre temporada de f\u00e9rias com op\u00e7\u00f5es suculentas\"}]},{\"@type\":\"WebSite\",\"@id\":\"https:\/\/www.notibras.com\/site\/#website\",\"url\":\"https:\/\/www.notibras.com\/site\/\",\"name\":\"Notibras\",\"description\":\"Not\u00edcias de Bras\u00edlia, do Brasil e do Mundo\",\"publisher\":{\"@id\":\"https:\/\/www.notibras.com\/site\/#organization\"},\"potentialAction\":[{\"@type\":\"SearchAction\",\"target\":{\"@type\":\"EntryPoint\",\"urlTemplate\":\"https:\/\/www.notibras.com\/site\/?s={search_term_string}\"},\"query-input\":{\"@type\":\"PropertyValueSpecification\",\"valueRequired\":true,\"valueName\":\"search_term_string\"}}],\"inLanguage\":\"pt-BR\"},{\"@type\":\"Organization\",\"@id\":\"https:\/\/www.notibras.com\/site\/#organization\",\"name\":\"Grupo Notibras de Comunica\u00e7\u00e3o\",\"url\":\"https:\/\/www.notibras.com\/site\/\",\"logo\":{\"@type\":\"ImageObject\",\"inLanguage\":\"pt-BR\",\"@id\":\"https:\/\/www.notibras.com\/site\/#\/schema\/logo\/image\/\",\"url\":\"https:\/\/www.notibras.com\/site\/wp-content\/uploads\/2023\/01\/notibras23.png\",\"contentUrl\":\"https:\/\/www.notibras.com\/site\/wp-content\/uploads\/2023\/01\/notibras23.png\",\"width\":350,\"height\":87,\"caption\":\"Grupo Notibras de Comunica\u00e7\u00e3o\"},\"image\":{\"@id\":\"https:\/\/www.notibras.com\/site\/#\/schema\/logo\/image\/\"},\"sameAs\":[\"https:\/\/www.facebook.com\/notibras\/\",\"https:\/\/x.com\/Notibras\",\"https:\/\/www.instagram.com\/notibras\/\"]},{\"@type\":\"Person\",\"@id\":\"https:\/\/www.notibras.com\/site\/#\/schema\/person\/36ab0979449956132d3e5b517ea76ac8\",\"name\":\"Reda\u00e7\u00e3o\",\"image\":{\"@type\":\"ImageObject\",\"inLanguage\":\"pt-BR\",\"@id\":\"https:\/\/secure.gravatar.com\/avatar\/e0a867bdedb85fd243eadf09663511f96fc81e0720a4a42581f334ad4303aa6b?s=96&d=mm&r=g\",\"url\":\"https:\/\/secure.gravatar.com\/avatar\/e0a867bdedb85fd243eadf09663511f96fc81e0720a4a42581f334ad4303aa6b?s=96&d=mm&r=g\",\"contentUrl\":\"https:\/\/secure.gravatar.com\/avatar\/e0a867bdedb85fd243eadf09663511f96fc81e0720a4a42581f334ad4303aa6b?s=96&d=mm&r=g\",\"caption\":\"Reda\u00e7\u00e3o\"}}]}<\/script>\n<!-- \/ Yoast SEO plugin. -->","yoast_head_json":{"title":"Aussie abre temporada de f\u00e9rias com op\u00e7\u00f5es suculentas - Notibras","robots":{"index":"index","follow":"follow","max-snippet":"max-snippet:-1","max-image-preview":"max-image-preview:large","max-video-preview":"max-video-preview:-1"},"canonical":"https:\/\/www.notibras.com\/site\/aussie-abre-temporada-de-ferias-com-opcoes-suculentas\/","og_locale":"pt_BR","og_type":"article","og_title":"Aussie abre temporada de f\u00e9rias com op\u00e7\u00f5es suculentas - Notibras","og_description":"F\u00e9rias combinam com descontra\u00e7\u00e3o, divers\u00e3o em fam\u00edlia e amigos e, claro, \u00e9 o momento ideal para novas experi\u00eancias e sabores. Uma sugest\u00e3o de programa imperd\u00edvel \u00e9 diversificar o card\u00e1pio com o Aussie, restaurante especializado na prote\u00edna de frango, que oferece combos imperd\u00edveis com excelente custo-benef\u00edcio. Pensando nas crian\u00e7as, a marca traz o Combo Crispy Chicken [&hellip;]","og_url":"https:\/\/www.notibras.com\/site\/aussie-abre-temporada-de-ferias-com-opcoes-suculentas\/","og_site_name":"Notibras","article_publisher":"https:\/\/www.facebook.com\/notibras\/","article_published_time":"2023-12-13T03:41:27+00:00","article_modified_time":"2023-12-13T11:45:48+00:00","og_image":[{"width":1200,"height":630,"url":"https:\/\/www.notibras.com\/site\/wp-content\/uploads\/2023\/12\/ausiesan.webp","type":"image\/webp"}],"author":"Reda\u00e7\u00e3o","twitter_card":"summary_large_image","twitter_creator":"@Notibras","twitter_site":"@Notibras","twitter_misc":{"Escrito por":"Reda\u00e7\u00e3o","Est. tempo de leitura":"2 minutos"},"schema":{"@context":"https:\/\/schema.org","@graph":[{"@type":"Article","@id":"https:\/\/www.notibras.com\/site\/aussie-abre-temporada-de-ferias-com-opcoes-suculentas\/#article","isPartOf":{"@id":"https:\/\/www.notibras.com\/site\/aussie-abre-temporada-de-ferias-com-opcoes-suculentas\/"},"author":{"name":"Reda\u00e7\u00e3o","@id":"https:\/\/www.notibras.com\/site\/#\/schema\/person\/36ab0979449956132d3e5b517ea76ac8"},"headline":"Aussie abre temporada de f\u00e9rias com op\u00e7\u00f5es suculentas","datePublished":"2023-12-13T03:41:27+00:00","dateModified":"2023-12-13T11:45:48+00:00","mainEntityOfPage":{"@id":"https:\/\/www.notibras.com\/site\/aussie-abre-temporada-de-ferias-com-opcoes-suculentas\/"},"wordCount":283,"publisher":{"@id":"https:\/\/www.notibras.com\/site\/#organization"},"image":{"@id":"https:\/\/www.notibras.com\/site\/aussie-abre-temporada-de-ferias-com-opcoes-suculentas\/#primaryimage"},"thumbnailUrl":"https:\/\/www.notibras.com\/site\/wp-content\/uploads\/2023\/12\/ausiesan.webp","articleSection":["Quadradinho em Foco"],"inLanguage":"pt-BR"},{"@type":"WebPage","@id":"https:\/\/www.notibras.com\/site\/aussie-abre-temporada-de-ferias-com-opcoes-suculentas\/","url":"https:\/\/www.notibras.com\/site\/aussie-abre-temporada-de-ferias-com-opcoes-suculentas\/","name":"Aussie abre temporada de f\u00e9rias com op\u00e7\u00f5es suculentas - Notibras","isPartOf":{"@id":"https:\/\/www.notibras.com\/site\/#website"},"primaryImageOfPage":{"@id":"https:\/\/www.notibras.com\/site\/aussie-abre-temporada-de-ferias-com-opcoes-suculentas\/#primaryimage"},"image":{"@id":"https:\/\/www.notibras.com\/site\/aussie-abre-temporada-de-ferias-com-opcoes-suculentas\/#primaryimage"},"thumbnailUrl":"https:\/\/www.notibras.com\/site\/wp-content\/uploads\/2023\/12\/ausiesan.webp","datePublished":"2023-12-13T03:41:27+00:00","dateModified":"2023-12-13T11:45:48+00:00","breadcrumb":{"@id":"https:\/\/www.notibras.com\/site\/aussie-abre-temporada-de-ferias-com-opcoes-suculentas\/#breadcrumb"},"inLanguage":"pt-BR","potentialAction":[{"@type":"ReadAction","target":["https:\/\/www.notibras.com\/site\/aussie-abre-temporada-de-ferias-com-opcoes-suculentas\/"]}]},{"@type":"ImageObject","inLanguage":"pt-BR","@id":"https:\/\/www.notibras.com\/site\/aussie-abre-temporada-de-ferias-com-opcoes-suculentas\/#primaryimage","url":"https:\/\/www.notibras.com\/site\/wp-content\/uploads\/2023\/12\/ausiesan.webp","contentUrl":"https:\/\/www.notibras.com\/site\/wp-content\/uploads\/2023\/12\/ausiesan.webp","width":1200,"height":630},{"@type":"BreadcrumbList","@id":"https:\/\/www.notibras.com\/site\/aussie-abre-temporada-de-ferias-com-opcoes-suculentas\/#breadcrumb","itemListElement":[{"@type":"ListItem","position":1,"name":"In\u00edcio","item":"https:\/\/www.notibras.com\/site\/"},{"@type":"ListItem","position":2,"name":"Aussie abre temporada de f\u00e9rias com op\u00e7\u00f5es suculentas"}]},{"@type":"WebSite","@id":"https:\/\/www.notibras.com\/site\/#website","url":"https:\/\/www.notibras.com\/site\/","name":"Notibras","description":"Not\u00edcias de Bras\u00edlia, do Brasil e do Mundo","publisher":{"@id":"https:\/\/www.notibras.com\/site\/#organization"},"potentialAction":[{"@type":"SearchAction","target":{"@type":"EntryPoint","urlTemplate":"https:\/\/www.notibras.com\/site\/?s={search_term_string}"},"query-input":{"@type":"PropertyValueSpecification","valueRequired":true,"valueName":"search_term_string"}}],"inLanguage":"pt-BR"},{"@type":"Organization","@id":"https:\/\/www.notibras.com\/site\/#organization","name":"Grupo Notibras de Comunica\u00e7\u00e3o","url":"https:\/\/www.notibras.com\/site\/","logo":{"@type":"ImageObject","inLanguage":"pt-BR","@id":"https:\/\/www.notibras.com\/site\/#\/schema\/logo\/image\/","url":"https:\/\/www.notibras.com\/site\/wp-content\/uploads\/2023\/01\/notibras23.png","contentUrl":"https:\/\/www.notibras.com\/site\/wp-content\/uploads\/2023\/01\/notibras23.png","width":350,"height":87,"caption":"Grupo Notibras de Comunica\u00e7\u00e3o"},"image":{"@id":"https:\/\/www.notibras.com\/site\/#\/schema\/logo\/image\/"},"sameAs":["https:\/\/www.facebook.com\/notibras\/","https:\/\/x.com\/Notibras","https:\/\/www.instagram.com\/notibras\/"]},{"@type":"Person","@id":"https:\/\/www.notibras.com\/site\/#\/schema\/person\/36ab0979449956132d3e5b517ea76ac8","name":"Reda\u00e7\u00e3o","image":{"@type":"ImageObject","inLanguage":"pt-BR","@id":"https:\/\/secure.gravatar.com\/avatar\/e0a867bdedb85fd243eadf09663511f96fc81e0720a4a42581f334ad4303aa6b?s=96&d=mm&r=g","url":"https:\/\/secure.gravatar.com\/avatar\/e0a867bdedb85fd243eadf09663511f96fc81e0720a4a42581f334ad4303aa6b?s=96&d=mm&r=g","contentUrl":"https:\/\/secure.gravatar.com\/avatar\/e0a867bdedb85fd243eadf09663511f96fc81e0720a4a42581f334ad4303aa6b?s=96&d=mm&r=g","caption":"Reda\u00e7\u00e3o"}}]}},"amp_enabled":true,"_links":{"self":[{"href":"https:\/\/www.notibras.com\/site\/wp-json\/wp\/v2\/posts\/319086","targetHints":{"allow":["GET"]}}],"collection":[{"href":"https:\/\/www.notibras.com\/site\/wp-json\/wp\/v2\/posts"}],"about":[{"href":"https:\/\/www.notibras.com\/site\/wp-json\/wp\/v2\/types\/post"}],"author":[{"embeddable":true,"href":"https:\/\/www.notibras.com\/site\/wp-json\/wp\/v2\/users\/2"}],"replies":[{"embeddable":true,"href":"https:\/\/www.notibras.com\/site\/wp-json\/wp\/v2\/comments?post=319086"}],"version-history":[{"count":1,"href":"https:\/\/www.notibras.com\/site\/wp-json\/wp\/v2\/posts\/319086\/revisions"}],"predecessor-version":[{"id":319088,"href":"https:\/\/www.notibras.com\/site\/wp-json\/wp\/v2\/posts\/319086\/revisions\/319088"}],"wp:featuredmedia":[{"embeddable":true,"href":"https:\/\/www.notibras.com\/site\/wp-json\/wp\/v2\/media\/319087"}],"wp:attachment":[{"href":"https:\/\/www.notibras.com\/site\/wp-json\/wp\/v2\/media?parent=319086"}],"wp:term":[{"taxonomy":"category","embeddable":true,"href":"https:\/\/www.notibras.com\/site\/wp-json\/wp\/v2\/categories?post=319086"},{"taxonomy":"post_tag","embeddable":true,"href":"https:\/\/www.notibras.com\/site\/wp-json\/wp\/v2\/tags?post=319086"}],"curies":[{"name":"wp","href":"https:\/\/api.w.org\/{rel}","templated":true}]}}