{"id":319150,"date":"2023-12-14T00:00:56","date_gmt":"2023-12-14T03:00:56","guid":{"rendered":"https:\/\/www.notibras.com\/site\/?p=319150"},"modified":"2023-12-14T08:03:02","modified_gmt":"2023-12-14T11:03:02","slug":"brasilia-promove-maior-feira-de-arte-indigena-do-pais","status":"publish","type":"post","link":"https:\/\/www.notibras.com\/site\/brasilia-promove-maior-feira-de-arte-indigena-do-pais\/","title":{"rendered":"Bras\u00edlia promove maior feira de arte ind\u00edgena do pa\u00eds"},"content":{"rendered":"<p>Oitenta e sete expositores ind\u00edgenas, de 60 etnias origin\u00e1rias de todos os biomas nacionais e de todas as grandes regi\u00f5es do Brasil est\u00e3o na capital federal participando da in\u00e9dita Feira de Arte dos Povos ind\u00edgenas. O evento faz parte do Festival Brasil \u00e9 Terra Ind\u00edgena, que ocorre ocorre at\u00e9 esta quinta, 14, de 9h \u00e0s 20h, no pr\u00e9dio anexo ao Museu Nacional Honestino Guimar\u00e3es, pr\u00f3ximo \u00e0 Rodovi\u00e1ria do Plano Piloto.<\/p>\n<p>Entre as pe\u00e7as de artesanato ind\u00edgena se destacam as roupas produzidas pelo povo Yawanaw\u00e1 (AC); esculturas dos Palikur (AP); bancos de madeira com imagens de bichos criados na aldeia Kaupuna no Alto Xingu (MT); as cestarias dos Baniwa (AM) e os tran\u00e7ados do povo Caingangue (Sul do Brasil).<\/p>\n<p>A lista \u00e9 uma sugest\u00e3o da artista visual Daiara Tukano, de origem ind\u00edgena. Ela mora em Bras\u00edlia e se diz muito satisfeita com a feira. \u201cH\u00e1 pe\u00e7as rar\u00edssimas, de beleza fenomenal.\u201d Segundo a artista ind\u00edgena, a produ\u00e7\u00e3o das pe\u00e7as tem base comum: o uso de plumagens, fibras, sementes e pigmentos naturais, mas cada artefato \u201ctem sua maneira peculiar de produ\u00e7\u00e3o, sua personalidade, conforme a cultura de cada povo.\u201d<\/p>\n<p><strong>Empatia e hist\u00f3rias<\/strong><br \/>\nDaiara Tukano opina que al\u00e9m de conhecer o artesanato ind\u00edgena, a visita \u00e0 feira \u00e9 uma oportunidade de cultivar a empatia. \u201cAqui n\u00e3o \u00e9 um shopping. Voc\u00ea n\u00e3o \u00e9 tratado por um vendedor que s\u00f3 quer seu dinheiro. Venha e converse com os parentes [ind\u00edgenas], pergunte de onde s\u00e3o. Muitos v\u00e3o querer contar as hist\u00f3rias que est\u00e3o por traz das pe\u00e7as criadas.\u201d<\/p>\n<p>Foi para cultivar a empatia que a Terapeuta Isabela Curado Leme visitou a feira acompanhada do marido e do filho de um ano. \u201cEssa feira \u00e9 oportunidade \u00fanica para conhecer e dar valor ao nosso povo de origem. Acredito que \u00e9 isso que nos identifica como povo brasileiro. Ter um objeto de arte em casa ou usar uma pe\u00e7a bonita como as expostas aqui \u00e9 um privil\u00e9gio.\u201d<\/p>\n<p>A satisfa\u00e7\u00e3o de quem visita a Feira de Arte dos Povos ind\u00edgenas em Bras\u00edlia \u00e9 compartilhada por quem est\u00e1 expondo. \u201cEu fico feliz ao saber que algu\u00e9m tem uma pe\u00e7a minha em Bras\u00edlia, S\u00e3o Paulo, Rio de Janeiro, Recife ou Porto Alegre. O meu trabalho est\u00e1 me representando em lugares que n\u00e3o conhe\u00e7o e nunca vivi. Fico muito honrado\u201d, revela Kulikyrda Mehinako de uma aldeia no Alto Xingu (MT)<\/p>\n<p>Para participar de uma feira com dois dias de dura\u00e7\u00e3o, ele viajou 24 horas de \u00f4nibus do norte do Mato Grosso at\u00e9 Bras\u00edlia, e pagou excesso de bagagem com os bancos e as cestarias que trouxe. Apesar do cansa\u00e7o e dos gastos, Kulikyrda acha que valeu a pena. \u201cO artesanato \u00e9 fonte de renda. Estamos levando nossa cultura para outros lugares, e nas aldeias estamos incentivando os mais jovens a tamb\u00e9m produzirem.\u201d<\/p>\n<p><strong>Nova economia<\/strong><br \/>\nPara Adriana Ramos, secret\u00e1ria-executiva do Instituto Socioambiental (ISA), a feira \u00e9 um exemplo de que existe uma economia ind\u00edgena. &#8220;Ela \u00e9 sustent\u00e1vel, muito diversa, e pode ser potencializada. \u00c9 uma economia associada aos conhecimentos, ao trabalho, \u00e0 forma de viver que produz servi\u00e7os socioambientais.\u201d<\/p>\n<p>A ambientalista avalia que o evento em Bras\u00edlia conecta as pessoas com uma nova economia, &#8220;uma economia de futuro, que mant\u00e9m a floresta em p\u00e9 e ajuda a gente no enfrentamento das mudan\u00e7as clim\u00e1ticas. O artesanato mostra para a sociedade que n\u00e3o \u00e9 preciso tirar os ind\u00edgenas do mapa, que n\u00e3o podemos invadir terra ind\u00edgena, e nem achar que a solu\u00e7\u00e3o da vida deles \u00e9 produzir soja.\u201d<\/p>\n<p>&#8220;O trabalho do artes\u00e3o \u00e9 feito com a m\u00e3o e com o cora\u00e7\u00e3o. Os artefatos v\u00eam carregados de ancestralidade, de conhecimentos, hist\u00f3rias. N\u00e3o s\u00e3o simplesmente produtos\u201d, diz o curador da feira, o arquiteto Marcelo Rosenbaum<\/p>\n<p>\u201cUm objeto feito em territ\u00f3rio ind\u00edgena transcende a sua materialidade. Est\u00e1 carregado de informa\u00e7\u00f5es. N\u00e3o \u00e9 apenas uma pe\u00e7a decorativa, traz a for\u00e7a da floresta\u201d, resume o curador.<\/p>\n","protected":false},"excerpt":{"rendered":"<p>Oitenta e sete expositores ind\u00edgenas, de 60 etnias origin\u00e1rias de todos os biomas nacionais e de todas as grandes regi\u00f5es do Brasil est\u00e3o na capital federal participando da in\u00e9dita Feira de Arte dos Povos ind\u00edgenas. O evento faz parte do Festival Brasil \u00e9 Terra Ind\u00edgena, que ocorre ocorre at\u00e9 esta quinta, 14, de 9h \u00e0s [&hellip;]<\/p>\n","protected":false},"author":2,"featured_media":319151,"comment_status":"closed","ping_status":"closed","sticky":false,"template":"","format":"standard","meta":{"_acf_changed":false,"footnotes":""},"categories":[161],"tags":[95],"class_list":["post-319150","post","type-post","status-publish","format-standard","has-post-thumbnail","hentry","category-quadradinho-em-foco","tag-capa"],"acf":[],"yoast_head":"<!-- This site is optimized with the Yoast SEO plugin v27.2 - https:\/\/yoast.com\/product\/yoast-seo-wordpress\/ -->\n<title>Bras\u00edlia promove maior feira de arte ind\u00edgena do pa\u00eds - Notibras<\/title>\n<meta name=\"robots\" content=\"index, follow, max-snippet:-1, max-image-preview:large, max-video-preview:-1\" \/>\n<link rel=\"canonical\" href=\"https:\/\/www.notibras.com\/site\/brasilia-promove-maior-feira-de-arte-indigena-do-pais\/\" \/>\n<meta property=\"og:locale\" content=\"pt_BR\" \/>\n<meta property=\"og:type\" content=\"article\" \/>\n<meta property=\"og:title\" content=\"Bras\u00edlia promove maior feira de arte ind\u00edgena do pa\u00eds - Notibras\" \/>\n<meta property=\"og:description\" content=\"Oitenta e sete expositores ind\u00edgenas, de 60 etnias origin\u00e1rias de todos os biomas nacionais e de todas as grandes regi\u00f5es do Brasil est\u00e3o na capital federal participando da in\u00e9dita Feira de Arte dos Povos ind\u00edgenas. O evento faz parte do Festival Brasil \u00e9 Terra Ind\u00edgena, que ocorre ocorre at\u00e9 esta quinta, 14, de 9h \u00e0s [&hellip;]\" \/>\n<meta property=\"og:url\" content=\"https:\/\/www.notibras.com\/site\/brasilia-promove-maior-feira-de-arte-indigena-do-pais\/\" \/>\n<meta property=\"og:site_name\" content=\"Notibras\" \/>\n<meta property=\"article:publisher\" content=\"https:\/\/www.facebook.com\/notibras\/\" \/>\n<meta property=\"article:published_time\" content=\"2023-12-14T03:00:56+00:00\" \/>\n<meta property=\"article:modified_time\" content=\"2023-12-14T11:03:02+00:00\" \/>\n<meta property=\"og:image\" content=\"https:\/\/www.notibras.com\/site\/wp-content\/uploads\/2023\/12\/feirain.df_.webp\" \/>\n\t<meta property=\"og:image:width\" content=\"1170\" \/>\n\t<meta property=\"og:image:height\" content=\"700\" \/>\n\t<meta property=\"og:image:type\" content=\"image\/webp\" \/>\n<meta name=\"author\" content=\"Reda\u00e7\u00e3o\" \/>\n<meta name=\"twitter:card\" content=\"summary_large_image\" \/>\n<meta name=\"twitter:creator\" content=\"@Notibras\" \/>\n<meta name=\"twitter:site\" content=\"@Notibras\" \/>\n<meta name=\"twitter:label1\" content=\"Escrito por\" \/>\n\t<meta name=\"twitter:data1\" content=\"Reda\u00e7\u00e3o\" \/>\n\t<meta name=\"twitter:label2\" content=\"Est. tempo de leitura\" \/>\n\t<meta name=\"twitter:data2\" content=\"4 minutos\" \/>\n<script type=\"application\/ld+json\" class=\"yoast-schema-graph\">{\"@context\":\"https:\/\/schema.org\",\"@graph\":[{\"@type\":\"Article\",\"@id\":\"https:\/\/www.notibras.com\/site\/brasilia-promove-maior-feira-de-arte-indigena-do-pais\/#article\",\"isPartOf\":{\"@id\":\"https:\/\/www.notibras.com\/site\/brasilia-promove-maior-feira-de-arte-indigena-do-pais\/\"},\"author\":{\"name\":\"Reda\u00e7\u00e3o\",\"@id\":\"https:\/\/www.notibras.com\/site\/#\/schema\/person\/36ab0979449956132d3e5b517ea76ac8\"},\"headline\":\"Bras\u00edlia promove maior feira de arte ind\u00edgena do pa\u00eds\",\"datePublished\":\"2023-12-14T03:00:56+00:00\",\"dateModified\":\"2023-12-14T11:03:02+00:00\",\"mainEntityOfPage\":{\"@id\":\"https:\/\/www.notibras.com\/site\/brasilia-promove-maior-feira-de-arte-indigena-do-pais\/\"},\"wordCount\":699,\"publisher\":{\"@id\":\"https:\/\/www.notibras.com\/site\/#organization\"},\"image\":{\"@id\":\"https:\/\/www.notibras.com\/site\/brasilia-promove-maior-feira-de-arte-indigena-do-pais\/#primaryimage\"},\"thumbnailUrl\":\"https:\/\/www.notibras.com\/site\/wp-content\/uploads\/2023\/12\/feirain.df_.webp\",\"keywords\":[\"capa\"],\"articleSection\":[\"Quadradinho em Foco\"],\"inLanguage\":\"pt-BR\"},{\"@type\":\"WebPage\",\"@id\":\"https:\/\/www.notibras.com\/site\/brasilia-promove-maior-feira-de-arte-indigena-do-pais\/\",\"url\":\"https:\/\/www.notibras.com\/site\/brasilia-promove-maior-feira-de-arte-indigena-do-pais\/\",\"name\":\"Bras\u00edlia promove maior feira de arte ind\u00edgena do pa\u00eds - Notibras\",\"isPartOf\":{\"@id\":\"https:\/\/www.notibras.com\/site\/#website\"},\"primaryImageOfPage\":{\"@id\":\"https:\/\/www.notibras.com\/site\/brasilia-promove-maior-feira-de-arte-indigena-do-pais\/#primaryimage\"},\"image\":{\"@id\":\"https:\/\/www.notibras.com\/site\/brasilia-promove-maior-feira-de-arte-indigena-do-pais\/#primaryimage\"},\"thumbnailUrl\":\"https:\/\/www.notibras.com\/site\/wp-content\/uploads\/2023\/12\/feirain.df_.webp\",\"datePublished\":\"2023-12-14T03:00:56+00:00\",\"dateModified\":\"2023-12-14T11:03:02+00:00\",\"breadcrumb\":{\"@id\":\"https:\/\/www.notibras.com\/site\/brasilia-promove-maior-feira-de-arte-indigena-do-pais\/#breadcrumb\"},\"inLanguage\":\"pt-BR\",\"potentialAction\":[{\"@type\":\"ReadAction\",\"target\":[\"https:\/\/www.notibras.com\/site\/brasilia-promove-maior-feira-de-arte-indigena-do-pais\/\"]}]},{\"@type\":\"ImageObject\",\"inLanguage\":\"pt-BR\",\"@id\":\"https:\/\/www.notibras.com\/site\/brasilia-promove-maior-feira-de-arte-indigena-do-pais\/#primaryimage\",\"url\":\"https:\/\/www.notibras.com\/site\/wp-content\/uploads\/2023\/12\/feirain.df_.webp\",\"contentUrl\":\"https:\/\/www.notibras.com\/site\/wp-content\/uploads\/2023\/12\/feirain.df_.webp\",\"width\":1170,\"height\":700},{\"@type\":\"BreadcrumbList\",\"@id\":\"https:\/\/www.notibras.com\/site\/brasilia-promove-maior-feira-de-arte-indigena-do-pais\/#breadcrumb\",\"itemListElement\":[{\"@type\":\"ListItem\",\"position\":1,\"name\":\"In\u00edcio\",\"item\":\"https:\/\/www.notibras.com\/site\/\"},{\"@type\":\"ListItem\",\"position\":2,\"name\":\"Bras\u00edlia promove maior feira de arte ind\u00edgena do pa\u00eds\"}]},{\"@type\":\"WebSite\",\"@id\":\"https:\/\/www.notibras.com\/site\/#website\",\"url\":\"https:\/\/www.notibras.com\/site\/\",\"name\":\"Notibras\",\"description\":\"Not\u00edcias de Bras\u00edlia, do Brasil e do Mundo\",\"publisher\":{\"@id\":\"https:\/\/www.notibras.com\/site\/#organization\"},\"potentialAction\":[{\"@type\":\"SearchAction\",\"target\":{\"@type\":\"EntryPoint\",\"urlTemplate\":\"https:\/\/www.notibras.com\/site\/?s={search_term_string}\"},\"query-input\":{\"@type\":\"PropertyValueSpecification\",\"valueRequired\":true,\"valueName\":\"search_term_string\"}}],\"inLanguage\":\"pt-BR\"},{\"@type\":\"Organization\",\"@id\":\"https:\/\/www.notibras.com\/site\/#organization\",\"name\":\"Grupo Notibras de Comunica\u00e7\u00e3o\",\"url\":\"https:\/\/www.notibras.com\/site\/\",\"logo\":{\"@type\":\"ImageObject\",\"inLanguage\":\"pt-BR\",\"@id\":\"https:\/\/www.notibras.com\/site\/#\/schema\/logo\/image\/\",\"url\":\"https:\/\/www.notibras.com\/site\/wp-content\/uploads\/2023\/01\/notibras23.png\",\"contentUrl\":\"https:\/\/www.notibras.com\/site\/wp-content\/uploads\/2023\/01\/notibras23.png\",\"width\":350,\"height\":87,\"caption\":\"Grupo Notibras de Comunica\u00e7\u00e3o\"},\"image\":{\"@id\":\"https:\/\/www.notibras.com\/site\/#\/schema\/logo\/image\/\"},\"sameAs\":[\"https:\/\/www.facebook.com\/notibras\/\",\"https:\/\/x.com\/Notibras\",\"https:\/\/www.instagram.com\/notibras\/\"]},{\"@type\":\"Person\",\"@id\":\"https:\/\/www.notibras.com\/site\/#\/schema\/person\/36ab0979449956132d3e5b517ea76ac8\",\"name\":\"Reda\u00e7\u00e3o\",\"image\":{\"@type\":\"ImageObject\",\"inLanguage\":\"pt-BR\",\"@id\":\"https:\/\/secure.gravatar.com\/avatar\/e0a867bdedb85fd243eadf09663511f96fc81e0720a4a42581f334ad4303aa6b?s=96&d=mm&r=g\",\"url\":\"https:\/\/secure.gravatar.com\/avatar\/e0a867bdedb85fd243eadf09663511f96fc81e0720a4a42581f334ad4303aa6b?s=96&d=mm&r=g\",\"contentUrl\":\"https:\/\/secure.gravatar.com\/avatar\/e0a867bdedb85fd243eadf09663511f96fc81e0720a4a42581f334ad4303aa6b?s=96&d=mm&r=g\",\"caption\":\"Reda\u00e7\u00e3o\"}}]}<\/script>\n<!-- \/ Yoast SEO plugin. -->","yoast_head_json":{"title":"Bras\u00edlia promove maior feira de arte ind\u00edgena do pa\u00eds - Notibras","robots":{"index":"index","follow":"follow","max-snippet":"max-snippet:-1","max-image-preview":"max-image-preview:large","max-video-preview":"max-video-preview:-1"},"canonical":"https:\/\/www.notibras.com\/site\/brasilia-promove-maior-feira-de-arte-indigena-do-pais\/","og_locale":"pt_BR","og_type":"article","og_title":"Bras\u00edlia promove maior feira de arte ind\u00edgena do pa\u00eds - Notibras","og_description":"Oitenta e sete expositores ind\u00edgenas, de 60 etnias origin\u00e1rias de todos os biomas nacionais e de todas as grandes regi\u00f5es do Brasil est\u00e3o na capital federal participando da in\u00e9dita Feira de Arte dos Povos ind\u00edgenas. O evento faz parte do Festival Brasil \u00e9 Terra Ind\u00edgena, que ocorre ocorre at\u00e9 esta quinta, 14, de 9h \u00e0s [&hellip;]","og_url":"https:\/\/www.notibras.com\/site\/brasilia-promove-maior-feira-de-arte-indigena-do-pais\/","og_site_name":"Notibras","article_publisher":"https:\/\/www.facebook.com\/notibras\/","article_published_time":"2023-12-14T03:00:56+00:00","article_modified_time":"2023-12-14T11:03:02+00:00","og_image":[{"width":1170,"height":700,"url":"https:\/\/www.notibras.com\/site\/wp-content\/uploads\/2023\/12\/feirain.df_.webp","type":"image\/webp"}],"author":"Reda\u00e7\u00e3o","twitter_card":"summary_large_image","twitter_creator":"@Notibras","twitter_site":"@Notibras","twitter_misc":{"Escrito por":"Reda\u00e7\u00e3o","Est. tempo de leitura":"4 minutos"},"schema":{"@context":"https:\/\/schema.org","@graph":[{"@type":"Article","@id":"https:\/\/www.notibras.com\/site\/brasilia-promove-maior-feira-de-arte-indigena-do-pais\/#article","isPartOf":{"@id":"https:\/\/www.notibras.com\/site\/brasilia-promove-maior-feira-de-arte-indigena-do-pais\/"},"author":{"name":"Reda\u00e7\u00e3o","@id":"https:\/\/www.notibras.com\/site\/#\/schema\/person\/36ab0979449956132d3e5b517ea76ac8"},"headline":"Bras\u00edlia promove maior feira de arte ind\u00edgena do pa\u00eds","datePublished":"2023-12-14T03:00:56+00:00","dateModified":"2023-12-14T11:03:02+00:00","mainEntityOfPage":{"@id":"https:\/\/www.notibras.com\/site\/brasilia-promove-maior-feira-de-arte-indigena-do-pais\/"},"wordCount":699,"publisher":{"@id":"https:\/\/www.notibras.com\/site\/#organization"},"image":{"@id":"https:\/\/www.notibras.com\/site\/brasilia-promove-maior-feira-de-arte-indigena-do-pais\/#primaryimage"},"thumbnailUrl":"https:\/\/www.notibras.com\/site\/wp-content\/uploads\/2023\/12\/feirain.df_.webp","keywords":["capa"],"articleSection":["Quadradinho em Foco"],"inLanguage":"pt-BR"},{"@type":"WebPage","@id":"https:\/\/www.notibras.com\/site\/brasilia-promove-maior-feira-de-arte-indigena-do-pais\/","url":"https:\/\/www.notibras.com\/site\/brasilia-promove-maior-feira-de-arte-indigena-do-pais\/","name":"Bras\u00edlia promove maior feira de arte ind\u00edgena do pa\u00eds - Notibras","isPartOf":{"@id":"https:\/\/www.notibras.com\/site\/#website"},"primaryImageOfPage":{"@id":"https:\/\/www.notibras.com\/site\/brasilia-promove-maior-feira-de-arte-indigena-do-pais\/#primaryimage"},"image":{"@id":"https:\/\/www.notibras.com\/site\/brasilia-promove-maior-feira-de-arte-indigena-do-pais\/#primaryimage"},"thumbnailUrl":"https:\/\/www.notibras.com\/site\/wp-content\/uploads\/2023\/12\/feirain.df_.webp","datePublished":"2023-12-14T03:00:56+00:00","dateModified":"2023-12-14T11:03:02+00:00","breadcrumb":{"@id":"https:\/\/www.notibras.com\/site\/brasilia-promove-maior-feira-de-arte-indigena-do-pais\/#breadcrumb"},"inLanguage":"pt-BR","potentialAction":[{"@type":"ReadAction","target":["https:\/\/www.notibras.com\/site\/brasilia-promove-maior-feira-de-arte-indigena-do-pais\/"]}]},{"@type":"ImageObject","inLanguage":"pt-BR","@id":"https:\/\/www.notibras.com\/site\/brasilia-promove-maior-feira-de-arte-indigena-do-pais\/#primaryimage","url":"https:\/\/www.notibras.com\/site\/wp-content\/uploads\/2023\/12\/feirain.df_.webp","contentUrl":"https:\/\/www.notibras.com\/site\/wp-content\/uploads\/2023\/12\/feirain.df_.webp","width":1170,"height":700},{"@type":"BreadcrumbList","@id":"https:\/\/www.notibras.com\/site\/brasilia-promove-maior-feira-de-arte-indigena-do-pais\/#breadcrumb","itemListElement":[{"@type":"ListItem","position":1,"name":"In\u00edcio","item":"https:\/\/www.notibras.com\/site\/"},{"@type":"ListItem","position":2,"name":"Bras\u00edlia promove maior feira de arte ind\u00edgena do pa\u00eds"}]},{"@type":"WebSite","@id":"https:\/\/www.notibras.com\/site\/#website","url":"https:\/\/www.notibras.com\/site\/","name":"Notibras","description":"Not\u00edcias de Bras\u00edlia, do Brasil e do Mundo","publisher":{"@id":"https:\/\/www.notibras.com\/site\/#organization"},"potentialAction":[{"@type":"SearchAction","target":{"@type":"EntryPoint","urlTemplate":"https:\/\/www.notibras.com\/site\/?s={search_term_string}"},"query-input":{"@type":"PropertyValueSpecification","valueRequired":true,"valueName":"search_term_string"}}],"inLanguage":"pt-BR"},{"@type":"Organization","@id":"https:\/\/www.notibras.com\/site\/#organization","name":"Grupo Notibras de Comunica\u00e7\u00e3o","url":"https:\/\/www.notibras.com\/site\/","logo":{"@type":"ImageObject","inLanguage":"pt-BR","@id":"https:\/\/www.notibras.com\/site\/#\/schema\/logo\/image\/","url":"https:\/\/www.notibras.com\/site\/wp-content\/uploads\/2023\/01\/notibras23.png","contentUrl":"https:\/\/www.notibras.com\/site\/wp-content\/uploads\/2023\/01\/notibras23.png","width":350,"height":87,"caption":"Grupo Notibras de Comunica\u00e7\u00e3o"},"image":{"@id":"https:\/\/www.notibras.com\/site\/#\/schema\/logo\/image\/"},"sameAs":["https:\/\/www.facebook.com\/notibras\/","https:\/\/x.com\/Notibras","https:\/\/www.instagram.com\/notibras\/"]},{"@type":"Person","@id":"https:\/\/www.notibras.com\/site\/#\/schema\/person\/36ab0979449956132d3e5b517ea76ac8","name":"Reda\u00e7\u00e3o","image":{"@type":"ImageObject","inLanguage":"pt-BR","@id":"https:\/\/secure.gravatar.com\/avatar\/e0a867bdedb85fd243eadf09663511f96fc81e0720a4a42581f334ad4303aa6b?s=96&d=mm&r=g","url":"https:\/\/secure.gravatar.com\/avatar\/e0a867bdedb85fd243eadf09663511f96fc81e0720a4a42581f334ad4303aa6b?s=96&d=mm&r=g","contentUrl":"https:\/\/secure.gravatar.com\/avatar\/e0a867bdedb85fd243eadf09663511f96fc81e0720a4a42581f334ad4303aa6b?s=96&d=mm&r=g","caption":"Reda\u00e7\u00e3o"}}]}},"amp_enabled":true,"_links":{"self":[{"href":"https:\/\/www.notibras.com\/site\/wp-json\/wp\/v2\/posts\/319150","targetHints":{"allow":["GET"]}}],"collection":[{"href":"https:\/\/www.notibras.com\/site\/wp-json\/wp\/v2\/posts"}],"about":[{"href":"https:\/\/www.notibras.com\/site\/wp-json\/wp\/v2\/types\/post"}],"author":[{"embeddable":true,"href":"https:\/\/www.notibras.com\/site\/wp-json\/wp\/v2\/users\/2"}],"replies":[{"embeddable":true,"href":"https:\/\/www.notibras.com\/site\/wp-json\/wp\/v2\/comments?post=319150"}],"version-history":[{"count":1,"href":"https:\/\/www.notibras.com\/site\/wp-json\/wp\/v2\/posts\/319150\/revisions"}],"predecessor-version":[{"id":319152,"href":"https:\/\/www.notibras.com\/site\/wp-json\/wp\/v2\/posts\/319150\/revisions\/319152"}],"wp:featuredmedia":[{"embeddable":true,"href":"https:\/\/www.notibras.com\/site\/wp-json\/wp\/v2\/media\/319151"}],"wp:attachment":[{"href":"https:\/\/www.notibras.com\/site\/wp-json\/wp\/v2\/media?parent=319150"}],"wp:term":[{"taxonomy":"category","embeddable":true,"href":"https:\/\/www.notibras.com\/site\/wp-json\/wp\/v2\/categories?post=319150"},{"taxonomy":"post_tag","embeddable":true,"href":"https:\/\/www.notibras.com\/site\/wp-json\/wp\/v2\/tags?post=319150"}],"curies":[{"name":"wp","href":"https:\/\/api.w.org\/{rel}","templated":true}]}}