{"id":319156,"date":"2023-12-14T08:24:24","date_gmt":"2023-12-14T11:24:24","guid":{"rendered":"https:\/\/www.notibras.com\/site\/?p=319156"},"modified":"2023-12-14T08:24:24","modified_gmt":"2023-12-14T11:24:24","slug":"quando-o-corpo-aguarda-para-ser-degustado","status":"publish","type":"post","link":"https:\/\/www.notibras.com\/site\/quando-o-corpo-aguarda-para-ser-degustado\/","title":{"rendered":"Quando o corpo aguarda para ser degustado"},"content":{"rendered":"<p>Hoje acordei como sempre. O costumeiro mau-humor, certamente heran\u00e7a de um antepassado calabr\u00eas, continua firme nos meus olhos profundos e na minha boca retorcida. Lavei o rosto na \u00e1gua gelada, que levou o \u00faltimo resqu\u00edcio de esperan\u00e7a de retornar para cama e esperar pela Senhora da Foice.<\/p>\n<p>Minha esposa, que casou por imposi\u00e7\u00e3o dos pais, miser\u00e1veis que eram, n\u00e3o suportaria tamanho mart\u00edrio de se deitar ao meu lado, nem sequer uma vez mais. Por sorte, foi acometida por um c\u00e2ncer, que a tomou por completo. Recebi a not\u00edcia por uma enfermeira, que se deu ao trabalho de me ligar \u00e0quela hora da madrugada.<\/p>\n<p>Foi sepultada num dia de sol, como se libertada da minha insuport\u00e1vel companhia. Lembro-me exatamente da fei\u00e7\u00e3o de alento em seu rosto no dia de sua partida, dentro daquele caix\u00e3o, que me custou os olhos da cara. P\u00e1lida, \u00e9 verdade, mas serena. Quanto \u00e0s ma\u00e7\u00e3s, nada que um pouco de maquiagem n\u00e3o a fizesse mais corada na hora da despedida.<\/p>\n<p>Eis que aqui estou, ainda cumprindo a minha sina, sem coragem de cortar os pulsos ou me atirar da janela. Segundo andar. Na certa, daria com a fu\u00e7a naquele jardim repleto de rosas. Se pararia de respirar ou n\u00e3o, \u00e9 mais uma d\u00favida que me corr\u00f3i.<\/p>\n<p>Ou\u00e7o o barulho de crian\u00e7as gritando l\u00e1 embaixo naquele maldito parquinho. Aquele lugar deveria ser demolido. Que construam algo mais \u00fatil ali. Que seja uma reparti\u00e7\u00e3o p\u00fablica, mas que acabem logo com esse mart\u00edrio. N\u00e3o suporto gente mi\u00fada se esgoelando, como se vivesse uma felicidade que n\u00e3o existe.<\/p>\n<p>Sinto o aroma do lixo apodrecido vindo da cozinha. Isso mesmo! N\u00e3o o jogo fora h\u00e1 quase duas semanas. Por que fa\u00e7o isso? Hum! Bem, vou matar a sua curiosidade, antes que voc\u00ea me mate de t\u00e9dio.<\/p>\n<p>Deixo que os vermes, a maioria depositada por moscas, se deliciem com os restos de comida deixada de lado de prop\u00f3sito. Verme precisa de algu\u00e9m que lhe d\u00ea algo para comer.<\/p>\n<p>Portanto, n\u00e3o me julgue por isso! Se a minha vizinha possui gatos, que mal tem se eu crio vermes? Certamente, voc\u00ea tamb\u00e9m tem l\u00e1 as suas manias. Ou vai querer me enganar que a sua vida \u00e9 recheada de p\u00f4neis coloridos?<\/p>\n<p>N\u00e3o pense voc\u00ea que sou um imundo. Pois n\u00e3o sou! Tomo banhos regulares, mas nada de exageros. Isso, por sinal, me faz lembrar de um momento da minha inf\u00e2ncia. Quer sab\u00ea-lo? Vou lhe contar, mas guarde segredo ou, ent\u00e3o, seja mais um a falar mal de mim. N\u00e3o me importo, assim como nunca liguei para todos os outros que me conheceram nesses meus quase 100 anos. Completo-os depois de amanh\u00e3.<\/p>\n<p>Antes de entrar nos pormenores, devo lembr\u00e1-lo de que sou de uma enorme fam\u00edlia, cheia de irm\u00e3os. Sou o segundo, logo abaixo de Judith, de uma prole de quase 15. Quase porque tr\u00eas n\u00e3o tiveram o desgosto de enxergar as trevas deste mundo. Que sejam 12, tanto faz. Uma longa escada de ano em ano, \u00e0s vezes falhando um ou outro, dependendo do tempo das viagens do meu falecido pai ou, ent\u00e3o, por conta de algum natimorto.<\/p>\n<p>Tudo come\u00e7ou quando contava com tr\u00eas ou quatro anos. N\u00e3o estou certo, talvez tivesse sido pouco antes, pouco depois. Detalhes sem qualquer relev\u00e2ncia. Minha m\u00e3e, com uma barriga gigantesca, carregava um dos meus irm\u00e3os. As pernas inchadas, os p\u00e9s parecendo patas de elefantes, mam\u00e3e se arrastava pelo quintal pendurando trapos, a maior parte encardida, no longo varal. Judith e eu aos seus p\u00e9s, como dois carrapatos tentando sugar o m\u00e1ximo de sangue daquela for\u00e7a bruta de total ignor\u00e2ncia.<\/p>\n<p>&#8211; Judith, minha filha, quer ver o seu irm\u00e3ozinho aqui na barriga da mam\u00e3e?<\/p>\n<p>Minha m\u00e3e levantava um pouco a blusa e falava para Judith encostar um dos olhos no seu umbigo. Minha irm\u00e3 obedecia e abria aquele sorriso, como se descobrisse algo que jamais vislumbrei. Em seguida, mam\u00e3e me puxava pelo bra\u00e7o e me mandava fazer o mesmo. E, por mais que eu abrisse e fechasse meus olhos, nunca consegui enxergar al\u00e9m da sujeira depositada no umbigo da minha m\u00e3e.<\/p>\n<p>Esse costume foi passado para os filhos subsequentes, que foram jogados neste mundo. Meus irm\u00e3os, talvez c\u00famplices de mam\u00e3e, sempre responderam com aquele sorriso de felicidade em seus rostos. Fui tomado por sentimentos, ora de incapacidade, ora de inveja, ora de profundo \u00f3dio, at\u00e9 que, pouco antes dos 18, deixei-me cair no mundo. Nunca mais os vi.<\/p>\n<p>Dos 18 aos quase 100, eis que estou aqui. N\u00e3o me arrependo de nada que fiz ou deixei de fazer. No entanto, tamb\u00e9m n\u00e3o sinto orgulho da minha jornada de vida. Bem sei que, n\u00e3o tarda, serei eu o devorado pelos vermes que cultivo.<\/p>\n","protected":false},"excerpt":{"rendered":"<p>Hoje acordei como sempre. O costumeiro mau-humor, certamente heran\u00e7a de um antepassado calabr\u00eas, continua firme nos meus olhos profundos e na minha boca retorcida. Lavei o rosto na \u00e1gua gelada, que levou o \u00faltimo resqu\u00edcio de esperan\u00e7a de retornar para cama e esperar pela Senhora da Foice. Minha esposa, que casou por imposi\u00e7\u00e3o dos pais, [&hellip;]<\/p>\n","protected":false},"author":2,"featured_media":319157,"comment_status":"closed","ping_status":"closed","sticky":false,"template":"","format":"standard","meta":{"_acf_changed":false,"footnotes":""},"categories":[161],"tags":[],"class_list":["post-319156","post","type-post","status-publish","format-standard","has-post-thumbnail","hentry","category-quadradinho-em-foco"],"acf":[],"yoast_head":"<!-- This site is optimized with the Yoast SEO plugin v27.2 - https:\/\/yoast.com\/product\/yoast-seo-wordpress\/ -->\n<title>Quando o corpo aguarda para ser degustado - Notibras<\/title>\n<meta name=\"robots\" content=\"index, follow, max-snippet:-1, max-image-preview:large, max-video-preview:-1\" \/>\n<link rel=\"canonical\" href=\"https:\/\/www.notibras.com\/site\/quando-o-corpo-aguarda-para-ser-degustado\/\" \/>\n<meta property=\"og:locale\" content=\"pt_BR\" \/>\n<meta property=\"og:type\" content=\"article\" \/>\n<meta property=\"og:title\" content=\"Quando o corpo aguarda para ser degustado - Notibras\" \/>\n<meta property=\"og:description\" content=\"Hoje acordei como sempre. O costumeiro mau-humor, certamente heran\u00e7a de um antepassado calabr\u00eas, continua firme nos meus olhos profundos e na minha boca retorcida. Lavei o rosto na \u00e1gua gelada, que levou o \u00faltimo resqu\u00edcio de esperan\u00e7a de retornar para cama e esperar pela Senhora da Foice. Minha esposa, que casou por imposi\u00e7\u00e3o dos pais, [&hellip;]\" \/>\n<meta property=\"og:url\" content=\"https:\/\/www.notibras.com\/site\/quando-o-corpo-aguarda-para-ser-degustado\/\" \/>\n<meta property=\"og:site_name\" content=\"Notibras\" \/>\n<meta property=\"article:publisher\" content=\"https:\/\/www.facebook.com\/notibras\/\" \/>\n<meta property=\"article:published_time\" content=\"2023-12-14T11:24:24+00:00\" \/>\n<meta property=\"og:image\" content=\"https:\/\/www.notibras.com\/site\/wp-content\/uploads\/2023\/12\/vermes-das-profundezas-dentes_thumb3.jpg\" \/>\n\t<meta property=\"og:image:width\" content=\"1128\" \/>\n\t<meta property=\"og:image:height\" content=\"851\" \/>\n\t<meta property=\"og:image:type\" content=\"image\/jpeg\" \/>\n<meta name=\"author\" content=\"Reda\u00e7\u00e3o\" \/>\n<meta name=\"twitter:card\" content=\"summary_large_image\" \/>\n<meta name=\"twitter:creator\" content=\"@Notibras\" \/>\n<meta name=\"twitter:site\" content=\"@Notibras\" \/>\n<meta name=\"twitter:label1\" content=\"Escrito por\" \/>\n\t<meta name=\"twitter:data1\" content=\"Reda\u00e7\u00e3o\" \/>\n\t<meta name=\"twitter:label2\" content=\"Est. tempo de leitura\" \/>\n\t<meta name=\"twitter:data2\" content=\"5 minutos\" \/>\n<script type=\"application\/ld+json\" class=\"yoast-schema-graph\">{\"@context\":\"https:\/\/schema.org\",\"@graph\":[{\"@type\":\"Article\",\"@id\":\"https:\/\/www.notibras.com\/site\/quando-o-corpo-aguarda-para-ser-degustado\/#article\",\"isPartOf\":{\"@id\":\"https:\/\/www.notibras.com\/site\/quando-o-corpo-aguarda-para-ser-degustado\/\"},\"author\":{\"name\":\"Reda\u00e7\u00e3o\",\"@id\":\"https:\/\/www.notibras.com\/site\/#\/schema\/person\/36ab0979449956132d3e5b517ea76ac8\"},\"headline\":\"Quando o corpo aguarda para ser degustado\",\"datePublished\":\"2023-12-14T11:24:24+00:00\",\"mainEntityOfPage\":{\"@id\":\"https:\/\/www.notibras.com\/site\/quando-o-corpo-aguarda-para-ser-degustado\/\"},\"wordCount\":845,\"publisher\":{\"@id\":\"https:\/\/www.notibras.com\/site\/#organization\"},\"image\":{\"@id\":\"https:\/\/www.notibras.com\/site\/quando-o-corpo-aguarda-para-ser-degustado\/#primaryimage\"},\"thumbnailUrl\":\"https:\/\/www.notibras.com\/site\/wp-content\/uploads\/2023\/12\/vermes-das-profundezas-dentes_thumb3.jpg\",\"articleSection\":[\"Quadradinho em Foco\"],\"inLanguage\":\"pt-BR\"},{\"@type\":\"WebPage\",\"@id\":\"https:\/\/www.notibras.com\/site\/quando-o-corpo-aguarda-para-ser-degustado\/\",\"url\":\"https:\/\/www.notibras.com\/site\/quando-o-corpo-aguarda-para-ser-degustado\/\",\"name\":\"Quando o corpo aguarda para ser degustado - Notibras\",\"isPartOf\":{\"@id\":\"https:\/\/www.notibras.com\/site\/#website\"},\"primaryImageOfPage\":{\"@id\":\"https:\/\/www.notibras.com\/site\/quando-o-corpo-aguarda-para-ser-degustado\/#primaryimage\"},\"image\":{\"@id\":\"https:\/\/www.notibras.com\/site\/quando-o-corpo-aguarda-para-ser-degustado\/#primaryimage\"},\"thumbnailUrl\":\"https:\/\/www.notibras.com\/site\/wp-content\/uploads\/2023\/12\/vermes-das-profundezas-dentes_thumb3.jpg\",\"datePublished\":\"2023-12-14T11:24:24+00:00\",\"breadcrumb\":{\"@id\":\"https:\/\/www.notibras.com\/site\/quando-o-corpo-aguarda-para-ser-degustado\/#breadcrumb\"},\"inLanguage\":\"pt-BR\",\"potentialAction\":[{\"@type\":\"ReadAction\",\"target\":[\"https:\/\/www.notibras.com\/site\/quando-o-corpo-aguarda-para-ser-degustado\/\"]}]},{\"@type\":\"ImageObject\",\"inLanguage\":\"pt-BR\",\"@id\":\"https:\/\/www.notibras.com\/site\/quando-o-corpo-aguarda-para-ser-degustado\/#primaryimage\",\"url\":\"https:\/\/www.notibras.com\/site\/wp-content\/uploads\/2023\/12\/vermes-das-profundezas-dentes_thumb3.jpg\",\"contentUrl\":\"https:\/\/www.notibras.com\/site\/wp-content\/uploads\/2023\/12\/vermes-das-profundezas-dentes_thumb3.jpg\",\"width\":1128,\"height\":851},{\"@type\":\"BreadcrumbList\",\"@id\":\"https:\/\/www.notibras.com\/site\/quando-o-corpo-aguarda-para-ser-degustado\/#breadcrumb\",\"itemListElement\":[{\"@type\":\"ListItem\",\"position\":1,\"name\":\"In\u00edcio\",\"item\":\"https:\/\/www.notibras.com\/site\/\"},{\"@type\":\"ListItem\",\"position\":2,\"name\":\"Quando o corpo aguarda para ser degustado\"}]},{\"@type\":\"WebSite\",\"@id\":\"https:\/\/www.notibras.com\/site\/#website\",\"url\":\"https:\/\/www.notibras.com\/site\/\",\"name\":\"Notibras\",\"description\":\"Not\u00edcias de Bras\u00edlia, do Brasil e do Mundo\",\"publisher\":{\"@id\":\"https:\/\/www.notibras.com\/site\/#organization\"},\"potentialAction\":[{\"@type\":\"SearchAction\",\"target\":{\"@type\":\"EntryPoint\",\"urlTemplate\":\"https:\/\/www.notibras.com\/site\/?s={search_term_string}\"},\"query-input\":{\"@type\":\"PropertyValueSpecification\",\"valueRequired\":true,\"valueName\":\"search_term_string\"}}],\"inLanguage\":\"pt-BR\"},{\"@type\":\"Organization\",\"@id\":\"https:\/\/www.notibras.com\/site\/#organization\",\"name\":\"Grupo Notibras de Comunica\u00e7\u00e3o\",\"url\":\"https:\/\/www.notibras.com\/site\/\",\"logo\":{\"@type\":\"ImageObject\",\"inLanguage\":\"pt-BR\",\"@id\":\"https:\/\/www.notibras.com\/site\/#\/schema\/logo\/image\/\",\"url\":\"https:\/\/www.notibras.com\/site\/wp-content\/uploads\/2023\/01\/notibras23.png\",\"contentUrl\":\"https:\/\/www.notibras.com\/site\/wp-content\/uploads\/2023\/01\/notibras23.png\",\"width\":350,\"height\":87,\"caption\":\"Grupo Notibras de Comunica\u00e7\u00e3o\"},\"image\":{\"@id\":\"https:\/\/www.notibras.com\/site\/#\/schema\/logo\/image\/\"},\"sameAs\":[\"https:\/\/www.facebook.com\/notibras\/\",\"https:\/\/x.com\/Notibras\",\"https:\/\/www.instagram.com\/notibras\/\"]},{\"@type\":\"Person\",\"@id\":\"https:\/\/www.notibras.com\/site\/#\/schema\/person\/36ab0979449956132d3e5b517ea76ac8\",\"name\":\"Reda\u00e7\u00e3o\",\"image\":{\"@type\":\"ImageObject\",\"inLanguage\":\"pt-BR\",\"@id\":\"https:\/\/secure.gravatar.com\/avatar\/e0a867bdedb85fd243eadf09663511f96fc81e0720a4a42581f334ad4303aa6b?s=96&d=mm&r=g\",\"url\":\"https:\/\/secure.gravatar.com\/avatar\/e0a867bdedb85fd243eadf09663511f96fc81e0720a4a42581f334ad4303aa6b?s=96&d=mm&r=g\",\"contentUrl\":\"https:\/\/secure.gravatar.com\/avatar\/e0a867bdedb85fd243eadf09663511f96fc81e0720a4a42581f334ad4303aa6b?s=96&d=mm&r=g\",\"caption\":\"Reda\u00e7\u00e3o\"}}]}<\/script>\n<!-- \/ Yoast SEO plugin. -->","yoast_head_json":{"title":"Quando o corpo aguarda para ser degustado - Notibras","robots":{"index":"index","follow":"follow","max-snippet":"max-snippet:-1","max-image-preview":"max-image-preview:large","max-video-preview":"max-video-preview:-1"},"canonical":"https:\/\/www.notibras.com\/site\/quando-o-corpo-aguarda-para-ser-degustado\/","og_locale":"pt_BR","og_type":"article","og_title":"Quando o corpo aguarda para ser degustado - Notibras","og_description":"Hoje acordei como sempre. O costumeiro mau-humor, certamente heran\u00e7a de um antepassado calabr\u00eas, continua firme nos meus olhos profundos e na minha boca retorcida. Lavei o rosto na \u00e1gua gelada, que levou o \u00faltimo resqu\u00edcio de esperan\u00e7a de retornar para cama e esperar pela Senhora da Foice. Minha esposa, que casou por imposi\u00e7\u00e3o dos pais, [&hellip;]","og_url":"https:\/\/www.notibras.com\/site\/quando-o-corpo-aguarda-para-ser-degustado\/","og_site_name":"Notibras","article_publisher":"https:\/\/www.facebook.com\/notibras\/","article_published_time":"2023-12-14T11:24:24+00:00","og_image":[{"width":1128,"height":851,"url":"https:\/\/www.notibras.com\/site\/wp-content\/uploads\/2023\/12\/vermes-das-profundezas-dentes_thumb3.jpg","type":"image\/jpeg"}],"author":"Reda\u00e7\u00e3o","twitter_card":"summary_large_image","twitter_creator":"@Notibras","twitter_site":"@Notibras","twitter_misc":{"Escrito por":"Reda\u00e7\u00e3o","Est. tempo de leitura":"5 minutos"},"schema":{"@context":"https:\/\/schema.org","@graph":[{"@type":"Article","@id":"https:\/\/www.notibras.com\/site\/quando-o-corpo-aguarda-para-ser-degustado\/#article","isPartOf":{"@id":"https:\/\/www.notibras.com\/site\/quando-o-corpo-aguarda-para-ser-degustado\/"},"author":{"name":"Reda\u00e7\u00e3o","@id":"https:\/\/www.notibras.com\/site\/#\/schema\/person\/36ab0979449956132d3e5b517ea76ac8"},"headline":"Quando o corpo aguarda para ser degustado","datePublished":"2023-12-14T11:24:24+00:00","mainEntityOfPage":{"@id":"https:\/\/www.notibras.com\/site\/quando-o-corpo-aguarda-para-ser-degustado\/"},"wordCount":845,"publisher":{"@id":"https:\/\/www.notibras.com\/site\/#organization"},"image":{"@id":"https:\/\/www.notibras.com\/site\/quando-o-corpo-aguarda-para-ser-degustado\/#primaryimage"},"thumbnailUrl":"https:\/\/www.notibras.com\/site\/wp-content\/uploads\/2023\/12\/vermes-das-profundezas-dentes_thumb3.jpg","articleSection":["Quadradinho em Foco"],"inLanguage":"pt-BR"},{"@type":"WebPage","@id":"https:\/\/www.notibras.com\/site\/quando-o-corpo-aguarda-para-ser-degustado\/","url":"https:\/\/www.notibras.com\/site\/quando-o-corpo-aguarda-para-ser-degustado\/","name":"Quando o corpo aguarda para ser degustado - Notibras","isPartOf":{"@id":"https:\/\/www.notibras.com\/site\/#website"},"primaryImageOfPage":{"@id":"https:\/\/www.notibras.com\/site\/quando-o-corpo-aguarda-para-ser-degustado\/#primaryimage"},"image":{"@id":"https:\/\/www.notibras.com\/site\/quando-o-corpo-aguarda-para-ser-degustado\/#primaryimage"},"thumbnailUrl":"https:\/\/www.notibras.com\/site\/wp-content\/uploads\/2023\/12\/vermes-das-profundezas-dentes_thumb3.jpg","datePublished":"2023-12-14T11:24:24+00:00","breadcrumb":{"@id":"https:\/\/www.notibras.com\/site\/quando-o-corpo-aguarda-para-ser-degustado\/#breadcrumb"},"inLanguage":"pt-BR","potentialAction":[{"@type":"ReadAction","target":["https:\/\/www.notibras.com\/site\/quando-o-corpo-aguarda-para-ser-degustado\/"]}]},{"@type":"ImageObject","inLanguage":"pt-BR","@id":"https:\/\/www.notibras.com\/site\/quando-o-corpo-aguarda-para-ser-degustado\/#primaryimage","url":"https:\/\/www.notibras.com\/site\/wp-content\/uploads\/2023\/12\/vermes-das-profundezas-dentes_thumb3.jpg","contentUrl":"https:\/\/www.notibras.com\/site\/wp-content\/uploads\/2023\/12\/vermes-das-profundezas-dentes_thumb3.jpg","width":1128,"height":851},{"@type":"BreadcrumbList","@id":"https:\/\/www.notibras.com\/site\/quando-o-corpo-aguarda-para-ser-degustado\/#breadcrumb","itemListElement":[{"@type":"ListItem","position":1,"name":"In\u00edcio","item":"https:\/\/www.notibras.com\/site\/"},{"@type":"ListItem","position":2,"name":"Quando o corpo aguarda para ser degustado"}]},{"@type":"WebSite","@id":"https:\/\/www.notibras.com\/site\/#website","url":"https:\/\/www.notibras.com\/site\/","name":"Notibras","description":"Not\u00edcias de Bras\u00edlia, do Brasil e do Mundo","publisher":{"@id":"https:\/\/www.notibras.com\/site\/#organization"},"potentialAction":[{"@type":"SearchAction","target":{"@type":"EntryPoint","urlTemplate":"https:\/\/www.notibras.com\/site\/?s={search_term_string}"},"query-input":{"@type":"PropertyValueSpecification","valueRequired":true,"valueName":"search_term_string"}}],"inLanguage":"pt-BR"},{"@type":"Organization","@id":"https:\/\/www.notibras.com\/site\/#organization","name":"Grupo Notibras de Comunica\u00e7\u00e3o","url":"https:\/\/www.notibras.com\/site\/","logo":{"@type":"ImageObject","inLanguage":"pt-BR","@id":"https:\/\/www.notibras.com\/site\/#\/schema\/logo\/image\/","url":"https:\/\/www.notibras.com\/site\/wp-content\/uploads\/2023\/01\/notibras23.png","contentUrl":"https:\/\/www.notibras.com\/site\/wp-content\/uploads\/2023\/01\/notibras23.png","width":350,"height":87,"caption":"Grupo Notibras de Comunica\u00e7\u00e3o"},"image":{"@id":"https:\/\/www.notibras.com\/site\/#\/schema\/logo\/image\/"},"sameAs":["https:\/\/www.facebook.com\/notibras\/","https:\/\/x.com\/Notibras","https:\/\/www.instagram.com\/notibras\/"]},{"@type":"Person","@id":"https:\/\/www.notibras.com\/site\/#\/schema\/person\/36ab0979449956132d3e5b517ea76ac8","name":"Reda\u00e7\u00e3o","image":{"@type":"ImageObject","inLanguage":"pt-BR","@id":"https:\/\/secure.gravatar.com\/avatar\/e0a867bdedb85fd243eadf09663511f96fc81e0720a4a42581f334ad4303aa6b?s=96&d=mm&r=g","url":"https:\/\/secure.gravatar.com\/avatar\/e0a867bdedb85fd243eadf09663511f96fc81e0720a4a42581f334ad4303aa6b?s=96&d=mm&r=g","contentUrl":"https:\/\/secure.gravatar.com\/avatar\/e0a867bdedb85fd243eadf09663511f96fc81e0720a4a42581f334ad4303aa6b?s=96&d=mm&r=g","caption":"Reda\u00e7\u00e3o"}}]}},"amp_enabled":true,"_links":{"self":[{"href":"https:\/\/www.notibras.com\/site\/wp-json\/wp\/v2\/posts\/319156","targetHints":{"allow":["GET"]}}],"collection":[{"href":"https:\/\/www.notibras.com\/site\/wp-json\/wp\/v2\/posts"}],"about":[{"href":"https:\/\/www.notibras.com\/site\/wp-json\/wp\/v2\/types\/post"}],"author":[{"embeddable":true,"href":"https:\/\/www.notibras.com\/site\/wp-json\/wp\/v2\/users\/2"}],"replies":[{"embeddable":true,"href":"https:\/\/www.notibras.com\/site\/wp-json\/wp\/v2\/comments?post=319156"}],"version-history":[{"count":1,"href":"https:\/\/www.notibras.com\/site\/wp-json\/wp\/v2\/posts\/319156\/revisions"}],"predecessor-version":[{"id":319158,"href":"https:\/\/www.notibras.com\/site\/wp-json\/wp\/v2\/posts\/319156\/revisions\/319158"}],"wp:featuredmedia":[{"embeddable":true,"href":"https:\/\/www.notibras.com\/site\/wp-json\/wp\/v2\/media\/319157"}],"wp:attachment":[{"href":"https:\/\/www.notibras.com\/site\/wp-json\/wp\/v2\/media?parent=319156"}],"wp:term":[{"taxonomy":"category","embeddable":true,"href":"https:\/\/www.notibras.com\/site\/wp-json\/wp\/v2\/categories?post=319156"},{"taxonomy":"post_tag","embeddable":true,"href":"https:\/\/www.notibras.com\/site\/wp-json\/wp\/v2\/tags?post=319156"}],"curies":[{"name":"wp","href":"https:\/\/api.w.org\/{rel}","templated":true}]}}