{"id":319159,"date":"2023-12-14T07:29:34","date_gmt":"2023-12-14T10:29:34","guid":{"rendered":"https:\/\/www.notibras.com\/site\/?p=319159"},"modified":"2023-12-14T08:51:47","modified_gmt":"2023-12-14T11:51:47","slug":"um-segredo-maconico-para-quem-quer-praticar-o-bem","status":"publish","type":"post","link":"https:\/\/www.notibras.com\/site\/um-segredo-maconico-para-quem-quer-praticar-o-bem\/","title":{"rendered":"Um segredo ma\u00e7\u00f4nico para quem quer praticar o bem"},"content":{"rendered":"<p>A Ma\u00e7onaria \u00e9 uma institui\u00e7\u00e3o essencialmente filos\u00f3fica, filantr\u00f3pica, educativa e progressista. No sentido do progresso, cremos na imortalidade e em um princ\u00edpio criador regular e infinito, n\u00e3o atrelado a dogmas, preven\u00e7\u00f5es ou supersti\u00e7\u00f5es. A Ma\u00e7onaria \u00e9 isso, sem colocar nenhum obst\u00e1culo a seus adeptos quanto ao esfor\u00e7o na busca da verdade, nem reconhece outro limite nessa busca sen\u00e3o o da raz\u00e3o com base na ci\u00eancia.<\/p>\n<p>Essa defini\u00e7\u00e3o foi repetida na ter\u00e7a, 12, em jantar de confraterniza\u00e7\u00e3o da fam\u00edlia ma\u00e7\u00f4nica da Loja Estrela d&#8217;Alva 16, em Taguatinga. L\u00e1 fui acolhido por &#8216;tios&#8217; e &#8216;tias&#8217; com um carinho inexplic\u00e1vel. E mais uma acrescentei ensinamentos na minha caixinha de mem\u00f3ria, que compartilho aqui.<\/p>\n<p>Como princ\u00edpio, praticamos a liberdade reconhecendo que indiv\u00edduos e grupos humanos, sejam eles institui\u00e7\u00f5es, ra\u00e7as, na\u00e7\u00f5es, devem gozar da igualdade de direitos e obriga\u00e7\u00f5es dos seres e grupos sem distinguir a religi\u00e3o, a ra\u00e7a ou nacionalidade.<\/p>\n<p>Para alguns, o objetivo de tornar feliz a humanidade, pelo amor, pelo aperfei\u00e7oamento dos costumes, pela toler\u00e2ncia, pela igualdade e pelo respeito ao semelhante, pode parecer uma utopia. Mas, para os ma\u00e7ons, essa mudan\u00e7a \u00e9 alcan\u00e7ada atrav\u00e9s dos n\u00facleos que nos cercam, no momento em que conseguimos influenciar positivamente a vida daqueles que amamos e dos semelhantes que o Gadu, o Ser supremo do Universo, coloca em nossa jornada.<\/p>\n<p>A Ma\u00e7onaria entende que virtude \u00e9 a for\u00e7a de fazer o bem em seu mais amplo sentido; \u00e9 o cumprimento de nossos deveres para com a sociedade e para com a nossa fam\u00edlia sem interesse pessoal.<\/p>\n<p>Por falar em fam\u00edlia, esta pode ser definida como um agrupamento humano formado por duas ou mais pessoas com liga\u00e7\u00f5es biol\u00f3gicas, ancestrais, legais ou afetivas que, geralmente, vivem ou viveram na mesma casa.<\/p>\n<p>Assim quis o Gadu que este planeta, que habitamos em fam\u00edlia, fosse a nossa casa, para que pud\u00e9ssemos compartilhar a aventura do aperfei\u00e7oamento moral em comunh\u00e3o e plena integra\u00e7\u00e3o.<\/p>\n<p>Por miss\u00e3o muito nobre de alguns irm\u00e3os, tivemos a sorte de pertencer a Ma\u00e7onaria Universal e, por conseguinte, a uma de suas c\u00e9lulas chamada A.R.L.S Estrela Dalva 16.<\/p>\n<p>Valorosos foram os irm\u00e3os que chegaram antes para construir toda essa fam\u00edlia que hoje podemos desfrutar com certa vaidade e orgulho, pois sabemos que os sacrif\u00edcios enfrentados testaram n\u00e3o s\u00f3 a f\u00e9 que tinham, mas tamb\u00e9m a vis\u00e3o de um futuro melhor.<\/p>\n<p>Quando nascemos, o Gadu nos une a uma fam\u00edlia por meio do sangue, quando nos casamos, nos juntamos a outra fam\u00edlia por meio do amor, ao nos tornarmos ma\u00e7ons, Ele nos concede mais uma fam\u00edlia por meio de um juramento.<\/p>\n<p>A primeira nos d\u00e1 a d\u00e1diva da vida, a educa\u00e7\u00e3o b\u00e1sica para enfrentar as intemp\u00e9ries do mundo e de suas profana\u00e7\u00f5es. A segunda, nos oferece um sentido para viver, dando-nos a consci\u00eancia de que sonhos e objetivos podem e devem ser compartilhados para al\u00e9m dos nossos pr\u00f3prios interesses. A terceira nos d\u00e1 voca\u00e7\u00e3o para reagir as aludidas intemp\u00e9ries e tornar o meio em que vivemos livre das mazelas dos preconceitos e dos erros, nos proporcionando for\u00e7as para combater a tirania e a ignor\u00e2ncia.<\/p>\n<p>\u00c9 assim que podemos internalizar em nossos cora\u00e7\u00f5es o ideal de construir um templo dedicado ao culto da virtude, ao mesmo tempo que nos conscientizamos da necessidade de sepultar nas masmorras do esquecimento os v\u00edcios de outrora.<\/p>\n<p>Dessa maneira, n\u00e3o podemos nos esquecer de que o verdadeiro sentido da fam\u00edlia \u00e9 o apoio incondicional da causa justa, a orienta\u00e7\u00e3o do caminho da retid\u00e3o, a compaix\u00e3o e a toler\u00e2ncia, pois, s\u00f3 assim conseguiremos tornar feliz a humanidade.<\/p>\n<p>Em s\u00edntese, \u00e9 vivendo e aprendendo. E transmitindo sempre esses ensinamentos para que alcancemos um mundo mais justo.<\/p>\n<div class=\"mvp-post-soc-in\">\n<div id=\"mvp-content-body\" class=\"left relative\">\n<div id=\"mvp-content-body-top\" class=\"left relative\">\n<div id=\"mvp-content-main\" class=\"left relative\">\n<p><strong>*Aos nossos leitores:\u00a0<em>Notibras<\/em>\u00a0abriu este espa\u00e7o editorial para o segmento PcD. Para que possamos interagir, mostrarmos que somos pessoas comuns. Encaminhe sugest\u00f5es, mande seus textos. Prometo que tudo ser\u00e1 bem recebido e aproveitado. Meu WhasApp \u00e9 +55 61 98425-4895.<\/strong><\/p>\n<\/div>\n<\/div>\n<\/div>\n<\/div>\n","protected":false},"excerpt":{"rendered":"<p>A Ma\u00e7onaria \u00e9 uma institui\u00e7\u00e3o essencialmente filos\u00f3fica, filantr\u00f3pica, educativa e progressista. No sentido do progresso, cremos na imortalidade e em um princ\u00edpio criador regular e infinito, n\u00e3o atrelado a dogmas, preven\u00e7\u00f5es ou supersti\u00e7\u00f5es. A Ma\u00e7onaria \u00e9 isso, sem colocar nenhum obst\u00e1culo a seus adeptos quanto ao esfor\u00e7o na busca da verdade, nem reconhece outro limite [&hellip;]<\/p>\n","protected":false},"author":2,"featured_media":319160,"comment_status":"closed","ping_status":"closed","sticky":false,"template":"","format":"standard","meta":{"_acf_changed":false,"footnotes":""},"categories":[161],"tags":[],"class_list":["post-319159","post","type-post","status-publish","format-standard","has-post-thumbnail","hentry","category-quadradinho-em-foco"],"acf":[],"yoast_head":"<!-- This site is optimized with the Yoast SEO plugin v27.2 - https:\/\/yoast.com\/product\/yoast-seo-wordpress\/ -->\n<title>Um segredo ma\u00e7\u00f4nico para quem quer praticar o bem - Notibras<\/title>\n<meta name=\"robots\" content=\"index, follow, max-snippet:-1, max-image-preview:large, max-video-preview:-1\" \/>\n<link rel=\"canonical\" href=\"https:\/\/www.notibras.com\/site\/um-segredo-maconico-para-quem-quer-praticar-o-bem\/\" \/>\n<meta property=\"og:locale\" content=\"pt_BR\" \/>\n<meta property=\"og:type\" content=\"article\" \/>\n<meta property=\"og:title\" content=\"Um segredo ma\u00e7\u00f4nico para quem quer praticar o bem - Notibras\" \/>\n<meta property=\"og:description\" content=\"A Ma\u00e7onaria \u00e9 uma institui\u00e7\u00e3o essencialmente filos\u00f3fica, filantr\u00f3pica, educativa e progressista. No sentido do progresso, cremos na imortalidade e em um princ\u00edpio criador regular e infinito, n\u00e3o atrelado a dogmas, preven\u00e7\u00f5es ou supersti\u00e7\u00f5es. A Ma\u00e7onaria \u00e9 isso, sem colocar nenhum obst\u00e1culo a seus adeptos quanto ao esfor\u00e7o na busca da verdade, nem reconhece outro limite [&hellip;]\" \/>\n<meta property=\"og:url\" content=\"https:\/\/www.notibras.com\/site\/um-segredo-maconico-para-quem-quer-praticar-o-bem\/\" \/>\n<meta property=\"og:site_name\" content=\"Notibras\" \/>\n<meta property=\"article:publisher\" content=\"https:\/\/www.facebook.com\/notibras\/\" \/>\n<meta property=\"article:published_time\" content=\"2023-12-14T10:29:34+00:00\" \/>\n<meta property=\"article:modified_time\" content=\"2023-12-14T11:51:47+00:00\" \/>\n<meta property=\"og:image\" content=\"https:\/\/www.notibras.com\/site\/wp-content\/uploads\/2023\/12\/anmacon.jpg\" \/>\n\t<meta property=\"og:image:width\" content=\"1600\" \/>\n\t<meta property=\"og:image:height\" content=\"739\" \/>\n\t<meta property=\"og:image:type\" content=\"image\/jpeg\" \/>\n<meta name=\"author\" content=\"Reda\u00e7\u00e3o\" \/>\n<meta name=\"twitter:card\" content=\"summary_large_image\" \/>\n<meta name=\"twitter:creator\" content=\"@Notibras\" \/>\n<meta name=\"twitter:site\" content=\"@Notibras\" \/>\n<meta name=\"twitter:label1\" content=\"Escrito por\" \/>\n\t<meta name=\"twitter:data1\" content=\"Reda\u00e7\u00e3o\" \/>\n\t<meta name=\"twitter:label2\" content=\"Est. tempo de leitura\" \/>\n\t<meta name=\"twitter:data2\" content=\"4 minutos\" \/>\n<script type=\"application\/ld+json\" class=\"yoast-schema-graph\">{\"@context\":\"https:\/\/schema.org\",\"@graph\":[{\"@type\":\"Article\",\"@id\":\"https:\/\/www.notibras.com\/site\/um-segredo-maconico-para-quem-quer-praticar-o-bem\/#article\",\"isPartOf\":{\"@id\":\"https:\/\/www.notibras.com\/site\/um-segredo-maconico-para-quem-quer-praticar-o-bem\/\"},\"author\":{\"name\":\"Reda\u00e7\u00e3o\",\"@id\":\"https:\/\/www.notibras.com\/site\/#\/schema\/person\/36ab0979449956132d3e5b517ea76ac8\"},\"headline\":\"Um segredo ma\u00e7\u00f4nico para quem quer praticar o bem\",\"datePublished\":\"2023-12-14T10:29:34+00:00\",\"dateModified\":\"2023-12-14T11:51:47+00:00\",\"mainEntityOfPage\":{\"@id\":\"https:\/\/www.notibras.com\/site\/um-segredo-maconico-para-quem-quer-praticar-o-bem\/\"},\"wordCount\":723,\"publisher\":{\"@id\":\"https:\/\/www.notibras.com\/site\/#organization\"},\"image\":{\"@id\":\"https:\/\/www.notibras.com\/site\/um-segredo-maconico-para-quem-quer-praticar-o-bem\/#primaryimage\"},\"thumbnailUrl\":\"https:\/\/www.notibras.com\/site\/wp-content\/uploads\/2023\/12\/anmacon.jpg\",\"articleSection\":[\"Quadradinho em Foco\"],\"inLanguage\":\"pt-BR\"},{\"@type\":\"WebPage\",\"@id\":\"https:\/\/www.notibras.com\/site\/um-segredo-maconico-para-quem-quer-praticar-o-bem\/\",\"url\":\"https:\/\/www.notibras.com\/site\/um-segredo-maconico-para-quem-quer-praticar-o-bem\/\",\"name\":\"Um segredo ma\u00e7\u00f4nico para quem quer praticar o bem - Notibras\",\"isPartOf\":{\"@id\":\"https:\/\/www.notibras.com\/site\/#website\"},\"primaryImageOfPage\":{\"@id\":\"https:\/\/www.notibras.com\/site\/um-segredo-maconico-para-quem-quer-praticar-o-bem\/#primaryimage\"},\"image\":{\"@id\":\"https:\/\/www.notibras.com\/site\/um-segredo-maconico-para-quem-quer-praticar-o-bem\/#primaryimage\"},\"thumbnailUrl\":\"https:\/\/www.notibras.com\/site\/wp-content\/uploads\/2023\/12\/anmacon.jpg\",\"datePublished\":\"2023-12-14T10:29:34+00:00\",\"dateModified\":\"2023-12-14T11:51:47+00:00\",\"breadcrumb\":{\"@id\":\"https:\/\/www.notibras.com\/site\/um-segredo-maconico-para-quem-quer-praticar-o-bem\/#breadcrumb\"},\"inLanguage\":\"pt-BR\",\"potentialAction\":[{\"@type\":\"ReadAction\",\"target\":[\"https:\/\/www.notibras.com\/site\/um-segredo-maconico-para-quem-quer-praticar-o-bem\/\"]}]},{\"@type\":\"ImageObject\",\"inLanguage\":\"pt-BR\",\"@id\":\"https:\/\/www.notibras.com\/site\/um-segredo-maconico-para-quem-quer-praticar-o-bem\/#primaryimage\",\"url\":\"https:\/\/www.notibras.com\/site\/wp-content\/uploads\/2023\/12\/anmacon.jpg\",\"contentUrl\":\"https:\/\/www.notibras.com\/site\/wp-content\/uploads\/2023\/12\/anmacon.jpg\",\"width\":1600,\"height\":739},{\"@type\":\"BreadcrumbList\",\"@id\":\"https:\/\/www.notibras.com\/site\/um-segredo-maconico-para-quem-quer-praticar-o-bem\/#breadcrumb\",\"itemListElement\":[{\"@type\":\"ListItem\",\"position\":1,\"name\":\"In\u00edcio\",\"item\":\"https:\/\/www.notibras.com\/site\/\"},{\"@type\":\"ListItem\",\"position\":2,\"name\":\"Um segredo ma\u00e7\u00f4nico para quem quer praticar o bem\"}]},{\"@type\":\"WebSite\",\"@id\":\"https:\/\/www.notibras.com\/site\/#website\",\"url\":\"https:\/\/www.notibras.com\/site\/\",\"name\":\"Notibras\",\"description\":\"Not\u00edcias de Bras\u00edlia, do Brasil e do Mundo\",\"publisher\":{\"@id\":\"https:\/\/www.notibras.com\/site\/#organization\"},\"potentialAction\":[{\"@type\":\"SearchAction\",\"target\":{\"@type\":\"EntryPoint\",\"urlTemplate\":\"https:\/\/www.notibras.com\/site\/?s={search_term_string}\"},\"query-input\":{\"@type\":\"PropertyValueSpecification\",\"valueRequired\":true,\"valueName\":\"search_term_string\"}}],\"inLanguage\":\"pt-BR\"},{\"@type\":\"Organization\",\"@id\":\"https:\/\/www.notibras.com\/site\/#organization\",\"name\":\"Grupo Notibras de Comunica\u00e7\u00e3o\",\"url\":\"https:\/\/www.notibras.com\/site\/\",\"logo\":{\"@type\":\"ImageObject\",\"inLanguage\":\"pt-BR\",\"@id\":\"https:\/\/www.notibras.com\/site\/#\/schema\/logo\/image\/\",\"url\":\"https:\/\/www.notibras.com\/site\/wp-content\/uploads\/2023\/01\/notibras23.png\",\"contentUrl\":\"https:\/\/www.notibras.com\/site\/wp-content\/uploads\/2023\/01\/notibras23.png\",\"width\":350,\"height\":87,\"caption\":\"Grupo Notibras de Comunica\u00e7\u00e3o\"},\"image\":{\"@id\":\"https:\/\/www.notibras.com\/site\/#\/schema\/logo\/image\/\"},\"sameAs\":[\"https:\/\/www.facebook.com\/notibras\/\",\"https:\/\/x.com\/Notibras\",\"https:\/\/www.instagram.com\/notibras\/\"]},{\"@type\":\"Person\",\"@id\":\"https:\/\/www.notibras.com\/site\/#\/schema\/person\/36ab0979449956132d3e5b517ea76ac8\",\"name\":\"Reda\u00e7\u00e3o\",\"image\":{\"@type\":\"ImageObject\",\"inLanguage\":\"pt-BR\",\"@id\":\"https:\/\/secure.gravatar.com\/avatar\/e0a867bdedb85fd243eadf09663511f96fc81e0720a4a42581f334ad4303aa6b?s=96&d=mm&r=g\",\"url\":\"https:\/\/secure.gravatar.com\/avatar\/e0a867bdedb85fd243eadf09663511f96fc81e0720a4a42581f334ad4303aa6b?s=96&d=mm&r=g\",\"contentUrl\":\"https:\/\/secure.gravatar.com\/avatar\/e0a867bdedb85fd243eadf09663511f96fc81e0720a4a42581f334ad4303aa6b?s=96&d=mm&r=g\",\"caption\":\"Reda\u00e7\u00e3o\"}}]}<\/script>\n<!-- \/ Yoast SEO plugin. -->","yoast_head_json":{"title":"Um segredo ma\u00e7\u00f4nico para quem quer praticar o bem - Notibras","robots":{"index":"index","follow":"follow","max-snippet":"max-snippet:-1","max-image-preview":"max-image-preview:large","max-video-preview":"max-video-preview:-1"},"canonical":"https:\/\/www.notibras.com\/site\/um-segredo-maconico-para-quem-quer-praticar-o-bem\/","og_locale":"pt_BR","og_type":"article","og_title":"Um segredo ma\u00e7\u00f4nico para quem quer praticar o bem - Notibras","og_description":"A Ma\u00e7onaria \u00e9 uma institui\u00e7\u00e3o essencialmente filos\u00f3fica, filantr\u00f3pica, educativa e progressista. No sentido do progresso, cremos na imortalidade e em um princ\u00edpio criador regular e infinito, n\u00e3o atrelado a dogmas, preven\u00e7\u00f5es ou supersti\u00e7\u00f5es. A Ma\u00e7onaria \u00e9 isso, sem colocar nenhum obst\u00e1culo a seus adeptos quanto ao esfor\u00e7o na busca da verdade, nem reconhece outro limite [&hellip;]","og_url":"https:\/\/www.notibras.com\/site\/um-segredo-maconico-para-quem-quer-praticar-o-bem\/","og_site_name":"Notibras","article_publisher":"https:\/\/www.facebook.com\/notibras\/","article_published_time":"2023-12-14T10:29:34+00:00","article_modified_time":"2023-12-14T11:51:47+00:00","og_image":[{"width":1600,"height":739,"url":"https:\/\/www.notibras.com\/site\/wp-content\/uploads\/2023\/12\/anmacon.jpg","type":"image\/jpeg"}],"author":"Reda\u00e7\u00e3o","twitter_card":"summary_large_image","twitter_creator":"@Notibras","twitter_site":"@Notibras","twitter_misc":{"Escrito por":"Reda\u00e7\u00e3o","Est. tempo de leitura":"4 minutos"},"schema":{"@context":"https:\/\/schema.org","@graph":[{"@type":"Article","@id":"https:\/\/www.notibras.com\/site\/um-segredo-maconico-para-quem-quer-praticar-o-bem\/#article","isPartOf":{"@id":"https:\/\/www.notibras.com\/site\/um-segredo-maconico-para-quem-quer-praticar-o-bem\/"},"author":{"name":"Reda\u00e7\u00e3o","@id":"https:\/\/www.notibras.com\/site\/#\/schema\/person\/36ab0979449956132d3e5b517ea76ac8"},"headline":"Um segredo ma\u00e7\u00f4nico para quem quer praticar o bem","datePublished":"2023-12-14T10:29:34+00:00","dateModified":"2023-12-14T11:51:47+00:00","mainEntityOfPage":{"@id":"https:\/\/www.notibras.com\/site\/um-segredo-maconico-para-quem-quer-praticar-o-bem\/"},"wordCount":723,"publisher":{"@id":"https:\/\/www.notibras.com\/site\/#organization"},"image":{"@id":"https:\/\/www.notibras.com\/site\/um-segredo-maconico-para-quem-quer-praticar-o-bem\/#primaryimage"},"thumbnailUrl":"https:\/\/www.notibras.com\/site\/wp-content\/uploads\/2023\/12\/anmacon.jpg","articleSection":["Quadradinho em Foco"],"inLanguage":"pt-BR"},{"@type":"WebPage","@id":"https:\/\/www.notibras.com\/site\/um-segredo-maconico-para-quem-quer-praticar-o-bem\/","url":"https:\/\/www.notibras.com\/site\/um-segredo-maconico-para-quem-quer-praticar-o-bem\/","name":"Um segredo ma\u00e7\u00f4nico para quem quer praticar o bem - Notibras","isPartOf":{"@id":"https:\/\/www.notibras.com\/site\/#website"},"primaryImageOfPage":{"@id":"https:\/\/www.notibras.com\/site\/um-segredo-maconico-para-quem-quer-praticar-o-bem\/#primaryimage"},"image":{"@id":"https:\/\/www.notibras.com\/site\/um-segredo-maconico-para-quem-quer-praticar-o-bem\/#primaryimage"},"thumbnailUrl":"https:\/\/www.notibras.com\/site\/wp-content\/uploads\/2023\/12\/anmacon.jpg","datePublished":"2023-12-14T10:29:34+00:00","dateModified":"2023-12-14T11:51:47+00:00","breadcrumb":{"@id":"https:\/\/www.notibras.com\/site\/um-segredo-maconico-para-quem-quer-praticar-o-bem\/#breadcrumb"},"inLanguage":"pt-BR","potentialAction":[{"@type":"ReadAction","target":["https:\/\/www.notibras.com\/site\/um-segredo-maconico-para-quem-quer-praticar-o-bem\/"]}]},{"@type":"ImageObject","inLanguage":"pt-BR","@id":"https:\/\/www.notibras.com\/site\/um-segredo-maconico-para-quem-quer-praticar-o-bem\/#primaryimage","url":"https:\/\/www.notibras.com\/site\/wp-content\/uploads\/2023\/12\/anmacon.jpg","contentUrl":"https:\/\/www.notibras.com\/site\/wp-content\/uploads\/2023\/12\/anmacon.jpg","width":1600,"height":739},{"@type":"BreadcrumbList","@id":"https:\/\/www.notibras.com\/site\/um-segredo-maconico-para-quem-quer-praticar-o-bem\/#breadcrumb","itemListElement":[{"@type":"ListItem","position":1,"name":"In\u00edcio","item":"https:\/\/www.notibras.com\/site\/"},{"@type":"ListItem","position":2,"name":"Um segredo ma\u00e7\u00f4nico para quem quer praticar o bem"}]},{"@type":"WebSite","@id":"https:\/\/www.notibras.com\/site\/#website","url":"https:\/\/www.notibras.com\/site\/","name":"Notibras","description":"Not\u00edcias de Bras\u00edlia, do Brasil e do Mundo","publisher":{"@id":"https:\/\/www.notibras.com\/site\/#organization"},"potentialAction":[{"@type":"SearchAction","target":{"@type":"EntryPoint","urlTemplate":"https:\/\/www.notibras.com\/site\/?s={search_term_string}"},"query-input":{"@type":"PropertyValueSpecification","valueRequired":true,"valueName":"search_term_string"}}],"inLanguage":"pt-BR"},{"@type":"Organization","@id":"https:\/\/www.notibras.com\/site\/#organization","name":"Grupo Notibras de Comunica\u00e7\u00e3o","url":"https:\/\/www.notibras.com\/site\/","logo":{"@type":"ImageObject","inLanguage":"pt-BR","@id":"https:\/\/www.notibras.com\/site\/#\/schema\/logo\/image\/","url":"https:\/\/www.notibras.com\/site\/wp-content\/uploads\/2023\/01\/notibras23.png","contentUrl":"https:\/\/www.notibras.com\/site\/wp-content\/uploads\/2023\/01\/notibras23.png","width":350,"height":87,"caption":"Grupo Notibras de Comunica\u00e7\u00e3o"},"image":{"@id":"https:\/\/www.notibras.com\/site\/#\/schema\/logo\/image\/"},"sameAs":["https:\/\/www.facebook.com\/notibras\/","https:\/\/x.com\/Notibras","https:\/\/www.instagram.com\/notibras\/"]},{"@type":"Person","@id":"https:\/\/www.notibras.com\/site\/#\/schema\/person\/36ab0979449956132d3e5b517ea76ac8","name":"Reda\u00e7\u00e3o","image":{"@type":"ImageObject","inLanguage":"pt-BR","@id":"https:\/\/secure.gravatar.com\/avatar\/e0a867bdedb85fd243eadf09663511f96fc81e0720a4a42581f334ad4303aa6b?s=96&d=mm&r=g","url":"https:\/\/secure.gravatar.com\/avatar\/e0a867bdedb85fd243eadf09663511f96fc81e0720a4a42581f334ad4303aa6b?s=96&d=mm&r=g","contentUrl":"https:\/\/secure.gravatar.com\/avatar\/e0a867bdedb85fd243eadf09663511f96fc81e0720a4a42581f334ad4303aa6b?s=96&d=mm&r=g","caption":"Reda\u00e7\u00e3o"}}]}},"amp_enabled":true,"_links":{"self":[{"href":"https:\/\/www.notibras.com\/site\/wp-json\/wp\/v2\/posts\/319159","targetHints":{"allow":["GET"]}}],"collection":[{"href":"https:\/\/www.notibras.com\/site\/wp-json\/wp\/v2\/posts"}],"about":[{"href":"https:\/\/www.notibras.com\/site\/wp-json\/wp\/v2\/types\/post"}],"author":[{"embeddable":true,"href":"https:\/\/www.notibras.com\/site\/wp-json\/wp\/v2\/users\/2"}],"replies":[{"embeddable":true,"href":"https:\/\/www.notibras.com\/site\/wp-json\/wp\/v2\/comments?post=319159"}],"version-history":[{"count":1,"href":"https:\/\/www.notibras.com\/site\/wp-json\/wp\/v2\/posts\/319159\/revisions"}],"predecessor-version":[{"id":319161,"href":"https:\/\/www.notibras.com\/site\/wp-json\/wp\/v2\/posts\/319159\/revisions\/319161"}],"wp:featuredmedia":[{"embeddable":true,"href":"https:\/\/www.notibras.com\/site\/wp-json\/wp\/v2\/media\/319160"}],"wp:attachment":[{"href":"https:\/\/www.notibras.com\/site\/wp-json\/wp\/v2\/media?parent=319159"}],"wp:term":[{"taxonomy":"category","embeddable":true,"href":"https:\/\/www.notibras.com\/site\/wp-json\/wp\/v2\/categories?post=319159"},{"taxonomy":"post_tag","embeddable":true,"href":"https:\/\/www.notibras.com\/site\/wp-json\/wp\/v2\/tags?post=319159"}],"curies":[{"name":"wp","href":"https:\/\/api.w.org\/{rel}","templated":true}]}}